{"id":1023332,"date":"2023-02-12T13:31:05","date_gmt":"2023-02-12T10:31:05","guid":{"rendered":"https:\/\/darkamazi.site\/?p=1023332"},"modified":"2023-02-12T13:31:06","modified_gmt":"2023-02-12T10:31:06","slug":"duhoktandeprem-bolgesine-500-cadir-gonderildi","status":"publish","type":"post","link":"https:\/\/darkamazi.site\/archives\/1023332","title":{"rendered":"Duhok\u2019tan,deprem b\u00f6lgesine  500 \u00e7ad\u0131r g\u00f6nderildi"},"content":{"rendered":"<p>Duhok kentinde Kuzey ve Rojava K\u00fcrdistan\u0131 depremzedeleri i\u00e7in toplanan 500 b\u00fcy\u00fck \u00e7ad\u0131r\u0131n g\u00f6nderildi\u011fi, bug\u00fcn de yeni bir yard\u0131m konvoyunun yola \u00e7\u0131kar\u0131lmas\u0131n\u0131n beklendi\u011fi bildirildi.<\/p>\n<p>Konuya ili\u015fkin a\u00e7\u0131klamalarda bulunan Duhok Valisi Dr. El\u00ee Teter \u015funlar\u0131 s\u00f6yledi: \u201cKuzey ve Rojava K\u00fcrdistan\u0131\u2019nda ya\u015fanan depremde zarar g\u00f6ren depremzedeler i\u00e7in ba\u015flat\u0131lan yard\u0131m kampanyas\u0131 \u00e7er\u00e7evesinde toplanan 500 b\u00fcy\u00fck \u00e7ad\u0131r g\u00f6nderildi. Bug\u00fcn de farkl\u0131 yard\u0131m malzemelerini ta\u015f\u0131yacak bir yard\u0131m konvoyunu yola \u00e7\u0131karaca\u011f\u0131z.\u201d<\/p>\n<p>Teter a\u00e7\u0131klamas\u0131na \u015f\u00f6yle devam etti: \u201cHi\u00e7 durmadan yard\u0131mlar toplan\u0131yor. Ve bu yard\u0131mlar Kuzey ile Rojava K\u00fcrdistan\u0131\u2019na g\u00f6nderiliyor. Duhok Kenti olarak b\u00fct\u00fcn imkanlar\u0131m\u0131z\u0131 zorlay\u0131p daha fazla destek olmaya \u00e7al\u0131\u015faca\u011f\u0131z.\u201d<\/p>\n","protected":false},"excerpt":{"rendered":"<p>Duhok kentinde Kuzey ve Rojava K\u00fcrdistan\u0131 depremzedeleri i\u00e7in toplanan 500 b\u00fcy\u00fck \u00e7ad\u0131r\u0131n g\u00f6nderildi\u011fi, bug\u00fcn de yeni bir yard\u0131m konvoyunun yola \u00e7\u0131kar\u0131lmas\u0131n\u0131n beklendi\u011fi bildirildi. Konuya ili\u015fkin a\u00e7\u0131klamalarda bulunan Duhok Valisi Dr. El\u00ee Teter \u015funlar\u0131 s\u00f6yledi: \u201cKuzey ve Rojava K\u00fcrdistan\u0131\u2019nda ya\u015fanan depremde zarar g\u00f6ren depremzedeler i\u00e7in ba\u015flat\u0131lan yard\u0131m kampanyas\u0131 \u00e7er\u00e7evesinde toplanan 500 b\u00fcy\u00fck \u00e7ad\u0131r g\u00f6nderildi. Bug\u00fcn de [&hellip;]<\/p>\n","protected":false},"author":2,"featured_media":1023333,"comment_status":"closed","ping_status":"closed","sticky":false,"template":"","format":"standard","meta":{"footnotes":""},"categories":[3],"tags":[],"class_list":["post-1023332","post","type-post","status-publish","format-standard","has-post-thumbnail","hentry","category-kurdistan"],"blocksy_meta":[],"seo_head":"<!-- This site is optimized with the Yoast SEO plugin v27.5 - https:\/\/yoast.com\/product\/yoast-seo-wordpress\/ -->\n<title>Duhok\u2019tan,deprem b\u00f6lgesine 500 \u00e7ad\u0131r g\u00f6nderildi - Darka Mazi<\/title>\n<meta name=\"robots\" content=\"index, follow, max-snippet:-1, max-image-preview:large, max-video-preview:-1\" \/>\n<link rel=\"canonical\" href=\"https:\/\/darkamazi.site\/archives\/1023332\" \/>\n<meta property=\"og:locale\" content=\"en_US\" \/>\n<meta property=\"og:type\" content=\"article\" \/>\n<meta property=\"og:title\" content=\"Duhok\u2019tan,deprem b\u00f6lgesine 500 \u00e7ad\u0131r g\u00f6nderildi - Darka Mazi\" \/>\n<meta property=\"og:description\" content=\"Duhok kentinde Kuzey ve Rojava K\u00fcrdistan\u0131 depremzedeleri i\u00e7in toplanan 500 b\u00fcy\u00fck \u00e7ad\u0131r\u0131n g\u00f6nderildi\u011fi, bug\u00fcn de yeni bir yard\u0131m konvoyunun yola \u00e7\u0131kar\u0131lmas\u0131n\u0131n beklendi\u011fi bildirildi. Konuya ili\u015fkin a\u00e7\u0131klamalarda bulunan Duhok Valisi Dr. El\u00ee Teter \u015funlar\u0131 s\u00f6yledi: \u201cKuzey ve Rojava K\u00fcrdistan\u0131\u2019nda ya\u015fanan depremde zarar g\u00f6ren depremzedeler i\u00e7in ba\u015flat\u0131lan yard\u0131m kampanyas\u0131 \u00e7er\u00e7evesinde toplanan 500 b\u00fcy\u00fck \u00e7ad\u0131r g\u00f6nderildi. Bug\u00fcn de [&hellip;]\" \/>\n<meta property=\"og:url\" content=\"https:\/\/darkamazi.site\/archives\/1023332\" \/>\n<meta property=\"og:site_name\" content=\"Darka Mazi\" \/>\n<meta property=\"article:publisher\" content=\"https:\/\/www.facebook.com\/DarkaMaziturkce\" \/>\n<meta property=\"article:published_time\" content=\"2023-02-12T10:31:05+00:00\" \/>\n<meta property=\"article:modified_time\" content=\"2023-02-12T10:31:06+00:00\" \/>\n<meta property=\"og:image\" content=\"https:\/\/darkamazi.site\/file\/2023\/02\/c32845656f080e727f722174b6ff6fd9_L-1.jpg\" \/>\n\t<meta property=\"og:image:width\" content=\"710\" \/>\n\t<meta property=\"og:image:height\" content=\"409\" \/>\n\t<meta property=\"og:image:type\" content=\"image\/jpeg\" \/>\n<meta name=\"author\" content=\"darka mazi\" \/>\n<meta name=\"twitter:card\" content=\"summary_large_image\" \/>\n<meta name=\"twitter:creator\" content=\"@DarkaMaziTurkce\" \/>\n<meta name=\"twitter:site\" content=\"@DarkaMaziTurkce\" \/>\n<meta name=\"twitter:label1\" content=\"Written by\" \/>\n\t<meta name=\"twitter:data1\" content=\"darka mazi\" \/>\n\t<meta name=\"twitter:label2\" content=\"Est. reading time\" \/>\n\t<meta name=\"twitter:data2\" content=\"1 minute\" \/>\n<script type=\"application\/ld+json\" class=\"seo-schema-graph\">{\"@context\":\"https:\\\/\\\/schema.org\",\"@graph\":[{\"@type\":\"NewsArticle\",\"@id\":\"https:\\\/\\\/darkamazi.site\\\/archives\\\/1023332#article\",\"isPartOf\":{\"@id\":\"https:\\\/\\\/darkamazi.site\\\/archives\\\/1023332\"},\"author\":{\"name\":\"darka mazi\",\"@id\":\"https:\\\/\\\/darkamazi.site\\\/#\\\/schema\\\/person\\\/67986a95ac546c16760365877ef4a9d3\"},\"headline\":\"Duhok\u2019tan,deprem b\u00f6lgesine 500 \u00e7ad\u0131r g\u00f6nderildi\",\"datePublished\":\"2023-02-12T10:31:05+00:00\",\"dateModified\":\"2023-02-12T10:31:06+00:00\",\"mainEntityOfPage\":{\"@id\":\"https:\\\/\\\/darkamazi.site\\\/archives\\\/1023332\"},\"wordCount\":149,\"publisher\":{\"@id\":\"https:\\\/\\\/darkamazi.site\\\/#organization\"},\"image\":{\"@id\":\"https:\\\/\\\/darkamazi.site\\\/archives\\\/1023332#primaryimage\"},\"thumbnailUrl\":\"https:\\\/\\\/darkamazi.site\\\/darka-content\\\/uploads\\\/2023\\\/02\\\/c32845656f080e727f722174b6ff6fd9_L-1.jpg\",\"articleSection\":[\"Kurdistan\"],\"inLanguage\":\"en-US\"},{\"@type\":\"WebPage\",\"@id\":\"https:\\\/\\\/darkamazi.site\\\/archives\\\/1023332\",\"url\":\"https:\\\/\\\/darkamazi.site\\\/archives\\\/1023332\",\"name\":\"Duhok\u2019tan,deprem b\u00f6lgesine 500 \u00e7ad\u0131r g\u00f6nderildi - Darka Mazi\",\"isPartOf\":{\"@id\":\"https:\\\/\\\/darkamazi.site\\\/#website\"},\"primaryImageOfPage\":{\"@id\":\"https:\\\/\\\/darkamazi.site\\\/archives\\\/1023332#primaryimage\"},\"image\":{\"@id\":\"https:\\\/\\\/darkamazi.site\\\/archives\\\/1023332#primaryimage\"},\"thumbnailUrl\":\"https:\\\/\\\/darkamazi.site\\\/darka-content\\\/uploads\\\/2023\\\/02\\\/c32845656f080e727f722174b6ff6fd9_L-1.jpg\",\"datePublished\":\"2023-02-12T10:31:05+00:00\",\"dateModified\":\"2023-02-12T10:31:06+00:00\",\"breadcrumb\":{\"@id\":\"https:\\\/\\\/darkamazi.site\\\/archives\\\/1023332#breadcrumb\"},\"inLanguage\":\"en-US\",\"potentialAction\":[{\"@type\":\"ReadAction\",\"target\":[\"https:\\\/\\\/darkamazi.site\\\/archives\\\/1023332\"]}]},{\"@type\":\"ImageObject\",\"inLanguage\":\"en-US\",\"@id\":\"https:\\\/\\\/darkamazi.site\\\/archives\\\/1023332#primaryimage\",\"url\":\"https:\\\/\\\/darkamazi.site\\\/darka-content\\\/uploads\\\/2023\\\/02\\\/c32845656f080e727f722174b6ff6fd9_L-1.jpg\",\"contentUrl\":\"https:\\\/\\\/darkamazi.site\\\/darka-content\\\/uploads\\\/2023\\\/02\\\/c32845656f080e727f722174b6ff6fd9_L-1.jpg\",\"width\":710,\"height\":409,\"caption\":\"Duhok\u2019tan,deprem b\u00f6lgesine 500 \u00e7ad\u0131r g\u00f6nderildi\"},{\"@type\":\"BreadcrumbList\",\"@id\":\"https:\\\/\\\/darkamazi.site\\\/archives\\\/1023332#breadcrumb\",\"itemListElement\":[{\"@type\":\"ListItem\",\"position\":1,\"name\":\"Home\",\"item\":\"https:\\\/\\\/darkamazi.site\\\/\"},{\"@type\":\"ListItem\",\"position\":2,\"name\":\"Duhok\u2019tan,deprem b\u00f6lgesine 500 \u00e7ad\u0131r g\u00f6nderildi\"}]},{\"@type\":\"WebSite\",\"@id\":\"https:\\\/\\\/darkamazi.site\\\/#website\",\"url\":\"https:\\\/\\\/darkamazi.site\\\/\",\"name\":\"Darka Mazi\",\"description\":\"Ana Sayfa\",\"publisher\":{\"@id\":\"https:\\\/\\\/darkamazi.site\\\/#organization\"},\"potentialAction\":[{\"@type\":\"SearchAction\",\"target\":{\"@type\":\"EntryPoint\",\"urlTemplate\":\"https:\\\/\\\/darkamazi.site\\\/?s={search_term_string}\"},\"query-input\":{\"@type\":\"PropertyValueSpecification\",\"valueRequired\":true,\"valueName\":\"search_term_string\"}}],\"inLanguage\":\"en-US\"},{\"@type\":\"Organization\",\"@id\":\"https:\\\/\\\/darkamazi.site\\\/#organization\",\"name\":\"Darka Mazi T\u00fcrk\u00e7e\",\"alternateName\":\"Darka Mazi\",\"url\":\"https:\\\/\\\/darkamazi.site\\\/\",\"logo\":{\"@type\":\"ImageObject\",\"inLanguage\":\"en-US\",\"@id\":\"https:\\\/\\\/darkamazi.site\\\/#\\\/schema\\\/logo\\\/image\\\/\",\"url\":\"https:\\\/\\\/darkamazi.site\\\/darka-content\\\/uploads\\\/2017\\\/12\\\/darka-mazi-logo.png\",\"contentUrl\":\"https:\\\/\\\/darkamazi.site\\\/darka-content\\\/uploads\\\/2017\\\/12\\\/darka-mazi-logo.png\",\"width\":151,\"height\":75,\"caption\":\"Darka Mazi T\u00fcrk\u00e7e\"},\"image\":{\"@id\":\"https:\\\/\\\/darkamazi.site\\\/#\\\/schema\\\/logo\\\/image\\\/\"},\"sameAs\":[\"https:\\\/\\\/www.facebook.com\\\/DarkaMaziturkce\",\"https:\\\/\\\/x.com\\\/DarkaMaziTurkce\"]},{\"@type\":\"Person\",\"@id\":\"https:\\\/\\\/darkamazi.site\\\/#\\\/schema\\\/person\\\/67986a95ac546c16760365877ef4a9d3\",\"name\":\"darka mazi\",\"sameAs\":[\"https:\\\/\\\/darkamazi.site\"],\"url\":\"https:\\\/\\\/darkamazi.site\\\/archives\\\/author\\\/turkish\"}]}<\/script>\n<!-- \/ Yoast SEO plugin. -->","seo_head_json":{"title":"Duhok\u2019tan,deprem b\u00f6lgesine 500 \u00e7ad\u0131r g\u00f6nderildi - Darka Mazi","robots":{"index":"index","follow":"follow","max-snippet":"max-snippet:-1","max-image-preview":"max-image-preview:large","max-video-preview":"max-video-preview:-1"},"canonical":"https:\/\/darkamazi.site\/archives\/1023332","og_locale":"en_US","og_type":"article","og_title":"Duhok\u2019tan,deprem b\u00f6lgesine 500 \u00e7ad\u0131r g\u00f6nderildi - Darka Mazi","og_description":"Duhok kentinde Kuzey ve Rojava K\u00fcrdistan\u0131 depremzedeleri i\u00e7in toplanan 500 b\u00fcy\u00fck \u00e7ad\u0131r\u0131n g\u00f6nderildi\u011fi, bug\u00fcn de yeni bir yard\u0131m konvoyunun yola \u00e7\u0131kar\u0131lmas\u0131n\u0131n beklendi\u011fi bildirildi. Konuya ili\u015fkin a\u00e7\u0131klamalarda bulunan Duhok Valisi Dr. El\u00ee Teter \u015funlar\u0131 s\u00f6yledi: \u201cKuzey ve Rojava K\u00fcrdistan\u0131\u2019nda ya\u015fanan depremde zarar g\u00f6ren depremzedeler i\u00e7in ba\u015flat\u0131lan yard\u0131m kampanyas\u0131 \u00e7er\u00e7evesinde toplanan 500 b\u00fcy\u00fck \u00e7ad\u0131r g\u00f6nderildi. Bug\u00fcn de [&hellip;]","og_url":"https:\/\/darkamazi.site\/archives\/1023332","og_site_name":"Darka Mazi","article_publisher":"https:\/\/www.facebook.com\/DarkaMaziturkce","article_published_time":"2023-02-12T10:31:05+00:00","article_modified_time":"2023-02-12T10:31:06+00:00","og_image":[{"width":710,"height":409,"url":"https:\/\/darkamazi.site\/file\/2023\/02\/c32845656f080e727f722174b6ff6fd9_L-1.jpg","type":"image\/jpeg"}],"author":"darka mazi","twitter_card":"summary_large_image","twitter_creator":"@DarkaMaziTurkce","twitter_site":"@DarkaMaziTurkce","twitter_misc":{"Written by":"darka mazi","Est. reading time":"1 minute"},"schema":{"@context":"https:\/\/schema.org","@graph":[{"@type":"NewsArticle","@id":"https:\/\/darkamazi.site\/archives\/1023332#article","isPartOf":{"@id":"https:\/\/darkamazi.site\/archives\/1023332"},"author":{"name":"darka mazi","@id":"https:\/\/darkamazi.site\/#\/schema\/person\/67986a95ac546c16760365877ef4a9d3"},"headline":"Duhok\u2019tan,deprem b\u00f6lgesine 500 \u00e7ad\u0131r g\u00f6nderildi","datePublished":"2023-02-12T10:31:05+00:00","dateModified":"2023-02-12T10:31:06+00:00","mainEntityOfPage":{"@id":"https:\/\/darkamazi.site\/archives\/1023332"},"wordCount":149,"publisher":{"@id":"https:\/\/darkamazi.site\/#organization"},"image":{"@id":"https:\/\/darkamazi.site\/archives\/1023332#primaryimage"},"thumbnailUrl":"https:\/\/darkamazi.site\/file\/2023\/02\/c32845656f080e727f722174b6ff6fd9_L-1.jpg","articleSection":["Kurdistan"],"inLanguage":"en-US"},{"@type":"WebPage","@id":"https:\/\/darkamazi.site\/archives\/1023332","url":"https:\/\/darkamazi.site\/archives\/1023332","name":"Duhok\u2019tan,deprem b\u00f6lgesine 500 \u00e7ad\u0131r g\u00f6nderildi - Darka Mazi","isPartOf":{"@id":"https:\/\/darkamazi.site\/#website"},"primaryImageOfPage":{"@id":"https:\/\/darkamazi.site\/archives\/1023332#primaryimage"},"image":{"@id":"https:\/\/darkamazi.site\/archives\/1023332#primaryimage"},"thumbnailUrl":"https:\/\/darkamazi.site\/file\/2023\/02\/c32845656f080e727f722174b6ff6fd9_L-1.jpg","datePublished":"2023-02-12T10:31:05+00:00","dateModified":"2023-02-12T10:31:06+00:00","breadcrumb":{"@id":"https:\/\/darkamazi.site\/archives\/1023332#breadcrumb"},"inLanguage":"en-US","potentialAction":[{"@type":"ReadAction","target":["https:\/\/darkamazi.site\/archives\/1023332"]}]},{"@type":"ImageObject","inLanguage":"en-US","@id":"https:\/\/darkamazi.site\/archives\/1023332#primaryimage","url":"https:\/\/darkamazi.site\/file\/2023\/02\/c32845656f080e727f722174b6ff6fd9_L-1.jpg","contentUrl":"https:\/\/darkamazi.site\/file\/2023\/02\/c32845656f080e727f722174b6ff6fd9_L-1.jpg","width":710,"height":409,"caption":"Duhok\u2019tan,deprem b\u00f6lgesine 500 \u00e7ad\u0131r g\u00f6nderildi"},{"@type":"BreadcrumbList","@id":"https:\/\/darkamazi.site\/archives\/1023332#breadcrumb","itemListElement":[{"@type":"ListItem","position":1,"name":"Home","item":"https:\/\/darkamazi.site\/"},{"@type":"ListItem","position":2,"name":"Duhok\u2019tan,deprem b\u00f6lgesine 500 \u00e7ad\u0131r g\u00f6nderildi"}]},{"@type":"WebSite","@id":"https:\/\/darkamazi.site\/#website","url":"https:\/\/darkamazi.site\/","name":"Darka Mazi","description":"Ana Sayfa","publisher":{"@id":"https:\/\/darkamazi.site\/#organization"},"potentialAction":[{"@type":"SearchAction","target":{"@type":"EntryPoint","urlTemplate":"https:\/\/darkamazi.site\/?s={search_term_string}"},"query-input":{"@type":"PropertyValueSpecification","valueRequired":true,"valueName":"search_term_string"}}],"inLanguage":"en-US"},{"@type":"Organization","@id":"https:\/\/darkamazi.site\/#organization","name":"Darka Mazi T\u00fcrk\u00e7e","alternateName":"Darka Mazi","url":"https:\/\/darkamazi.site\/","logo":{"@type":"ImageObject","inLanguage":"en-US","@id":"https:\/\/darkamazi.site\/#\/schema\/logo\/image\/","url":"https:\/\/darkamazi.site\/file\/2017\/12\/darka-mazi-logo.png","contentUrl":"https:\/\/darkamazi.site\/file\/2017\/12\/darka-mazi-logo.png","width":151,"height":75,"caption":"Darka Mazi T\u00fcrk\u00e7e"},"image":{"@id":"https:\/\/darkamazi.site\/#\/schema\/logo\/image\/"},"sameAs":["https:\/\/www.facebook.com\/DarkaMaziturkce","https:\/\/x.com\/DarkaMaziTurkce"]},{"@type":"Person","@id":"https:\/\/darkamazi.site\/#\/schema\/person\/67986a95ac546c16760365877ef4a9d3","name":"darka mazi","sameAs":["https:\/\/darkamazi.site"],"url":"https:\/\/darkamazi.site\/archives\/author\/turkish"}]}},"_links":{"self":[{"href":"https:\/\/darkamazi.site\/funavuv\/wp\/v2\/posts\/1023332","targetHints":{"allow":["GET"]}}],"collection":[{"href":"https:\/\/darkamazi.site\/funavuv\/wp\/v2\/posts"}],"about":[{"href":"https:\/\/darkamazi.site\/funavuv\/wp\/v2\/types\/post"}],"author":[{"embeddable":true,"href":"https:\/\/darkamazi.site\/funavuv\/wp\/v2\/users\/2"}],"replies":[{"embeddable":true,"href":"https:\/\/darkamazi.site\/funavuv\/wp\/v2\/comments?post=1023332"}],"version-history":[{"count":0,"href":"https:\/\/darkamazi.site\/funavuv\/wp\/v2\/posts\/1023332\/revisions"}],"wp:featuredmedia":[{"embeddable":true,"href":"https:\/\/darkamazi.site\/funavuv\/wp\/v2\/media\/1023333"}],"wp:attachment":[{"href":"https:\/\/darkamazi.site\/funavuv\/wp\/v2\/media?parent=1023332"}],"wp:term":[{"taxonomy":"category","embeddable":true,"href":"https:\/\/darkamazi.site\/funavuv\/wp\/v2\/categories?post=1023332"},{"taxonomy":"post_tag","embeddable":true,"href":"https:\/\/darkamazi.site\/funavuv\/wp\/v2\/tags?post=1023332"}],"curies":[{"name":"wp","href":"https:\/\/api.w.org\/{rel}","templated":true}]}}