{"id":1023362,"date":"2023-02-14T11:33:08","date_gmt":"2023-02-14T08:33:08","guid":{"rendered":"https:\/\/darkamazi.site\/?p=1023362"},"modified":"2023-02-14T11:33:08","modified_gmt":"2023-02-14T08:33:08","slug":"kurdistan-bolgesi-baskani-necirvan-barzani-depremin-vurdugu-kuzey-kurdistan-ve-turkiyeyeyi-ziyaret-ediyor","status":"publish","type":"post","link":"https:\/\/darkamazi.site\/archives\/1023362","title":{"rendered":"K\u00fcrdistan B\u00f6lgesi  Ba\u015fkan\u0131 Ne\u00e7irvan Barzani depremin vurdu\u011fu Kuzey K\u00fcrdistan ve T\u00fcrkiye&#8217;yeyi ziyaret ediyor"},"content":{"rendered":"<p>Ba\u015fkan Ne\u00e7irvan Barzani bug\u00fcn Kuzey K\u00fcrdistan ve T\u00fcrkiye\u2019de depremin vurdu\u011fu b\u00f6lgeleri ziyaret edecek. Barzani&#8217;nin T\u00fcrkiye D\u0131\u015fi\u015fleri Bakan\u0131 \u00c7avu\u015fo\u011flu ile g\u00f6r\u00fc\u015fmesi bekleniyor.<\/p>\n<p>R\u00fbdaw\u2019\u0131n edindi\u011fi bilgilere g\u00f6re, K\u00fcrdistan B\u00f6lgesi Ba\u015fkan\u0131 Ne\u00e7irvan Barzani bug\u00fcn \u00f6\u011flen saatlerinde T\u00fcrkiye&#8217;de deprem b\u00f6lgelerini ziyaret edecek.<\/p>\n<p>Barzani daha sonra K\u00fcrdistan B\u00f6lgesi\u2019nden giden arama kurtarma ekipleri ile bir araya gelecek ve a\u00e7\u0131klamalarda bulunacak.<\/p>\n<p>T\u00fcrkiye D\u0131\u015fi\u015fleri Bakan\u0131 Mevl\u00fct \u00c7avu\u015fo\u011flu ile g\u00f6r\u00fc\u015fmesi beklenen Barzani daha sonra K\u00fcrdistan B\u00f6lgesi\u2019ne d\u00f6necek.<\/p>\n<p>6 \u015eubat g\u00fcn\u00fc saat 04.17&#8217;de Mara\u015f&#8217;\u0131n Pazarc\u0131k il\u00e7esinde meydana gelen 7.7 b\u00fcy\u00fckl\u00fc\u011f\u00fcndeki depremin ard\u0131ndan saat 13.24&#8217;te Elbistan il\u00e7esinde 7.6 b\u00fcy\u00fckl\u00fc\u011f\u00fcndeki ikinci bir deprem meydana geldi.<\/p>\n<p>Deprem 10 ilde b\u00fcy\u00fck y\u0131k\u0131ma neden olurken on binlerce ki\u015fi hayat\u0131n\u0131 kaybetti ve yaraland\u0131.<\/p>\n<p>K\u00fcrdistan B\u00f6lgesi y\u00f6netimi depremden hemen sonra b\u00f6lgeye yard\u0131m g\u00f6ndermeye haz\u0131r oldu\u011funu a\u00e7\u0131klad\u0131. Bu do\u011frultuda Sa\u011fl\u0131k Bakanl\u0131\u011f\u0131 ve Barzani Yard\u0131m Vakf\u0131 deprem b\u00f6lgelerine acil yard\u0131m ula\u015ft\u0131ran ilk ekiplerden oldu.<\/p>\n<p>Ne\u00e7irvan Barzani, ge\u00e7ti\u011fimiz g\u00fcn T\u00fcrkiye ve Suriye&#8217;de binlerce ki\u015finin hayat\u0131n\u0131 kaybetti\u011fi depremler nedeniyle T\u00fcrkiye\u2019nin Erbil Ba\u015fkonsoloslu\u011fu&#8217;ndaki taziyeye kat\u0131lm\u0131\u015ft\u0131.<\/p>\n<p>Burada taziye defterini imzalayan Barzani, bu y\u0131k\u0131c\u0131 deprem nedeniyle \u015fahs\u0131 ve K\u00fcrdistan B\u00f6lgesi ad\u0131na T\u00fcrkiye halk\u0131, h\u00fck\u00fcmeti ve liderli\u011fine taziyelerini ileterek ac\u0131lar\u0131n\u0131 payla\u015ft\u0131\u011f\u0131n\u0131 kaydetmi\u015fti.<\/p>\n<p>K\u00fcrdistan B\u00f6lgesi&#8217;nin de t\u00fcm uluslararas\u0131 camia ile birlikte T\u00fcrkiye halk\u0131n\u0131n, kurbanlar\u0131n aile ve yak\u0131nlar\u0131n\u0131n ac\u0131s\u0131n\u0131 en derinden ya\u015fad\u0131\u011f\u0131n\u0131 dile getiren Barzani, insan\u0131n i\u00e7ini yakan bu b\u00fcy\u00fck trajedinin g\u00f6r\u00fcnt\u00fclerinin haf\u0131zalardan silinmeyece\u011fini belirtmi\u015fti.<\/p>\n<p>Ba\u015fkan Ne\u00e7irvan Barzani, K\u00fcrdistan B\u00f6lgesi\u2019nin yard\u0131m ve destek i\u00e7in elinden geleni yapmaya haz\u0131r oldu\u011funu vurgulam\u0131\u015ft\u0131.<\/p>\n","protected":false},"excerpt":{"rendered":"<p>Ba\u015fkan Ne\u00e7irvan Barzani bug\u00fcn Kuzey K\u00fcrdistan ve T\u00fcrkiye\u2019de depremin vurdu\u011fu b\u00f6lgeleri ziyaret edecek. Barzani&#8217;nin T\u00fcrkiye D\u0131\u015fi\u015fleri Bakan\u0131 \u00c7avu\u015fo\u011flu ile g\u00f6r\u00fc\u015fmesi bekleniyor. R\u00fbdaw\u2019\u0131n edindi\u011fi bilgilere g\u00f6re, K\u00fcrdistan B\u00f6lgesi Ba\u015fkan\u0131 Ne\u00e7irvan Barzani bug\u00fcn \u00f6\u011flen saatlerinde T\u00fcrkiye&#8217;de deprem b\u00f6lgelerini ziyaret edecek. Barzani daha sonra K\u00fcrdistan B\u00f6lgesi\u2019nden giden arama kurtarma ekipleri ile bir araya gelecek ve a\u00e7\u0131klamalarda bulunacak. T\u00fcrkiye [&hellip;]<\/p>\n","protected":false},"author":2,"featured_media":1023363,"comment_status":"closed","ping_status":"closed","sticky":false,"template":"","format":"standard","meta":{"footnotes":""},"categories":[3],"tags":[31],"class_list":["post-1023362","post","type-post","status-publish","format-standard","has-post-thumbnail","hentry","category-kurdistan","tag-onemli"],"blocksy_meta":[],"seo_head":"<!-- This site is optimized with the Yoast SEO plugin v27.5 - https:\/\/yoast.com\/product\/yoast-seo-wordpress\/ -->\n<title>K\u00fcrdistan B\u00f6lgesi Ba\u015fkan\u0131 Ne\u00e7irvan Barzani depremin vurdu\u011fu Kuzey K\u00fcrdistan ve T\u00fcrkiye&#039;yeyi ziyaret ediyor - Darka Mazi<\/title>\n<meta name=\"robots\" content=\"index, follow, max-snippet:-1, max-image-preview:large, max-video-preview:-1\" \/>\n<link rel=\"canonical\" href=\"https:\/\/darkamazi.site\/archives\/1023362\" \/>\n<meta property=\"og:locale\" content=\"en_US\" \/>\n<meta property=\"og:type\" content=\"article\" \/>\n<meta property=\"og:title\" content=\"K\u00fcrdistan B\u00f6lgesi Ba\u015fkan\u0131 Ne\u00e7irvan Barzani depremin vurdu\u011fu Kuzey K\u00fcrdistan ve T\u00fcrkiye&#039;yeyi ziyaret ediyor - Darka Mazi\" \/>\n<meta property=\"og:description\" content=\"Ba\u015fkan Ne\u00e7irvan Barzani bug\u00fcn Kuzey K\u00fcrdistan ve T\u00fcrkiye\u2019de depremin vurdu\u011fu b\u00f6lgeleri ziyaret edecek. Barzani&#8217;nin T\u00fcrkiye D\u0131\u015fi\u015fleri Bakan\u0131 \u00c7avu\u015fo\u011flu ile g\u00f6r\u00fc\u015fmesi bekleniyor. R\u00fbdaw\u2019\u0131n edindi\u011fi bilgilere g\u00f6re, K\u00fcrdistan B\u00f6lgesi Ba\u015fkan\u0131 Ne\u00e7irvan Barzani bug\u00fcn \u00f6\u011flen saatlerinde T\u00fcrkiye&#8217;de deprem b\u00f6lgelerini ziyaret edecek. Barzani daha sonra K\u00fcrdistan B\u00f6lgesi\u2019nden giden arama kurtarma ekipleri ile bir araya gelecek ve a\u00e7\u0131klamalarda bulunacak. T\u00fcrkiye [&hellip;]\" \/>\n<meta property=\"og:url\" content=\"https:\/\/darkamazi.site\/archives\/1023362\" \/>\n<meta property=\"og:site_name\" content=\"Darka Mazi\" \/>\n<meta property=\"article:publisher\" content=\"https:\/\/www.facebook.com\/DarkaMaziturkce\" \/>\n<meta property=\"article:published_time\" content=\"2023-02-14T08:33:08+00:00\" \/>\n<meta property=\"og:image\" content=\"https:\/\/darkamazi.site\/file\/2023\/02\/thumbs_b_c_3cfa6bfd9eb31be38580cc649d24229c.jpg\" \/>\n\t<meta property=\"og:image:width\" content=\"1024\" \/>\n\t<meta property=\"og:image:height\" content=\"576\" \/>\n\t<meta property=\"og:image:type\" content=\"image\/jpeg\" \/>\n<meta name=\"author\" content=\"darka mazi\" \/>\n<meta name=\"twitter:card\" content=\"summary_large_image\" \/>\n<meta name=\"twitter:creator\" content=\"@DarkaMaziTurkce\" \/>\n<meta name=\"twitter:site\" content=\"@DarkaMaziTurkce\" \/>\n<meta name=\"twitter:label1\" content=\"Written by\" \/>\n\t<meta name=\"twitter:data1\" content=\"darka mazi\" \/>\n\t<meta name=\"twitter:label2\" content=\"Est. reading time\" \/>\n\t<meta name=\"twitter:data2\" content=\"1 minute\" \/>\n<script type=\"application\/ld+json\" class=\"seo-schema-graph\">{\"@context\":\"https:\\\/\\\/schema.org\",\"@graph\":[{\"@type\":\"NewsArticle\",\"@id\":\"https:\\\/\\\/darkamazi.site\\\/archives\\\/1023362#article\",\"isPartOf\":{\"@id\":\"https:\\\/\\\/darkamazi.site\\\/archives\\\/1023362\"},\"author\":{\"name\":\"darka mazi\",\"@id\":\"https:\\\/\\\/darkamazi.site\\\/#\\\/schema\\\/person\\\/67986a95ac546c16760365877ef4a9d3\"},\"headline\":\"K\u00fcrdistan B\u00f6lgesi Ba\u015fkan\u0131 Ne\u00e7irvan Barzani depremin vurdu\u011fu Kuzey K\u00fcrdistan ve T\u00fcrkiye&#8217;yeyi ziyaret ediyor\",\"datePublished\":\"2023-02-14T08:33:08+00:00\",\"mainEntityOfPage\":{\"@id\":\"https:\\\/\\\/darkamazi.site\\\/archives\\\/1023362\"},\"wordCount\":384,\"publisher\":{\"@id\":\"https:\\\/\\\/darkamazi.site\\\/#organization\"},\"image\":{\"@id\":\"https:\\\/\\\/darkamazi.site\\\/archives\\\/1023362#primaryimage\"},\"thumbnailUrl\":\"https:\\\/\\\/darkamazi.site\\\/darka-content\\\/uploads\\\/2023\\\/02\\\/thumbs_b_c_3cfa6bfd9eb31be38580cc649d24229c.jpg\",\"keywords\":[\"\u00f6nemli\"],\"articleSection\":[\"Kurdistan\"],\"inLanguage\":\"en-US\"},{\"@type\":\"WebPage\",\"@id\":\"https:\\\/\\\/darkamazi.site\\\/archives\\\/1023362\",\"url\":\"https:\\\/\\\/darkamazi.site\\\/archives\\\/1023362\",\"name\":\"K\u00fcrdistan B\u00f6lgesi Ba\u015fkan\u0131 Ne\u00e7irvan Barzani depremin vurdu\u011fu Kuzey K\u00fcrdistan ve T\u00fcrkiye'yeyi ziyaret ediyor - Darka Mazi\",\"isPartOf\":{\"@id\":\"https:\\\/\\\/darkamazi.site\\\/#website\"},\"primaryImageOfPage\":{\"@id\":\"https:\\\/\\\/darkamazi.site\\\/archives\\\/1023362#primaryimage\"},\"image\":{\"@id\":\"https:\\\/\\\/darkamazi.site\\\/archives\\\/1023362#primaryimage\"},\"thumbnailUrl\":\"https:\\\/\\\/darkamazi.site\\\/darka-content\\\/uploads\\\/2023\\\/02\\\/thumbs_b_c_3cfa6bfd9eb31be38580cc649d24229c.jpg\",\"datePublished\":\"2023-02-14T08:33:08+00:00\",\"breadcrumb\":{\"@id\":\"https:\\\/\\\/darkamazi.site\\\/archives\\\/1023362#breadcrumb\"},\"inLanguage\":\"en-US\",\"potentialAction\":[{\"@type\":\"ReadAction\",\"target\":[\"https:\\\/\\\/darkamazi.site\\\/archives\\\/1023362\"]}]},{\"@type\":\"ImageObject\",\"inLanguage\":\"en-US\",\"@id\":\"https:\\\/\\\/darkamazi.site\\\/archives\\\/1023362#primaryimage\",\"url\":\"https:\\\/\\\/darkamazi.site\\\/darka-content\\\/uploads\\\/2023\\\/02\\\/thumbs_b_c_3cfa6bfd9eb31be38580cc649d24229c.jpg\",\"contentUrl\":\"https:\\\/\\\/darkamazi.site\\\/darka-content\\\/uploads\\\/2023\\\/02\\\/thumbs_b_c_3cfa6bfd9eb31be38580cc649d24229c.jpg\",\"width\":1024,\"height\":576,\"caption\":\"K\u00fcrdistan B\u00f6lgesi Ba\u015fkan\u0131 Ne\u00e7irvan Barzani depremin vurdu\u011fu Kuzey K\u00fcrdistan ve T\u00fcrkiye'ye gidiyor\"},{\"@type\":\"BreadcrumbList\",\"@id\":\"https:\\\/\\\/darkamazi.site\\\/archives\\\/1023362#breadcrumb\",\"itemListElement\":[{\"@type\":\"ListItem\",\"position\":1,\"name\":\"Home\",\"item\":\"https:\\\/\\\/darkamazi.site\\\/\"},{\"@type\":\"ListItem\",\"position\":2,\"name\":\"K\u00fcrdistan B\u00f6lgesi Ba\u015fkan\u0131 Ne\u00e7irvan Barzani depremin vurdu\u011fu Kuzey K\u00fcrdistan ve T\u00fcrkiye&#8217;yeyi ziyaret ediyor\"}]},{\"@type\":\"WebSite\",\"@id\":\"https:\\\/\\\/darkamazi.site\\\/#website\",\"url\":\"https:\\\/\\\/darkamazi.site\\\/\",\"name\":\"Darka Mazi\",\"description\":\"Ana Sayfa\",\"publisher\":{\"@id\":\"https:\\\/\\\/darkamazi.site\\\/#organization\"},\"potentialAction\":[{\"@type\":\"SearchAction\",\"target\":{\"@type\":\"EntryPoint\",\"urlTemplate\":\"https:\\\/\\\/darkamazi.site\\\/?s={search_term_string}\"},\"query-input\":{\"@type\":\"PropertyValueSpecification\",\"valueRequired\":true,\"valueName\":\"search_term_string\"}}],\"inLanguage\":\"en-US\"},{\"@type\":\"Organization\",\"@id\":\"https:\\\/\\\/darkamazi.site\\\/#organization\",\"name\":\"Darka Mazi T\u00fcrk\u00e7e\",\"alternateName\":\"Darka Mazi\",\"url\":\"https:\\\/\\\/darkamazi.site\\\/\",\"logo\":{\"@type\":\"ImageObject\",\"inLanguage\":\"en-US\",\"@id\":\"https:\\\/\\\/darkamazi.site\\\/#\\\/schema\\\/logo\\\/image\\\/\",\"url\":\"https:\\\/\\\/darkamazi.site\\\/darka-content\\\/uploads\\\/2017\\\/12\\\/darka-mazi-logo.png\",\"contentUrl\":\"https:\\\/\\\/darkamazi.site\\\/darka-content\\\/uploads\\\/2017\\\/12\\\/darka-mazi-logo.png\",\"width\":151,\"height\":75,\"caption\":\"Darka Mazi T\u00fcrk\u00e7e\"},\"image\":{\"@id\":\"https:\\\/\\\/darkamazi.site\\\/#\\\/schema\\\/logo\\\/image\\\/\"},\"sameAs\":[\"https:\\\/\\\/www.facebook.com\\\/DarkaMaziturkce\",\"https:\\\/\\\/x.com\\\/DarkaMaziTurkce\"]},{\"@type\":\"Person\",\"@id\":\"https:\\\/\\\/darkamazi.site\\\/#\\\/schema\\\/person\\\/67986a95ac546c16760365877ef4a9d3\",\"name\":\"darka mazi\",\"sameAs\":[\"https:\\\/\\\/darkamazi.site\"],\"url\":\"https:\\\/\\\/darkamazi.site\\\/archives\\\/author\\\/turkish\"}]}<\/script>\n<!-- \/ Yoast SEO plugin. -->","seo_head_json":{"title":"K\u00fcrdistan B\u00f6lgesi Ba\u015fkan\u0131 Ne\u00e7irvan Barzani depremin vurdu\u011fu Kuzey K\u00fcrdistan ve T\u00fcrkiye'yeyi ziyaret ediyor - Darka Mazi","robots":{"index":"index","follow":"follow","max-snippet":"max-snippet:-1","max-image-preview":"max-image-preview:large","max-video-preview":"max-video-preview:-1"},"canonical":"https:\/\/darkamazi.site\/archives\/1023362","og_locale":"en_US","og_type":"article","og_title":"K\u00fcrdistan B\u00f6lgesi Ba\u015fkan\u0131 Ne\u00e7irvan Barzani depremin vurdu\u011fu Kuzey K\u00fcrdistan ve T\u00fcrkiye'yeyi ziyaret ediyor - Darka Mazi","og_description":"Ba\u015fkan Ne\u00e7irvan Barzani bug\u00fcn Kuzey K\u00fcrdistan ve T\u00fcrkiye\u2019de depremin vurdu\u011fu b\u00f6lgeleri ziyaret edecek. Barzani&#8217;nin T\u00fcrkiye D\u0131\u015fi\u015fleri Bakan\u0131 \u00c7avu\u015fo\u011flu ile g\u00f6r\u00fc\u015fmesi bekleniyor. R\u00fbdaw\u2019\u0131n edindi\u011fi bilgilere g\u00f6re, K\u00fcrdistan B\u00f6lgesi Ba\u015fkan\u0131 Ne\u00e7irvan Barzani bug\u00fcn \u00f6\u011flen saatlerinde T\u00fcrkiye&#8217;de deprem b\u00f6lgelerini ziyaret edecek. Barzani daha sonra K\u00fcrdistan B\u00f6lgesi\u2019nden giden arama kurtarma ekipleri ile bir araya gelecek ve a\u00e7\u0131klamalarda bulunacak. T\u00fcrkiye [&hellip;]","og_url":"https:\/\/darkamazi.site\/archives\/1023362","og_site_name":"Darka Mazi","article_publisher":"https:\/\/www.facebook.com\/DarkaMaziturkce","article_published_time":"2023-02-14T08:33:08+00:00","og_image":[{"width":1024,"height":576,"url":"https:\/\/darkamazi.site\/file\/2023\/02\/thumbs_b_c_3cfa6bfd9eb31be38580cc649d24229c.jpg","type":"image\/jpeg"}],"author":"darka mazi","twitter_card":"summary_large_image","twitter_creator":"@DarkaMaziTurkce","twitter_site":"@DarkaMaziTurkce","twitter_misc":{"Written by":"darka mazi","Est. reading time":"1 minute"},"schema":{"@context":"https:\/\/schema.org","@graph":[{"@type":"NewsArticle","@id":"https:\/\/darkamazi.site\/archives\/1023362#article","isPartOf":{"@id":"https:\/\/darkamazi.site\/archives\/1023362"},"author":{"name":"darka mazi","@id":"https:\/\/darkamazi.site\/#\/schema\/person\/67986a95ac546c16760365877ef4a9d3"},"headline":"K\u00fcrdistan B\u00f6lgesi Ba\u015fkan\u0131 Ne\u00e7irvan Barzani depremin vurdu\u011fu Kuzey K\u00fcrdistan ve T\u00fcrkiye&#8217;yeyi ziyaret ediyor","datePublished":"2023-02-14T08:33:08+00:00","mainEntityOfPage":{"@id":"https:\/\/darkamazi.site\/archives\/1023362"},"wordCount":384,"publisher":{"@id":"https:\/\/darkamazi.site\/#organization"},"image":{"@id":"https:\/\/darkamazi.site\/archives\/1023362#primaryimage"},"thumbnailUrl":"https:\/\/darkamazi.site\/file\/2023\/02\/thumbs_b_c_3cfa6bfd9eb31be38580cc649d24229c.jpg","keywords":["\u00f6nemli"],"articleSection":["Kurdistan"],"inLanguage":"en-US"},{"@type":"WebPage","@id":"https:\/\/darkamazi.site\/archives\/1023362","url":"https:\/\/darkamazi.site\/archives\/1023362","name":"K\u00fcrdistan B\u00f6lgesi Ba\u015fkan\u0131 Ne\u00e7irvan Barzani depremin vurdu\u011fu Kuzey K\u00fcrdistan ve T\u00fcrkiye'yeyi ziyaret ediyor - Darka Mazi","isPartOf":{"@id":"https:\/\/darkamazi.site\/#website"},"primaryImageOfPage":{"@id":"https:\/\/darkamazi.site\/archives\/1023362#primaryimage"},"image":{"@id":"https:\/\/darkamazi.site\/archives\/1023362#primaryimage"},"thumbnailUrl":"https:\/\/darkamazi.site\/file\/2023\/02\/thumbs_b_c_3cfa6bfd9eb31be38580cc649d24229c.jpg","datePublished":"2023-02-14T08:33:08+00:00","breadcrumb":{"@id":"https:\/\/darkamazi.site\/archives\/1023362#breadcrumb"},"inLanguage":"en-US","potentialAction":[{"@type":"ReadAction","target":["https:\/\/darkamazi.site\/archives\/1023362"]}]},{"@type":"ImageObject","inLanguage":"en-US","@id":"https:\/\/darkamazi.site\/archives\/1023362#primaryimage","url":"https:\/\/darkamazi.site\/file\/2023\/02\/thumbs_b_c_3cfa6bfd9eb31be38580cc649d24229c.jpg","contentUrl":"https:\/\/darkamazi.site\/file\/2023\/02\/thumbs_b_c_3cfa6bfd9eb31be38580cc649d24229c.jpg","width":1024,"height":576,"caption":"K\u00fcrdistan B\u00f6lgesi Ba\u015fkan\u0131 Ne\u00e7irvan Barzani depremin vurdu\u011fu Kuzey K\u00fcrdistan ve T\u00fcrkiye'ye gidiyor"},{"@type":"BreadcrumbList","@id":"https:\/\/darkamazi.site\/archives\/1023362#breadcrumb","itemListElement":[{"@type":"ListItem","position":1,"name":"Home","item":"https:\/\/darkamazi.site\/"},{"@type":"ListItem","position":2,"name":"K\u00fcrdistan B\u00f6lgesi Ba\u015fkan\u0131 Ne\u00e7irvan Barzani depremin vurdu\u011fu Kuzey K\u00fcrdistan ve T\u00fcrkiye&#8217;yeyi ziyaret ediyor"}]},{"@type":"WebSite","@id":"https:\/\/darkamazi.site\/#website","url":"https:\/\/darkamazi.site\/","name":"Darka Mazi","description":"Ana Sayfa","publisher":{"@id":"https:\/\/darkamazi.site\/#organization"},"potentialAction":[{"@type":"SearchAction","target":{"@type":"EntryPoint","urlTemplate":"https:\/\/darkamazi.site\/?s={search_term_string}"},"query-input":{"@type":"PropertyValueSpecification","valueRequired":true,"valueName":"search_term_string"}}],"inLanguage":"en-US"},{"@type":"Organization","@id":"https:\/\/darkamazi.site\/#organization","name":"Darka Mazi T\u00fcrk\u00e7e","alternateName":"Darka Mazi","url":"https:\/\/darkamazi.site\/","logo":{"@type":"ImageObject","inLanguage":"en-US","@id":"https:\/\/darkamazi.site\/#\/schema\/logo\/image\/","url":"https:\/\/darkamazi.site\/file\/2017\/12\/darka-mazi-logo.png","contentUrl":"https:\/\/darkamazi.site\/file\/2017\/12\/darka-mazi-logo.png","width":151,"height":75,"caption":"Darka Mazi T\u00fcrk\u00e7e"},"image":{"@id":"https:\/\/darkamazi.site\/#\/schema\/logo\/image\/"},"sameAs":["https:\/\/www.facebook.com\/DarkaMaziturkce","https:\/\/x.com\/DarkaMaziTurkce"]},{"@type":"Person","@id":"https:\/\/darkamazi.site\/#\/schema\/person\/67986a95ac546c16760365877ef4a9d3","name":"darka mazi","sameAs":["https:\/\/darkamazi.site"],"url":"https:\/\/darkamazi.site\/archives\/author\/turkish"}]}},"_links":{"self":[{"href":"https:\/\/darkamazi.site\/funavuv\/wp\/v2\/posts\/1023362","targetHints":{"allow":["GET"]}}],"collection":[{"href":"https:\/\/darkamazi.site\/funavuv\/wp\/v2\/posts"}],"about":[{"href":"https:\/\/darkamazi.site\/funavuv\/wp\/v2\/types\/post"}],"author":[{"embeddable":true,"href":"https:\/\/darkamazi.site\/funavuv\/wp\/v2\/users\/2"}],"replies":[{"embeddable":true,"href":"https:\/\/darkamazi.site\/funavuv\/wp\/v2\/comments?post=1023362"}],"version-history":[{"count":0,"href":"https:\/\/darkamazi.site\/funavuv\/wp\/v2\/posts\/1023362\/revisions"}],"wp:featuredmedia":[{"embeddable":true,"href":"https:\/\/darkamazi.site\/funavuv\/wp\/v2\/media\/1023363"}],"wp:attachment":[{"href":"https:\/\/darkamazi.site\/funavuv\/wp\/v2\/media?parent=1023362"}],"wp:term":[{"taxonomy":"category","embeddable":true,"href":"https:\/\/darkamazi.site\/funavuv\/wp\/v2\/categories?post=1023362"},{"taxonomy":"post_tag","embeddable":true,"href":"https:\/\/darkamazi.site\/funavuv\/wp\/v2\/tags?post=1023362"}],"curies":[{"name":"wp","href":"https:\/\/api.w.org\/{rel}","templated":true}]}}