{"id":1023402,"date":"2023-02-16T13:42:51","date_gmt":"2023-02-16T10:42:51","guid":{"rendered":"https:\/\/darkamazi.site\/?p=1023402"},"modified":"2023-02-16T13:42:51","modified_gmt":"2023-02-16T10:42:51","slug":"pesmergenin-iside-karsi-mucadelesinde-en-buyuk-destekcilerden-biri-fransa-oldu","status":"publish","type":"post","link":"https:\/\/darkamazi.site\/archives\/1023402","title":{"rendered":"Pe\u015fmerge&#8217;nin I\u015e\u0130D&#8217;e kar\u015f\u0131 m\u00fccadelesinde en b\u00fcy\u00fck destek\u00e7ilerden biri Fransa oldu"},"content":{"rendered":"<p style=\"text-align: justify\">I\u015e\u0130D&#8217;in ortaya \u00e7\u0131k\u0131\u015f\u0131ndan bu yana en \u00e7ok zarar g\u00f6ren Avrupa \u00fclkelerinden biri olan Fransa, I\u015e\u0130D&#8217;e kar\u015f\u0131 m\u00fccadelede K\u00fcrdistan B\u00f6lgesi&#8217;ne bir\u00e7ok a\u00e7\u0131dan yard\u0131m sa\u011flad\u0131.<\/p>\n<p style=\"text-align: justify\">K\u00fcrdistan B\u00f6lgesi g\u00fcvenlik g\u00fc\u00e7leri, s\u00fcrekli olarak I\u015e\u0130D ard\u0131llar\u0131yla m\u00fccadele etmeye devam ediyor.<\/p>\n<p style=\"text-align: justify\">Co\u011frafik a\u00e7\u0131dan birbirine uzak olan Paris ve Erbil aras\u0131nda s\u0131cak ve k\u00f6kl\u00fc bir ili\u015fkinin varl\u0131\u011f\u0131n\u0131n yan\u0131 s\u0131ra ter\u00f6rle m\u00fccadelede ciddi ortaklar olarak \u00f6ne \u00e7\u0131k\u0131yorlar.<\/p>\n<p style=\"text-align: justify\">Pe\u015fmerge ilk g\u00fcnden itibaren I\u015e\u0130D&#8217;e kar\u015f\u0131 karada sava\u015f\u0131rken, Fransa, K\u00fcrdistan B\u00f6lgesi&#8217;nin \u00f6nemli ve belirleyici rol\u00fcn\u00fc k\u0131sa s\u00fcrede anlad\u0131 ve K\u00fcrdistan&#8217;a g\u00fc\u00e7l\u00fc askeri ve manevi destek sa\u011flad\u0131.<\/p>\n<p style=\"text-align: justify\">K\u00fcrdistan B\u00f6lgesi g\u00fcvenlik g\u00fc\u00e7leri, ge\u00e7ti\u011fimiz y\u0131l I\u015e\u0130D militanlar\u0131n\u0131n \u00e7e\u015fitli planlar\u0131n\u0131 engelledi.<\/p>\n<p style=\"text-align: justify\">K\u00fcrdistan Anti Ter\u00f6r\u2019\u00fcn verilerine g\u00f6re, Anti Ter\u00f6r g\u00fc\u00e7leri, 2022 y\u0131l\u0131nda Erbil&#8217;de ter\u00f6r eylemleri ger\u00e7ekle\u015ftirmeyi ama\u00e7layan I\u015e\u0130D\u2019lilerin \u00fc\u00e7 b\u00fcy\u00fck plan\u0131n\u0131 bo\u015fa \u00e7\u0131karmay\u0131 ba\u015fard\u0131.<\/p>\n<p style=\"text-align: justify\">25 Aral\u0131k 2022&#8217;de Erbil&#8217;de g\u00fcvenlik g\u00fc\u00e7leri, Ankawa kasabas\u0131nda ter\u00f6r eylemi d\u00fczenlemeyi planlayan iki I\u015e\u0130D mensubunu yakalad\u0131.<\/p>\n<p style=\"text-align: justify\">8 Kas\u0131m\u2019da ise Rojava\u2019daki Hol Kamp\u0131\u2019ndan Erbil\u2019e gelerek ter\u00f6r eylemleri ger\u00e7ekle\u015ftirmeyi planlayan iki I\u015e\u0130D mensubu daha yakaland\u0131.<\/p>\n<p style=\"text-align: justify\">I\u015e\u0130D\u2019le m\u00fccadele s\u00fcrecinde \u00f6nceki Fransa Cumhurba\u015fkan\u0131 Fran\u00e7ois Hollande ve \u015fu anki Cumhurba\u015fkan\u0131 Emmanuel Macron, K\u00fcrdistan B\u00f6lgesi\u2019ni ziyaret ederek, desteklerini iletmi\u015fti.<\/p>\n","protected":false},"excerpt":{"rendered":"<p>I\u015e\u0130D&#8217;in ortaya \u00e7\u0131k\u0131\u015f\u0131ndan bu yana en \u00e7ok zarar g\u00f6ren Avrupa \u00fclkelerinden biri olan Fransa, I\u015e\u0130D&#8217;e kar\u015f\u0131 m\u00fccadelede K\u00fcrdistan B\u00f6lgesi&#8217;ne bir\u00e7ok a\u00e7\u0131dan yard\u0131m sa\u011flad\u0131. K\u00fcrdistan B\u00f6lgesi g\u00fcvenlik g\u00fc\u00e7leri, s\u00fcrekli olarak I\u015e\u0130D ard\u0131llar\u0131yla m\u00fccadele etmeye devam ediyor. Co\u011frafik a\u00e7\u0131dan birbirine uzak olan Paris ve Erbil aras\u0131nda s\u0131cak ve k\u00f6kl\u00fc bir ili\u015fkinin varl\u0131\u011f\u0131n\u0131n yan\u0131 s\u0131ra ter\u00f6rle m\u00fccadelede ciddi [&hellip;]<\/p>\n","protected":false},"author":2,"featured_media":1023403,"comment_status":"closed","ping_status":"closed","sticky":false,"template":"","format":"standard","meta":{"footnotes":""},"categories":[3],"tags":[31],"class_list":["post-1023402","post","type-post","status-publish","format-standard","has-post-thumbnail","hentry","category-kurdistan","tag-onemli"],"blocksy_meta":[],"seo_head":"<!-- This site is optimized with the Yoast SEO plugin v27.5 - https:\/\/yoast.com\/product\/yoast-seo-wordpress\/ -->\n<title>Pe\u015fmerge&#039;nin I\u015e\u0130D&#039;e kar\u015f\u0131 m\u00fccadelesinde en b\u00fcy\u00fck destek\u00e7ilerden biri Fransa oldu - Darka Mazi<\/title>\n<meta name=\"robots\" content=\"index, follow, max-snippet:-1, max-image-preview:large, max-video-preview:-1\" \/>\n<link rel=\"canonical\" href=\"https:\/\/darkamazi.site\/archives\/1023402\" \/>\n<meta property=\"og:locale\" content=\"en_US\" \/>\n<meta property=\"og:type\" content=\"article\" \/>\n<meta property=\"og:title\" content=\"Pe\u015fmerge&#039;nin I\u015e\u0130D&#039;e kar\u015f\u0131 m\u00fccadelesinde en b\u00fcy\u00fck destek\u00e7ilerden biri Fransa oldu - Darka Mazi\" \/>\n<meta property=\"og:description\" content=\"I\u015e\u0130D&#8217;in ortaya \u00e7\u0131k\u0131\u015f\u0131ndan bu yana en \u00e7ok zarar g\u00f6ren Avrupa \u00fclkelerinden biri olan Fransa, I\u015e\u0130D&#8217;e kar\u015f\u0131 m\u00fccadelede K\u00fcrdistan B\u00f6lgesi&#8217;ne bir\u00e7ok a\u00e7\u0131dan yard\u0131m sa\u011flad\u0131. K\u00fcrdistan B\u00f6lgesi g\u00fcvenlik g\u00fc\u00e7leri, s\u00fcrekli olarak I\u015e\u0130D ard\u0131llar\u0131yla m\u00fccadele etmeye devam ediyor. Co\u011frafik a\u00e7\u0131dan birbirine uzak olan Paris ve Erbil aras\u0131nda s\u0131cak ve k\u00f6kl\u00fc bir ili\u015fkinin varl\u0131\u011f\u0131n\u0131n yan\u0131 s\u0131ra ter\u00f6rle m\u00fccadelede ciddi [&hellip;]\" \/>\n<meta property=\"og:url\" content=\"https:\/\/darkamazi.site\/archives\/1023402\" \/>\n<meta property=\"og:site_name\" content=\"Darka Mazi\" \/>\n<meta property=\"article:publisher\" content=\"https:\/\/www.facebook.com\/DarkaMaziturkce\" \/>\n<meta property=\"article:published_time\" content=\"2023-02-16T10:42:51+00:00\" \/>\n<meta property=\"og:image\" content=\"https:\/\/darkamazi.site\/file\/2023\/02\/Pesmerge3.jpg\" \/>\n\t<meta property=\"og:image:width\" content=\"1024\" \/>\n\t<meta property=\"og:image:height\" content=\"675\" \/>\n\t<meta property=\"og:image:type\" content=\"image\/jpeg\" \/>\n<meta name=\"author\" content=\"darka mazi\" \/>\n<meta name=\"twitter:card\" content=\"summary_large_image\" \/>\n<meta name=\"twitter:creator\" content=\"@DarkaMaziTurkce\" \/>\n<meta name=\"twitter:site\" content=\"@DarkaMaziTurkce\" \/>\n<meta name=\"twitter:label1\" content=\"Written by\" \/>\n\t<meta name=\"twitter:data1\" content=\"darka mazi\" \/>\n\t<meta name=\"twitter:label2\" content=\"Est. reading time\" \/>\n\t<meta name=\"twitter:data2\" content=\"1 minute\" \/>\n<script type=\"application\/ld+json\" class=\"seo-schema-graph\">{\"@context\":\"https:\\\/\\\/schema.org\",\"@graph\":[{\"@type\":\"NewsArticle\",\"@id\":\"https:\\\/\\\/darkamazi.site\\\/archives\\\/1023402#article\",\"isPartOf\":{\"@id\":\"https:\\\/\\\/darkamazi.site\\\/archives\\\/1023402\"},\"author\":{\"name\":\"darka mazi\",\"@id\":\"https:\\\/\\\/darkamazi.site\\\/#\\\/schema\\\/person\\\/67986a95ac546c16760365877ef4a9d3\"},\"headline\":\"Pe\u015fmerge&#8217;nin I\u015e\u0130D&#8217;e kar\u015f\u0131 m\u00fccadelesinde en b\u00fcy\u00fck destek\u00e7ilerden biri Fransa oldu\",\"datePublished\":\"2023-02-16T10:42:51+00:00\",\"mainEntityOfPage\":{\"@id\":\"https:\\\/\\\/darkamazi.site\\\/archives\\\/1023402\"},\"wordCount\":295,\"publisher\":{\"@id\":\"https:\\\/\\\/darkamazi.site\\\/#organization\"},\"image\":{\"@id\":\"https:\\\/\\\/darkamazi.site\\\/archives\\\/1023402#primaryimage\"},\"thumbnailUrl\":\"https:\\\/\\\/darkamazi.site\\\/darka-content\\\/uploads\\\/2023\\\/02\\\/Pesmerge3.jpg\",\"keywords\":[\"\u00f6nemli\"],\"articleSection\":[\"Kurdistan\"],\"inLanguage\":\"en-US\"},{\"@type\":\"WebPage\",\"@id\":\"https:\\\/\\\/darkamazi.site\\\/archives\\\/1023402\",\"url\":\"https:\\\/\\\/darkamazi.site\\\/archives\\\/1023402\",\"name\":\"Pe\u015fmerge'nin I\u015e\u0130D'e kar\u015f\u0131 m\u00fccadelesinde en b\u00fcy\u00fck destek\u00e7ilerden biri Fransa oldu - Darka Mazi\",\"isPartOf\":{\"@id\":\"https:\\\/\\\/darkamazi.site\\\/#website\"},\"primaryImageOfPage\":{\"@id\":\"https:\\\/\\\/darkamazi.site\\\/archives\\\/1023402#primaryimage\"},\"image\":{\"@id\":\"https:\\\/\\\/darkamazi.site\\\/archives\\\/1023402#primaryimage\"},\"thumbnailUrl\":\"https:\\\/\\\/darkamazi.site\\\/darka-content\\\/uploads\\\/2023\\\/02\\\/Pesmerge3.jpg\",\"datePublished\":\"2023-02-16T10:42:51+00:00\",\"breadcrumb\":{\"@id\":\"https:\\\/\\\/darkamazi.site\\\/archives\\\/1023402#breadcrumb\"},\"inLanguage\":\"en-US\",\"potentialAction\":[{\"@type\":\"ReadAction\",\"target\":[\"https:\\\/\\\/darkamazi.site\\\/archives\\\/1023402\"]}]},{\"@type\":\"ImageObject\",\"inLanguage\":\"en-US\",\"@id\":\"https:\\\/\\\/darkamazi.site\\\/archives\\\/1023402#primaryimage\",\"url\":\"https:\\\/\\\/darkamazi.site\\\/darka-content\\\/uploads\\\/2023\\\/02\\\/Pesmerge3.jpg\",\"contentUrl\":\"https:\\\/\\\/darkamazi.site\\\/darka-content\\\/uploads\\\/2023\\\/02\\\/Pesmerge3.jpg\",\"width\":1024,\"height\":675,\"caption\":\"Pe\u015fmerge'nin I\u015e\u0130D'e kar\u015f\u0131 m\u00fccadelesinde en b\u00fcy\u00fck destek\u00e7ilerden biri Fransa oldu\"},{\"@type\":\"BreadcrumbList\",\"@id\":\"https:\\\/\\\/darkamazi.site\\\/archives\\\/1023402#breadcrumb\",\"itemListElement\":[{\"@type\":\"ListItem\",\"position\":1,\"name\":\"Home\",\"item\":\"https:\\\/\\\/darkamazi.site\\\/\"},{\"@type\":\"ListItem\",\"position\":2,\"name\":\"Pe\u015fmerge&#8217;nin I\u015e\u0130D&#8217;e kar\u015f\u0131 m\u00fccadelesinde en b\u00fcy\u00fck destek\u00e7ilerden biri Fransa oldu\"}]},{\"@type\":\"WebSite\",\"@id\":\"https:\\\/\\\/darkamazi.site\\\/#website\",\"url\":\"https:\\\/\\\/darkamazi.site\\\/\",\"name\":\"Darka Mazi\",\"description\":\"Ana Sayfa\",\"publisher\":{\"@id\":\"https:\\\/\\\/darkamazi.site\\\/#organization\"},\"potentialAction\":[{\"@type\":\"SearchAction\",\"target\":{\"@type\":\"EntryPoint\",\"urlTemplate\":\"https:\\\/\\\/darkamazi.site\\\/?s={search_term_string}\"},\"query-input\":{\"@type\":\"PropertyValueSpecification\",\"valueRequired\":true,\"valueName\":\"search_term_string\"}}],\"inLanguage\":\"en-US\"},{\"@type\":\"Organization\",\"@id\":\"https:\\\/\\\/darkamazi.site\\\/#organization\",\"name\":\"Darka Mazi T\u00fcrk\u00e7e\",\"alternateName\":\"Darka Mazi\",\"url\":\"https:\\\/\\\/darkamazi.site\\\/\",\"logo\":{\"@type\":\"ImageObject\",\"inLanguage\":\"en-US\",\"@id\":\"https:\\\/\\\/darkamazi.site\\\/#\\\/schema\\\/logo\\\/image\\\/\",\"url\":\"https:\\\/\\\/darkamazi.site\\\/darka-content\\\/uploads\\\/2017\\\/12\\\/darka-mazi-logo.png\",\"contentUrl\":\"https:\\\/\\\/darkamazi.site\\\/darka-content\\\/uploads\\\/2017\\\/12\\\/darka-mazi-logo.png\",\"width\":151,\"height\":75,\"caption\":\"Darka Mazi T\u00fcrk\u00e7e\"},\"image\":{\"@id\":\"https:\\\/\\\/darkamazi.site\\\/#\\\/schema\\\/logo\\\/image\\\/\"},\"sameAs\":[\"https:\\\/\\\/www.facebook.com\\\/DarkaMaziturkce\",\"https:\\\/\\\/x.com\\\/DarkaMaziTurkce\"]},{\"@type\":\"Person\",\"@id\":\"https:\\\/\\\/darkamazi.site\\\/#\\\/schema\\\/person\\\/67986a95ac546c16760365877ef4a9d3\",\"name\":\"darka mazi\",\"sameAs\":[\"https:\\\/\\\/darkamazi.site\"],\"url\":\"https:\\\/\\\/darkamazi.site\\\/archives\\\/author\\\/turkish\"}]}<\/script>\n<!-- \/ Yoast SEO plugin. -->","seo_head_json":{"title":"Pe\u015fmerge'nin I\u015e\u0130D'e kar\u015f\u0131 m\u00fccadelesinde en b\u00fcy\u00fck destek\u00e7ilerden biri Fransa oldu - Darka Mazi","robots":{"index":"index","follow":"follow","max-snippet":"max-snippet:-1","max-image-preview":"max-image-preview:large","max-video-preview":"max-video-preview:-1"},"canonical":"https:\/\/darkamazi.site\/archives\/1023402","og_locale":"en_US","og_type":"article","og_title":"Pe\u015fmerge'nin I\u015e\u0130D'e kar\u015f\u0131 m\u00fccadelesinde en b\u00fcy\u00fck destek\u00e7ilerden biri Fransa oldu - Darka Mazi","og_description":"I\u015e\u0130D&#8217;in ortaya \u00e7\u0131k\u0131\u015f\u0131ndan bu yana en \u00e7ok zarar g\u00f6ren Avrupa \u00fclkelerinden biri olan Fransa, I\u015e\u0130D&#8217;e kar\u015f\u0131 m\u00fccadelede K\u00fcrdistan B\u00f6lgesi&#8217;ne bir\u00e7ok a\u00e7\u0131dan yard\u0131m sa\u011flad\u0131. K\u00fcrdistan B\u00f6lgesi g\u00fcvenlik g\u00fc\u00e7leri, s\u00fcrekli olarak I\u015e\u0130D ard\u0131llar\u0131yla m\u00fccadele etmeye devam ediyor. Co\u011frafik a\u00e7\u0131dan birbirine uzak olan Paris ve Erbil aras\u0131nda s\u0131cak ve k\u00f6kl\u00fc bir ili\u015fkinin varl\u0131\u011f\u0131n\u0131n yan\u0131 s\u0131ra ter\u00f6rle m\u00fccadelede ciddi [&hellip;]","og_url":"https:\/\/darkamazi.site\/archives\/1023402","og_site_name":"Darka Mazi","article_publisher":"https:\/\/www.facebook.com\/DarkaMaziturkce","article_published_time":"2023-02-16T10:42:51+00:00","og_image":[{"width":1024,"height":675,"url":"https:\/\/darkamazi.site\/file\/2023\/02\/Pesmerge3.jpg","type":"image\/jpeg"}],"author":"darka mazi","twitter_card":"summary_large_image","twitter_creator":"@DarkaMaziTurkce","twitter_site":"@DarkaMaziTurkce","twitter_misc":{"Written by":"darka mazi","Est. reading time":"1 minute"},"schema":{"@context":"https:\/\/schema.org","@graph":[{"@type":"NewsArticle","@id":"https:\/\/darkamazi.site\/archives\/1023402#article","isPartOf":{"@id":"https:\/\/darkamazi.site\/archives\/1023402"},"author":{"name":"darka mazi","@id":"https:\/\/darkamazi.site\/#\/schema\/person\/67986a95ac546c16760365877ef4a9d3"},"headline":"Pe\u015fmerge&#8217;nin I\u015e\u0130D&#8217;e kar\u015f\u0131 m\u00fccadelesinde en b\u00fcy\u00fck destek\u00e7ilerden biri Fransa oldu","datePublished":"2023-02-16T10:42:51+00:00","mainEntityOfPage":{"@id":"https:\/\/darkamazi.site\/archives\/1023402"},"wordCount":295,"publisher":{"@id":"https:\/\/darkamazi.site\/#organization"},"image":{"@id":"https:\/\/darkamazi.site\/archives\/1023402#primaryimage"},"thumbnailUrl":"https:\/\/darkamazi.site\/file\/2023\/02\/Pesmerge3.jpg","keywords":["\u00f6nemli"],"articleSection":["Kurdistan"],"inLanguage":"en-US"},{"@type":"WebPage","@id":"https:\/\/darkamazi.site\/archives\/1023402","url":"https:\/\/darkamazi.site\/archives\/1023402","name":"Pe\u015fmerge'nin I\u015e\u0130D'e kar\u015f\u0131 m\u00fccadelesinde en b\u00fcy\u00fck destek\u00e7ilerden biri Fransa oldu - Darka Mazi","isPartOf":{"@id":"https:\/\/darkamazi.site\/#website"},"primaryImageOfPage":{"@id":"https:\/\/darkamazi.site\/archives\/1023402#primaryimage"},"image":{"@id":"https:\/\/darkamazi.site\/archives\/1023402#primaryimage"},"thumbnailUrl":"https:\/\/darkamazi.site\/file\/2023\/02\/Pesmerge3.jpg","datePublished":"2023-02-16T10:42:51+00:00","breadcrumb":{"@id":"https:\/\/darkamazi.site\/archives\/1023402#breadcrumb"},"inLanguage":"en-US","potentialAction":[{"@type":"ReadAction","target":["https:\/\/darkamazi.site\/archives\/1023402"]}]},{"@type":"ImageObject","inLanguage":"en-US","@id":"https:\/\/darkamazi.site\/archives\/1023402#primaryimage","url":"https:\/\/darkamazi.site\/file\/2023\/02\/Pesmerge3.jpg","contentUrl":"https:\/\/darkamazi.site\/file\/2023\/02\/Pesmerge3.jpg","width":1024,"height":675,"caption":"Pe\u015fmerge'nin I\u015e\u0130D'e kar\u015f\u0131 m\u00fccadelesinde en b\u00fcy\u00fck destek\u00e7ilerden biri Fransa oldu"},{"@type":"BreadcrumbList","@id":"https:\/\/darkamazi.site\/archives\/1023402#breadcrumb","itemListElement":[{"@type":"ListItem","position":1,"name":"Home","item":"https:\/\/darkamazi.site\/"},{"@type":"ListItem","position":2,"name":"Pe\u015fmerge&#8217;nin I\u015e\u0130D&#8217;e kar\u015f\u0131 m\u00fccadelesinde en b\u00fcy\u00fck destek\u00e7ilerden biri Fransa oldu"}]},{"@type":"WebSite","@id":"https:\/\/darkamazi.site\/#website","url":"https:\/\/darkamazi.site\/","name":"Darka Mazi","description":"Ana Sayfa","publisher":{"@id":"https:\/\/darkamazi.site\/#organization"},"potentialAction":[{"@type":"SearchAction","target":{"@type":"EntryPoint","urlTemplate":"https:\/\/darkamazi.site\/?s={search_term_string}"},"query-input":{"@type":"PropertyValueSpecification","valueRequired":true,"valueName":"search_term_string"}}],"inLanguage":"en-US"},{"@type":"Organization","@id":"https:\/\/darkamazi.site\/#organization","name":"Darka Mazi T\u00fcrk\u00e7e","alternateName":"Darka Mazi","url":"https:\/\/darkamazi.site\/","logo":{"@type":"ImageObject","inLanguage":"en-US","@id":"https:\/\/darkamazi.site\/#\/schema\/logo\/image\/","url":"https:\/\/darkamazi.site\/file\/2017\/12\/darka-mazi-logo.png","contentUrl":"https:\/\/darkamazi.site\/file\/2017\/12\/darka-mazi-logo.png","width":151,"height":75,"caption":"Darka Mazi T\u00fcrk\u00e7e"},"image":{"@id":"https:\/\/darkamazi.site\/#\/schema\/logo\/image\/"},"sameAs":["https:\/\/www.facebook.com\/DarkaMaziturkce","https:\/\/x.com\/DarkaMaziTurkce"]},{"@type":"Person","@id":"https:\/\/darkamazi.site\/#\/schema\/person\/67986a95ac546c16760365877ef4a9d3","name":"darka mazi","sameAs":["https:\/\/darkamazi.site"],"url":"https:\/\/darkamazi.site\/archives\/author\/turkish"}]}},"_links":{"self":[{"href":"https:\/\/darkamazi.site\/funavuv\/wp\/v2\/posts\/1023402","targetHints":{"allow":["GET"]}}],"collection":[{"href":"https:\/\/darkamazi.site\/funavuv\/wp\/v2\/posts"}],"about":[{"href":"https:\/\/darkamazi.site\/funavuv\/wp\/v2\/types\/post"}],"author":[{"embeddable":true,"href":"https:\/\/darkamazi.site\/funavuv\/wp\/v2\/users\/2"}],"replies":[{"embeddable":true,"href":"https:\/\/darkamazi.site\/funavuv\/wp\/v2\/comments?post=1023402"}],"version-history":[{"count":0,"href":"https:\/\/darkamazi.site\/funavuv\/wp\/v2\/posts\/1023402\/revisions"}],"wp:featuredmedia":[{"embeddable":true,"href":"https:\/\/darkamazi.site\/funavuv\/wp\/v2\/media\/1023403"}],"wp:attachment":[{"href":"https:\/\/darkamazi.site\/funavuv\/wp\/v2\/media?parent=1023402"}],"wp:term":[{"taxonomy":"category","embeddable":true,"href":"https:\/\/darkamazi.site\/funavuv\/wp\/v2\/categories?post=1023402"},{"taxonomy":"post_tag","embeddable":true,"href":"https:\/\/darkamazi.site\/funavuv\/wp\/v2\/tags?post=1023402"}],"curies":[{"name":"wp","href":"https:\/\/api.w.org\/{rel}","templated":true}]}}