{"id":1023461,"date":"2023-02-19T19:47:20","date_gmt":"2023-02-19T16:47:20","guid":{"rendered":"https:\/\/darkamazi.site\/?p=1023461"},"modified":"2026-03-31T16:21:31","modified_gmt":"2026-03-31T13:21:31","slug":"antony-blinken-cinin-rusyaya-silah-saglamasi-bizim-ve-iliskimiz-icin-ciddi-soruna-yol-acar","status":"publish","type":"post","link":"https:\/\/darkamazi.site\/archives\/1023461","title":{"rendered":"Antony Blinken: \u00c7in&#8217;in, Rusya&#8217;ya silah sa\u011flamas\u0131 bizim ve ili\u015fkimiz i\u00e7in ciddi soruna yol a\u00e7ar"},"content":{"rendered":"<p><span style=\"font-family: 'arial black', sans-serif\">ABD D\u0131\u015fi\u015fleri Bakan\u0131 Antony Blinken, \u00c7in&#8217;in, Rusya&#8217;ya Ukrayna sava\u015f\u0131 i\u00e7in silah ve m\u00fchimmat verebilece\u011fini s\u00f6yledi.<\/span><\/p>\n<p>CBS News televizyonuna konu\u015fan ABD D\u0131\u015fi\u015fleri Bakan\u0131 Antony Blinken, \u00c7inli \u015firketlerin halihaz\u0131rda Rusya&#8217;ya &#8220;\u00f6l\u00fcmc\u00fcl olmayan destek&#8221; sa\u011flad\u0131\u011f\u0131n\u0131 ve yeni bilgilerin, Pekin&#8217;in &#8220;\u00f6l\u00fcmc\u00fcl destek&#8221; sa\u011flayabilece\u011fini g\u00f6sterdi\u011fini belirtti.<\/p>\n<p>Blinken, \u00c7in&#8217;in, Rusya&#8217;ya Ukrayna sava\u015f\u0131 i\u00e7in silah ve m\u00fchimmat vermesi durumunda, bunun, \u00c7in i\u00e7in &#8220;ciddi sonu\u00e7lar&#8221; anlam\u0131na gelece\u011fi konusunda uyar\u0131 yapt\u0131.<\/p>\n<p>\u00c7in&#8217;de \u00f6zel \u015firketler ile devlet \u015firketleri aras\u0131nda ger\u00e7ek bir ayr\u0131m olmad\u0131\u011f\u0131n\u0131 aktaran Blinken, &#8220;\u00c7in&#8217;in, Rusya&#8217;ya silah sa\u011flamas\u0131 bizim ve ili\u015fkimiz i\u00e7in ciddi soruna yol a\u00e7ar&#8221; dedi<\/p>\n<p>Blinken ayr\u0131ca ABD&#8217;nin, \u00c7in&#8217;in, Rusya&#8217;ya Bat\u0131 yapt\u0131r\u0131mlar\u0131ndan kurtulmas\u0131 konusunda yard\u0131m etmesinden endi\u015fe duydu\u011funu kaydetti.<\/p>\n<p>Blinken, M\u00fcnih G\u00fcvenlik Konferans\u0131 \u00e7er\u00e7evesinde, \u00c7in&#8217;in en k\u0131demli diplomat\u0131 \u00c7in Kom\u00fcnist Partisi Merkezi D\u0131\u015f \u0130li\u015fkiler Komisyonu Direkt\u00f6r\u00fc Vang Yi ile bir araya gelmi\u015fti.<\/p>\n<p>G\u00f6r\u00fc\u015fmede Blinken&#8217;in, &#8220;Ukrayna&#8217;ya kar\u015f\u0131 y\u00fcr\u00fctt\u00fc\u011f\u00fc ac\u0131mas\u0131z sava\u015f konusunda, \u00c7in&#8217;in Rusya&#8217;ya maddi destek veya sistemik yapt\u0131r\u0131mlardan ka\u00e7\u0131nmas\u0131 i\u00e7in yard\u0131m sa\u011flamas\u0131n\u0131n sonu\u00e7lar\u0131&#8221;yla ilgili de uyar\u0131da bulundu\u011fu bildirilmi\u015fti.<\/p>\n","protected":false},"excerpt":{"rendered":"<p>ABD D\u0131\u015fi\u015fleri Bakan\u0131 Antony Blinken, \u00c7in&#8217;in, Rusya&#8217;ya Ukrayna sava\u015f\u0131 i\u00e7in silah ve m\u00fchimmat verebilece\u011fini s\u00f6yledi. CBS News televizyonuna konu\u015fan ABD D\u0131\u015fi\u015fleri Bakan\u0131 Antony Blinken, \u00c7inli \u015firketlerin halihaz\u0131rda Rusya&#8217;ya &#8220;\u00f6l\u00fcmc\u00fcl olmayan destek&#8221; sa\u011flad\u0131\u011f\u0131n\u0131 ve yeni bilgilerin, Pekin&#8217;in &#8220;\u00f6l\u00fcmc\u00fcl destek&#8221; sa\u011flayabilece\u011fini g\u00f6sterdi\u011fini belirtti. Blinken, \u00c7in&#8217;in, Rusya&#8217;ya Ukrayna sava\u015f\u0131 i\u00e7in silah ve m\u00fchimmat vermesi durumunda, bunun, \u00c7in i\u00e7in [&hellip;]<\/p>\n","protected":false},"author":2,"featured_media":1023462,"comment_status":"closed","ping_status":"closed","sticky":false,"template":"","format":"standard","meta":{"footnotes":""},"categories":[6],"tags":[],"class_list":["post-1023461","post","type-post","status-publish","format-standard","has-post-thumbnail","hentry","category-dunya"],"blocksy_meta":[],"seo_head":"<!-- This site is optimized with the Yoast SEO plugin v27.5 - https:\/\/yoast.com\/product\/yoast-seo-wordpress\/ -->\n<title>Antony Blinken: \u00c7in&#039;in, Rusya&#039;ya silah sa\u011flamas\u0131 bizim ve ili\u015fkimiz i\u00e7in ciddi soruna yol a\u00e7ar - Darka Mazi<\/title>\n<meta name=\"robots\" content=\"index, follow, max-snippet:-1, max-image-preview:large, max-video-preview:-1\" \/>\n<link rel=\"canonical\" href=\"https:\/\/darkamazi.site\/archives\/1023461\" \/>\n<meta property=\"og:locale\" content=\"en_US\" \/>\n<meta property=\"og:type\" content=\"article\" \/>\n<meta property=\"og:title\" content=\"Antony Blinken: \u00c7in&#039;in, Rusya&#039;ya silah sa\u011flamas\u0131 bizim ve ili\u015fkimiz i\u00e7in ciddi soruna yol a\u00e7ar - Darka Mazi\" \/>\n<meta property=\"og:description\" content=\"ABD D\u0131\u015fi\u015fleri Bakan\u0131 Antony Blinken, \u00c7in&#8217;in, Rusya&#8217;ya Ukrayna sava\u015f\u0131 i\u00e7in silah ve m\u00fchimmat verebilece\u011fini s\u00f6yledi. CBS News televizyonuna konu\u015fan ABD D\u0131\u015fi\u015fleri Bakan\u0131 Antony Blinken, \u00c7inli \u015firketlerin halihaz\u0131rda Rusya&#8217;ya &#8220;\u00f6l\u00fcmc\u00fcl olmayan destek&#8221; sa\u011flad\u0131\u011f\u0131n\u0131 ve yeni bilgilerin, Pekin&#8217;in &#8220;\u00f6l\u00fcmc\u00fcl destek&#8221; sa\u011flayabilece\u011fini g\u00f6sterdi\u011fini belirtti. Blinken, \u00c7in&#8217;in, Rusya&#8217;ya Ukrayna sava\u015f\u0131 i\u00e7in silah ve m\u00fchimmat vermesi durumunda, bunun, \u00c7in i\u00e7in [&hellip;]\" \/>\n<meta property=\"og:url\" content=\"https:\/\/darkamazi.site\/archives\/1023461\" \/>\n<meta property=\"og:site_name\" content=\"Darka Mazi\" \/>\n<meta property=\"article:publisher\" content=\"https:\/\/www.facebook.com\/DarkaMaziturkce\" \/>\n<meta property=\"article:published_time\" content=\"2023-02-19T16:47:20+00:00\" \/>\n<meta property=\"article:modified_time\" content=\"2026-03-31T13:21:31+00:00\" \/>\n<meta property=\"og:image\" content=\"https:\/\/darkamazi.site\/file\/2023\/02\/210208175209-tony-blinken.jpg\" \/>\n\t<meta property=\"og:image:width\" content=\"1920\" \/>\n\t<meta property=\"og:image:height\" content=\"1080\" \/>\n\t<meta property=\"og:image:type\" content=\"image\/jpeg\" \/>\n<meta name=\"author\" content=\"darka mazi\" \/>\n<meta name=\"twitter:card\" content=\"summary_large_image\" \/>\n<meta name=\"twitter:creator\" content=\"@DarkaMaziTurkce\" \/>\n<meta name=\"twitter:site\" content=\"@DarkaMaziTurkce\" \/>\n<meta name=\"twitter:label1\" content=\"Written by\" \/>\n\t<meta name=\"twitter:data1\" content=\"darka mazi\" \/>\n\t<meta name=\"twitter:label2\" content=\"Est. reading time\" \/>\n\t<meta name=\"twitter:data2\" content=\"1 minute\" \/>\n<script type=\"application\/ld+json\" class=\"seo-schema-graph\">{\"@context\":\"https:\\\/\\\/schema.org\",\"@graph\":[{\"@type\":\"NewsArticle\",\"@id\":\"https:\\\/\\\/darkamazi.site\\\/archives\\\/1023461#article\",\"isPartOf\":{\"@id\":\"https:\\\/\\\/darkamazi.site\\\/archives\\\/1023461\"},\"author\":{\"name\":\"darka mazi\",\"@id\":\"https:\\\/\\\/darkamazi.site\\\/#\\\/schema\\\/person\\\/67986a95ac546c16760365877ef4a9d3\"},\"headline\":\"Antony Blinken: \u00c7in&#8217;in, Rusya&#8217;ya silah sa\u011flamas\u0131 bizim ve ili\u015fkimiz i\u00e7in ciddi soruna yol a\u00e7ar\",\"datePublished\":\"2023-02-19T16:47:20+00:00\",\"dateModified\":\"2026-03-31T13:21:31+00:00\",\"mainEntityOfPage\":{\"@id\":\"https:\\\/\\\/darkamazi.site\\\/archives\\\/1023461\"},\"wordCount\":255,\"publisher\":{\"@id\":\"https:\\\/\\\/darkamazi.site\\\/#organization\"},\"image\":{\"@id\":\"https:\\\/\\\/darkamazi.site\\\/archives\\\/1023461#primaryimage\"},\"thumbnailUrl\":\"https:\\\/\\\/darkamazi.site\\\/darka-content\\\/uploads\\\/2023\\\/02\\\/210208175209-tony-blinken.jpg\",\"articleSection\":[\"D\u00fcnya\"],\"inLanguage\":\"en-US\"},{\"@type\":\"WebPage\",\"@id\":\"https:\\\/\\\/darkamazi.site\\\/archives\\\/1023461\",\"url\":\"https:\\\/\\\/darkamazi.site\\\/archives\\\/1023461\",\"name\":\"Antony Blinken: \u00c7in'in, Rusya'ya silah sa\u011flamas\u0131 bizim ve ili\u015fkimiz i\u00e7in ciddi soruna yol a\u00e7ar - Darka Mazi\",\"isPartOf\":{\"@id\":\"https:\\\/\\\/darkamazi.site\\\/#website\"},\"primaryImageOfPage\":{\"@id\":\"https:\\\/\\\/darkamazi.site\\\/archives\\\/1023461#primaryimage\"},\"image\":{\"@id\":\"https:\\\/\\\/darkamazi.site\\\/archives\\\/1023461#primaryimage\"},\"thumbnailUrl\":\"https:\\\/\\\/darkamazi.site\\\/darka-content\\\/uploads\\\/2023\\\/02\\\/210208175209-tony-blinken.jpg\",\"datePublished\":\"2023-02-19T16:47:20+00:00\",\"dateModified\":\"2026-03-31T13:21:31+00:00\",\"breadcrumb\":{\"@id\":\"https:\\\/\\\/darkamazi.site\\\/archives\\\/1023461#breadcrumb\"},\"inLanguage\":\"en-US\",\"potentialAction\":[{\"@type\":\"ReadAction\",\"target\":[\"https:\\\/\\\/darkamazi.site\\\/archives\\\/1023461\"]}]},{\"@type\":\"ImageObject\",\"inLanguage\":\"en-US\",\"@id\":\"https:\\\/\\\/darkamazi.site\\\/archives\\\/1023461#primaryimage\",\"url\":\"https:\\\/\\\/darkamazi.site\\\/darka-content\\\/uploads\\\/2023\\\/02\\\/210208175209-tony-blinken.jpg\",\"contentUrl\":\"https:\\\/\\\/darkamazi.site\\\/darka-content\\\/uploads\\\/2023\\\/02\\\/210208175209-tony-blinken.jpg\",\"width\":1920,\"height\":1080,\"caption\":\"Antony Blinken: \u00c7in'in, Rusya'ya silah sa\u011flamas\u0131 bizim ve ili\u015fkimiz i\u00e7in ciddi soruna yol a\u00e7ar\"},{\"@type\":\"BreadcrumbList\",\"@id\":\"https:\\\/\\\/darkamazi.site\\\/archives\\\/1023461#breadcrumb\",\"itemListElement\":[{\"@type\":\"ListItem\",\"position\":1,\"name\":\"Home\",\"item\":\"https:\\\/\\\/darkamazi.site\\\/\"},{\"@type\":\"ListItem\",\"position\":2,\"name\":\"Antony Blinken: \u00c7in&#8217;in, Rusya&#8217;ya silah sa\u011flamas\u0131 bizim ve ili\u015fkimiz i\u00e7in ciddi soruna yol a\u00e7ar\"}]},{\"@type\":\"WebSite\",\"@id\":\"https:\\\/\\\/darkamazi.site\\\/#website\",\"url\":\"https:\\\/\\\/darkamazi.site\\\/\",\"name\":\"Darka Mazi\",\"description\":\"Ana Sayfa\",\"publisher\":{\"@id\":\"https:\\\/\\\/darkamazi.site\\\/#organization\"},\"potentialAction\":[{\"@type\":\"SearchAction\",\"target\":{\"@type\":\"EntryPoint\",\"urlTemplate\":\"https:\\\/\\\/darkamazi.site\\\/?s={search_term_string}\"},\"query-input\":{\"@type\":\"PropertyValueSpecification\",\"valueRequired\":true,\"valueName\":\"search_term_string\"}}],\"inLanguage\":\"en-US\"},{\"@type\":\"Organization\",\"@id\":\"https:\\\/\\\/darkamazi.site\\\/#organization\",\"name\":\"Darka Mazi T\u00fcrk\u00e7e\",\"alternateName\":\"Darka Mazi\",\"url\":\"https:\\\/\\\/darkamazi.site\\\/\",\"logo\":{\"@type\":\"ImageObject\",\"inLanguage\":\"en-US\",\"@id\":\"https:\\\/\\\/darkamazi.site\\\/#\\\/schema\\\/logo\\\/image\\\/\",\"url\":\"https:\\\/\\\/darkamazi.site\\\/darka-content\\\/uploads\\\/2017\\\/12\\\/darka-mazi-logo.png\",\"contentUrl\":\"https:\\\/\\\/darkamazi.site\\\/darka-content\\\/uploads\\\/2017\\\/12\\\/darka-mazi-logo.png\",\"width\":151,\"height\":75,\"caption\":\"Darka Mazi T\u00fcrk\u00e7e\"},\"image\":{\"@id\":\"https:\\\/\\\/darkamazi.site\\\/#\\\/schema\\\/logo\\\/image\\\/\"},\"sameAs\":[\"https:\\\/\\\/www.facebook.com\\\/DarkaMaziturkce\",\"https:\\\/\\\/x.com\\\/DarkaMaziTurkce\"]},{\"@type\":\"Person\",\"@id\":\"https:\\\/\\\/darkamazi.site\\\/#\\\/schema\\\/person\\\/67986a95ac546c16760365877ef4a9d3\",\"name\":\"darka mazi\",\"sameAs\":[\"https:\\\/\\\/darkamazi.site\"],\"url\":\"https:\\\/\\\/darkamazi.site\\\/archives\\\/author\\\/turkish\"}]}<\/script>\n<!-- \/ Yoast SEO plugin. -->","seo_head_json":{"title":"Antony Blinken: \u00c7in'in, Rusya'ya silah sa\u011flamas\u0131 bizim ve ili\u015fkimiz i\u00e7in ciddi soruna yol a\u00e7ar - Darka Mazi","robots":{"index":"index","follow":"follow","max-snippet":"max-snippet:-1","max-image-preview":"max-image-preview:large","max-video-preview":"max-video-preview:-1"},"canonical":"https:\/\/darkamazi.site\/archives\/1023461","og_locale":"en_US","og_type":"article","og_title":"Antony Blinken: \u00c7in'in, Rusya'ya silah sa\u011flamas\u0131 bizim ve ili\u015fkimiz i\u00e7in ciddi soruna yol a\u00e7ar - Darka Mazi","og_description":"ABD D\u0131\u015fi\u015fleri Bakan\u0131 Antony Blinken, \u00c7in&#8217;in, Rusya&#8217;ya Ukrayna sava\u015f\u0131 i\u00e7in silah ve m\u00fchimmat verebilece\u011fini s\u00f6yledi. CBS News televizyonuna konu\u015fan ABD D\u0131\u015fi\u015fleri Bakan\u0131 Antony Blinken, \u00c7inli \u015firketlerin halihaz\u0131rda Rusya&#8217;ya &#8220;\u00f6l\u00fcmc\u00fcl olmayan destek&#8221; sa\u011flad\u0131\u011f\u0131n\u0131 ve yeni bilgilerin, Pekin&#8217;in &#8220;\u00f6l\u00fcmc\u00fcl destek&#8221; sa\u011flayabilece\u011fini g\u00f6sterdi\u011fini belirtti. Blinken, \u00c7in&#8217;in, Rusya&#8217;ya Ukrayna sava\u015f\u0131 i\u00e7in silah ve m\u00fchimmat vermesi durumunda, bunun, \u00c7in i\u00e7in [&hellip;]","og_url":"https:\/\/darkamazi.site\/archives\/1023461","og_site_name":"Darka Mazi","article_publisher":"https:\/\/www.facebook.com\/DarkaMaziturkce","article_published_time":"2023-02-19T16:47:20+00:00","article_modified_time":"2026-03-31T13:21:31+00:00","og_image":[{"width":1920,"height":1080,"url":"https:\/\/darkamazi.site\/file\/2023\/02\/210208175209-tony-blinken.jpg","type":"image\/jpeg"}],"author":"darka mazi","twitter_card":"summary_large_image","twitter_creator":"@DarkaMaziTurkce","twitter_site":"@DarkaMaziTurkce","twitter_misc":{"Written by":"darka mazi","Est. reading time":"1 minute"},"schema":{"@context":"https:\/\/schema.org","@graph":[{"@type":"NewsArticle","@id":"https:\/\/darkamazi.site\/archives\/1023461#article","isPartOf":{"@id":"https:\/\/darkamazi.site\/archives\/1023461"},"author":{"name":"darka mazi","@id":"https:\/\/darkamazi.site\/#\/schema\/person\/67986a95ac546c16760365877ef4a9d3"},"headline":"Antony Blinken: \u00c7in&#8217;in, Rusya&#8217;ya silah sa\u011flamas\u0131 bizim ve ili\u015fkimiz i\u00e7in ciddi soruna yol a\u00e7ar","datePublished":"2023-02-19T16:47:20+00:00","dateModified":"2026-03-31T13:21:31+00:00","mainEntityOfPage":{"@id":"https:\/\/darkamazi.site\/archives\/1023461"},"wordCount":255,"publisher":{"@id":"https:\/\/darkamazi.site\/#organization"},"image":{"@id":"https:\/\/darkamazi.site\/archives\/1023461#primaryimage"},"thumbnailUrl":"https:\/\/darkamazi.site\/file\/2023\/02\/210208175209-tony-blinken.jpg","articleSection":["D\u00fcnya"],"inLanguage":"en-US"},{"@type":"WebPage","@id":"https:\/\/darkamazi.site\/archives\/1023461","url":"https:\/\/darkamazi.site\/archives\/1023461","name":"Antony Blinken: \u00c7in'in, Rusya'ya silah sa\u011flamas\u0131 bizim ve ili\u015fkimiz i\u00e7in ciddi soruna yol a\u00e7ar - Darka Mazi","isPartOf":{"@id":"https:\/\/darkamazi.site\/#website"},"primaryImageOfPage":{"@id":"https:\/\/darkamazi.site\/archives\/1023461#primaryimage"},"image":{"@id":"https:\/\/darkamazi.site\/archives\/1023461#primaryimage"},"thumbnailUrl":"https:\/\/darkamazi.site\/file\/2023\/02\/210208175209-tony-blinken.jpg","datePublished":"2023-02-19T16:47:20+00:00","dateModified":"2026-03-31T13:21:31+00:00","breadcrumb":{"@id":"https:\/\/darkamazi.site\/archives\/1023461#breadcrumb"},"inLanguage":"en-US","potentialAction":[{"@type":"ReadAction","target":["https:\/\/darkamazi.site\/archives\/1023461"]}]},{"@type":"ImageObject","inLanguage":"en-US","@id":"https:\/\/darkamazi.site\/archives\/1023461#primaryimage","url":"https:\/\/darkamazi.site\/file\/2023\/02\/210208175209-tony-blinken.jpg","contentUrl":"https:\/\/darkamazi.site\/file\/2023\/02\/210208175209-tony-blinken.jpg","width":1920,"height":1080,"caption":"Antony Blinken: \u00c7in'in, Rusya'ya silah sa\u011flamas\u0131 bizim ve ili\u015fkimiz i\u00e7in ciddi soruna yol a\u00e7ar"},{"@type":"BreadcrumbList","@id":"https:\/\/darkamazi.site\/archives\/1023461#breadcrumb","itemListElement":[{"@type":"ListItem","position":1,"name":"Home","item":"https:\/\/darkamazi.site\/"},{"@type":"ListItem","position":2,"name":"Antony Blinken: \u00c7in&#8217;in, Rusya&#8217;ya silah sa\u011flamas\u0131 bizim ve ili\u015fkimiz i\u00e7in ciddi soruna yol a\u00e7ar"}]},{"@type":"WebSite","@id":"https:\/\/darkamazi.site\/#website","url":"https:\/\/darkamazi.site\/","name":"Darka Mazi","description":"Ana Sayfa","publisher":{"@id":"https:\/\/darkamazi.site\/#organization"},"potentialAction":[{"@type":"SearchAction","target":{"@type":"EntryPoint","urlTemplate":"https:\/\/darkamazi.site\/?s={search_term_string}"},"query-input":{"@type":"PropertyValueSpecification","valueRequired":true,"valueName":"search_term_string"}}],"inLanguage":"en-US"},{"@type":"Organization","@id":"https:\/\/darkamazi.site\/#organization","name":"Darka Mazi T\u00fcrk\u00e7e","alternateName":"Darka Mazi","url":"https:\/\/darkamazi.site\/","logo":{"@type":"ImageObject","inLanguage":"en-US","@id":"https:\/\/darkamazi.site\/#\/schema\/logo\/image\/","url":"https:\/\/darkamazi.site\/file\/2017\/12\/darka-mazi-logo.png","contentUrl":"https:\/\/darkamazi.site\/file\/2017\/12\/darka-mazi-logo.png","width":151,"height":75,"caption":"Darka Mazi T\u00fcrk\u00e7e"},"image":{"@id":"https:\/\/darkamazi.site\/#\/schema\/logo\/image\/"},"sameAs":["https:\/\/www.facebook.com\/DarkaMaziturkce","https:\/\/x.com\/DarkaMaziTurkce"]},{"@type":"Person","@id":"https:\/\/darkamazi.site\/#\/schema\/person\/67986a95ac546c16760365877ef4a9d3","name":"darka mazi","sameAs":["https:\/\/darkamazi.site"],"url":"https:\/\/darkamazi.site\/archives\/author\/turkish"}]}},"_links":{"self":[{"href":"https:\/\/darkamazi.site\/funavuv\/wp\/v2\/posts\/1023461","targetHints":{"allow":["GET"]}}],"collection":[{"href":"https:\/\/darkamazi.site\/funavuv\/wp\/v2\/posts"}],"about":[{"href":"https:\/\/darkamazi.site\/funavuv\/wp\/v2\/types\/post"}],"author":[{"embeddable":true,"href":"https:\/\/darkamazi.site\/funavuv\/wp\/v2\/users\/2"}],"replies":[{"embeddable":true,"href":"https:\/\/darkamazi.site\/funavuv\/wp\/v2\/comments?post=1023461"}],"version-history":[{"count":0,"href":"https:\/\/darkamazi.site\/funavuv\/wp\/v2\/posts\/1023461\/revisions"}],"wp:featuredmedia":[{"embeddable":true,"href":"https:\/\/darkamazi.site\/funavuv\/wp\/v2\/media\/1023462"}],"wp:attachment":[{"href":"https:\/\/darkamazi.site\/funavuv\/wp\/v2\/media?parent=1023461"}],"wp:term":[{"taxonomy":"category","embeddable":true,"href":"https:\/\/darkamazi.site\/funavuv\/wp\/v2\/categories?post=1023461"},{"taxonomy":"post_tag","embeddable":true,"href":"https:\/\/darkamazi.site\/funavuv\/wp\/v2\/tags?post=1023461"}],"curies":[{"name":"wp","href":"https:\/\/api.w.org\/{rel}","templated":true}]}}