{"id":1023487,"date":"2023-02-21T09:30:09","date_gmt":"2023-02-21T06:30:09","guid":{"rendered":"https:\/\/darkamazi.site\/?p=1023487"},"modified":"2023-02-21T09:30:09","modified_gmt":"2023-02-21T06:30:09","slug":"binlerce-kurt-ahvaz-beluci-ve-fars-brukselde-toplandi-devrim-muhafizlari-ordusu-teror-listesine-alinsin","status":"publish","type":"post","link":"https:\/\/darkamazi.site\/archives\/1023487","title":{"rendered":"Binlerce K\u00fcrt, Ahvaz, Beluci ve Fars Br\u00fcksel\u2019de topland\u0131: Devrim Muhaf\u0131zlar\u0131 Ordusu ter\u00f6r listesine al\u0131ns\u0131n"},"content":{"rendered":"<p style=\"text-align: justify\">Do\u011fu K\u00fcrdistanl\u0131lar ve \u0130ran\u2019da ya\u015fayan di\u011fer halklar d\u00fcn Br\u00fcksel\u2019de Avrupa Konseyi \u00f6n\u00fcnde b\u00fcy\u00fck bir eylem yapt\u0131.<\/p>\n<p style=\"text-align: justify\">\u0130ran devletinin s\u00f6m\u00fcrd\u00fc\u011f\u00fc halklar \u00fczerindeki zulm\u00fcn\u00fc protesto i\u00e7in Avrupa\u2019da her ge\u00e7en g\u00fcn destek b\u00fcy\u00fcyor. D\u00fcn Br\u00fcksel\u2019de toplanan binlerce ki\u015fi \u0130ran Devrim Muhaf\u0131zlar\u0131 Ordusu\u2019nun ter\u00f6r listesine al\u0131nmas\u0131n\u0131 talep etti.<\/p>\n<p style=\"text-align: justify\">Toplanan b\u00fcy\u00fck kalabal\u0131k \u0130ran ve K\u00fcrdistan bayraklar\u0131n\u0131 ta\u015f\u0131d\u0131. Ayr\u0131ca \u201ctek \u00e7\u00f6z\u00fcm ba\u015fkald\u0131r\u0131\u201d, \u201cJin, jiyan, azadi\u201d, \u201cdiktat\u00f6re \u00f6l\u00fcm\u201d, \u201cTer\u00f6rist Supaya Pasdaran\u201d gibi sloganalar kulland\u0131.<br \/>\nBinlerce ki\u015finin kat\u0131ld\u0131\u011f\u0131 eylemde Supaya Pasdaran olarak bilinen Devrim Muhaf\u0131zlar\u0131 Ordusu\u2019nun ter\u00f6r listesine al\u0131nmas\u0131 yans\u0131ra, Avrupa\u2019daki \u0130ran konsolosluklar\u0131n\u0131n da kapat\u0131lmas\u0131 istendi.<\/p>\n<p style=\"text-align: justify\">16 Eyl\u00fcl 2022 tarihinde \u0130ran ahlak polisleri taraf\u0131ndan katledilen K\u00fcrt kad\u0131n Jina Mahsa Amini\u2019nin katledilmesinin ard\u0131ndan halk Do\u011fu K\u00fcrdistan ba\u015fta olmak \u00fczere \u0130ran\u2019\u0131n neredeyse t\u00fcm \u015fehirlerinde sokaklara \u00e7\u0131karak protesto g\u00f6sterileri d\u00fczenledi. T\u00fcm d\u00fcnyada geni\u015f yank\u0131 bulan protesto g\u00f6sterileri, 5\u2019inci ay\u0131n\u0131 doldurdu. \u0130ran rejim g\u00fc\u00e7lerinin t\u00fcm bask\u0131, g\u00f6zalt\u0131, tutuklama, katletme, i\u015fkence ve infazlar\u0131na ra\u011fmen eylemlere hala devam ediyor.<\/p>\n","protected":false},"excerpt":{"rendered":"<p>Do\u011fu K\u00fcrdistanl\u0131lar ve \u0130ran\u2019da ya\u015fayan di\u011fer halklar d\u00fcn Br\u00fcksel\u2019de Avrupa Konseyi \u00f6n\u00fcnde b\u00fcy\u00fck bir eylem yapt\u0131. \u0130ran devletinin s\u00f6m\u00fcrd\u00fc\u011f\u00fc halklar \u00fczerindeki zulm\u00fcn\u00fc protesto i\u00e7in Avrupa\u2019da her ge\u00e7en g\u00fcn destek b\u00fcy\u00fcyor. D\u00fcn Br\u00fcksel\u2019de toplanan binlerce ki\u015fi \u0130ran Devrim Muhaf\u0131zlar\u0131 Ordusu\u2019nun ter\u00f6r listesine al\u0131nmas\u0131n\u0131 talep etti. Toplanan b\u00fcy\u00fck kalabal\u0131k \u0130ran ve K\u00fcrdistan bayraklar\u0131n\u0131 ta\u015f\u0131d\u0131. Ayr\u0131ca \u201ctek \u00e7\u00f6z\u00fcm [&hellip;]<\/p>\n","protected":false},"author":2,"featured_media":1023488,"comment_status":"closed","ping_status":"closed","sticky":false,"template":"","format":"standard","meta":{"footnotes":""},"categories":[3],"tags":[31],"class_list":["post-1023487","post","type-post","status-publish","format-standard","has-post-thumbnail","hentry","category-kurdistan","tag-onemli"],"blocksy_meta":[],"seo_head":"<!-- This site is optimized with the Yoast SEO plugin v27.5 - https:\/\/yoast.com\/product\/yoast-seo-wordpress\/ -->\n<title>Binlerce K\u00fcrt, Ahvaz, Beluci ve Fars Br\u00fcksel\u2019de topland\u0131: Devrim Muhaf\u0131zlar\u0131 Ordusu ter\u00f6r listesine al\u0131ns\u0131n - Darka Mazi<\/title>\n<meta name=\"robots\" content=\"index, follow, max-snippet:-1, max-image-preview:large, max-video-preview:-1\" \/>\n<link rel=\"canonical\" href=\"https:\/\/darkamazi.site\/archives\/1023487\" \/>\n<meta property=\"og:locale\" content=\"en_US\" \/>\n<meta property=\"og:type\" content=\"article\" \/>\n<meta property=\"og:title\" content=\"Binlerce K\u00fcrt, Ahvaz, Beluci ve Fars Br\u00fcksel\u2019de topland\u0131: Devrim Muhaf\u0131zlar\u0131 Ordusu ter\u00f6r listesine al\u0131ns\u0131n - Darka Mazi\" \/>\n<meta property=\"og:description\" content=\"Do\u011fu K\u00fcrdistanl\u0131lar ve \u0130ran\u2019da ya\u015fayan di\u011fer halklar d\u00fcn Br\u00fcksel\u2019de Avrupa Konseyi \u00f6n\u00fcnde b\u00fcy\u00fck bir eylem yapt\u0131. \u0130ran devletinin s\u00f6m\u00fcrd\u00fc\u011f\u00fc halklar \u00fczerindeki zulm\u00fcn\u00fc protesto i\u00e7in Avrupa\u2019da her ge\u00e7en g\u00fcn destek b\u00fcy\u00fcyor. D\u00fcn Br\u00fcksel\u2019de toplanan binlerce ki\u015fi \u0130ran Devrim Muhaf\u0131zlar\u0131 Ordusu\u2019nun ter\u00f6r listesine al\u0131nmas\u0131n\u0131 talep etti. Toplanan b\u00fcy\u00fck kalabal\u0131k \u0130ran ve K\u00fcrdistan bayraklar\u0131n\u0131 ta\u015f\u0131d\u0131. Ayr\u0131ca \u201ctek \u00e7\u00f6z\u00fcm [&hellip;]\" \/>\n<meta property=\"og:url\" content=\"https:\/\/darkamazi.site\/archives\/1023487\" \/>\n<meta property=\"og:site_name\" content=\"Darka Mazi\" \/>\n<meta property=\"article:publisher\" content=\"https:\/\/www.facebook.com\/DarkaMaziturkce\" \/>\n<meta property=\"article:published_time\" content=\"2023-02-21T06:30:09+00:00\" \/>\n<meta property=\"og:image\" content=\"https:\/\/darkamazi.site\/file\/2023\/02\/FpbVg4NWABU-S6b.jpeg\" \/>\n\t<meta property=\"og:image:width\" content=\"900\" \/>\n\t<meta property=\"og:image:height\" content=\"497\" \/>\n\t<meta property=\"og:image:type\" content=\"image\/jpeg\" \/>\n<meta name=\"author\" content=\"darka mazi\" \/>\n<meta name=\"twitter:card\" content=\"summary_large_image\" \/>\n<meta name=\"twitter:creator\" content=\"@DarkaMaziTurkce\" \/>\n<meta name=\"twitter:site\" content=\"@DarkaMaziTurkce\" \/>\n<meta name=\"twitter:label1\" content=\"Written by\" \/>\n\t<meta name=\"twitter:data1\" content=\"darka mazi\" \/>\n\t<meta name=\"twitter:label2\" content=\"Est. reading time\" \/>\n\t<meta name=\"twitter:data2\" content=\"1 minute\" \/>\n<script type=\"application\/ld+json\" class=\"seo-schema-graph\">{\"@context\":\"https:\\\/\\\/schema.org\",\"@graph\":[{\"@type\":\"NewsArticle\",\"@id\":\"https:\\\/\\\/darkamazi.site\\\/archives\\\/1023487#article\",\"isPartOf\":{\"@id\":\"https:\\\/\\\/darkamazi.site\\\/archives\\\/1023487\"},\"author\":{\"name\":\"darka mazi\",\"@id\":\"https:\\\/\\\/darkamazi.site\\\/#\\\/schema\\\/person\\\/67986a95ac546c16760365877ef4a9d3\"},\"headline\":\"Binlerce K\u00fcrt, Ahvaz, Beluci ve Fars Br\u00fcksel\u2019de topland\u0131: Devrim Muhaf\u0131zlar\u0131 Ordusu ter\u00f6r listesine al\u0131ns\u0131n\",\"datePublished\":\"2023-02-21T06:30:09+00:00\",\"mainEntityOfPage\":{\"@id\":\"https:\\\/\\\/darkamazi.site\\\/archives\\\/1023487\"},\"wordCount\":241,\"publisher\":{\"@id\":\"https:\\\/\\\/darkamazi.site\\\/#organization\"},\"image\":{\"@id\":\"https:\\\/\\\/darkamazi.site\\\/archives\\\/1023487#primaryimage\"},\"thumbnailUrl\":\"https:\\\/\\\/darkamazi.site\\\/darka-content\\\/uploads\\\/2023\\\/02\\\/FpbVg4NWABU-S6b.jpeg\",\"keywords\":[\"\u00f6nemli\"],\"articleSection\":[\"Kurdistan\"],\"inLanguage\":\"en-US\"},{\"@type\":\"WebPage\",\"@id\":\"https:\\\/\\\/darkamazi.site\\\/archives\\\/1023487\",\"url\":\"https:\\\/\\\/darkamazi.site\\\/archives\\\/1023487\",\"name\":\"Binlerce K\u00fcrt, Ahvaz, Beluci ve Fars Br\u00fcksel\u2019de topland\u0131: Devrim Muhaf\u0131zlar\u0131 Ordusu ter\u00f6r listesine al\u0131ns\u0131n - Darka Mazi\",\"isPartOf\":{\"@id\":\"https:\\\/\\\/darkamazi.site\\\/#website\"},\"primaryImageOfPage\":{\"@id\":\"https:\\\/\\\/darkamazi.site\\\/archives\\\/1023487#primaryimage\"},\"image\":{\"@id\":\"https:\\\/\\\/darkamazi.site\\\/archives\\\/1023487#primaryimage\"},\"thumbnailUrl\":\"https:\\\/\\\/darkamazi.site\\\/darka-content\\\/uploads\\\/2023\\\/02\\\/FpbVg4NWABU-S6b.jpeg\",\"datePublished\":\"2023-02-21T06:30:09+00:00\",\"breadcrumb\":{\"@id\":\"https:\\\/\\\/darkamazi.site\\\/archives\\\/1023487#breadcrumb\"},\"inLanguage\":\"en-US\",\"potentialAction\":[{\"@type\":\"ReadAction\",\"target\":[\"https:\\\/\\\/darkamazi.site\\\/archives\\\/1023487\"]}]},{\"@type\":\"ImageObject\",\"inLanguage\":\"en-US\",\"@id\":\"https:\\\/\\\/darkamazi.site\\\/archives\\\/1023487#primaryimage\",\"url\":\"https:\\\/\\\/darkamazi.site\\\/darka-content\\\/uploads\\\/2023\\\/02\\\/FpbVg4NWABU-S6b.jpeg\",\"contentUrl\":\"https:\\\/\\\/darkamazi.site\\\/darka-content\\\/uploads\\\/2023\\\/02\\\/FpbVg4NWABU-S6b.jpeg\",\"width\":900,\"height\":497,\"caption\":\"Binlerce K\u00fcrt, Ahvaz, Beluci ve Fars Br\u00fcksel\u2019de topland\u0131: Devrim Muhaf\u0131zlar\u0131 Ordusu ter\u00f6r listesine al\u0131ns\u0131n\"},{\"@type\":\"BreadcrumbList\",\"@id\":\"https:\\\/\\\/darkamazi.site\\\/archives\\\/1023487#breadcrumb\",\"itemListElement\":[{\"@type\":\"ListItem\",\"position\":1,\"name\":\"Home\",\"item\":\"https:\\\/\\\/darkamazi.site\\\/\"},{\"@type\":\"ListItem\",\"position\":2,\"name\":\"Binlerce K\u00fcrt, Ahvaz, Beluci ve Fars Br\u00fcksel\u2019de topland\u0131: Devrim Muhaf\u0131zlar\u0131 Ordusu ter\u00f6r listesine al\u0131ns\u0131n\"}]},{\"@type\":\"WebSite\",\"@id\":\"https:\\\/\\\/darkamazi.site\\\/#website\",\"url\":\"https:\\\/\\\/darkamazi.site\\\/\",\"name\":\"Darka Mazi\",\"description\":\"Ana Sayfa\",\"publisher\":{\"@id\":\"https:\\\/\\\/darkamazi.site\\\/#organization\"},\"potentialAction\":[{\"@type\":\"SearchAction\",\"target\":{\"@type\":\"EntryPoint\",\"urlTemplate\":\"https:\\\/\\\/darkamazi.site\\\/?s={search_term_string}\"},\"query-input\":{\"@type\":\"PropertyValueSpecification\",\"valueRequired\":true,\"valueName\":\"search_term_string\"}}],\"inLanguage\":\"en-US\"},{\"@type\":\"Organization\",\"@id\":\"https:\\\/\\\/darkamazi.site\\\/#organization\",\"name\":\"Darka Mazi T\u00fcrk\u00e7e\",\"alternateName\":\"Darka Mazi\",\"url\":\"https:\\\/\\\/darkamazi.site\\\/\",\"logo\":{\"@type\":\"ImageObject\",\"inLanguage\":\"en-US\",\"@id\":\"https:\\\/\\\/darkamazi.site\\\/#\\\/schema\\\/logo\\\/image\\\/\",\"url\":\"https:\\\/\\\/darkamazi.site\\\/darka-content\\\/uploads\\\/2017\\\/12\\\/darka-mazi-logo.png\",\"contentUrl\":\"https:\\\/\\\/darkamazi.site\\\/darka-content\\\/uploads\\\/2017\\\/12\\\/darka-mazi-logo.png\",\"width\":151,\"height\":75,\"caption\":\"Darka Mazi T\u00fcrk\u00e7e\"},\"image\":{\"@id\":\"https:\\\/\\\/darkamazi.site\\\/#\\\/schema\\\/logo\\\/image\\\/\"},\"sameAs\":[\"https:\\\/\\\/www.facebook.com\\\/DarkaMaziturkce\",\"https:\\\/\\\/x.com\\\/DarkaMaziTurkce\"]},{\"@type\":\"Person\",\"@id\":\"https:\\\/\\\/darkamazi.site\\\/#\\\/schema\\\/person\\\/67986a95ac546c16760365877ef4a9d3\",\"name\":\"darka mazi\",\"sameAs\":[\"https:\\\/\\\/darkamazi.site\"],\"url\":\"https:\\\/\\\/darkamazi.site\\\/archives\\\/author\\\/turkish\"}]}<\/script>\n<!-- \/ Yoast SEO plugin. -->","seo_head_json":{"title":"Binlerce K\u00fcrt, Ahvaz, Beluci ve Fars Br\u00fcksel\u2019de topland\u0131: Devrim Muhaf\u0131zlar\u0131 Ordusu ter\u00f6r listesine al\u0131ns\u0131n - Darka Mazi","robots":{"index":"index","follow":"follow","max-snippet":"max-snippet:-1","max-image-preview":"max-image-preview:large","max-video-preview":"max-video-preview:-1"},"canonical":"https:\/\/darkamazi.site\/archives\/1023487","og_locale":"en_US","og_type":"article","og_title":"Binlerce K\u00fcrt, Ahvaz, Beluci ve Fars Br\u00fcksel\u2019de topland\u0131: Devrim Muhaf\u0131zlar\u0131 Ordusu ter\u00f6r listesine al\u0131ns\u0131n - Darka Mazi","og_description":"Do\u011fu K\u00fcrdistanl\u0131lar ve \u0130ran\u2019da ya\u015fayan di\u011fer halklar d\u00fcn Br\u00fcksel\u2019de Avrupa Konseyi \u00f6n\u00fcnde b\u00fcy\u00fck bir eylem yapt\u0131. \u0130ran devletinin s\u00f6m\u00fcrd\u00fc\u011f\u00fc halklar \u00fczerindeki zulm\u00fcn\u00fc protesto i\u00e7in Avrupa\u2019da her ge\u00e7en g\u00fcn destek b\u00fcy\u00fcyor. D\u00fcn Br\u00fcksel\u2019de toplanan binlerce ki\u015fi \u0130ran Devrim Muhaf\u0131zlar\u0131 Ordusu\u2019nun ter\u00f6r listesine al\u0131nmas\u0131n\u0131 talep etti. Toplanan b\u00fcy\u00fck kalabal\u0131k \u0130ran ve K\u00fcrdistan bayraklar\u0131n\u0131 ta\u015f\u0131d\u0131. Ayr\u0131ca \u201ctek \u00e7\u00f6z\u00fcm [&hellip;]","og_url":"https:\/\/darkamazi.site\/archives\/1023487","og_site_name":"Darka Mazi","article_publisher":"https:\/\/www.facebook.com\/DarkaMaziturkce","article_published_time":"2023-02-21T06:30:09+00:00","og_image":[{"width":900,"height":497,"url":"https:\/\/darkamazi.site\/file\/2023\/02\/FpbVg4NWABU-S6b.jpeg","type":"image\/jpeg"}],"author":"darka mazi","twitter_card":"summary_large_image","twitter_creator":"@DarkaMaziTurkce","twitter_site":"@DarkaMaziTurkce","twitter_misc":{"Written by":"darka mazi","Est. reading time":"1 minute"},"schema":{"@context":"https:\/\/schema.org","@graph":[{"@type":"NewsArticle","@id":"https:\/\/darkamazi.site\/archives\/1023487#article","isPartOf":{"@id":"https:\/\/darkamazi.site\/archives\/1023487"},"author":{"name":"darka mazi","@id":"https:\/\/darkamazi.site\/#\/schema\/person\/67986a95ac546c16760365877ef4a9d3"},"headline":"Binlerce K\u00fcrt, Ahvaz, Beluci ve Fars Br\u00fcksel\u2019de topland\u0131: Devrim Muhaf\u0131zlar\u0131 Ordusu ter\u00f6r listesine al\u0131ns\u0131n","datePublished":"2023-02-21T06:30:09+00:00","mainEntityOfPage":{"@id":"https:\/\/darkamazi.site\/archives\/1023487"},"wordCount":241,"publisher":{"@id":"https:\/\/darkamazi.site\/#organization"},"image":{"@id":"https:\/\/darkamazi.site\/archives\/1023487#primaryimage"},"thumbnailUrl":"https:\/\/darkamazi.site\/file\/2023\/02\/FpbVg4NWABU-S6b.jpeg","keywords":["\u00f6nemli"],"articleSection":["Kurdistan"],"inLanguage":"en-US"},{"@type":"WebPage","@id":"https:\/\/darkamazi.site\/archives\/1023487","url":"https:\/\/darkamazi.site\/archives\/1023487","name":"Binlerce K\u00fcrt, Ahvaz, Beluci ve Fars Br\u00fcksel\u2019de topland\u0131: Devrim Muhaf\u0131zlar\u0131 Ordusu ter\u00f6r listesine al\u0131ns\u0131n - Darka Mazi","isPartOf":{"@id":"https:\/\/darkamazi.site\/#website"},"primaryImageOfPage":{"@id":"https:\/\/darkamazi.site\/archives\/1023487#primaryimage"},"image":{"@id":"https:\/\/darkamazi.site\/archives\/1023487#primaryimage"},"thumbnailUrl":"https:\/\/darkamazi.site\/file\/2023\/02\/FpbVg4NWABU-S6b.jpeg","datePublished":"2023-02-21T06:30:09+00:00","breadcrumb":{"@id":"https:\/\/darkamazi.site\/archives\/1023487#breadcrumb"},"inLanguage":"en-US","potentialAction":[{"@type":"ReadAction","target":["https:\/\/darkamazi.site\/archives\/1023487"]}]},{"@type":"ImageObject","inLanguage":"en-US","@id":"https:\/\/darkamazi.site\/archives\/1023487#primaryimage","url":"https:\/\/darkamazi.site\/file\/2023\/02\/FpbVg4NWABU-S6b.jpeg","contentUrl":"https:\/\/darkamazi.site\/file\/2023\/02\/FpbVg4NWABU-S6b.jpeg","width":900,"height":497,"caption":"Binlerce K\u00fcrt, Ahvaz, Beluci ve Fars Br\u00fcksel\u2019de topland\u0131: Devrim Muhaf\u0131zlar\u0131 Ordusu ter\u00f6r listesine al\u0131ns\u0131n"},{"@type":"BreadcrumbList","@id":"https:\/\/darkamazi.site\/archives\/1023487#breadcrumb","itemListElement":[{"@type":"ListItem","position":1,"name":"Home","item":"https:\/\/darkamazi.site\/"},{"@type":"ListItem","position":2,"name":"Binlerce K\u00fcrt, Ahvaz, Beluci ve Fars Br\u00fcksel\u2019de topland\u0131: Devrim Muhaf\u0131zlar\u0131 Ordusu ter\u00f6r listesine al\u0131ns\u0131n"}]},{"@type":"WebSite","@id":"https:\/\/darkamazi.site\/#website","url":"https:\/\/darkamazi.site\/","name":"Darka Mazi","description":"Ana Sayfa","publisher":{"@id":"https:\/\/darkamazi.site\/#organization"},"potentialAction":[{"@type":"SearchAction","target":{"@type":"EntryPoint","urlTemplate":"https:\/\/darkamazi.site\/?s={search_term_string}"},"query-input":{"@type":"PropertyValueSpecification","valueRequired":true,"valueName":"search_term_string"}}],"inLanguage":"en-US"},{"@type":"Organization","@id":"https:\/\/darkamazi.site\/#organization","name":"Darka Mazi T\u00fcrk\u00e7e","alternateName":"Darka Mazi","url":"https:\/\/darkamazi.site\/","logo":{"@type":"ImageObject","inLanguage":"en-US","@id":"https:\/\/darkamazi.site\/#\/schema\/logo\/image\/","url":"https:\/\/darkamazi.site\/file\/2017\/12\/darka-mazi-logo.png","contentUrl":"https:\/\/darkamazi.site\/file\/2017\/12\/darka-mazi-logo.png","width":151,"height":75,"caption":"Darka Mazi T\u00fcrk\u00e7e"},"image":{"@id":"https:\/\/darkamazi.site\/#\/schema\/logo\/image\/"},"sameAs":["https:\/\/www.facebook.com\/DarkaMaziturkce","https:\/\/x.com\/DarkaMaziTurkce"]},{"@type":"Person","@id":"https:\/\/darkamazi.site\/#\/schema\/person\/67986a95ac546c16760365877ef4a9d3","name":"darka mazi","sameAs":["https:\/\/darkamazi.site"],"url":"https:\/\/darkamazi.site\/archives\/author\/turkish"}]}},"_links":{"self":[{"href":"https:\/\/darkamazi.site\/funavuv\/wp\/v2\/posts\/1023487","targetHints":{"allow":["GET"]}}],"collection":[{"href":"https:\/\/darkamazi.site\/funavuv\/wp\/v2\/posts"}],"about":[{"href":"https:\/\/darkamazi.site\/funavuv\/wp\/v2\/types\/post"}],"author":[{"embeddable":true,"href":"https:\/\/darkamazi.site\/funavuv\/wp\/v2\/users\/2"}],"replies":[{"embeddable":true,"href":"https:\/\/darkamazi.site\/funavuv\/wp\/v2\/comments?post=1023487"}],"version-history":[{"count":0,"href":"https:\/\/darkamazi.site\/funavuv\/wp\/v2\/posts\/1023487\/revisions"}],"wp:featuredmedia":[{"embeddable":true,"href":"https:\/\/darkamazi.site\/funavuv\/wp\/v2\/media\/1023488"}],"wp:attachment":[{"href":"https:\/\/darkamazi.site\/funavuv\/wp\/v2\/media?parent=1023487"}],"wp:term":[{"taxonomy":"category","embeddable":true,"href":"https:\/\/darkamazi.site\/funavuv\/wp\/v2\/categories?post=1023487"},{"taxonomy":"post_tag","embeddable":true,"href":"https:\/\/darkamazi.site\/funavuv\/wp\/v2\/tags?post=1023487"}],"curies":[{"name":"wp","href":"https:\/\/api.w.org\/{rel}","templated":true}]}}