{"id":1023504,"date":"2023-02-21T18:23:59","date_gmt":"2023-02-21T15:23:59","guid":{"rendered":"https:\/\/darkamazi.site\/?p=1023504"},"modified":"2023-02-21T18:24:52","modified_gmt":"2023-02-21T15:24:52","slug":"1023504","status":"publish","type":"post","link":"https:\/\/darkamazi.site\/archives\/1023504","title":{"rendered":"Berlin Film Festivali, \u0130ranl\u0131 muhaliflerin sesi oldu"},"content":{"rendered":"<p style=\"text-align: justify\">\u0130ran&#8217;daki protestoculara \u201cBerlin Film Festivali\u201dnde k\u0131rm\u0131z\u0131 hal\u0131da bir destek bulu\u015fmas\u0131 yap\u0131l\u0131rken, salondaki dev ekranda muhalif y\u00f6netmenlerin filmleri g\u00f6sterildi.<\/p>\n<p style=\"text-align: justify\">Yard\u0131mc\u0131 y\u00f6netmen Mariette Rissenbeck&#8217;in AFP\u2019ye yapt\u0131\u011f\u0131 a\u00e7\u0131klamaya g\u00f6re Berlin Film Festivali&#8217;nin 73. oturumunda bir b\u00f6l\u00fcm\u00fcn \u0130ranl\u0131 muhaliflerin filmlerine ayr\u0131lmas\u0131n\u0131n nedeni, Tahran rejimine kar\u015f\u0131 protestolar\u0131n ba\u015flamas\u0131ndan yakla\u015f\u0131k 6 ay sonra, \u201c\u0130ran halk\u0131na sesine destek verme\u201d arzusundan kaynaklan\u0131yor.<\/p>\n<p style=\"text-align: justify\">Festival ekran\u0131nda dev ye\u015fil ve mavi harflerle \u201cJin, J\u00eeyan, Azad\u00ee\u201d (kad\u0131n, ya\u015fam, \u00f6zg\u00fcrl\u00fck) slogan\u0131 yer al\u0131rken, aralar\u0131nda y\u00f6netmen, senarist ve oyuncular\u0131n da bulundu\u011fu, \u00fclkeleri d\u0131\u015f\u0131nda sinema alan\u0131nda \u00e7al\u0131\u015fan yakla\u015f\u0131k 50 \u0130ranl\u0131, cezaevindeki protestocular\u0131n serbest b\u0131rak\u0131lmas\u0131 \u00e7a\u011fr\u0131s\u0131nda bulunan pankartlar a\u00e7t\u0131. Fransa&#8217;da ya\u015fayan iki \u0130ranl\u0131 aktris Gol\u015fifte Ferhani ve Zar Emir \u0130brahimi de dahil olmak \u00fczere Berlin&#8217;deki protestocu baz\u0131 film yap\u0131mc\u0131lar\u0131n\u0131n g\u00f6zya\u015f\u0131 d\u00f6kt\u00fc\u011f\u00fc g\u00f6r\u00fcld\u00fc.<\/p>\n<p style=\"text-align: justify\">Ba\u015fta &#8220;Paterson&#8221; olmak \u00fczere bir\u00e7ok Hollywood filminde rol alan ve &#8220;Berlin Festivali&#8221; j\u00fcrisinde yer alan Ferhani, per\u015fembe g\u00fcn\u00fc yapt\u0131\u011f\u0131 a\u00e7\u0131klamada, \u201c\u0130ran gibi bir diktat\u00f6rl\u00fckte sanat esast\u0131r ve oksijen gibidir.\u201d dedi. Ge\u00e7en y\u0131l \u201cKutsal \u00d6r\u00fcmcek\u201d filmindeki rol\u00fcyle Cannes Film Festivali&#8217;nde en iyi kad\u0131n oyuncu performans\u0131 \u00f6d\u00fcl\u00fcn\u00fc kazanan Zar Emir \u0130brahimi&#8217;ye gelince, &#8220;Umar\u0131z ki sinema yoluyla el ele bir \u015feyleri de\u011fi\u015ftirebiliriz.&#8221; dedi. 42 ya\u015f\u0131ndaki oyuncu, Berlin Film Festivali&#8217;nde g\u00f6sterilen \u0130ran muhalefetiyle ilgili iki belgeselde iki ana rol oynuyor. Alman y\u00f6netmen Steffi Niederzoll&#8217;un &#8220;Tahran&#8217;da Yedi K\u0131\u015f&#8221; filminde, \u0130ran&#8217;da kad\u0131n haklar\u0131 m\u00fccadelesinin sembol\u00fc haline gelen Reyhane Cabbari&#8217;yi canland\u0131r\u0131yor.<\/p>\n<p style=\"text-align: justify\">26 ya\u015f\u0131ndaki \u0130ranl\u0131 kad\u0131n, kendisine cinsel tacizde bulundu\u011funu s\u00f6yledi\u011fi eski bir \u0130ran istihbarat yetkilisini \u00f6ld\u00fcrmekten su\u00e7lu bulunmas\u0131n\u0131n ard\u0131ndan 25 Ekim 2014&#8217;te as\u0131larak idam edildi. Film, ailesinin onu kurtarmak i\u00e7in verdi\u011fi bo\u015funa sava\u015f\u0131 konu al\u0131yor. Filmde 2007-2014 y\u0131llar\u0131 aras\u0131nda gizlice \u00e7ekilmi\u015f foto\u011fraflar\u0131, telefon kay\u0131tlar\u0131, mektuplar\u0131 ve cezaevinde yazd\u0131\u011f\u0131 g\u00fcnl\u00fckleri yer al\u0131yor. Alman y\u00f6netmen Niederzoll, AFP verdi\u011fi r\u00f6portajda, mahrem bir video klibinin s\u0131zd\u0131r\u0131lmas\u0131 nedeniyle hayat\u0131 ve kariyeri parampar\u00e7a olan Zar Emir \u0130brahimi&#8217;nin, &#8220;Reyhane Cabbari gibi \u0130ran toplumunun kurban\u0131 oldu\u011funu&#8221; kaydetti. \u0130brahimi, &#8220;T\u0131pk\u0131 Reyhane gibi bu rejimle i\u015f birli\u011fi yapmad\u0131m&#8221; dedi. Oyuncu, Fransa&#8217;da ya\u015fayan \u0130ranl\u0131 y\u00f6netmen Mehran Tamadon&#8217;un y\u00f6netti\u011fi \u201cYeminli D\u00fc\u015fman\u0131m\u201d adl\u0131 belgeselde de ki\u015fisel hik\u00e2yesinden bir b\u00f6l\u00fcm\u00fc anlat\u0131yor.<\/p>\n<p style=\"text-align: justify\">Berlin Film Festivali\u2019ne kat\u0131lan di\u011fer \u0130ranl\u0131 y\u00f6netmenlerin \u00e7al\u0131\u015fmalar\u0131 aras\u0131nda, Sepideh Farsi&#8217;nin \u201cDeniz K\u0131z\u0131\u201d adl\u0131 animasyon filmi yer al\u0131yor. Film, Abadan&#8217;da dedesinin yan\u0131nda<\/p>\n<p style=\"text-align: justify\">kalan Omid ad\u0131nda on d\u00f6rt ya\u015f\u0131ndaki bir \u00e7ocu\u011fun hikayesini anlat\u0131yor. Abadan 1980 y\u0131l\u0131nda \u0130ran-Irak sava\u015f\u0131n\u0131n ba\u015f\u0131nda Irak ordusu taraf\u0131ndan ku\u015fat\u0131lan \u0130ran petrol sekt\u00f6r\u00fcn\u00fcn merkeziydi.<\/p>\n<p style=\"text-align: justify\">Kaynak: (\u015earkul Avsat)<\/p>\n<p style=\"text-align: justify\">\n","protected":false},"excerpt":{"rendered":"<p>\u0130ran&#8217;daki protestoculara \u201cBerlin Film Festivali\u201dnde k\u0131rm\u0131z\u0131 hal\u0131da bir destek bulu\u015fmas\u0131 yap\u0131l\u0131rken, salondaki dev ekranda muhalif y\u00f6netmenlerin filmleri g\u00f6sterildi. Yard\u0131mc\u0131 y\u00f6netmen Mariette Rissenbeck&#8217;in AFP\u2019ye yapt\u0131\u011f\u0131 a\u00e7\u0131klamaya g\u00f6re Berlin Film Festivali&#8217;nin 73. oturumunda bir b\u00f6l\u00fcm\u00fcn \u0130ranl\u0131 muhaliflerin filmlerine ayr\u0131lmas\u0131n\u0131n nedeni, Tahran rejimine kar\u015f\u0131 protestolar\u0131n ba\u015flamas\u0131ndan yakla\u015f\u0131k 6 ay sonra, \u201c\u0130ran halk\u0131na sesine destek verme\u201d arzusundan kaynaklan\u0131yor. Festival [&hellip;]<\/p>\n","protected":false},"author":2,"featured_media":1023505,"comment_status":"closed","ping_status":"closed","sticky":false,"template":"","format":"standard","meta":{"footnotes":""},"categories":[33],"tags":[31],"class_list":["post-1023504","post","type-post","status-publish","format-standard","has-post-thumbnail","hentry","category-sanat","tag-onemli"],"blocksy_meta":[],"seo_head":"<!-- This site is optimized with the Yoast SEO plugin v27.5 - https:\/\/yoast.com\/product\/yoast-seo-wordpress\/ -->\n<title>Berlin Film Festivali, \u0130ranl\u0131 muhaliflerin sesi oldu - Darka Mazi<\/title>\n<meta name=\"robots\" content=\"index, follow, max-snippet:-1, max-image-preview:large, max-video-preview:-1\" \/>\n<link rel=\"canonical\" href=\"https:\/\/darkamazi.site\/archives\/1023504\" \/>\n<meta property=\"og:locale\" content=\"en_US\" \/>\n<meta property=\"og:type\" content=\"article\" \/>\n<meta property=\"og:title\" content=\"Berlin Film Festivali, \u0130ranl\u0131 muhaliflerin sesi oldu - Darka Mazi\" \/>\n<meta property=\"og:description\" content=\"\u0130ran&#8217;daki protestoculara \u201cBerlin Film Festivali\u201dnde k\u0131rm\u0131z\u0131 hal\u0131da bir destek bulu\u015fmas\u0131 yap\u0131l\u0131rken, salondaki dev ekranda muhalif y\u00f6netmenlerin filmleri g\u00f6sterildi. Yard\u0131mc\u0131 y\u00f6netmen Mariette Rissenbeck&#8217;in AFP\u2019ye yapt\u0131\u011f\u0131 a\u00e7\u0131klamaya g\u00f6re Berlin Film Festivali&#8217;nin 73. oturumunda bir b\u00f6l\u00fcm\u00fcn \u0130ranl\u0131 muhaliflerin filmlerine ayr\u0131lmas\u0131n\u0131n nedeni, Tahran rejimine kar\u015f\u0131 protestolar\u0131n ba\u015flamas\u0131ndan yakla\u015f\u0131k 6 ay sonra, \u201c\u0130ran halk\u0131na sesine destek verme\u201d arzusundan kaynaklan\u0131yor. Festival [&hellip;]\" \/>\n<meta property=\"og:url\" content=\"https:\/\/darkamazi.site\/archives\/1023504\" \/>\n<meta property=\"og:site_name\" content=\"Darka Mazi\" \/>\n<meta property=\"article:publisher\" content=\"https:\/\/www.facebook.com\/DarkaMaziturkce\" \/>\n<meta property=\"article:published_time\" content=\"2023-02-21T15:23:59+00:00\" \/>\n<meta property=\"article:modified_time\" content=\"2023-02-21T15:24:52+00:00\" \/>\n<meta property=\"og:image\" content=\"https:\/\/darkamazi.site\/file\/2023\/02\/b127d666447b0e79dd1736800f4b77f4_L.jpg\" \/>\n\t<meta property=\"og:image:width\" content=\"710\" \/>\n\t<meta property=\"og:image:height\" content=\"397\" \/>\n\t<meta property=\"og:image:type\" content=\"image\/jpeg\" \/>\n<meta name=\"author\" content=\"darka mazi\" \/>\n<meta name=\"twitter:card\" content=\"summary_large_image\" \/>\n<meta name=\"twitter:creator\" content=\"@DarkaMaziTurkce\" \/>\n<meta name=\"twitter:site\" content=\"@DarkaMaziTurkce\" \/>\n<meta name=\"twitter:label1\" content=\"Written by\" \/>\n\t<meta name=\"twitter:data1\" content=\"darka mazi\" \/>\n\t<meta name=\"twitter:label2\" content=\"Est. reading time\" \/>\n\t<meta name=\"twitter:data2\" content=\"2 minutes\" \/>\n<script type=\"application\/ld+json\" class=\"seo-schema-graph\">{\"@context\":\"https:\\\/\\\/schema.org\",\"@graph\":[{\"@type\":\"NewsArticle\",\"@id\":\"https:\\\/\\\/darkamazi.site\\\/archives\\\/1023504#article\",\"isPartOf\":{\"@id\":\"https:\\\/\\\/darkamazi.site\\\/archives\\\/1023504\"},\"author\":{\"name\":\"darka mazi\",\"@id\":\"https:\\\/\\\/darkamazi.site\\\/#\\\/schema\\\/person\\\/67986a95ac546c16760365877ef4a9d3\"},\"headline\":\"Berlin Film Festivali, \u0130ranl\u0131 muhaliflerin sesi oldu\",\"datePublished\":\"2023-02-21T15:23:59+00:00\",\"dateModified\":\"2023-02-21T15:24:52+00:00\",\"mainEntityOfPage\":{\"@id\":\"https:\\\/\\\/darkamazi.site\\\/archives\\\/1023504\"},\"wordCount\":536,\"publisher\":{\"@id\":\"https:\\\/\\\/darkamazi.site\\\/#organization\"},\"image\":{\"@id\":\"https:\\\/\\\/darkamazi.site\\\/archives\\\/1023504#primaryimage\"},\"thumbnailUrl\":\"https:\\\/\\\/darkamazi.site\\\/darka-content\\\/uploads\\\/2023\\\/02\\\/b127d666447b0e79dd1736800f4b77f4_L.jpg\",\"keywords\":[\"\u00f6nemli\"],\"articleSection\":[\"Sanat\"],\"inLanguage\":\"en-US\"},{\"@type\":\"WebPage\",\"@id\":\"https:\\\/\\\/darkamazi.site\\\/archives\\\/1023504\",\"url\":\"https:\\\/\\\/darkamazi.site\\\/archives\\\/1023504\",\"name\":\"Berlin Film Festivali, \u0130ranl\u0131 muhaliflerin sesi oldu - Darka Mazi\",\"isPartOf\":{\"@id\":\"https:\\\/\\\/darkamazi.site\\\/#website\"},\"primaryImageOfPage\":{\"@id\":\"https:\\\/\\\/darkamazi.site\\\/archives\\\/1023504#primaryimage\"},\"image\":{\"@id\":\"https:\\\/\\\/darkamazi.site\\\/archives\\\/1023504#primaryimage\"},\"thumbnailUrl\":\"https:\\\/\\\/darkamazi.site\\\/darka-content\\\/uploads\\\/2023\\\/02\\\/b127d666447b0e79dd1736800f4b77f4_L.jpg\",\"datePublished\":\"2023-02-21T15:23:59+00:00\",\"dateModified\":\"2023-02-21T15:24:52+00:00\",\"breadcrumb\":{\"@id\":\"https:\\\/\\\/darkamazi.site\\\/archives\\\/1023504#breadcrumb\"},\"inLanguage\":\"en-US\",\"potentialAction\":[{\"@type\":\"ReadAction\",\"target\":[\"https:\\\/\\\/darkamazi.site\\\/archives\\\/1023504\"]}]},{\"@type\":\"ImageObject\",\"inLanguage\":\"en-US\",\"@id\":\"https:\\\/\\\/darkamazi.site\\\/archives\\\/1023504#primaryimage\",\"url\":\"https:\\\/\\\/darkamazi.site\\\/darka-content\\\/uploads\\\/2023\\\/02\\\/b127d666447b0e79dd1736800f4b77f4_L.jpg\",\"contentUrl\":\"https:\\\/\\\/darkamazi.site\\\/darka-content\\\/uploads\\\/2023\\\/02\\\/b127d666447b0e79dd1736800f4b77f4_L.jpg\",\"width\":710,\"height\":397,\"caption\":\"Berlin Film Festivali, \u0130ranl\u0131 muhaliflerin sesi oldu\"},{\"@type\":\"BreadcrumbList\",\"@id\":\"https:\\\/\\\/darkamazi.site\\\/archives\\\/1023504#breadcrumb\",\"itemListElement\":[{\"@type\":\"ListItem\",\"position\":1,\"name\":\"Home\",\"item\":\"https:\\\/\\\/darkamazi.site\\\/\"},{\"@type\":\"ListItem\",\"position\":2,\"name\":\"Berlin Film Festivali, \u0130ranl\u0131 muhaliflerin sesi oldu\"}]},{\"@type\":\"WebSite\",\"@id\":\"https:\\\/\\\/darkamazi.site\\\/#website\",\"url\":\"https:\\\/\\\/darkamazi.site\\\/\",\"name\":\"Darka Mazi\",\"description\":\"Ana Sayfa\",\"publisher\":{\"@id\":\"https:\\\/\\\/darkamazi.site\\\/#organization\"},\"potentialAction\":[{\"@type\":\"SearchAction\",\"target\":{\"@type\":\"EntryPoint\",\"urlTemplate\":\"https:\\\/\\\/darkamazi.site\\\/?s={search_term_string}\"},\"query-input\":{\"@type\":\"PropertyValueSpecification\",\"valueRequired\":true,\"valueName\":\"search_term_string\"}}],\"inLanguage\":\"en-US\"},{\"@type\":\"Organization\",\"@id\":\"https:\\\/\\\/darkamazi.site\\\/#organization\",\"name\":\"Darka Mazi T\u00fcrk\u00e7e\",\"alternateName\":\"Darka Mazi\",\"url\":\"https:\\\/\\\/darkamazi.site\\\/\",\"logo\":{\"@type\":\"ImageObject\",\"inLanguage\":\"en-US\",\"@id\":\"https:\\\/\\\/darkamazi.site\\\/#\\\/schema\\\/logo\\\/image\\\/\",\"url\":\"https:\\\/\\\/darkamazi.site\\\/darka-content\\\/uploads\\\/2017\\\/12\\\/darka-mazi-logo.png\",\"contentUrl\":\"https:\\\/\\\/darkamazi.site\\\/darka-content\\\/uploads\\\/2017\\\/12\\\/darka-mazi-logo.png\",\"width\":151,\"height\":75,\"caption\":\"Darka Mazi T\u00fcrk\u00e7e\"},\"image\":{\"@id\":\"https:\\\/\\\/darkamazi.site\\\/#\\\/schema\\\/logo\\\/image\\\/\"},\"sameAs\":[\"https:\\\/\\\/www.facebook.com\\\/DarkaMaziturkce\",\"https:\\\/\\\/x.com\\\/DarkaMaziTurkce\"]},{\"@type\":\"Person\",\"@id\":\"https:\\\/\\\/darkamazi.site\\\/#\\\/schema\\\/person\\\/67986a95ac546c16760365877ef4a9d3\",\"name\":\"darka mazi\",\"sameAs\":[\"https:\\\/\\\/darkamazi.site\"],\"url\":\"https:\\\/\\\/darkamazi.site\\\/archives\\\/author\\\/turkish\"}]}<\/script>\n<!-- \/ Yoast SEO plugin. -->","seo_head_json":{"title":"Berlin Film Festivali, \u0130ranl\u0131 muhaliflerin sesi oldu - Darka Mazi","robots":{"index":"index","follow":"follow","max-snippet":"max-snippet:-1","max-image-preview":"max-image-preview:large","max-video-preview":"max-video-preview:-1"},"canonical":"https:\/\/darkamazi.site\/archives\/1023504","og_locale":"en_US","og_type":"article","og_title":"Berlin Film Festivali, \u0130ranl\u0131 muhaliflerin sesi oldu - Darka Mazi","og_description":"\u0130ran&#8217;daki protestoculara \u201cBerlin Film Festivali\u201dnde k\u0131rm\u0131z\u0131 hal\u0131da bir destek bulu\u015fmas\u0131 yap\u0131l\u0131rken, salondaki dev ekranda muhalif y\u00f6netmenlerin filmleri g\u00f6sterildi. Yard\u0131mc\u0131 y\u00f6netmen Mariette Rissenbeck&#8217;in AFP\u2019ye yapt\u0131\u011f\u0131 a\u00e7\u0131klamaya g\u00f6re Berlin Film Festivali&#8217;nin 73. oturumunda bir b\u00f6l\u00fcm\u00fcn \u0130ranl\u0131 muhaliflerin filmlerine ayr\u0131lmas\u0131n\u0131n nedeni, Tahran rejimine kar\u015f\u0131 protestolar\u0131n ba\u015flamas\u0131ndan yakla\u015f\u0131k 6 ay sonra, \u201c\u0130ran halk\u0131na sesine destek verme\u201d arzusundan kaynaklan\u0131yor. Festival [&hellip;]","og_url":"https:\/\/darkamazi.site\/archives\/1023504","og_site_name":"Darka Mazi","article_publisher":"https:\/\/www.facebook.com\/DarkaMaziturkce","article_published_time":"2023-02-21T15:23:59+00:00","article_modified_time":"2023-02-21T15:24:52+00:00","og_image":[{"width":710,"height":397,"url":"https:\/\/darkamazi.site\/file\/2023\/02\/b127d666447b0e79dd1736800f4b77f4_L.jpg","type":"image\/jpeg"}],"author":"darka mazi","twitter_card":"summary_large_image","twitter_creator":"@DarkaMaziTurkce","twitter_site":"@DarkaMaziTurkce","twitter_misc":{"Written by":"darka mazi","Est. reading time":"2 minutes"},"schema":{"@context":"https:\/\/schema.org","@graph":[{"@type":"NewsArticle","@id":"https:\/\/darkamazi.site\/archives\/1023504#article","isPartOf":{"@id":"https:\/\/darkamazi.site\/archives\/1023504"},"author":{"name":"darka mazi","@id":"https:\/\/darkamazi.site\/#\/schema\/person\/67986a95ac546c16760365877ef4a9d3"},"headline":"Berlin Film Festivali, \u0130ranl\u0131 muhaliflerin sesi oldu","datePublished":"2023-02-21T15:23:59+00:00","dateModified":"2023-02-21T15:24:52+00:00","mainEntityOfPage":{"@id":"https:\/\/darkamazi.site\/archives\/1023504"},"wordCount":536,"publisher":{"@id":"https:\/\/darkamazi.site\/#organization"},"image":{"@id":"https:\/\/darkamazi.site\/archives\/1023504#primaryimage"},"thumbnailUrl":"https:\/\/darkamazi.site\/file\/2023\/02\/b127d666447b0e79dd1736800f4b77f4_L.jpg","keywords":["\u00f6nemli"],"articleSection":["Sanat"],"inLanguage":"en-US"},{"@type":"WebPage","@id":"https:\/\/darkamazi.site\/archives\/1023504","url":"https:\/\/darkamazi.site\/archives\/1023504","name":"Berlin Film Festivali, \u0130ranl\u0131 muhaliflerin sesi oldu - Darka Mazi","isPartOf":{"@id":"https:\/\/darkamazi.site\/#website"},"primaryImageOfPage":{"@id":"https:\/\/darkamazi.site\/archives\/1023504#primaryimage"},"image":{"@id":"https:\/\/darkamazi.site\/archives\/1023504#primaryimage"},"thumbnailUrl":"https:\/\/darkamazi.site\/file\/2023\/02\/b127d666447b0e79dd1736800f4b77f4_L.jpg","datePublished":"2023-02-21T15:23:59+00:00","dateModified":"2023-02-21T15:24:52+00:00","breadcrumb":{"@id":"https:\/\/darkamazi.site\/archives\/1023504#breadcrumb"},"inLanguage":"en-US","potentialAction":[{"@type":"ReadAction","target":["https:\/\/darkamazi.site\/archives\/1023504"]}]},{"@type":"ImageObject","inLanguage":"en-US","@id":"https:\/\/darkamazi.site\/archives\/1023504#primaryimage","url":"https:\/\/darkamazi.site\/file\/2023\/02\/b127d666447b0e79dd1736800f4b77f4_L.jpg","contentUrl":"https:\/\/darkamazi.site\/file\/2023\/02\/b127d666447b0e79dd1736800f4b77f4_L.jpg","width":710,"height":397,"caption":"Berlin Film Festivali, \u0130ranl\u0131 muhaliflerin sesi oldu"},{"@type":"BreadcrumbList","@id":"https:\/\/darkamazi.site\/archives\/1023504#breadcrumb","itemListElement":[{"@type":"ListItem","position":1,"name":"Home","item":"https:\/\/darkamazi.site\/"},{"@type":"ListItem","position":2,"name":"Berlin Film Festivali, \u0130ranl\u0131 muhaliflerin sesi oldu"}]},{"@type":"WebSite","@id":"https:\/\/darkamazi.site\/#website","url":"https:\/\/darkamazi.site\/","name":"Darka Mazi","description":"Ana Sayfa","publisher":{"@id":"https:\/\/darkamazi.site\/#organization"},"potentialAction":[{"@type":"SearchAction","target":{"@type":"EntryPoint","urlTemplate":"https:\/\/darkamazi.site\/?s={search_term_string}"},"query-input":{"@type":"PropertyValueSpecification","valueRequired":true,"valueName":"search_term_string"}}],"inLanguage":"en-US"},{"@type":"Organization","@id":"https:\/\/darkamazi.site\/#organization","name":"Darka Mazi T\u00fcrk\u00e7e","alternateName":"Darka Mazi","url":"https:\/\/darkamazi.site\/","logo":{"@type":"ImageObject","inLanguage":"en-US","@id":"https:\/\/darkamazi.site\/#\/schema\/logo\/image\/","url":"https:\/\/darkamazi.site\/file\/2017\/12\/darka-mazi-logo.png","contentUrl":"https:\/\/darkamazi.site\/file\/2017\/12\/darka-mazi-logo.png","width":151,"height":75,"caption":"Darka Mazi T\u00fcrk\u00e7e"},"image":{"@id":"https:\/\/darkamazi.site\/#\/schema\/logo\/image\/"},"sameAs":["https:\/\/www.facebook.com\/DarkaMaziturkce","https:\/\/x.com\/DarkaMaziTurkce"]},{"@type":"Person","@id":"https:\/\/darkamazi.site\/#\/schema\/person\/67986a95ac546c16760365877ef4a9d3","name":"darka mazi","sameAs":["https:\/\/darkamazi.site"],"url":"https:\/\/darkamazi.site\/archives\/author\/turkish"}]}},"_links":{"self":[{"href":"https:\/\/darkamazi.site\/funavuv\/wp\/v2\/posts\/1023504","targetHints":{"allow":["GET"]}}],"collection":[{"href":"https:\/\/darkamazi.site\/funavuv\/wp\/v2\/posts"}],"about":[{"href":"https:\/\/darkamazi.site\/funavuv\/wp\/v2\/types\/post"}],"author":[{"embeddable":true,"href":"https:\/\/darkamazi.site\/funavuv\/wp\/v2\/users\/2"}],"replies":[{"embeddable":true,"href":"https:\/\/darkamazi.site\/funavuv\/wp\/v2\/comments?post=1023504"}],"version-history":[{"count":0,"href":"https:\/\/darkamazi.site\/funavuv\/wp\/v2\/posts\/1023504\/revisions"}],"wp:featuredmedia":[{"embeddable":true,"href":"https:\/\/darkamazi.site\/funavuv\/wp\/v2\/media\/1023505"}],"wp:attachment":[{"href":"https:\/\/darkamazi.site\/funavuv\/wp\/v2\/media?parent=1023504"}],"wp:term":[{"taxonomy":"category","embeddable":true,"href":"https:\/\/darkamazi.site\/funavuv\/wp\/v2\/categories?post=1023504"},{"taxonomy":"post_tag","embeddable":true,"href":"https:\/\/darkamazi.site\/funavuv\/wp\/v2\/tags?post=1023504"}],"curies":[{"name":"wp","href":"https:\/\/api.w.org\/{rel}","templated":true}]}}