{"id":1023600,"date":"2023-02-27T11:19:36","date_gmt":"2023-02-27T08:19:36","guid":{"rendered":"https:\/\/darkamazi.site\/?p=1023600"},"modified":"2023-02-27T11:19:36","modified_gmt":"2023-02-27T08:19:36","slug":"pervin-buldan-besiktasliyim-dedi-kurtler-tepki-gosterdi","status":"publish","type":"post","link":"https:\/\/darkamazi.site\/archives\/1023600","title":{"rendered":"Pervin Buldan \u201cBe\u015fikta\u015fl\u0131y\u0131m\u201d dedi, K\u00fcrtler tepki g\u00f6sterdi"},"content":{"rendered":"<p style=\"text-align: justify\">MHP lideri Devlet Bah\u00e7eli&#8217;nin Be\u015fikta\u015f \u00fcyeli\u011finden istifa etmesinin ard\u0131ndan HDP E\u015f Genel Ba\u015fkan\u0131 Pervin Buldan sosyal medya hesab\u0131ndan &#8220;Ben Be\u015fikta\u015fl\u0131y\u0131m\u2026&#8221; payla\u015f\u0131m\u0131nda bulundu. K\u00fcrtler tepki g\u00f6sterdi.<\/p>\n<p style=\"text-align: justify\">Fenerbah\u00e7e- Konyaspor ma\u00e7\u0131ndaki \u201ch\u00fck\u00fcmet istifa\u201d tezah\u00fcratlar\u0131ndan bug\u00fcn Be\u015fikta\u015f- Antalyaspor ma\u00e7\u0131nda da benzer olaylar ya\u015fanmas\u0131 sonras\u0131 MHP Genel Ba\u015fkan\u0131 Devlet Bah\u00e7eli, taraftar\u0131 oldu\u011fu Be\u015fikta\u015f kul\u00fcb\u00fc \u00fcyeli\u011finden istifa etti.<\/p>\n<p style=\"text-align: justify\">Bah\u00e7eli&#8217;nin ses getiren \u00e7\u0131k\u0131\u015f\u0131 ve istifa karar\u0131n\u0131n ard\u0131ndan HDP E\u015f Genel Ba\u015fkan\u0131 Pervin Buldan, sosyal medya hesab\u0131ndan yapt\u0131\u011f\u0131 payla\u015f\u0131mda &#8220;Ben Be\u015fikta\u015fl\u0131y\u0131m\u2026&#8221; ifadelerini kulland\u0131.<\/p>\n<p style=\"text-align: justify\">Pervin Buldan\u2019\u0131n payla\u015f\u0131m\u0131 k\u0131sa s\u00fcrede binlerce yorum ald\u0131. Yap\u0131lan yorumlarda \u00e7ok az bir kesim Pervin Buldan\u2019a destek verirken K\u00fcrtlerin b\u00fcy\u00fck \u00e7o\u011funlu\u011fu ele\u015ftiri yapt\u0131. Bir k\u0131s\u0131m yorumcu Pervin Buldan\u2019a Amed sporu hat\u0131rlatt\u0131. Bir di\u011fer k\u0131s\u0131m ise Be\u015fikta\u015f\u2019\u0131n ge\u00e7mi\u015fte Efrin ve Ser\u00ea Kan\u00eeye operasyonlar\u0131nda TSK\u2019ya verdi\u011fi deste\u011fi hat\u0131rlatt\u0131.<\/p>\n<p style=\"text-align: justify\">Pervin Buldan 2007 y\u0131l\u0131ndan buy ana Parlamento\u2019da vekil olarak bulunuyor. 2018 y\u0131landan bu yana da HDP E\u015f Genel Ba\u015fkanl\u0131\u011f\u0131n\u0131 yap\u0131yor. Buldan\u2019\u0131n bu g\u00f6revlerde s\u00fcrekli pasif kalmas\u0131na ra\u011fmen \u0131srarla se\u00e7ilen bir isim olmas\u0131 kendisi hakk\u0131nda \u00e7ok zaman tart\u0131\u015fma konusu oluyor. HDP se\u00e7meninin de Pervin Buldan isminde \u0131srar edilmesi \u00e7o\u011fu zaman rahats\u0131zl\u0131klara konu oluyor.<\/p>\n","protected":false},"excerpt":{"rendered":"<p>MHP lideri Devlet Bah\u00e7eli&#8217;nin Be\u015fikta\u015f \u00fcyeli\u011finden istifa etmesinin ard\u0131ndan HDP E\u015f Genel Ba\u015fkan\u0131 Pervin Buldan sosyal medya hesab\u0131ndan &#8220;Ben Be\u015fikta\u015fl\u0131y\u0131m\u2026&#8221; payla\u015f\u0131m\u0131nda bulundu. K\u00fcrtler tepki g\u00f6sterdi. Fenerbah\u00e7e- Konyaspor ma\u00e7\u0131ndaki \u201ch\u00fck\u00fcmet istifa\u201d tezah\u00fcratlar\u0131ndan bug\u00fcn Be\u015fikta\u015f- Antalyaspor ma\u00e7\u0131nda da benzer olaylar ya\u015fanmas\u0131 sonras\u0131 MHP Genel Ba\u015fkan\u0131 Devlet Bah\u00e7eli, taraftar\u0131 oldu\u011fu Be\u015fikta\u015f kul\u00fcb\u00fc \u00fcyeli\u011finden istifa etti. Bah\u00e7eli&#8217;nin ses getiren [&hellip;]<\/p>\n","protected":false},"author":2,"featured_media":1023601,"comment_status":"closed","ping_status":"closed","sticky":false,"template":"","format":"standard","meta":{"footnotes":""},"categories":[3],"tags":[],"class_list":["post-1023600","post","type-post","status-publish","format-standard","has-post-thumbnail","hentry","category-kurdistan"],"blocksy_meta":[],"seo_head":"<!-- This site is optimized with the Yoast SEO plugin v27.5 - https:\/\/yoast.com\/product\/yoast-seo-wordpress\/ -->\n<title>Pervin Buldan \u201cBe\u015fikta\u015fl\u0131y\u0131m\u201d dedi, K\u00fcrtler tepki g\u00f6sterdi - Darka Mazi<\/title>\n<meta name=\"robots\" content=\"index, follow, max-snippet:-1, max-image-preview:large, max-video-preview:-1\" \/>\n<link rel=\"canonical\" href=\"https:\/\/darkamazi.site\/archives\/1023600\" \/>\n<meta property=\"og:locale\" content=\"en_US\" \/>\n<meta property=\"og:type\" content=\"article\" \/>\n<meta property=\"og:title\" content=\"Pervin Buldan \u201cBe\u015fikta\u015fl\u0131y\u0131m\u201d dedi, K\u00fcrtler tepki g\u00f6sterdi - Darka Mazi\" \/>\n<meta property=\"og:description\" content=\"MHP lideri Devlet Bah\u00e7eli&#8217;nin Be\u015fikta\u015f \u00fcyeli\u011finden istifa etmesinin ard\u0131ndan HDP E\u015f Genel Ba\u015fkan\u0131 Pervin Buldan sosyal medya hesab\u0131ndan &#8220;Ben Be\u015fikta\u015fl\u0131y\u0131m\u2026&#8221; payla\u015f\u0131m\u0131nda bulundu. K\u00fcrtler tepki g\u00f6sterdi. Fenerbah\u00e7e- Konyaspor ma\u00e7\u0131ndaki \u201ch\u00fck\u00fcmet istifa\u201d tezah\u00fcratlar\u0131ndan bug\u00fcn Be\u015fikta\u015f- Antalyaspor ma\u00e7\u0131nda da benzer olaylar ya\u015fanmas\u0131 sonras\u0131 MHP Genel Ba\u015fkan\u0131 Devlet Bah\u00e7eli, taraftar\u0131 oldu\u011fu Be\u015fikta\u015f kul\u00fcb\u00fc \u00fcyeli\u011finden istifa etti. Bah\u00e7eli&#8217;nin ses getiren [&hellip;]\" \/>\n<meta property=\"og:url\" content=\"https:\/\/darkamazi.site\/archives\/1023600\" \/>\n<meta property=\"og:site_name\" content=\"Darka Mazi\" \/>\n<meta property=\"article:publisher\" content=\"https:\/\/www.facebook.com\/DarkaMaziturkce\" \/>\n<meta property=\"article:published_time\" content=\"2023-02-27T08:19:36+00:00\" \/>\n<meta property=\"og:image\" content=\"https:\/\/darkamazi.site\/file\/2023\/02\/Pervin.jpg\" \/>\n\t<meta property=\"og:image:width\" content=\"1920\" \/>\n\t<meta property=\"og:image:height\" content=\"1088\" \/>\n\t<meta property=\"og:image:type\" content=\"image\/jpeg\" \/>\n<meta name=\"author\" content=\"darka mazi\" \/>\n<meta name=\"twitter:card\" content=\"summary_large_image\" \/>\n<meta name=\"twitter:creator\" content=\"@DarkaMaziTurkce\" \/>\n<meta name=\"twitter:site\" content=\"@DarkaMaziTurkce\" \/>\n<meta name=\"twitter:label1\" content=\"Written by\" \/>\n\t<meta name=\"twitter:data1\" content=\"darka mazi\" \/>\n\t<meta name=\"twitter:label2\" content=\"Est. reading time\" \/>\n\t<meta name=\"twitter:data2\" content=\"1 minute\" \/>\n<script type=\"application\/ld+json\" class=\"seo-schema-graph\">{\"@context\":\"https:\\\/\\\/schema.org\",\"@graph\":[{\"@type\":\"NewsArticle\",\"@id\":\"https:\\\/\\\/darkamazi.site\\\/archives\\\/1023600#article\",\"isPartOf\":{\"@id\":\"https:\\\/\\\/darkamazi.site\\\/archives\\\/1023600\"},\"author\":{\"name\":\"darka mazi\",\"@id\":\"https:\\\/\\\/darkamazi.site\\\/#\\\/schema\\\/person\\\/67986a95ac546c16760365877ef4a9d3\"},\"headline\":\"Pervin Buldan \u201cBe\u015fikta\u015fl\u0131y\u0131m\u201d dedi, K\u00fcrtler tepki g\u00f6sterdi\",\"datePublished\":\"2023-02-27T08:19:36+00:00\",\"mainEntityOfPage\":{\"@id\":\"https:\\\/\\\/darkamazi.site\\\/archives\\\/1023600\"},\"wordCount\":276,\"publisher\":{\"@id\":\"https:\\\/\\\/darkamazi.site\\\/#organization\"},\"image\":{\"@id\":\"https:\\\/\\\/darkamazi.site\\\/archives\\\/1023600#primaryimage\"},\"thumbnailUrl\":\"https:\\\/\\\/darkamazi.site\\\/darka-content\\\/uploads\\\/2023\\\/02\\\/Pervin.jpg\",\"articleSection\":[\"Kurdistan\"],\"inLanguage\":\"en-US\"},{\"@type\":\"WebPage\",\"@id\":\"https:\\\/\\\/darkamazi.site\\\/archives\\\/1023600\",\"url\":\"https:\\\/\\\/darkamazi.site\\\/archives\\\/1023600\",\"name\":\"Pervin Buldan \u201cBe\u015fikta\u015fl\u0131y\u0131m\u201d dedi, K\u00fcrtler tepki g\u00f6sterdi - Darka Mazi\",\"isPartOf\":{\"@id\":\"https:\\\/\\\/darkamazi.site\\\/#website\"},\"primaryImageOfPage\":{\"@id\":\"https:\\\/\\\/darkamazi.site\\\/archives\\\/1023600#primaryimage\"},\"image\":{\"@id\":\"https:\\\/\\\/darkamazi.site\\\/archives\\\/1023600#primaryimage\"},\"thumbnailUrl\":\"https:\\\/\\\/darkamazi.site\\\/darka-content\\\/uploads\\\/2023\\\/02\\\/Pervin.jpg\",\"datePublished\":\"2023-02-27T08:19:36+00:00\",\"breadcrumb\":{\"@id\":\"https:\\\/\\\/darkamazi.site\\\/archives\\\/1023600#breadcrumb\"},\"inLanguage\":\"en-US\",\"potentialAction\":[{\"@type\":\"ReadAction\",\"target\":[\"https:\\\/\\\/darkamazi.site\\\/archives\\\/1023600\"]}]},{\"@type\":\"ImageObject\",\"inLanguage\":\"en-US\",\"@id\":\"https:\\\/\\\/darkamazi.site\\\/archives\\\/1023600#primaryimage\",\"url\":\"https:\\\/\\\/darkamazi.site\\\/darka-content\\\/uploads\\\/2023\\\/02\\\/Pervin.jpg\",\"contentUrl\":\"https:\\\/\\\/darkamazi.site\\\/darka-content\\\/uploads\\\/2023\\\/02\\\/Pervin.jpg\",\"width\":1920,\"height\":1088,\"caption\":\"Pervin Buldan \u201cBe\u015fikta\u015fl\u0131y\u0131m\u201d dedi, K\u00fcrtler tepki g\u00f6sterdi\"},{\"@type\":\"BreadcrumbList\",\"@id\":\"https:\\\/\\\/darkamazi.site\\\/archives\\\/1023600#breadcrumb\",\"itemListElement\":[{\"@type\":\"ListItem\",\"position\":1,\"name\":\"Home\",\"item\":\"https:\\\/\\\/darkamazi.site\\\/\"},{\"@type\":\"ListItem\",\"position\":2,\"name\":\"Pervin Buldan \u201cBe\u015fikta\u015fl\u0131y\u0131m\u201d dedi, K\u00fcrtler tepki g\u00f6sterdi\"}]},{\"@type\":\"WebSite\",\"@id\":\"https:\\\/\\\/darkamazi.site\\\/#website\",\"url\":\"https:\\\/\\\/darkamazi.site\\\/\",\"name\":\"Darka Mazi\",\"description\":\"Ana Sayfa\",\"publisher\":{\"@id\":\"https:\\\/\\\/darkamazi.site\\\/#organization\"},\"potentialAction\":[{\"@type\":\"SearchAction\",\"target\":{\"@type\":\"EntryPoint\",\"urlTemplate\":\"https:\\\/\\\/darkamazi.site\\\/?s={search_term_string}\"},\"query-input\":{\"@type\":\"PropertyValueSpecification\",\"valueRequired\":true,\"valueName\":\"search_term_string\"}}],\"inLanguage\":\"en-US\"},{\"@type\":\"Organization\",\"@id\":\"https:\\\/\\\/darkamazi.site\\\/#organization\",\"name\":\"Darka Mazi T\u00fcrk\u00e7e\",\"alternateName\":\"Darka Mazi\",\"url\":\"https:\\\/\\\/darkamazi.site\\\/\",\"logo\":{\"@type\":\"ImageObject\",\"inLanguage\":\"en-US\",\"@id\":\"https:\\\/\\\/darkamazi.site\\\/#\\\/schema\\\/logo\\\/image\\\/\",\"url\":\"https:\\\/\\\/darkamazi.site\\\/darka-content\\\/uploads\\\/2017\\\/12\\\/darka-mazi-logo.png\",\"contentUrl\":\"https:\\\/\\\/darkamazi.site\\\/darka-content\\\/uploads\\\/2017\\\/12\\\/darka-mazi-logo.png\",\"width\":151,\"height\":75,\"caption\":\"Darka Mazi T\u00fcrk\u00e7e\"},\"image\":{\"@id\":\"https:\\\/\\\/darkamazi.site\\\/#\\\/schema\\\/logo\\\/image\\\/\"},\"sameAs\":[\"https:\\\/\\\/www.facebook.com\\\/DarkaMaziturkce\",\"https:\\\/\\\/x.com\\\/DarkaMaziTurkce\"]},{\"@type\":\"Person\",\"@id\":\"https:\\\/\\\/darkamazi.site\\\/#\\\/schema\\\/person\\\/67986a95ac546c16760365877ef4a9d3\",\"name\":\"darka mazi\",\"sameAs\":[\"https:\\\/\\\/darkamazi.site\"],\"url\":\"https:\\\/\\\/darkamazi.site\\\/archives\\\/author\\\/turkish\"}]}<\/script>\n<!-- \/ Yoast SEO plugin. -->","seo_head_json":{"title":"Pervin Buldan \u201cBe\u015fikta\u015fl\u0131y\u0131m\u201d dedi, K\u00fcrtler tepki g\u00f6sterdi - Darka Mazi","robots":{"index":"index","follow":"follow","max-snippet":"max-snippet:-1","max-image-preview":"max-image-preview:large","max-video-preview":"max-video-preview:-1"},"canonical":"https:\/\/darkamazi.site\/archives\/1023600","og_locale":"en_US","og_type":"article","og_title":"Pervin Buldan \u201cBe\u015fikta\u015fl\u0131y\u0131m\u201d dedi, K\u00fcrtler tepki g\u00f6sterdi - Darka Mazi","og_description":"MHP lideri Devlet Bah\u00e7eli&#8217;nin Be\u015fikta\u015f \u00fcyeli\u011finden istifa etmesinin ard\u0131ndan HDP E\u015f Genel Ba\u015fkan\u0131 Pervin Buldan sosyal medya hesab\u0131ndan &#8220;Ben Be\u015fikta\u015fl\u0131y\u0131m\u2026&#8221; payla\u015f\u0131m\u0131nda bulundu. K\u00fcrtler tepki g\u00f6sterdi. Fenerbah\u00e7e- Konyaspor ma\u00e7\u0131ndaki \u201ch\u00fck\u00fcmet istifa\u201d tezah\u00fcratlar\u0131ndan bug\u00fcn Be\u015fikta\u015f- Antalyaspor ma\u00e7\u0131nda da benzer olaylar ya\u015fanmas\u0131 sonras\u0131 MHP Genel Ba\u015fkan\u0131 Devlet Bah\u00e7eli, taraftar\u0131 oldu\u011fu Be\u015fikta\u015f kul\u00fcb\u00fc \u00fcyeli\u011finden istifa etti. Bah\u00e7eli&#8217;nin ses getiren [&hellip;]","og_url":"https:\/\/darkamazi.site\/archives\/1023600","og_site_name":"Darka Mazi","article_publisher":"https:\/\/www.facebook.com\/DarkaMaziturkce","article_published_time":"2023-02-27T08:19:36+00:00","og_image":[{"width":1920,"height":1088,"url":"https:\/\/darkamazi.site\/file\/2023\/02\/Pervin.jpg","type":"image\/jpeg"}],"author":"darka mazi","twitter_card":"summary_large_image","twitter_creator":"@DarkaMaziTurkce","twitter_site":"@DarkaMaziTurkce","twitter_misc":{"Written by":"darka mazi","Est. reading time":"1 minute"},"schema":{"@context":"https:\/\/schema.org","@graph":[{"@type":"NewsArticle","@id":"https:\/\/darkamazi.site\/archives\/1023600#article","isPartOf":{"@id":"https:\/\/darkamazi.site\/archives\/1023600"},"author":{"name":"darka mazi","@id":"https:\/\/darkamazi.site\/#\/schema\/person\/67986a95ac546c16760365877ef4a9d3"},"headline":"Pervin Buldan \u201cBe\u015fikta\u015fl\u0131y\u0131m\u201d dedi, K\u00fcrtler tepki g\u00f6sterdi","datePublished":"2023-02-27T08:19:36+00:00","mainEntityOfPage":{"@id":"https:\/\/darkamazi.site\/archives\/1023600"},"wordCount":276,"publisher":{"@id":"https:\/\/darkamazi.site\/#organization"},"image":{"@id":"https:\/\/darkamazi.site\/archives\/1023600#primaryimage"},"thumbnailUrl":"https:\/\/darkamazi.site\/file\/2023\/02\/Pervin.jpg","articleSection":["Kurdistan"],"inLanguage":"en-US"},{"@type":"WebPage","@id":"https:\/\/darkamazi.site\/archives\/1023600","url":"https:\/\/darkamazi.site\/archives\/1023600","name":"Pervin Buldan \u201cBe\u015fikta\u015fl\u0131y\u0131m\u201d dedi, K\u00fcrtler tepki g\u00f6sterdi - Darka Mazi","isPartOf":{"@id":"https:\/\/darkamazi.site\/#website"},"primaryImageOfPage":{"@id":"https:\/\/darkamazi.site\/archives\/1023600#primaryimage"},"image":{"@id":"https:\/\/darkamazi.site\/archives\/1023600#primaryimage"},"thumbnailUrl":"https:\/\/darkamazi.site\/file\/2023\/02\/Pervin.jpg","datePublished":"2023-02-27T08:19:36+00:00","breadcrumb":{"@id":"https:\/\/darkamazi.site\/archives\/1023600#breadcrumb"},"inLanguage":"en-US","potentialAction":[{"@type":"ReadAction","target":["https:\/\/darkamazi.site\/archives\/1023600"]}]},{"@type":"ImageObject","inLanguage":"en-US","@id":"https:\/\/darkamazi.site\/archives\/1023600#primaryimage","url":"https:\/\/darkamazi.site\/file\/2023\/02\/Pervin.jpg","contentUrl":"https:\/\/darkamazi.site\/file\/2023\/02\/Pervin.jpg","width":1920,"height":1088,"caption":"Pervin Buldan \u201cBe\u015fikta\u015fl\u0131y\u0131m\u201d dedi, K\u00fcrtler tepki g\u00f6sterdi"},{"@type":"BreadcrumbList","@id":"https:\/\/darkamazi.site\/archives\/1023600#breadcrumb","itemListElement":[{"@type":"ListItem","position":1,"name":"Home","item":"https:\/\/darkamazi.site\/"},{"@type":"ListItem","position":2,"name":"Pervin Buldan \u201cBe\u015fikta\u015fl\u0131y\u0131m\u201d dedi, K\u00fcrtler tepki g\u00f6sterdi"}]},{"@type":"WebSite","@id":"https:\/\/darkamazi.site\/#website","url":"https:\/\/darkamazi.site\/","name":"Darka Mazi","description":"Ana Sayfa","publisher":{"@id":"https:\/\/darkamazi.site\/#organization"},"potentialAction":[{"@type":"SearchAction","target":{"@type":"EntryPoint","urlTemplate":"https:\/\/darkamazi.site\/?s={search_term_string}"},"query-input":{"@type":"PropertyValueSpecification","valueRequired":true,"valueName":"search_term_string"}}],"inLanguage":"en-US"},{"@type":"Organization","@id":"https:\/\/darkamazi.site\/#organization","name":"Darka Mazi T\u00fcrk\u00e7e","alternateName":"Darka Mazi","url":"https:\/\/darkamazi.site\/","logo":{"@type":"ImageObject","inLanguage":"en-US","@id":"https:\/\/darkamazi.site\/#\/schema\/logo\/image\/","url":"https:\/\/darkamazi.site\/file\/2017\/12\/darka-mazi-logo.png","contentUrl":"https:\/\/darkamazi.site\/file\/2017\/12\/darka-mazi-logo.png","width":151,"height":75,"caption":"Darka Mazi T\u00fcrk\u00e7e"},"image":{"@id":"https:\/\/darkamazi.site\/#\/schema\/logo\/image\/"},"sameAs":["https:\/\/www.facebook.com\/DarkaMaziturkce","https:\/\/x.com\/DarkaMaziTurkce"]},{"@type":"Person","@id":"https:\/\/darkamazi.site\/#\/schema\/person\/67986a95ac546c16760365877ef4a9d3","name":"darka mazi","sameAs":["https:\/\/darkamazi.site"],"url":"https:\/\/darkamazi.site\/archives\/author\/turkish"}]}},"_links":{"self":[{"href":"https:\/\/darkamazi.site\/funavuv\/wp\/v2\/posts\/1023600","targetHints":{"allow":["GET"]}}],"collection":[{"href":"https:\/\/darkamazi.site\/funavuv\/wp\/v2\/posts"}],"about":[{"href":"https:\/\/darkamazi.site\/funavuv\/wp\/v2\/types\/post"}],"author":[{"embeddable":true,"href":"https:\/\/darkamazi.site\/funavuv\/wp\/v2\/users\/2"}],"replies":[{"embeddable":true,"href":"https:\/\/darkamazi.site\/funavuv\/wp\/v2\/comments?post=1023600"}],"version-history":[{"count":0,"href":"https:\/\/darkamazi.site\/funavuv\/wp\/v2\/posts\/1023600\/revisions"}],"wp:featuredmedia":[{"embeddable":true,"href":"https:\/\/darkamazi.site\/funavuv\/wp\/v2\/media\/1023601"}],"wp:attachment":[{"href":"https:\/\/darkamazi.site\/funavuv\/wp\/v2\/media?parent=1023600"}],"wp:term":[{"taxonomy":"category","embeddable":true,"href":"https:\/\/darkamazi.site\/funavuv\/wp\/v2\/categories?post=1023600"},{"taxonomy":"post_tag","embeddable":true,"href":"https:\/\/darkamazi.site\/funavuv\/wp\/v2\/tags?post=1023600"}],"curies":[{"name":"wp","href":"https:\/\/api.w.org\/{rel}","templated":true}]}}