{"id":1023671,"date":"2023-03-02T10:25:40","date_gmt":"2023-03-02T07:25:40","guid":{"rendered":"https:\/\/darkamazi.site\/?p=1023671"},"modified":"2026-03-31T16:21:27","modified_gmt":"2026-03-31T13:21:27","slug":"bm-genel-sekreteri-guterres-bugun-erbile-geliyor","status":"publish","type":"post","link":"https:\/\/darkamazi.site\/archives\/1023671","title":{"rendered":"BM Genel Sekreteri Guterres bug\u00fcn Erbil&#8217;e geliyor"},"content":{"rendered":"<p><span style=\"font-family: 'arial black', sans-serif\">Birle\u015fmi\u015f Milletler (BM) Genel Sekreteri Antonio Guterres bug\u00fcn yetkililerle g\u00f6r\u00fc\u015fmek \u00fczere Erbil&#8217;i ziyaret edecek. Guterres\u2019in daha sonra bir bas\u0131n toplant\u0131s\u0131 yapmas\u0131 bekleniyor.<\/span><\/p>\n<p>Ba\u015fkent Erbil\u2019de Ba\u015fkan Ne\u00e7irvan Barzani taraf\u0131ndan kar\u015f\u0131lanacak olan Guterres, Ba\u015fbakan Masrur Barzani, Parlamento Ba\u015fkan\u0131 Rewaz Fayeq ve Ba\u015fbakan Yard\u0131mc\u0131s\u0131 Kubad Talabani ile bir araya gelecek.<\/p>\n<p>Guterres daha sonra Ba\u011fdat ve Erbil temaslar\u0131 hakk\u0131nda bas\u0131n toplant\u0131s\u0131 d\u00fczenleyecek.<\/p>\n<p>Alt\u0131 y\u0131l aradan sonra tekrar Irak&#8217;\u0131 ziyaret eden BM Genel Sekreteri ilk kez g\u00f6reve geldi\u011fi 2017 bahar\u0131nda Ba\u011fdat\u2019a gelmi\u015fti.<\/p>\n<p>Guterres d\u00fcn Ba\u011fadat\u2019ta, Irak Cumhurba\u015fkan\u0131 Latif Re\u015fid ve Irak Ba\u015fbakan\u0131 Muhammed \u015eiya Sudani ile bir araya geldi.<\/p>\n","protected":false},"excerpt":{"rendered":"<p>Birle\u015fmi\u015f Milletler (BM) Genel Sekreteri Antonio Guterres bug\u00fcn yetkililerle g\u00f6r\u00fc\u015fmek \u00fczere Erbil&#8217;i ziyaret edecek. Guterres\u2019in daha sonra bir bas\u0131n toplant\u0131s\u0131 yapmas\u0131 bekleniyor. Ba\u015fkent Erbil\u2019de Ba\u015fkan Ne\u00e7irvan Barzani taraf\u0131ndan kar\u015f\u0131lanacak olan Guterres, Ba\u015fbakan Masrur Barzani, Parlamento Ba\u015fkan\u0131 Rewaz Fayeq ve Ba\u015fbakan Yard\u0131mc\u0131s\u0131 Kubad Talabani ile bir araya gelecek. Guterres daha sonra Ba\u011fdat ve Erbil temaslar\u0131 hakk\u0131nda [&hellip;]<\/p>\n","protected":false},"author":2,"featured_media":1023672,"comment_status":"closed","ping_status":"closed","sticky":false,"template":"","format":"standard","meta":{"footnotes":""},"categories":[3],"tags":[],"class_list":["post-1023671","post","type-post","status-publish","format-standard","has-post-thumbnail","hentry","category-kurdistan"],"blocksy_meta":[],"seo_head":"<!-- This site is optimized with the Yoast SEO plugin v27.5 - https:\/\/yoast.com\/product\/yoast-seo-wordpress\/ -->\n<title>BM Genel Sekreteri Guterres bug\u00fcn Erbil&#039;e geliyor - Darka Mazi<\/title>\n<meta name=\"robots\" content=\"index, follow, max-snippet:-1, max-image-preview:large, max-video-preview:-1\" \/>\n<link rel=\"canonical\" href=\"https:\/\/darkamazi.site\/archives\/1023671\" \/>\n<meta property=\"og:locale\" content=\"en_US\" \/>\n<meta property=\"og:type\" content=\"article\" \/>\n<meta property=\"og:title\" content=\"BM Genel Sekreteri Guterres bug\u00fcn Erbil&#039;e geliyor - Darka Mazi\" \/>\n<meta property=\"og:description\" content=\"Birle\u015fmi\u015f Milletler (BM) Genel Sekreteri Antonio Guterres bug\u00fcn yetkililerle g\u00f6r\u00fc\u015fmek \u00fczere Erbil&#8217;i ziyaret edecek. Guterres\u2019in daha sonra bir bas\u0131n toplant\u0131s\u0131 yapmas\u0131 bekleniyor. Ba\u015fkent Erbil\u2019de Ba\u015fkan Ne\u00e7irvan Barzani taraf\u0131ndan kar\u015f\u0131lanacak olan Guterres, Ba\u015fbakan Masrur Barzani, Parlamento Ba\u015fkan\u0131 Rewaz Fayeq ve Ba\u015fbakan Yard\u0131mc\u0131s\u0131 Kubad Talabani ile bir araya gelecek. Guterres daha sonra Ba\u011fdat ve Erbil temaslar\u0131 hakk\u0131nda [&hellip;]\" \/>\n<meta property=\"og:url\" content=\"https:\/\/darkamazi.site\/archives\/1023671\" \/>\n<meta property=\"og:site_name\" content=\"Darka Mazi\" \/>\n<meta property=\"article:publisher\" content=\"https:\/\/www.facebook.com\/DarkaMaziturkce\" \/>\n<meta property=\"article:published_time\" content=\"2023-03-02T07:25:40+00:00\" \/>\n<meta property=\"article:modified_time\" content=\"2026-03-31T13:21:27+00:00\" \/>\n<meta property=\"og:image\" content=\"https:\/\/darkamazi.site\/file\/2023\/03\/images.jpg\" \/>\n\t<meta property=\"og:image:width\" content=\"259\" \/>\n\t<meta property=\"og:image:height\" content=\"194\" \/>\n\t<meta property=\"og:image:type\" content=\"image\/jpeg\" \/>\n<meta name=\"author\" content=\"darka mazi\" \/>\n<meta name=\"twitter:card\" content=\"summary_large_image\" \/>\n<meta name=\"twitter:creator\" content=\"@DarkaMaziTurkce\" \/>\n<meta name=\"twitter:site\" content=\"@DarkaMaziTurkce\" \/>\n<meta name=\"twitter:label1\" content=\"Written by\" \/>\n\t<meta name=\"twitter:data1\" content=\"darka mazi\" \/>\n\t<meta name=\"twitter:label2\" content=\"Est. reading time\" \/>\n\t<meta name=\"twitter:data2\" content=\"1 minute\" \/>\n<script type=\"application\/ld+json\" class=\"seo-schema-graph\">{\"@context\":\"https:\\\/\\\/schema.org\",\"@graph\":[{\"@type\":\"NewsArticle\",\"@id\":\"https:\\\/\\\/darkamazi.site\\\/archives\\\/1023671#article\",\"isPartOf\":{\"@id\":\"https:\\\/\\\/darkamazi.site\\\/archives\\\/1023671\"},\"author\":{\"name\":\"darka mazi\",\"@id\":\"https:\\\/\\\/darkamazi.site\\\/#\\\/schema\\\/person\\\/67986a95ac546c16760365877ef4a9d3\"},\"headline\":\"BM Genel Sekreteri Guterres bug\u00fcn Erbil&#8217;e geliyor\",\"datePublished\":\"2023-03-02T07:25:40+00:00\",\"dateModified\":\"2026-03-31T13:21:27+00:00\",\"mainEntityOfPage\":{\"@id\":\"https:\\\/\\\/darkamazi.site\\\/archives\\\/1023671\"},\"wordCount\":139,\"publisher\":{\"@id\":\"https:\\\/\\\/darkamazi.site\\\/#organization\"},\"image\":{\"@id\":\"https:\\\/\\\/darkamazi.site\\\/archives\\\/1023671#primaryimage\"},\"thumbnailUrl\":\"https:\\\/\\\/darkamazi.site\\\/darka-content\\\/uploads\\\/2023\\\/03\\\/images.jpg\",\"articleSection\":[\"Kurdistan\"],\"inLanguage\":\"en-US\"},{\"@type\":\"WebPage\",\"@id\":\"https:\\\/\\\/darkamazi.site\\\/archives\\\/1023671\",\"url\":\"https:\\\/\\\/darkamazi.site\\\/archives\\\/1023671\",\"name\":\"BM Genel Sekreteri Guterres bug\u00fcn Erbil'e geliyor - Darka Mazi\",\"isPartOf\":{\"@id\":\"https:\\\/\\\/darkamazi.site\\\/#website\"},\"primaryImageOfPage\":{\"@id\":\"https:\\\/\\\/darkamazi.site\\\/archives\\\/1023671#primaryimage\"},\"image\":{\"@id\":\"https:\\\/\\\/darkamazi.site\\\/archives\\\/1023671#primaryimage\"},\"thumbnailUrl\":\"https:\\\/\\\/darkamazi.site\\\/darka-content\\\/uploads\\\/2023\\\/03\\\/images.jpg\",\"datePublished\":\"2023-03-02T07:25:40+00:00\",\"dateModified\":\"2026-03-31T13:21:27+00:00\",\"breadcrumb\":{\"@id\":\"https:\\\/\\\/darkamazi.site\\\/archives\\\/1023671#breadcrumb\"},\"inLanguage\":\"en-US\",\"potentialAction\":[{\"@type\":\"ReadAction\",\"target\":[\"https:\\\/\\\/darkamazi.site\\\/archives\\\/1023671\"]}]},{\"@type\":\"ImageObject\",\"inLanguage\":\"en-US\",\"@id\":\"https:\\\/\\\/darkamazi.site\\\/archives\\\/1023671#primaryimage\",\"url\":\"https:\\\/\\\/darkamazi.site\\\/darka-content\\\/uploads\\\/2023\\\/03\\\/images.jpg\",\"contentUrl\":\"https:\\\/\\\/darkamazi.site\\\/darka-content\\\/uploads\\\/2023\\\/03\\\/images.jpg\",\"width\":259,\"height\":194,\"caption\":\"BM Genel Sekreteri Guterres bug\u00fcn Erbil'e geliyor\"},{\"@type\":\"BreadcrumbList\",\"@id\":\"https:\\\/\\\/darkamazi.site\\\/archives\\\/1023671#breadcrumb\",\"itemListElement\":[{\"@type\":\"ListItem\",\"position\":1,\"name\":\"Home\",\"item\":\"https:\\\/\\\/darkamazi.site\\\/\"},{\"@type\":\"ListItem\",\"position\":2,\"name\":\"BM Genel Sekreteri Guterres bug\u00fcn Erbil&#8217;e geliyor\"}]},{\"@type\":\"WebSite\",\"@id\":\"https:\\\/\\\/darkamazi.site\\\/#website\",\"url\":\"https:\\\/\\\/darkamazi.site\\\/\",\"name\":\"Darka Mazi\",\"description\":\"Ana Sayfa\",\"publisher\":{\"@id\":\"https:\\\/\\\/darkamazi.site\\\/#organization\"},\"potentialAction\":[{\"@type\":\"SearchAction\",\"target\":{\"@type\":\"EntryPoint\",\"urlTemplate\":\"https:\\\/\\\/darkamazi.site\\\/?s={search_term_string}\"},\"query-input\":{\"@type\":\"PropertyValueSpecification\",\"valueRequired\":true,\"valueName\":\"search_term_string\"}}],\"inLanguage\":\"en-US\"},{\"@type\":\"Organization\",\"@id\":\"https:\\\/\\\/darkamazi.site\\\/#organization\",\"name\":\"Darka Mazi T\u00fcrk\u00e7e\",\"alternateName\":\"Darka Mazi\",\"url\":\"https:\\\/\\\/darkamazi.site\\\/\",\"logo\":{\"@type\":\"ImageObject\",\"inLanguage\":\"en-US\",\"@id\":\"https:\\\/\\\/darkamazi.site\\\/#\\\/schema\\\/logo\\\/image\\\/\",\"url\":\"https:\\\/\\\/darkamazi.site\\\/darka-content\\\/uploads\\\/2017\\\/12\\\/darka-mazi-logo.png\",\"contentUrl\":\"https:\\\/\\\/darkamazi.site\\\/darka-content\\\/uploads\\\/2017\\\/12\\\/darka-mazi-logo.png\",\"width\":151,\"height\":75,\"caption\":\"Darka Mazi T\u00fcrk\u00e7e\"},\"image\":{\"@id\":\"https:\\\/\\\/darkamazi.site\\\/#\\\/schema\\\/logo\\\/image\\\/\"},\"sameAs\":[\"https:\\\/\\\/www.facebook.com\\\/DarkaMaziturkce\",\"https:\\\/\\\/x.com\\\/DarkaMaziTurkce\"]},{\"@type\":\"Person\",\"@id\":\"https:\\\/\\\/darkamazi.site\\\/#\\\/schema\\\/person\\\/67986a95ac546c16760365877ef4a9d3\",\"name\":\"darka mazi\",\"sameAs\":[\"https:\\\/\\\/darkamazi.site\"],\"url\":\"https:\\\/\\\/darkamazi.site\\\/archives\\\/author\\\/turkish\"}]}<\/script>\n<!-- \/ Yoast SEO plugin. -->","seo_head_json":{"title":"BM Genel Sekreteri Guterres bug\u00fcn Erbil'e geliyor - Darka Mazi","robots":{"index":"index","follow":"follow","max-snippet":"max-snippet:-1","max-image-preview":"max-image-preview:large","max-video-preview":"max-video-preview:-1"},"canonical":"https:\/\/darkamazi.site\/archives\/1023671","og_locale":"en_US","og_type":"article","og_title":"BM Genel Sekreteri Guterres bug\u00fcn Erbil'e geliyor - Darka Mazi","og_description":"Birle\u015fmi\u015f Milletler (BM) Genel Sekreteri Antonio Guterres bug\u00fcn yetkililerle g\u00f6r\u00fc\u015fmek \u00fczere Erbil&#8217;i ziyaret edecek. Guterres\u2019in daha sonra bir bas\u0131n toplant\u0131s\u0131 yapmas\u0131 bekleniyor. Ba\u015fkent Erbil\u2019de Ba\u015fkan Ne\u00e7irvan Barzani taraf\u0131ndan kar\u015f\u0131lanacak olan Guterres, Ba\u015fbakan Masrur Barzani, Parlamento Ba\u015fkan\u0131 Rewaz Fayeq ve Ba\u015fbakan Yard\u0131mc\u0131s\u0131 Kubad Talabani ile bir araya gelecek. Guterres daha sonra Ba\u011fdat ve Erbil temaslar\u0131 hakk\u0131nda [&hellip;]","og_url":"https:\/\/darkamazi.site\/archives\/1023671","og_site_name":"Darka Mazi","article_publisher":"https:\/\/www.facebook.com\/DarkaMaziturkce","article_published_time":"2023-03-02T07:25:40+00:00","article_modified_time":"2026-03-31T13:21:27+00:00","og_image":[{"width":259,"height":194,"url":"https:\/\/darkamazi.site\/file\/2023\/03\/images.jpg","type":"image\/jpeg"}],"author":"darka mazi","twitter_card":"summary_large_image","twitter_creator":"@DarkaMaziTurkce","twitter_site":"@DarkaMaziTurkce","twitter_misc":{"Written by":"darka mazi","Est. reading time":"1 minute"},"schema":{"@context":"https:\/\/schema.org","@graph":[{"@type":"NewsArticle","@id":"https:\/\/darkamazi.site\/archives\/1023671#article","isPartOf":{"@id":"https:\/\/darkamazi.site\/archives\/1023671"},"author":{"name":"darka mazi","@id":"https:\/\/darkamazi.site\/#\/schema\/person\/67986a95ac546c16760365877ef4a9d3"},"headline":"BM Genel Sekreteri Guterres bug\u00fcn Erbil&#8217;e geliyor","datePublished":"2023-03-02T07:25:40+00:00","dateModified":"2026-03-31T13:21:27+00:00","mainEntityOfPage":{"@id":"https:\/\/darkamazi.site\/archives\/1023671"},"wordCount":139,"publisher":{"@id":"https:\/\/darkamazi.site\/#organization"},"image":{"@id":"https:\/\/darkamazi.site\/archives\/1023671#primaryimage"},"thumbnailUrl":"https:\/\/darkamazi.site\/file\/2023\/03\/images.jpg","articleSection":["Kurdistan"],"inLanguage":"en-US"},{"@type":"WebPage","@id":"https:\/\/darkamazi.site\/archives\/1023671","url":"https:\/\/darkamazi.site\/archives\/1023671","name":"BM Genel Sekreteri Guterres bug\u00fcn Erbil'e geliyor - Darka Mazi","isPartOf":{"@id":"https:\/\/darkamazi.site\/#website"},"primaryImageOfPage":{"@id":"https:\/\/darkamazi.site\/archives\/1023671#primaryimage"},"image":{"@id":"https:\/\/darkamazi.site\/archives\/1023671#primaryimage"},"thumbnailUrl":"https:\/\/darkamazi.site\/file\/2023\/03\/images.jpg","datePublished":"2023-03-02T07:25:40+00:00","dateModified":"2026-03-31T13:21:27+00:00","breadcrumb":{"@id":"https:\/\/darkamazi.site\/archives\/1023671#breadcrumb"},"inLanguage":"en-US","potentialAction":[{"@type":"ReadAction","target":["https:\/\/darkamazi.site\/archives\/1023671"]}]},{"@type":"ImageObject","inLanguage":"en-US","@id":"https:\/\/darkamazi.site\/archives\/1023671#primaryimage","url":"https:\/\/darkamazi.site\/file\/2023\/03\/images.jpg","contentUrl":"https:\/\/darkamazi.site\/file\/2023\/03\/images.jpg","width":259,"height":194,"caption":"BM Genel Sekreteri Guterres bug\u00fcn Erbil'e geliyor"},{"@type":"BreadcrumbList","@id":"https:\/\/darkamazi.site\/archives\/1023671#breadcrumb","itemListElement":[{"@type":"ListItem","position":1,"name":"Home","item":"https:\/\/darkamazi.site\/"},{"@type":"ListItem","position":2,"name":"BM Genel Sekreteri Guterres bug\u00fcn Erbil&#8217;e geliyor"}]},{"@type":"WebSite","@id":"https:\/\/darkamazi.site\/#website","url":"https:\/\/darkamazi.site\/","name":"Darka Mazi","description":"Ana Sayfa","publisher":{"@id":"https:\/\/darkamazi.site\/#organization"},"potentialAction":[{"@type":"SearchAction","target":{"@type":"EntryPoint","urlTemplate":"https:\/\/darkamazi.site\/?s={search_term_string}"},"query-input":{"@type":"PropertyValueSpecification","valueRequired":true,"valueName":"search_term_string"}}],"inLanguage":"en-US"},{"@type":"Organization","@id":"https:\/\/darkamazi.site\/#organization","name":"Darka Mazi T\u00fcrk\u00e7e","alternateName":"Darka Mazi","url":"https:\/\/darkamazi.site\/","logo":{"@type":"ImageObject","inLanguage":"en-US","@id":"https:\/\/darkamazi.site\/#\/schema\/logo\/image\/","url":"https:\/\/darkamazi.site\/file\/2017\/12\/darka-mazi-logo.png","contentUrl":"https:\/\/darkamazi.site\/file\/2017\/12\/darka-mazi-logo.png","width":151,"height":75,"caption":"Darka Mazi T\u00fcrk\u00e7e"},"image":{"@id":"https:\/\/darkamazi.site\/#\/schema\/logo\/image\/"},"sameAs":["https:\/\/www.facebook.com\/DarkaMaziturkce","https:\/\/x.com\/DarkaMaziTurkce"]},{"@type":"Person","@id":"https:\/\/darkamazi.site\/#\/schema\/person\/67986a95ac546c16760365877ef4a9d3","name":"darka mazi","sameAs":["https:\/\/darkamazi.site"],"url":"https:\/\/darkamazi.site\/archives\/author\/turkish"}]}},"_links":{"self":[{"href":"https:\/\/darkamazi.site\/funavuv\/wp\/v2\/posts\/1023671","targetHints":{"allow":["GET"]}}],"collection":[{"href":"https:\/\/darkamazi.site\/funavuv\/wp\/v2\/posts"}],"about":[{"href":"https:\/\/darkamazi.site\/funavuv\/wp\/v2\/types\/post"}],"author":[{"embeddable":true,"href":"https:\/\/darkamazi.site\/funavuv\/wp\/v2\/users\/2"}],"replies":[{"embeddable":true,"href":"https:\/\/darkamazi.site\/funavuv\/wp\/v2\/comments?post=1023671"}],"version-history":[{"count":0,"href":"https:\/\/darkamazi.site\/funavuv\/wp\/v2\/posts\/1023671\/revisions"}],"wp:featuredmedia":[{"embeddable":true,"href":"https:\/\/darkamazi.site\/funavuv\/wp\/v2\/media\/1023672"}],"wp:attachment":[{"href":"https:\/\/darkamazi.site\/funavuv\/wp\/v2\/media?parent=1023671"}],"wp:term":[{"taxonomy":"category","embeddable":true,"href":"https:\/\/darkamazi.site\/funavuv\/wp\/v2\/categories?post=1023671"},{"taxonomy":"post_tag","embeddable":true,"href":"https:\/\/darkamazi.site\/funavuv\/wp\/v2\/tags?post=1023671"}],"curies":[{"name":"wp","href":"https:\/\/api.w.org\/{rel}","templated":true}]}}