{"id":1023794,"date":"2023-03-07T13:50:44","date_gmt":"2023-03-07T10:50:44","guid":{"rendered":"https:\/\/darkamazi.site\/?p=1023794"},"modified":"2023-03-07T13:50:44","modified_gmt":"2023-03-07T10:50:44","slug":"abd-sozcusu-price-milley-suriyede-sadece-abd-askerleri-ile-gorustu","status":"publish","type":"post","link":"https:\/\/darkamazi.site\/archives\/1023794","title":{"rendered":"ABD s\u00f6zc\u00fcs\u00fc Price : Milley Suriye\u2019de sadece ABD askerleri ile g\u00f6r\u00fc\u015ft\u00fc"},"content":{"rendered":"<p><strong>ABD\u2019nin Ankara B\u00fcy\u00fckel\u00e7isi Jeff Flake\u2019in D\u0131\u015fi\u015fleri Bakanl\u0131\u011f\u0131&#8217;na \u00e7a\u011fr\u0131lmas\u0131n\u0131n ard\u0131ndan ABD&#8217;den, Genelkurmay Ba\u015fkan\u0131 Orgeneral Mark Milley&#8217;in Suriye ziyaretiyle ilgili a\u00e7\u0131klama yap\u0131ld\u0131.<\/strong><\/p>\n<p style=\"text-align: justify\">ABD D\u0131\u015fi\u015fleri Bakanl\u0131\u011f\u0131 S\u00f6zc\u00fcs\u00fc Ned Price, ABD Genelkurmay Ba\u015fkan\u0131 Orgeneral Mark Milley\u2019nin Suriye\u2019de sadece ABD askerleri ile g\u00f6r\u00fc\u015ft\u00fc\u011f\u00fcn\u00fc s\u00f6yledi.<\/p>\n<p style=\"text-align: justify\">Milley\u2019nin kuzeydo\u011fu Suriye\u2019yi ziyaret etmesinden sonra izahat vermek \u00fczere ABD\u2019nin Ankara B\u00fcy\u00fckel\u00e7isi Jeff Flake\u2019in D\u0131\u015fi\u015fleri Bakanl\u0131\u011f\u0131na \u00e7a\u011fr\u0131lmas\u0131, ABD D\u0131\u015fi\u015flerinin g\u00fcnl\u00fck bas\u0131n toplant\u0131s\u0131nda g\u00fcndeme geldi.<\/p>\n<p style=\"text-align: justify\">AA&#8217;n\u0131n haberine g\u00f6re Price,\u00a0burada yapt\u0131\u011f\u0131 a\u00e7\u0131klamada, &#8220;B\u00fcy\u00fckel\u00e7i Flake\u2019in toplant\u0131 ve g\u00f6r\u00fc\u015fmeler i\u00e7in T\u00fcrk D\u0131\u015fi\u015fleri Bakanl\u0131\u011f\u0131&#8217;na gitti\u011fini teyit ediyorum. Orgeneral Milley\u2019nin ziyareti konusunda elbetteki sizi Savunma Bakanl\u0131\u011f\u0131na y\u00f6nlendiriyorum ancak anlad\u0131\u011f\u0131m\u0131z kadar\u0131yla Orgeneral Milley sadece Suriye\u2019deki ABD askerlerini ziyaret etti ve sadece Amerikan askerleri ile g\u00f6r\u00fc\u015ft\u00fc\u201d dedi.<\/p>\n<p style=\"text-align: justify\">Bir gazetecinin, ABD ordusunun komutan\u0131n\u0131n ans\u0131z\u0131n bir yeri ziyaret etmesinin a\u00e7\u0131klamas\u0131n\u0131n ne oldu\u011funu sormas\u0131 \u00fczerine Price, ABD\u2019li komutan\u0131n, d\u00fcnyan\u0131n her yerinde g\u00f6revdeki ABD askerlerini her an ziyaret edebilece\u011fini ve Suriye ziyaretinin de b\u00f6yle bir \u015fey oldu\u011funu kaydetti.<\/p>\n<p style=\"text-align: justify\">S\u00f6zc\u00fc ayn\u0131 zamanda, Suriye\u2019de tek hedeflerinin I\u015e\u0130D ile m\u00fccadele ve bu hedefin T\u00fcrkiye dahil b\u00f6lgedeki ortaklar\u0131n da menfaatine oldu\u011funu savundu.<\/p>\n<p style=\"text-align: justify\">Milley, hafta sonu Suriye\u2019ye daha \u00f6nce yap\u0131laca\u011f\u0131 duyurulmayan bir ziyarette bulunmu\u015ftu.<\/p>\n<p style=\"text-align: justify\">ABD Genelkurmay Ba\u015fkanl\u0131\u011f\u0131 S\u00f6zc\u00fcs\u00fc Albay Dave Butler, &#8220;General Milley, (ABD&#8217;li) komutanlar ve askeri birliklerle g\u00f6r\u00fc\u015fmek \u00fczere Suriye&#8217;nin kuzeyini ziyaret etti. I\u015e\u0130D ile m\u00fccadele misyonuyla ilgili g\u00fcncel bilgileri ald\u0131, kuvvet koruma tedbirlerini inceledi ve Hol m\u00fclteci kamp\u0131ndaki m\u00fcltecilerin \u00fclkelerine iade edilmesi \u00e7abalar\u0131n\u0131 de\u011ferlendirdi&#8221; a\u00e7\u0131klamas\u0131nda bulunmu\u015ftu.<\/p>\n<p style=\"text-align: justify\">ABD&#8217;nin Ankara B\u00fcy\u00fckel\u00e7isi Flake de D\u0131\u015fi\u015flerine \u00e7a\u011fr\u0131lm\u0131\u015f ve Flake&#8217;den &#8216;Mark Milley&#8217;nin Suriye&#8217;nin kuzeydo\u011fusuna ger\u00e7ekle\u015ftirdi\u011fi ziyarete&#8217; ili\u015fkin izahat istenmi\u015fti.<\/p>\n<p>kaynak: Nerina Azad<\/p>\n","protected":false},"excerpt":{"rendered":"<p>ABD\u2019nin Ankara B\u00fcy\u00fckel\u00e7isi Jeff Flake\u2019in D\u0131\u015fi\u015fleri Bakanl\u0131\u011f\u0131&#8217;na \u00e7a\u011fr\u0131lmas\u0131n\u0131n ard\u0131ndan ABD&#8217;den, Genelkurmay Ba\u015fkan\u0131 Orgeneral Mark Milley&#8217;in Suriye ziyaretiyle ilgili a\u00e7\u0131klama yap\u0131ld\u0131. ABD D\u0131\u015fi\u015fleri Bakanl\u0131\u011f\u0131 S\u00f6zc\u00fcs\u00fc Ned Price, ABD Genelkurmay Ba\u015fkan\u0131 Orgeneral Mark Milley\u2019nin Suriye\u2019de sadece ABD askerleri ile g\u00f6r\u00fc\u015ft\u00fc\u011f\u00fcn\u00fc s\u00f6yledi. Milley\u2019nin kuzeydo\u011fu Suriye\u2019yi ziyaret etmesinden sonra izahat vermek \u00fczere ABD\u2019nin Ankara B\u00fcy\u00fckel\u00e7isi Jeff Flake\u2019in D\u0131\u015fi\u015fleri Bakanl\u0131\u011f\u0131na [&hellip;]<\/p>\n","protected":false},"author":2,"featured_media":1023795,"comment_status":"closed","ping_status":"closed","sticky":false,"template":"","format":"standard","meta":{"footnotes":""},"categories":[6],"tags":[31],"class_list":["post-1023794","post","type-post","status-publish","format-standard","has-post-thumbnail","hentry","category-dunya","tag-onemli"],"blocksy_meta":[],"seo_head":"<!-- This site is optimized with the Yoast SEO plugin v27.5 - https:\/\/yoast.com\/product\/yoast-seo-wordpress\/ -->\n<title>ABD s\u00f6zc\u00fcs\u00fc Price : Milley Suriye\u2019de sadece ABD askerleri ile g\u00f6r\u00fc\u015ft\u00fc - Darka Mazi<\/title>\n<meta name=\"robots\" content=\"index, follow, max-snippet:-1, max-image-preview:large, max-video-preview:-1\" \/>\n<link rel=\"canonical\" href=\"https:\/\/darkamazi.site\/archives\/1023794\" \/>\n<meta property=\"og:locale\" content=\"en_US\" \/>\n<meta property=\"og:type\" content=\"article\" \/>\n<meta property=\"og:title\" content=\"ABD s\u00f6zc\u00fcs\u00fc Price : Milley Suriye\u2019de sadece ABD askerleri ile g\u00f6r\u00fc\u015ft\u00fc - Darka Mazi\" \/>\n<meta property=\"og:description\" content=\"ABD\u2019nin Ankara B\u00fcy\u00fckel\u00e7isi Jeff Flake\u2019in D\u0131\u015fi\u015fleri Bakanl\u0131\u011f\u0131&#8217;na \u00e7a\u011fr\u0131lmas\u0131n\u0131n ard\u0131ndan ABD&#8217;den, Genelkurmay Ba\u015fkan\u0131 Orgeneral Mark Milley&#8217;in Suriye ziyaretiyle ilgili a\u00e7\u0131klama yap\u0131ld\u0131. ABD D\u0131\u015fi\u015fleri Bakanl\u0131\u011f\u0131 S\u00f6zc\u00fcs\u00fc Ned Price, ABD Genelkurmay Ba\u015fkan\u0131 Orgeneral Mark Milley\u2019nin Suriye\u2019de sadece ABD askerleri ile g\u00f6r\u00fc\u015ft\u00fc\u011f\u00fcn\u00fc s\u00f6yledi. Milley\u2019nin kuzeydo\u011fu Suriye\u2019yi ziyaret etmesinden sonra izahat vermek \u00fczere ABD\u2019nin Ankara B\u00fcy\u00fckel\u00e7isi Jeff Flake\u2019in D\u0131\u015fi\u015fleri Bakanl\u0131\u011f\u0131na [&hellip;]\" \/>\n<meta property=\"og:url\" content=\"https:\/\/darkamazi.site\/archives\/1023794\" \/>\n<meta property=\"og:site_name\" content=\"Darka Mazi\" \/>\n<meta property=\"article:publisher\" content=\"https:\/\/www.facebook.com\/DarkaMaziturkce\" \/>\n<meta property=\"article:published_time\" content=\"2023-03-07T10:50:44+00:00\" \/>\n<meta property=\"og:image\" content=\"https:\/\/darkamazi.site\/file\/2023\/03\/Mark-Milley-Rojava.jpg\" \/>\n\t<meta property=\"og:image:width\" content=\"1210\" \/>\n\t<meta property=\"og:image:height\" content=\"805\" \/>\n\t<meta property=\"og:image:type\" content=\"image\/jpeg\" \/>\n<meta name=\"author\" content=\"darka mazi\" \/>\n<meta name=\"twitter:card\" content=\"summary_large_image\" \/>\n<meta name=\"twitter:creator\" content=\"@DarkaMaziTurkce\" \/>\n<meta name=\"twitter:site\" content=\"@DarkaMaziTurkce\" \/>\n<meta name=\"twitter:label1\" content=\"Written by\" \/>\n\t<meta name=\"twitter:data1\" content=\"darka mazi\" \/>\n\t<meta name=\"twitter:label2\" content=\"Est. reading time\" \/>\n\t<meta name=\"twitter:data2\" content=\"2 minutes\" \/>\n<script type=\"application\/ld+json\" class=\"seo-schema-graph\">{\"@context\":\"https:\\\/\\\/schema.org\",\"@graph\":[{\"@type\":\"NewsArticle\",\"@id\":\"https:\\\/\\\/darkamazi.site\\\/archives\\\/1023794#article\",\"isPartOf\":{\"@id\":\"https:\\\/\\\/darkamazi.site\\\/archives\\\/1023794\"},\"author\":{\"name\":\"darka mazi\",\"@id\":\"https:\\\/\\\/darkamazi.site\\\/#\\\/schema\\\/person\\\/67986a95ac546c16760365877ef4a9d3\"},\"headline\":\"ABD s\u00f6zc\u00fcs\u00fc Price : Milley Suriye\u2019de sadece ABD askerleri ile g\u00f6r\u00fc\u015ft\u00fc\",\"datePublished\":\"2023-03-07T10:50:44+00:00\",\"mainEntityOfPage\":{\"@id\":\"https:\\\/\\\/darkamazi.site\\\/archives\\\/1023794\"},\"wordCount\":394,\"publisher\":{\"@id\":\"https:\\\/\\\/darkamazi.site\\\/#organization\"},\"image\":{\"@id\":\"https:\\\/\\\/darkamazi.site\\\/archives\\\/1023794#primaryimage\"},\"thumbnailUrl\":\"https:\\\/\\\/darkamazi.site\\\/darka-content\\\/uploads\\\/2023\\\/03\\\/Mark-Milley-Rojava.jpg\",\"keywords\":[\"\u00f6nemli\"],\"articleSection\":[\"D\u00fcnya\"],\"inLanguage\":\"en-US\"},{\"@type\":\"WebPage\",\"@id\":\"https:\\\/\\\/darkamazi.site\\\/archives\\\/1023794\",\"url\":\"https:\\\/\\\/darkamazi.site\\\/archives\\\/1023794\",\"name\":\"ABD s\u00f6zc\u00fcs\u00fc Price : Milley Suriye\u2019de sadece ABD askerleri ile g\u00f6r\u00fc\u015ft\u00fc - Darka Mazi\",\"isPartOf\":{\"@id\":\"https:\\\/\\\/darkamazi.site\\\/#website\"},\"primaryImageOfPage\":{\"@id\":\"https:\\\/\\\/darkamazi.site\\\/archives\\\/1023794#primaryimage\"},\"image\":{\"@id\":\"https:\\\/\\\/darkamazi.site\\\/archives\\\/1023794#primaryimage\"},\"thumbnailUrl\":\"https:\\\/\\\/darkamazi.site\\\/darka-content\\\/uploads\\\/2023\\\/03\\\/Mark-Milley-Rojava.jpg\",\"datePublished\":\"2023-03-07T10:50:44+00:00\",\"breadcrumb\":{\"@id\":\"https:\\\/\\\/darkamazi.site\\\/archives\\\/1023794#breadcrumb\"},\"inLanguage\":\"en-US\",\"potentialAction\":[{\"@type\":\"ReadAction\",\"target\":[\"https:\\\/\\\/darkamazi.site\\\/archives\\\/1023794\"]}]},{\"@type\":\"ImageObject\",\"inLanguage\":\"en-US\",\"@id\":\"https:\\\/\\\/darkamazi.site\\\/archives\\\/1023794#primaryimage\",\"url\":\"https:\\\/\\\/darkamazi.site\\\/darka-content\\\/uploads\\\/2023\\\/03\\\/Mark-Milley-Rojava.jpg\",\"contentUrl\":\"https:\\\/\\\/darkamazi.site\\\/darka-content\\\/uploads\\\/2023\\\/03\\\/Mark-Milley-Rojava.jpg\",\"width\":1210,\"height\":805,\"caption\":\"ABD\u2019nin Ankara B\u00fcy\u00fckel\u00e7isi Jeff Flake\u2019in D\u0131\u015fi\u015fleri Bakanl\u0131\u011f\u0131'na \u00e7a\u011fr\u0131lmas\u0131n\u0131n ard\u0131ndan ABD'den, Genelkurmay Ba\u015fkan\u0131 Orgeneral Mark Milley'in Suriye ziyaretiyle ilgili a\u00e7\u0131klama yap\u0131ld\u0131.\"},{\"@type\":\"BreadcrumbList\",\"@id\":\"https:\\\/\\\/darkamazi.site\\\/archives\\\/1023794#breadcrumb\",\"itemListElement\":[{\"@type\":\"ListItem\",\"position\":1,\"name\":\"Home\",\"item\":\"https:\\\/\\\/darkamazi.site\\\/\"},{\"@type\":\"ListItem\",\"position\":2,\"name\":\"ABD s\u00f6zc\u00fcs\u00fc Price : Milley Suriye\u2019de sadece ABD askerleri ile g\u00f6r\u00fc\u015ft\u00fc\"}]},{\"@type\":\"WebSite\",\"@id\":\"https:\\\/\\\/darkamazi.site\\\/#website\",\"url\":\"https:\\\/\\\/darkamazi.site\\\/\",\"name\":\"Darka Mazi\",\"description\":\"Ana Sayfa\",\"publisher\":{\"@id\":\"https:\\\/\\\/darkamazi.site\\\/#organization\"},\"potentialAction\":[{\"@type\":\"SearchAction\",\"target\":{\"@type\":\"EntryPoint\",\"urlTemplate\":\"https:\\\/\\\/darkamazi.site\\\/?s={search_term_string}\"},\"query-input\":{\"@type\":\"PropertyValueSpecification\",\"valueRequired\":true,\"valueName\":\"search_term_string\"}}],\"inLanguage\":\"en-US\"},{\"@type\":\"Organization\",\"@id\":\"https:\\\/\\\/darkamazi.site\\\/#organization\",\"name\":\"Darka Mazi T\u00fcrk\u00e7e\",\"alternateName\":\"Darka Mazi\",\"url\":\"https:\\\/\\\/darkamazi.site\\\/\",\"logo\":{\"@type\":\"ImageObject\",\"inLanguage\":\"en-US\",\"@id\":\"https:\\\/\\\/darkamazi.site\\\/#\\\/schema\\\/logo\\\/image\\\/\",\"url\":\"https:\\\/\\\/darkamazi.site\\\/darka-content\\\/uploads\\\/2017\\\/12\\\/darka-mazi-logo.png\",\"contentUrl\":\"https:\\\/\\\/darkamazi.site\\\/darka-content\\\/uploads\\\/2017\\\/12\\\/darka-mazi-logo.png\",\"width\":151,\"height\":75,\"caption\":\"Darka Mazi T\u00fcrk\u00e7e\"},\"image\":{\"@id\":\"https:\\\/\\\/darkamazi.site\\\/#\\\/schema\\\/logo\\\/image\\\/\"},\"sameAs\":[\"https:\\\/\\\/www.facebook.com\\\/DarkaMaziturkce\",\"https:\\\/\\\/x.com\\\/DarkaMaziTurkce\"]},{\"@type\":\"Person\",\"@id\":\"https:\\\/\\\/darkamazi.site\\\/#\\\/schema\\\/person\\\/67986a95ac546c16760365877ef4a9d3\",\"name\":\"darka mazi\",\"sameAs\":[\"https:\\\/\\\/darkamazi.site\"],\"url\":\"https:\\\/\\\/darkamazi.site\\\/archives\\\/author\\\/turkish\"}]}<\/script>\n<!-- \/ Yoast SEO plugin. -->","seo_head_json":{"title":"ABD s\u00f6zc\u00fcs\u00fc Price : Milley Suriye\u2019de sadece ABD askerleri ile g\u00f6r\u00fc\u015ft\u00fc - Darka Mazi","robots":{"index":"index","follow":"follow","max-snippet":"max-snippet:-1","max-image-preview":"max-image-preview:large","max-video-preview":"max-video-preview:-1"},"canonical":"https:\/\/darkamazi.site\/archives\/1023794","og_locale":"en_US","og_type":"article","og_title":"ABD s\u00f6zc\u00fcs\u00fc Price : Milley Suriye\u2019de sadece ABD askerleri ile g\u00f6r\u00fc\u015ft\u00fc - Darka Mazi","og_description":"ABD\u2019nin Ankara B\u00fcy\u00fckel\u00e7isi Jeff Flake\u2019in D\u0131\u015fi\u015fleri Bakanl\u0131\u011f\u0131&#8217;na \u00e7a\u011fr\u0131lmas\u0131n\u0131n ard\u0131ndan ABD&#8217;den, Genelkurmay Ba\u015fkan\u0131 Orgeneral Mark Milley&#8217;in Suriye ziyaretiyle ilgili a\u00e7\u0131klama yap\u0131ld\u0131. ABD D\u0131\u015fi\u015fleri Bakanl\u0131\u011f\u0131 S\u00f6zc\u00fcs\u00fc Ned Price, ABD Genelkurmay Ba\u015fkan\u0131 Orgeneral Mark Milley\u2019nin Suriye\u2019de sadece ABD askerleri ile g\u00f6r\u00fc\u015ft\u00fc\u011f\u00fcn\u00fc s\u00f6yledi. Milley\u2019nin kuzeydo\u011fu Suriye\u2019yi ziyaret etmesinden sonra izahat vermek \u00fczere ABD\u2019nin Ankara B\u00fcy\u00fckel\u00e7isi Jeff Flake\u2019in D\u0131\u015fi\u015fleri Bakanl\u0131\u011f\u0131na [&hellip;]","og_url":"https:\/\/darkamazi.site\/archives\/1023794","og_site_name":"Darka Mazi","article_publisher":"https:\/\/www.facebook.com\/DarkaMaziturkce","article_published_time":"2023-03-07T10:50:44+00:00","og_image":[{"width":1210,"height":805,"url":"https:\/\/darkamazi.site\/file\/2023\/03\/Mark-Milley-Rojava.jpg","type":"image\/jpeg"}],"author":"darka mazi","twitter_card":"summary_large_image","twitter_creator":"@DarkaMaziTurkce","twitter_site":"@DarkaMaziTurkce","twitter_misc":{"Written by":"darka mazi","Est. reading time":"2 minutes"},"schema":{"@context":"https:\/\/schema.org","@graph":[{"@type":"NewsArticle","@id":"https:\/\/darkamazi.site\/archives\/1023794#article","isPartOf":{"@id":"https:\/\/darkamazi.site\/archives\/1023794"},"author":{"name":"darka mazi","@id":"https:\/\/darkamazi.site\/#\/schema\/person\/67986a95ac546c16760365877ef4a9d3"},"headline":"ABD s\u00f6zc\u00fcs\u00fc Price : Milley Suriye\u2019de sadece ABD askerleri ile g\u00f6r\u00fc\u015ft\u00fc","datePublished":"2023-03-07T10:50:44+00:00","mainEntityOfPage":{"@id":"https:\/\/darkamazi.site\/archives\/1023794"},"wordCount":394,"publisher":{"@id":"https:\/\/darkamazi.site\/#organization"},"image":{"@id":"https:\/\/darkamazi.site\/archives\/1023794#primaryimage"},"thumbnailUrl":"https:\/\/darkamazi.site\/file\/2023\/03\/Mark-Milley-Rojava.jpg","keywords":["\u00f6nemli"],"articleSection":["D\u00fcnya"],"inLanguage":"en-US"},{"@type":"WebPage","@id":"https:\/\/darkamazi.site\/archives\/1023794","url":"https:\/\/darkamazi.site\/archives\/1023794","name":"ABD s\u00f6zc\u00fcs\u00fc Price : Milley Suriye\u2019de sadece ABD askerleri ile g\u00f6r\u00fc\u015ft\u00fc - Darka Mazi","isPartOf":{"@id":"https:\/\/darkamazi.site\/#website"},"primaryImageOfPage":{"@id":"https:\/\/darkamazi.site\/archives\/1023794#primaryimage"},"image":{"@id":"https:\/\/darkamazi.site\/archives\/1023794#primaryimage"},"thumbnailUrl":"https:\/\/darkamazi.site\/file\/2023\/03\/Mark-Milley-Rojava.jpg","datePublished":"2023-03-07T10:50:44+00:00","breadcrumb":{"@id":"https:\/\/darkamazi.site\/archives\/1023794#breadcrumb"},"inLanguage":"en-US","potentialAction":[{"@type":"ReadAction","target":["https:\/\/darkamazi.site\/archives\/1023794"]}]},{"@type":"ImageObject","inLanguage":"en-US","@id":"https:\/\/darkamazi.site\/archives\/1023794#primaryimage","url":"https:\/\/darkamazi.site\/file\/2023\/03\/Mark-Milley-Rojava.jpg","contentUrl":"https:\/\/darkamazi.site\/file\/2023\/03\/Mark-Milley-Rojava.jpg","width":1210,"height":805,"caption":"ABD\u2019nin Ankara B\u00fcy\u00fckel\u00e7isi Jeff Flake\u2019in D\u0131\u015fi\u015fleri Bakanl\u0131\u011f\u0131'na \u00e7a\u011fr\u0131lmas\u0131n\u0131n ard\u0131ndan ABD'den, Genelkurmay Ba\u015fkan\u0131 Orgeneral Mark Milley'in Suriye ziyaretiyle ilgili a\u00e7\u0131klama yap\u0131ld\u0131."},{"@type":"BreadcrumbList","@id":"https:\/\/darkamazi.site\/archives\/1023794#breadcrumb","itemListElement":[{"@type":"ListItem","position":1,"name":"Home","item":"https:\/\/darkamazi.site\/"},{"@type":"ListItem","position":2,"name":"ABD s\u00f6zc\u00fcs\u00fc Price : Milley Suriye\u2019de sadece ABD askerleri ile g\u00f6r\u00fc\u015ft\u00fc"}]},{"@type":"WebSite","@id":"https:\/\/darkamazi.site\/#website","url":"https:\/\/darkamazi.site\/","name":"Darka Mazi","description":"Ana Sayfa","publisher":{"@id":"https:\/\/darkamazi.site\/#organization"},"potentialAction":[{"@type":"SearchAction","target":{"@type":"EntryPoint","urlTemplate":"https:\/\/darkamazi.site\/?s={search_term_string}"},"query-input":{"@type":"PropertyValueSpecification","valueRequired":true,"valueName":"search_term_string"}}],"inLanguage":"en-US"},{"@type":"Organization","@id":"https:\/\/darkamazi.site\/#organization","name":"Darka Mazi T\u00fcrk\u00e7e","alternateName":"Darka Mazi","url":"https:\/\/darkamazi.site\/","logo":{"@type":"ImageObject","inLanguage":"en-US","@id":"https:\/\/darkamazi.site\/#\/schema\/logo\/image\/","url":"https:\/\/darkamazi.site\/file\/2017\/12\/darka-mazi-logo.png","contentUrl":"https:\/\/darkamazi.site\/file\/2017\/12\/darka-mazi-logo.png","width":151,"height":75,"caption":"Darka Mazi T\u00fcrk\u00e7e"},"image":{"@id":"https:\/\/darkamazi.site\/#\/schema\/logo\/image\/"},"sameAs":["https:\/\/www.facebook.com\/DarkaMaziturkce","https:\/\/x.com\/DarkaMaziTurkce"]},{"@type":"Person","@id":"https:\/\/darkamazi.site\/#\/schema\/person\/67986a95ac546c16760365877ef4a9d3","name":"darka mazi","sameAs":["https:\/\/darkamazi.site"],"url":"https:\/\/darkamazi.site\/archives\/author\/turkish"}]}},"_links":{"self":[{"href":"https:\/\/darkamazi.site\/funavuv\/wp\/v2\/posts\/1023794","targetHints":{"allow":["GET"]}}],"collection":[{"href":"https:\/\/darkamazi.site\/funavuv\/wp\/v2\/posts"}],"about":[{"href":"https:\/\/darkamazi.site\/funavuv\/wp\/v2\/types\/post"}],"author":[{"embeddable":true,"href":"https:\/\/darkamazi.site\/funavuv\/wp\/v2\/users\/2"}],"replies":[{"embeddable":true,"href":"https:\/\/darkamazi.site\/funavuv\/wp\/v2\/comments?post=1023794"}],"version-history":[{"count":0,"href":"https:\/\/darkamazi.site\/funavuv\/wp\/v2\/posts\/1023794\/revisions"}],"wp:featuredmedia":[{"embeddable":true,"href":"https:\/\/darkamazi.site\/funavuv\/wp\/v2\/media\/1023795"}],"wp:attachment":[{"href":"https:\/\/darkamazi.site\/funavuv\/wp\/v2\/media?parent=1023794"}],"wp:term":[{"taxonomy":"category","embeddable":true,"href":"https:\/\/darkamazi.site\/funavuv\/wp\/v2\/categories?post=1023794"},{"taxonomy":"post_tag","embeddable":true,"href":"https:\/\/darkamazi.site\/funavuv\/wp\/v2\/tags?post=1023794"}],"curies":[{"name":"wp","href":"https:\/\/api.w.org\/{rel}","templated":true}]}}