{"id":1023821,"date":"2023-03-08T11:24:32","date_gmt":"2023-03-08T08:24:32","guid":{"rendered":"https:\/\/darkamazi.site\/?p=1023821"},"modified":"2023-03-08T11:24:32","modified_gmt":"2023-03-08T08:24:32","slug":"baskan-barzani-8-mart-dunya-kadinlar-gununu-kutladi","status":"publish","type":"post","link":"https:\/\/darkamazi.site\/archives\/1023821","title":{"rendered":"Ba\u015fkan Barzani 8 Mart D\u00fcnya Kad\u0131nlar G\u00fcn\u00fc&#8217;n\u00fc kutlad\u0131"},"content":{"rendered":"<p style=\"text-align: justify\">D\u00fcnya Kad\u0131nlar G\u00fcn\u00fc\u2019n\u00fc kutlayan Ba\u015fkan Barzani, \u201cK\u00fcrt kad\u0131nlar\u0131n\u0131n rol\u00fcn\u00fc not etmek gerekir, emekleri ve fedakarl\u0131klar\u0131 sonsuza dek haf\u0131zam\u0131zda kalacakt\u0131r\u201d dedi.<\/p>\n<p style=\"text-align: justify\">Ba\u015fkan Mesud Barzani, Twitter hesab\u0131ndan D\u00fcnya Kad\u0131nlar G\u00fcn\u00fc dolay\u0131s\u0131yla bir kutlama mesaj\u0131 yay\u0131mlad\u0131.<\/p>\n<p style=\"text-align: justify\">\u201cK\u00fcrdistan, Irak ve d\u00fcnya kad\u0131nlar\u0131n\u0131n D\u00fcnya Kad\u0131nlar G\u00fcn\u00fc kutlu olsun\u201d diyen Ba\u015fkan Barzani, \u201cM\u00fccadelemiz boyunca K\u00fcrt kad\u0131nlar\u0131n\u0131n rol\u00fcn\u00fc not etmek gerekir, emekleri ve fedakarl\u0131klar\u0131 sonsuza dek haf\u0131zam\u0131zda kalacakt\u0131r\u201d ifadelerini kulland\u0131.<\/p>\n","protected":false},"excerpt":{"rendered":"<p>D\u00fcnya Kad\u0131nlar G\u00fcn\u00fc\u2019n\u00fc kutlayan Ba\u015fkan Barzani, \u201cK\u00fcrt kad\u0131nlar\u0131n\u0131n rol\u00fcn\u00fc not etmek gerekir, emekleri ve fedakarl\u0131klar\u0131 sonsuza dek haf\u0131zam\u0131zda kalacakt\u0131r\u201d dedi. Ba\u015fkan Mesud Barzani, Twitter hesab\u0131ndan D\u00fcnya Kad\u0131nlar G\u00fcn\u00fc dolay\u0131s\u0131yla bir kutlama mesaj\u0131 yay\u0131mlad\u0131. \u201cK\u00fcrdistan, Irak ve d\u00fcnya kad\u0131nlar\u0131n\u0131n D\u00fcnya Kad\u0131nlar G\u00fcn\u00fc kutlu olsun\u201d diyen Ba\u015fkan Barzani, \u201cM\u00fccadelemiz boyunca K\u00fcrt kad\u0131nlar\u0131n\u0131n rol\u00fcn\u00fc not etmek gerekir, emekleri [&hellip;]<\/p>\n","protected":false},"author":2,"featured_media":1023822,"comment_status":"closed","ping_status":"closed","sticky":false,"template":"","format":"standard","meta":{"footnotes":""},"categories":[3],"tags":[31],"class_list":["post-1023821","post","type-post","status-publish","format-standard","has-post-thumbnail","hentry","category-kurdistan","tag-onemli"],"blocksy_meta":[],"seo_head":"<!-- This site is optimized with the Yoast SEO plugin v27.5 - https:\/\/yoast.com\/product\/yoast-seo-wordpress\/ -->\n<title>Ba\u015fkan Barzani 8 Mart D\u00fcnya Kad\u0131nlar G\u00fcn\u00fc&#039;n\u00fc kutlad\u0131 - Darka Mazi<\/title>\n<meta name=\"robots\" content=\"index, follow, max-snippet:-1, max-image-preview:large, max-video-preview:-1\" \/>\n<link rel=\"canonical\" href=\"https:\/\/darkamazi.site\/archives\/1023821\" \/>\n<meta property=\"og:locale\" content=\"en_US\" \/>\n<meta property=\"og:type\" content=\"article\" \/>\n<meta property=\"og:title\" content=\"Ba\u015fkan Barzani 8 Mart D\u00fcnya Kad\u0131nlar G\u00fcn\u00fc&#039;n\u00fc kutlad\u0131 - Darka Mazi\" \/>\n<meta property=\"og:description\" content=\"D\u00fcnya Kad\u0131nlar G\u00fcn\u00fc\u2019n\u00fc kutlayan Ba\u015fkan Barzani, \u201cK\u00fcrt kad\u0131nlar\u0131n\u0131n rol\u00fcn\u00fc not etmek gerekir, emekleri ve fedakarl\u0131klar\u0131 sonsuza dek haf\u0131zam\u0131zda kalacakt\u0131r\u201d dedi. Ba\u015fkan Mesud Barzani, Twitter hesab\u0131ndan D\u00fcnya Kad\u0131nlar G\u00fcn\u00fc dolay\u0131s\u0131yla bir kutlama mesaj\u0131 yay\u0131mlad\u0131. \u201cK\u00fcrdistan, Irak ve d\u00fcnya kad\u0131nlar\u0131n\u0131n D\u00fcnya Kad\u0131nlar G\u00fcn\u00fc kutlu olsun\u201d diyen Ba\u015fkan Barzani, \u201cM\u00fccadelemiz boyunca K\u00fcrt kad\u0131nlar\u0131n\u0131n rol\u00fcn\u00fc not etmek gerekir, emekleri [&hellip;]\" \/>\n<meta property=\"og:url\" content=\"https:\/\/darkamazi.site\/archives\/1023821\" \/>\n<meta property=\"og:site_name\" content=\"Darka Mazi\" \/>\n<meta property=\"article:publisher\" content=\"https:\/\/www.facebook.com\/DarkaMaziturkce\" \/>\n<meta property=\"article:published_time\" content=\"2023-03-08T08:24:32+00:00\" \/>\n<meta property=\"og:image\" content=\"https:\/\/darkamazi.site\/file\/2023\/03\/Barzani-foto-kullanilamali.jpg\" \/>\n\t<meta property=\"og:image:width\" content=\"976\" \/>\n\t<meta property=\"og:image:height\" content=\"549\" \/>\n\t<meta property=\"og:image:type\" content=\"image\/jpeg\" \/>\n<meta name=\"author\" content=\"darka mazi\" \/>\n<meta name=\"twitter:card\" content=\"summary_large_image\" \/>\n<meta name=\"twitter:creator\" content=\"@DarkaMaziTurkce\" \/>\n<meta name=\"twitter:site\" content=\"@DarkaMaziTurkce\" \/>\n<meta name=\"twitter:label1\" content=\"Written by\" \/>\n\t<meta name=\"twitter:data1\" content=\"darka mazi\" \/>\n\t<meta name=\"twitter:label2\" content=\"Est. reading time\" \/>\n\t<meta name=\"twitter:data2\" content=\"1 minute\" \/>\n<script type=\"application\/ld+json\" class=\"seo-schema-graph\">{\"@context\":\"https:\\\/\\\/schema.org\",\"@graph\":[{\"@type\":\"NewsArticle\",\"@id\":\"https:\\\/\\\/darkamazi.site\\\/archives\\\/1023821#article\",\"isPartOf\":{\"@id\":\"https:\\\/\\\/darkamazi.site\\\/archives\\\/1023821\"},\"author\":{\"name\":\"darka mazi\",\"@id\":\"https:\\\/\\\/darkamazi.site\\\/#\\\/schema\\\/person\\\/67986a95ac546c16760365877ef4a9d3\"},\"headline\":\"Ba\u015fkan Barzani 8 Mart D\u00fcnya Kad\u0131nlar G\u00fcn\u00fc&#8217;n\u00fc kutlad\u0131\",\"datePublished\":\"2023-03-08T08:24:32+00:00\",\"mainEntityOfPage\":{\"@id\":\"https:\\\/\\\/darkamazi.site\\\/archives\\\/1023821\"},\"wordCount\":116,\"publisher\":{\"@id\":\"https:\\\/\\\/darkamazi.site\\\/#organization\"},\"image\":{\"@id\":\"https:\\\/\\\/darkamazi.site\\\/archives\\\/1023821#primaryimage\"},\"thumbnailUrl\":\"https:\\\/\\\/darkamazi.site\\\/darka-content\\\/uploads\\\/2023\\\/03\\\/Barzani-foto-kullanilamali.jpg\",\"keywords\":[\"\u00f6nemli\"],\"articleSection\":[\"Kurdistan\"],\"inLanguage\":\"en-US\"},{\"@type\":\"WebPage\",\"@id\":\"https:\\\/\\\/darkamazi.site\\\/archives\\\/1023821\",\"url\":\"https:\\\/\\\/darkamazi.site\\\/archives\\\/1023821\",\"name\":\"Ba\u015fkan Barzani 8 Mart D\u00fcnya Kad\u0131nlar G\u00fcn\u00fc'n\u00fc kutlad\u0131 - Darka Mazi\",\"isPartOf\":{\"@id\":\"https:\\\/\\\/darkamazi.site\\\/#website\"},\"primaryImageOfPage\":{\"@id\":\"https:\\\/\\\/darkamazi.site\\\/archives\\\/1023821#primaryimage\"},\"image\":{\"@id\":\"https:\\\/\\\/darkamazi.site\\\/archives\\\/1023821#primaryimage\"},\"thumbnailUrl\":\"https:\\\/\\\/darkamazi.site\\\/darka-content\\\/uploads\\\/2023\\\/03\\\/Barzani-foto-kullanilamali.jpg\",\"datePublished\":\"2023-03-08T08:24:32+00:00\",\"breadcrumb\":{\"@id\":\"https:\\\/\\\/darkamazi.site\\\/archives\\\/1023821#breadcrumb\"},\"inLanguage\":\"en-US\",\"potentialAction\":[{\"@type\":\"ReadAction\",\"target\":[\"https:\\\/\\\/darkamazi.site\\\/archives\\\/1023821\"]}]},{\"@type\":\"ImageObject\",\"inLanguage\":\"en-US\",\"@id\":\"https:\\\/\\\/darkamazi.site\\\/archives\\\/1023821#primaryimage\",\"url\":\"https:\\\/\\\/darkamazi.site\\\/darka-content\\\/uploads\\\/2023\\\/03\\\/Barzani-foto-kullanilamali.jpg\",\"contentUrl\":\"https:\\\/\\\/darkamazi.site\\\/darka-content\\\/uploads\\\/2023\\\/03\\\/Barzani-foto-kullanilamali.jpg\",\"width\":976,\"height\":549,\"caption\":\"Ba\u015fkan Barzani 8 Mart D\u00fcnya Kad\u0131nlar G\u00fcn\u00fc'n\u00fc kutlad\u0131\"},{\"@type\":\"BreadcrumbList\",\"@id\":\"https:\\\/\\\/darkamazi.site\\\/archives\\\/1023821#breadcrumb\",\"itemListElement\":[{\"@type\":\"ListItem\",\"position\":1,\"name\":\"Home\",\"item\":\"https:\\\/\\\/darkamazi.site\\\/\"},{\"@type\":\"ListItem\",\"position\":2,\"name\":\"Ba\u015fkan Barzani 8 Mart D\u00fcnya Kad\u0131nlar G\u00fcn\u00fc&#8217;n\u00fc kutlad\u0131\"}]},{\"@type\":\"WebSite\",\"@id\":\"https:\\\/\\\/darkamazi.site\\\/#website\",\"url\":\"https:\\\/\\\/darkamazi.site\\\/\",\"name\":\"Darka Mazi\",\"description\":\"Ana Sayfa\",\"publisher\":{\"@id\":\"https:\\\/\\\/darkamazi.site\\\/#organization\"},\"potentialAction\":[{\"@type\":\"SearchAction\",\"target\":{\"@type\":\"EntryPoint\",\"urlTemplate\":\"https:\\\/\\\/darkamazi.site\\\/?s={search_term_string}\"},\"query-input\":{\"@type\":\"PropertyValueSpecification\",\"valueRequired\":true,\"valueName\":\"search_term_string\"}}],\"inLanguage\":\"en-US\"},{\"@type\":\"Organization\",\"@id\":\"https:\\\/\\\/darkamazi.site\\\/#organization\",\"name\":\"Darka Mazi T\u00fcrk\u00e7e\",\"alternateName\":\"Darka Mazi\",\"url\":\"https:\\\/\\\/darkamazi.site\\\/\",\"logo\":{\"@type\":\"ImageObject\",\"inLanguage\":\"en-US\",\"@id\":\"https:\\\/\\\/darkamazi.site\\\/#\\\/schema\\\/logo\\\/image\\\/\",\"url\":\"https:\\\/\\\/darkamazi.site\\\/darka-content\\\/uploads\\\/2017\\\/12\\\/darka-mazi-logo.png\",\"contentUrl\":\"https:\\\/\\\/darkamazi.site\\\/darka-content\\\/uploads\\\/2017\\\/12\\\/darka-mazi-logo.png\",\"width\":151,\"height\":75,\"caption\":\"Darka Mazi T\u00fcrk\u00e7e\"},\"image\":{\"@id\":\"https:\\\/\\\/darkamazi.site\\\/#\\\/schema\\\/logo\\\/image\\\/\"},\"sameAs\":[\"https:\\\/\\\/www.facebook.com\\\/DarkaMaziturkce\",\"https:\\\/\\\/x.com\\\/DarkaMaziTurkce\"]},{\"@type\":\"Person\",\"@id\":\"https:\\\/\\\/darkamazi.site\\\/#\\\/schema\\\/person\\\/67986a95ac546c16760365877ef4a9d3\",\"name\":\"darka mazi\",\"sameAs\":[\"https:\\\/\\\/darkamazi.site\"],\"url\":\"https:\\\/\\\/darkamazi.site\\\/archives\\\/author\\\/turkish\"}]}<\/script>\n<!-- \/ Yoast SEO plugin. -->","seo_head_json":{"title":"Ba\u015fkan Barzani 8 Mart D\u00fcnya Kad\u0131nlar G\u00fcn\u00fc'n\u00fc kutlad\u0131 - Darka Mazi","robots":{"index":"index","follow":"follow","max-snippet":"max-snippet:-1","max-image-preview":"max-image-preview:large","max-video-preview":"max-video-preview:-1"},"canonical":"https:\/\/darkamazi.site\/archives\/1023821","og_locale":"en_US","og_type":"article","og_title":"Ba\u015fkan Barzani 8 Mart D\u00fcnya Kad\u0131nlar G\u00fcn\u00fc'n\u00fc kutlad\u0131 - Darka Mazi","og_description":"D\u00fcnya Kad\u0131nlar G\u00fcn\u00fc\u2019n\u00fc kutlayan Ba\u015fkan Barzani, \u201cK\u00fcrt kad\u0131nlar\u0131n\u0131n rol\u00fcn\u00fc not etmek gerekir, emekleri ve fedakarl\u0131klar\u0131 sonsuza dek haf\u0131zam\u0131zda kalacakt\u0131r\u201d dedi. Ba\u015fkan Mesud Barzani, Twitter hesab\u0131ndan D\u00fcnya Kad\u0131nlar G\u00fcn\u00fc dolay\u0131s\u0131yla bir kutlama mesaj\u0131 yay\u0131mlad\u0131. \u201cK\u00fcrdistan, Irak ve d\u00fcnya kad\u0131nlar\u0131n\u0131n D\u00fcnya Kad\u0131nlar G\u00fcn\u00fc kutlu olsun\u201d diyen Ba\u015fkan Barzani, \u201cM\u00fccadelemiz boyunca K\u00fcrt kad\u0131nlar\u0131n\u0131n rol\u00fcn\u00fc not etmek gerekir, emekleri [&hellip;]","og_url":"https:\/\/darkamazi.site\/archives\/1023821","og_site_name":"Darka Mazi","article_publisher":"https:\/\/www.facebook.com\/DarkaMaziturkce","article_published_time":"2023-03-08T08:24:32+00:00","og_image":[{"width":976,"height":549,"url":"https:\/\/darkamazi.site\/file\/2023\/03\/Barzani-foto-kullanilamali.jpg","type":"image\/jpeg"}],"author":"darka mazi","twitter_card":"summary_large_image","twitter_creator":"@DarkaMaziTurkce","twitter_site":"@DarkaMaziTurkce","twitter_misc":{"Written by":"darka mazi","Est. reading time":"1 minute"},"schema":{"@context":"https:\/\/schema.org","@graph":[{"@type":"NewsArticle","@id":"https:\/\/darkamazi.site\/archives\/1023821#article","isPartOf":{"@id":"https:\/\/darkamazi.site\/archives\/1023821"},"author":{"name":"darka mazi","@id":"https:\/\/darkamazi.site\/#\/schema\/person\/67986a95ac546c16760365877ef4a9d3"},"headline":"Ba\u015fkan Barzani 8 Mart D\u00fcnya Kad\u0131nlar G\u00fcn\u00fc&#8217;n\u00fc kutlad\u0131","datePublished":"2023-03-08T08:24:32+00:00","mainEntityOfPage":{"@id":"https:\/\/darkamazi.site\/archives\/1023821"},"wordCount":116,"publisher":{"@id":"https:\/\/darkamazi.site\/#organization"},"image":{"@id":"https:\/\/darkamazi.site\/archives\/1023821#primaryimage"},"thumbnailUrl":"https:\/\/darkamazi.site\/file\/2023\/03\/Barzani-foto-kullanilamali.jpg","keywords":["\u00f6nemli"],"articleSection":["Kurdistan"],"inLanguage":"en-US"},{"@type":"WebPage","@id":"https:\/\/darkamazi.site\/archives\/1023821","url":"https:\/\/darkamazi.site\/archives\/1023821","name":"Ba\u015fkan Barzani 8 Mart D\u00fcnya Kad\u0131nlar G\u00fcn\u00fc'n\u00fc kutlad\u0131 - Darka Mazi","isPartOf":{"@id":"https:\/\/darkamazi.site\/#website"},"primaryImageOfPage":{"@id":"https:\/\/darkamazi.site\/archives\/1023821#primaryimage"},"image":{"@id":"https:\/\/darkamazi.site\/archives\/1023821#primaryimage"},"thumbnailUrl":"https:\/\/darkamazi.site\/file\/2023\/03\/Barzani-foto-kullanilamali.jpg","datePublished":"2023-03-08T08:24:32+00:00","breadcrumb":{"@id":"https:\/\/darkamazi.site\/archives\/1023821#breadcrumb"},"inLanguage":"en-US","potentialAction":[{"@type":"ReadAction","target":["https:\/\/darkamazi.site\/archives\/1023821"]}]},{"@type":"ImageObject","inLanguage":"en-US","@id":"https:\/\/darkamazi.site\/archives\/1023821#primaryimage","url":"https:\/\/darkamazi.site\/file\/2023\/03\/Barzani-foto-kullanilamali.jpg","contentUrl":"https:\/\/darkamazi.site\/file\/2023\/03\/Barzani-foto-kullanilamali.jpg","width":976,"height":549,"caption":"Ba\u015fkan Barzani 8 Mart D\u00fcnya Kad\u0131nlar G\u00fcn\u00fc'n\u00fc kutlad\u0131"},{"@type":"BreadcrumbList","@id":"https:\/\/darkamazi.site\/archives\/1023821#breadcrumb","itemListElement":[{"@type":"ListItem","position":1,"name":"Home","item":"https:\/\/darkamazi.site\/"},{"@type":"ListItem","position":2,"name":"Ba\u015fkan Barzani 8 Mart D\u00fcnya Kad\u0131nlar G\u00fcn\u00fc&#8217;n\u00fc kutlad\u0131"}]},{"@type":"WebSite","@id":"https:\/\/darkamazi.site\/#website","url":"https:\/\/darkamazi.site\/","name":"Darka Mazi","description":"Ana Sayfa","publisher":{"@id":"https:\/\/darkamazi.site\/#organization"},"potentialAction":[{"@type":"SearchAction","target":{"@type":"EntryPoint","urlTemplate":"https:\/\/darkamazi.site\/?s={search_term_string}"},"query-input":{"@type":"PropertyValueSpecification","valueRequired":true,"valueName":"search_term_string"}}],"inLanguage":"en-US"},{"@type":"Organization","@id":"https:\/\/darkamazi.site\/#organization","name":"Darka Mazi T\u00fcrk\u00e7e","alternateName":"Darka Mazi","url":"https:\/\/darkamazi.site\/","logo":{"@type":"ImageObject","inLanguage":"en-US","@id":"https:\/\/darkamazi.site\/#\/schema\/logo\/image\/","url":"https:\/\/darkamazi.site\/file\/2017\/12\/darka-mazi-logo.png","contentUrl":"https:\/\/darkamazi.site\/file\/2017\/12\/darka-mazi-logo.png","width":151,"height":75,"caption":"Darka Mazi T\u00fcrk\u00e7e"},"image":{"@id":"https:\/\/darkamazi.site\/#\/schema\/logo\/image\/"},"sameAs":["https:\/\/www.facebook.com\/DarkaMaziturkce","https:\/\/x.com\/DarkaMaziTurkce"]},{"@type":"Person","@id":"https:\/\/darkamazi.site\/#\/schema\/person\/67986a95ac546c16760365877ef4a9d3","name":"darka mazi","sameAs":["https:\/\/darkamazi.site"],"url":"https:\/\/darkamazi.site\/archives\/author\/turkish"}]}},"_links":{"self":[{"href":"https:\/\/darkamazi.site\/funavuv\/wp\/v2\/posts\/1023821","targetHints":{"allow":["GET"]}}],"collection":[{"href":"https:\/\/darkamazi.site\/funavuv\/wp\/v2\/posts"}],"about":[{"href":"https:\/\/darkamazi.site\/funavuv\/wp\/v2\/types\/post"}],"author":[{"embeddable":true,"href":"https:\/\/darkamazi.site\/funavuv\/wp\/v2\/users\/2"}],"replies":[{"embeddable":true,"href":"https:\/\/darkamazi.site\/funavuv\/wp\/v2\/comments?post=1023821"}],"version-history":[{"count":0,"href":"https:\/\/darkamazi.site\/funavuv\/wp\/v2\/posts\/1023821\/revisions"}],"wp:featuredmedia":[{"embeddable":true,"href":"https:\/\/darkamazi.site\/funavuv\/wp\/v2\/media\/1023822"}],"wp:attachment":[{"href":"https:\/\/darkamazi.site\/funavuv\/wp\/v2\/media?parent=1023821"}],"wp:term":[{"taxonomy":"category","embeddable":true,"href":"https:\/\/darkamazi.site\/funavuv\/wp\/v2\/categories?post=1023821"},{"taxonomy":"post_tag","embeddable":true,"href":"https:\/\/darkamazi.site\/funavuv\/wp\/v2\/tags?post=1023821"}],"curies":[{"name":"wp","href":"https:\/\/api.w.org\/{rel}","templated":true}]}}