{"id":1023848,"date":"2023-03-09T12:12:08","date_gmt":"2023-03-09T09:12:08","guid":{"rendered":"https:\/\/darkamazi.site\/?p=1023848"},"modified":"2023-03-09T12:12:08","modified_gmt":"2023-03-09T09:12:08","slug":"buyuk-kurt-sanatci-mihemed-sexonun-olumunun-uzerinden-34-yil-gecti","status":"publish","type":"post","link":"https:\/\/darkamazi.site\/archives\/1023848","title":{"rendered":"B\u00fcy\u00fck K\u00fcrt Sanat\u00e7\u0131 Mihemed \u015e\u00eaxo\u2019nun \u00f6l\u00fcm\u00fcn\u00fcn \u00fczerinden 34 y\u0131l ge\u00e7ti"},"content":{"rendered":"<p>Tan\u0131nm\u0131\u015f K\u00fcrt Sanat\u00e7\u0131 Mihemed \u015e\u00eaxo\u2019nun \u00f6l\u00fcm\u00fcn\u00fcn \u00fczerinden 34 y\u0131l ge\u00e7ti ama halen \u015fark\u0131lar\u0131, eserleri ve \u00fcrettikleriyle K\u00fcrtlerin hayat\u0131nda yerini koruyor.<\/p>\n<p>Mihemed \u015e\u00eaxo, saz\u0131n\u0131n teli, g\u00fc\u00e7l\u00fc sesi ve devrimci duru\u015fuyla b\u00fct\u00fcn K\u00fcrtlerin evlerinde hakketti\u011fi de\u011feri g\u00f6r\u00fcyor.<\/p>\n<p>As\u0131l ismi Mihemed Salih \u015e\u00eaxm\u00fbs olan Tan\u0131nm\u0131\u015f K\u00fcrt Sanat\u00e7\u0131 Mihemed \u015e\u00eaxo, ailede 11 karde\u015fin en b\u00fcy\u00fc\u011f\u00fc ve ilk olarak 1959 y\u0131l\u0131nda okula ba\u015flar 3 y\u0131l okuduktan sonra okulunu terketmek zorunda kal\u0131r.<\/p>\n<p>Okul y\u0131llar\u0131nda bir \u00e7ok K\u00fcrt sanat\u00e7\u0131yla tan\u0131\u015fma f\u0131rsat\u0131 yakalayan \u015e\u00eaxo, ilk olarak 1969 y\u0131l\u0131nda m\u00fczi\u011fe ad\u0131m\u0131n\u0131 atar.<\/p>\n<p>Bav\u00ea Felek (Felek\u2019in Babas\u0131) olarak da tan\u0131nan Mihemed \u015e\u00eaxo, 1969 ile 1972 y\u0131llar\u0131 aras\u0131nda L\u00fcbnan\u2019da sanat \u00e7al\u0131\u015fmalar\u0131n\u0131 y\u00fcr\u00fct\u00fcr ve Beyrut\u2019ta 2 y\u0131l m\u00fczik e\u011fitim al\u0131r.<\/p>\n<p>1972 y\u0131l\u0131nda arkada\u015flar\u0131yla birlikte \u201cKoma Serkeftin\u201d isimli bir m\u00fczik grubunu kurar.<\/p>\n<p>1973 y\u0131l\u0131nda G\u00fcney K\u00fcrdistan\u2019a ge\u00e7en sanat\u00e7\u0131, burada hem sanat\u00e7\u0131 hem de Pe\u015fmerge olarak \u00e7al\u0131\u015fmalara kat\u0131l\u0131r ayn\u0131 zamanda buradaki di\u011fer sanat\u00e7\u0131larla irtibat kurar.<\/p>\n<p>Tan\u0131nm\u0131\u015f K\u00fcrt Sanat\u00e7\u0131 Mihemed \u015e\u00eaxo bir s\u00fcre sonra tekrar Suriye\u2019ye d\u00f6ner ve burada \u201cAy Gewr\u00ea\u201d isimli alb\u00fcm\u00fcn\u00fc \u00e7\u0131kart\u0131r. Bu alb\u00fcm\u00fc \u00e7\u0131kard\u0131ktan sonra Suriye devleti sanat\u00e7\u0131y\u0131 rahat b\u0131rakmaz ve tutuklar.<\/p>\n<p>Suriye devletinin yakla\u015f\u0131mlar\u0131ndan dolay\u0131 tekrar G\u00fcney K\u00fcrdistan\u2019a d\u00f6nen sanat\u00e7\u0131, Pe\u015fmerge G\u00fc\u00e7lerine kat\u0131l\u0131r. Eyl\u00fcl Devrimi\u2019nin ba\u015far\u0131s\u0131zl\u0131\u011fa u\u011framas\u0131ndan sonra \u015e\u00eaxo Do\u011fu K\u00fcrdistan\u2019a ge\u00e7er ve burada yeni bir alb\u00fcm \u00e7\u0131kart\u0131r.<\/p>\n<p>Do\u011fu K\u00fcrdistan\u2019da m\u00fczik \u00e7al\u0131\u015fmalar\u0131 d\u0131\u015f\u0131nda bir ka\u00e7 y\u0131l m\u00fczik \u00f6\u011fretmenli\u011fi de yapan \u015e\u00eaxo\u2019yu, \u0130ran rejimi de bir s\u00fcre sonra rejim kar\u015f\u0131t\u0131 olarak g\u00f6rmeye ba\u015flar ve hakk\u0131nda tutuklama karar\u0131 \u00e7\u0131kart\u0131r. Mihemed \u015e\u00eaxo bu karar nedeniyle 11 y\u0131l aradan sonra tekrar Suriye\u2019ye d\u00f6ner ve burada b\u00fcy\u00fck bir \u00e7o\u015fkuyla kar\u015f\u0131lan\u0131r.<\/p>\n<p>Suriye devleti halk\u0131n sanat\u00e7\u0131ya bu ilgisinden dolay\u0131 \u00e7ok rahats\u0131z olur ve sanat\u00e7\u0131y\u0131 tutuklay\u0131p cezaevine koyar. Bu tutuklama \u015e\u00eaxo\u2019nun sesini kesmeye yetmez.<\/p>\n<p>Mihemed \u015e\u00eaxo en g\u00fczel eserlerini tutukluluk s\u00fcrecinde yapar ve K\u00fcrt halk\u0131 i\u00e7erisindeki sevgi, sayg\u0131 konumunu en \u00fcst mertebeye ta\u015f\u0131r.<\/p>\n<p>1983 y\u0131l\u0131nda Qami\u015flo\u2019ya d\u00f6nen sanat\u00e7\u0131, 1988 y\u0131l\u0131na kadar \u00e7ok de\u011ferli eserlere imza atar.<\/p>\n<p>K\u00fcrtlerin Tan\u0131nm\u0131\u015f Sanat\u00e7\u0131s\u0131n Mihemed \u015e\u00eaxo, 9 Mart 1989 y\u0131l\u0131nda hayata g\u00f6zlerini yumar.<\/p>\n<p>Sanat\u00e7\u0131n\u0131n bilinen baz\u0131 eserleri \u015funlar: Bav\u00ea Felek, Ay Gewr\u00ea, Cana min\/S\u00eenem, Ko\u00e7a Me Barkir, Gul\u00eezar, Ey Felek\/Kew\u00ea, \u00cam\u00ea, Dil Per\u00ee\u015fanim, Nesr\u00een, Ay L\u00ea Gul\u00ea, Nal\u00een\u00eak ve Gava Ez Mirim.<\/p>\n","protected":false},"excerpt":{"rendered":"<p>Tan\u0131nm\u0131\u015f K\u00fcrt Sanat\u00e7\u0131 Mihemed \u015e\u00eaxo\u2019nun \u00f6l\u00fcm\u00fcn\u00fcn \u00fczerinden 34 y\u0131l ge\u00e7ti ama halen \u015fark\u0131lar\u0131, eserleri ve \u00fcrettikleriyle K\u00fcrtlerin hayat\u0131nda yerini koruyor. Mihemed \u015e\u00eaxo, saz\u0131n\u0131n teli, g\u00fc\u00e7l\u00fc sesi ve devrimci duru\u015fuyla b\u00fct\u00fcn K\u00fcrtlerin evlerinde hakketti\u011fi de\u011feri g\u00f6r\u00fcyor. As\u0131l ismi Mihemed Salih \u015e\u00eaxm\u00fbs olan Tan\u0131nm\u0131\u015f K\u00fcrt Sanat\u00e7\u0131 Mihemed \u015e\u00eaxo, ailede 11 karde\u015fin en b\u00fcy\u00fc\u011f\u00fc ve ilk olarak 1959 [&hellip;]<\/p>\n","protected":false},"author":2,"featured_media":1023849,"comment_status":"closed","ping_status":"closed","sticky":false,"template":"","format":"standard","meta":{"footnotes":""},"categories":[33],"tags":[31],"class_list":["post-1023848","post","type-post","status-publish","format-standard","has-post-thumbnail","hentry","category-sanat","tag-onemli"],"blocksy_meta":[],"seo_head":"<!-- This site is optimized with the Yoast SEO plugin v27.5 - https:\/\/yoast.com\/product\/yoast-seo-wordpress\/ -->\n<title>B\u00fcy\u00fck K\u00fcrt Sanat\u00e7\u0131 Mihemed \u015e\u00eaxo\u2019nun \u00f6l\u00fcm\u00fcn\u00fcn \u00fczerinden 34 y\u0131l ge\u00e7ti - Darka Mazi<\/title>\n<meta name=\"robots\" content=\"index, follow, max-snippet:-1, max-image-preview:large, max-video-preview:-1\" \/>\n<link rel=\"canonical\" href=\"https:\/\/darkamazi.site\/archives\/1023848\" \/>\n<meta property=\"og:locale\" content=\"en_US\" \/>\n<meta property=\"og:type\" content=\"article\" \/>\n<meta property=\"og:title\" content=\"B\u00fcy\u00fck K\u00fcrt Sanat\u00e7\u0131 Mihemed \u015e\u00eaxo\u2019nun \u00f6l\u00fcm\u00fcn\u00fcn \u00fczerinden 34 y\u0131l ge\u00e7ti - Darka Mazi\" \/>\n<meta property=\"og:description\" content=\"Tan\u0131nm\u0131\u015f K\u00fcrt Sanat\u00e7\u0131 Mihemed \u015e\u00eaxo\u2019nun \u00f6l\u00fcm\u00fcn\u00fcn \u00fczerinden 34 y\u0131l ge\u00e7ti ama halen \u015fark\u0131lar\u0131, eserleri ve \u00fcrettikleriyle K\u00fcrtlerin hayat\u0131nda yerini koruyor. Mihemed \u015e\u00eaxo, saz\u0131n\u0131n teli, g\u00fc\u00e7l\u00fc sesi ve devrimci duru\u015fuyla b\u00fct\u00fcn K\u00fcrtlerin evlerinde hakketti\u011fi de\u011feri g\u00f6r\u00fcyor. As\u0131l ismi Mihemed Salih \u015e\u00eaxm\u00fbs olan Tan\u0131nm\u0131\u015f K\u00fcrt Sanat\u00e7\u0131 Mihemed \u015e\u00eaxo, ailede 11 karde\u015fin en b\u00fcy\u00fc\u011f\u00fc ve ilk olarak 1959 [&hellip;]\" \/>\n<meta property=\"og:url\" content=\"https:\/\/darkamazi.site\/archives\/1023848\" \/>\n<meta property=\"og:site_name\" content=\"Darka Mazi\" \/>\n<meta property=\"article:publisher\" content=\"https:\/\/www.facebook.com\/DarkaMaziturkce\" \/>\n<meta property=\"article:published_time\" content=\"2023-03-09T09:12:08+00:00\" \/>\n<meta property=\"og:image\" content=\"https:\/\/darkamazi.site\/file\/2023\/03\/209f0363053aae18a829494fbc04ff70_L.jpg\" \/>\n\t<meta property=\"og:image:width\" content=\"710\" \/>\n\t<meta property=\"og:image:height\" content=\"502\" \/>\n\t<meta property=\"og:image:type\" content=\"image\/jpeg\" \/>\n<meta name=\"author\" content=\"darka mazi\" \/>\n<meta name=\"twitter:card\" content=\"summary_large_image\" \/>\n<meta name=\"twitter:creator\" content=\"@DarkaMaziTurkce\" \/>\n<meta name=\"twitter:site\" content=\"@DarkaMaziTurkce\" \/>\n<meta name=\"twitter:label1\" content=\"Written by\" \/>\n\t<meta name=\"twitter:data1\" content=\"darka mazi\" \/>\n\t<meta name=\"twitter:label2\" content=\"Est. reading time\" \/>\n\t<meta name=\"twitter:data2\" content=\"2 minutes\" \/>\n<script type=\"application\/ld+json\" class=\"seo-schema-graph\">{\"@context\":\"https:\\\/\\\/schema.org\",\"@graph\":[{\"@type\":\"NewsArticle\",\"@id\":\"https:\\\/\\\/darkamazi.site\\\/archives\\\/1023848#article\",\"isPartOf\":{\"@id\":\"https:\\\/\\\/darkamazi.site\\\/archives\\\/1023848\"},\"author\":{\"name\":\"darka mazi\",\"@id\":\"https:\\\/\\\/darkamazi.site\\\/#\\\/schema\\\/person\\\/67986a95ac546c16760365877ef4a9d3\"},\"headline\":\"B\u00fcy\u00fck K\u00fcrt Sanat\u00e7\u0131 Mihemed \u015e\u00eaxo\u2019nun \u00f6l\u00fcm\u00fcn\u00fcn \u00fczerinden 34 y\u0131l ge\u00e7ti\",\"datePublished\":\"2023-03-09T09:12:08+00:00\",\"mainEntityOfPage\":{\"@id\":\"https:\\\/\\\/darkamazi.site\\\/archives\\\/1023848\"},\"wordCount\":516,\"publisher\":{\"@id\":\"https:\\\/\\\/darkamazi.site\\\/#organization\"},\"image\":{\"@id\":\"https:\\\/\\\/darkamazi.site\\\/archives\\\/1023848#primaryimage\"},\"thumbnailUrl\":\"https:\\\/\\\/darkamazi.site\\\/darka-content\\\/uploads\\\/2023\\\/03\\\/209f0363053aae18a829494fbc04ff70_L.jpg\",\"keywords\":[\"\u00f6nemli\"],\"articleSection\":[\"Sanat\"],\"inLanguage\":\"en-US\"},{\"@type\":\"WebPage\",\"@id\":\"https:\\\/\\\/darkamazi.site\\\/archives\\\/1023848\",\"url\":\"https:\\\/\\\/darkamazi.site\\\/archives\\\/1023848\",\"name\":\"B\u00fcy\u00fck K\u00fcrt Sanat\u00e7\u0131 Mihemed \u015e\u00eaxo\u2019nun \u00f6l\u00fcm\u00fcn\u00fcn \u00fczerinden 34 y\u0131l ge\u00e7ti - Darka Mazi\",\"isPartOf\":{\"@id\":\"https:\\\/\\\/darkamazi.site\\\/#website\"},\"primaryImageOfPage\":{\"@id\":\"https:\\\/\\\/darkamazi.site\\\/archives\\\/1023848#primaryimage\"},\"image\":{\"@id\":\"https:\\\/\\\/darkamazi.site\\\/archives\\\/1023848#primaryimage\"},\"thumbnailUrl\":\"https:\\\/\\\/darkamazi.site\\\/darka-content\\\/uploads\\\/2023\\\/03\\\/209f0363053aae18a829494fbc04ff70_L.jpg\",\"datePublished\":\"2023-03-09T09:12:08+00:00\",\"breadcrumb\":{\"@id\":\"https:\\\/\\\/darkamazi.site\\\/archives\\\/1023848#breadcrumb\"},\"inLanguage\":\"en-US\",\"potentialAction\":[{\"@type\":\"ReadAction\",\"target\":[\"https:\\\/\\\/darkamazi.site\\\/archives\\\/1023848\"]}]},{\"@type\":\"ImageObject\",\"inLanguage\":\"en-US\",\"@id\":\"https:\\\/\\\/darkamazi.site\\\/archives\\\/1023848#primaryimage\",\"url\":\"https:\\\/\\\/darkamazi.site\\\/darka-content\\\/uploads\\\/2023\\\/03\\\/209f0363053aae18a829494fbc04ff70_L.jpg\",\"contentUrl\":\"https:\\\/\\\/darkamazi.site\\\/darka-content\\\/uploads\\\/2023\\\/03\\\/209f0363053aae18a829494fbc04ff70_L.jpg\",\"width\":710,\"height\":502,\"caption\":\"B\u00fcy\u00fck K\u00fcrt Sanat\u00e7\u0131 Mihemed \u015e\u00eaxo\u2019nun \u00f6l\u00fcm\u00fcn\u00fcn \u00fczerinden 34 y\u0131l ge\u00e7ti\"},{\"@type\":\"BreadcrumbList\",\"@id\":\"https:\\\/\\\/darkamazi.site\\\/archives\\\/1023848#breadcrumb\",\"itemListElement\":[{\"@type\":\"ListItem\",\"position\":1,\"name\":\"Home\",\"item\":\"https:\\\/\\\/darkamazi.site\\\/\"},{\"@type\":\"ListItem\",\"position\":2,\"name\":\"B\u00fcy\u00fck K\u00fcrt Sanat\u00e7\u0131 Mihemed \u015e\u00eaxo\u2019nun \u00f6l\u00fcm\u00fcn\u00fcn \u00fczerinden 34 y\u0131l ge\u00e7ti\"}]},{\"@type\":\"WebSite\",\"@id\":\"https:\\\/\\\/darkamazi.site\\\/#website\",\"url\":\"https:\\\/\\\/darkamazi.site\\\/\",\"name\":\"Darka Mazi\",\"description\":\"Ana Sayfa\",\"publisher\":{\"@id\":\"https:\\\/\\\/darkamazi.site\\\/#organization\"},\"potentialAction\":[{\"@type\":\"SearchAction\",\"target\":{\"@type\":\"EntryPoint\",\"urlTemplate\":\"https:\\\/\\\/darkamazi.site\\\/?s={search_term_string}\"},\"query-input\":{\"@type\":\"PropertyValueSpecification\",\"valueRequired\":true,\"valueName\":\"search_term_string\"}}],\"inLanguage\":\"en-US\"},{\"@type\":\"Organization\",\"@id\":\"https:\\\/\\\/darkamazi.site\\\/#organization\",\"name\":\"Darka Mazi T\u00fcrk\u00e7e\",\"alternateName\":\"Darka Mazi\",\"url\":\"https:\\\/\\\/darkamazi.site\\\/\",\"logo\":{\"@type\":\"ImageObject\",\"inLanguage\":\"en-US\",\"@id\":\"https:\\\/\\\/darkamazi.site\\\/#\\\/schema\\\/logo\\\/image\\\/\",\"url\":\"https:\\\/\\\/darkamazi.site\\\/darka-content\\\/uploads\\\/2017\\\/12\\\/darka-mazi-logo.png\",\"contentUrl\":\"https:\\\/\\\/darkamazi.site\\\/darka-content\\\/uploads\\\/2017\\\/12\\\/darka-mazi-logo.png\",\"width\":151,\"height\":75,\"caption\":\"Darka Mazi T\u00fcrk\u00e7e\"},\"image\":{\"@id\":\"https:\\\/\\\/darkamazi.site\\\/#\\\/schema\\\/logo\\\/image\\\/\"},\"sameAs\":[\"https:\\\/\\\/www.facebook.com\\\/DarkaMaziturkce\",\"https:\\\/\\\/x.com\\\/DarkaMaziTurkce\"]},{\"@type\":\"Person\",\"@id\":\"https:\\\/\\\/darkamazi.site\\\/#\\\/schema\\\/person\\\/67986a95ac546c16760365877ef4a9d3\",\"name\":\"darka mazi\",\"sameAs\":[\"https:\\\/\\\/darkamazi.site\"],\"url\":\"https:\\\/\\\/darkamazi.site\\\/archives\\\/author\\\/turkish\"}]}<\/script>\n<!-- \/ Yoast SEO plugin. -->","seo_head_json":{"title":"B\u00fcy\u00fck K\u00fcrt Sanat\u00e7\u0131 Mihemed \u015e\u00eaxo\u2019nun \u00f6l\u00fcm\u00fcn\u00fcn \u00fczerinden 34 y\u0131l ge\u00e7ti - Darka Mazi","robots":{"index":"index","follow":"follow","max-snippet":"max-snippet:-1","max-image-preview":"max-image-preview:large","max-video-preview":"max-video-preview:-1"},"canonical":"https:\/\/darkamazi.site\/archives\/1023848","og_locale":"en_US","og_type":"article","og_title":"B\u00fcy\u00fck K\u00fcrt Sanat\u00e7\u0131 Mihemed \u015e\u00eaxo\u2019nun \u00f6l\u00fcm\u00fcn\u00fcn \u00fczerinden 34 y\u0131l ge\u00e7ti - Darka Mazi","og_description":"Tan\u0131nm\u0131\u015f K\u00fcrt Sanat\u00e7\u0131 Mihemed \u015e\u00eaxo\u2019nun \u00f6l\u00fcm\u00fcn\u00fcn \u00fczerinden 34 y\u0131l ge\u00e7ti ama halen \u015fark\u0131lar\u0131, eserleri ve \u00fcrettikleriyle K\u00fcrtlerin hayat\u0131nda yerini koruyor. Mihemed \u015e\u00eaxo, saz\u0131n\u0131n teli, g\u00fc\u00e7l\u00fc sesi ve devrimci duru\u015fuyla b\u00fct\u00fcn K\u00fcrtlerin evlerinde hakketti\u011fi de\u011feri g\u00f6r\u00fcyor. As\u0131l ismi Mihemed Salih \u015e\u00eaxm\u00fbs olan Tan\u0131nm\u0131\u015f K\u00fcrt Sanat\u00e7\u0131 Mihemed \u015e\u00eaxo, ailede 11 karde\u015fin en b\u00fcy\u00fc\u011f\u00fc ve ilk olarak 1959 [&hellip;]","og_url":"https:\/\/darkamazi.site\/archives\/1023848","og_site_name":"Darka Mazi","article_publisher":"https:\/\/www.facebook.com\/DarkaMaziturkce","article_published_time":"2023-03-09T09:12:08+00:00","og_image":[{"width":710,"height":502,"url":"https:\/\/darkamazi.site\/file\/2023\/03\/209f0363053aae18a829494fbc04ff70_L.jpg","type":"image\/jpeg"}],"author":"darka mazi","twitter_card":"summary_large_image","twitter_creator":"@DarkaMaziTurkce","twitter_site":"@DarkaMaziTurkce","twitter_misc":{"Written by":"darka mazi","Est. reading time":"2 minutes"},"schema":{"@context":"https:\/\/schema.org","@graph":[{"@type":"NewsArticle","@id":"https:\/\/darkamazi.site\/archives\/1023848#article","isPartOf":{"@id":"https:\/\/darkamazi.site\/archives\/1023848"},"author":{"name":"darka mazi","@id":"https:\/\/darkamazi.site\/#\/schema\/person\/67986a95ac546c16760365877ef4a9d3"},"headline":"B\u00fcy\u00fck K\u00fcrt Sanat\u00e7\u0131 Mihemed \u015e\u00eaxo\u2019nun \u00f6l\u00fcm\u00fcn\u00fcn \u00fczerinden 34 y\u0131l ge\u00e7ti","datePublished":"2023-03-09T09:12:08+00:00","mainEntityOfPage":{"@id":"https:\/\/darkamazi.site\/archives\/1023848"},"wordCount":516,"publisher":{"@id":"https:\/\/darkamazi.site\/#organization"},"image":{"@id":"https:\/\/darkamazi.site\/archives\/1023848#primaryimage"},"thumbnailUrl":"https:\/\/darkamazi.site\/file\/2023\/03\/209f0363053aae18a829494fbc04ff70_L.jpg","keywords":["\u00f6nemli"],"articleSection":["Sanat"],"inLanguage":"en-US"},{"@type":"WebPage","@id":"https:\/\/darkamazi.site\/archives\/1023848","url":"https:\/\/darkamazi.site\/archives\/1023848","name":"B\u00fcy\u00fck K\u00fcrt Sanat\u00e7\u0131 Mihemed \u015e\u00eaxo\u2019nun \u00f6l\u00fcm\u00fcn\u00fcn \u00fczerinden 34 y\u0131l ge\u00e7ti - Darka Mazi","isPartOf":{"@id":"https:\/\/darkamazi.site\/#website"},"primaryImageOfPage":{"@id":"https:\/\/darkamazi.site\/archives\/1023848#primaryimage"},"image":{"@id":"https:\/\/darkamazi.site\/archives\/1023848#primaryimage"},"thumbnailUrl":"https:\/\/darkamazi.site\/file\/2023\/03\/209f0363053aae18a829494fbc04ff70_L.jpg","datePublished":"2023-03-09T09:12:08+00:00","breadcrumb":{"@id":"https:\/\/darkamazi.site\/archives\/1023848#breadcrumb"},"inLanguage":"en-US","potentialAction":[{"@type":"ReadAction","target":["https:\/\/darkamazi.site\/archives\/1023848"]}]},{"@type":"ImageObject","inLanguage":"en-US","@id":"https:\/\/darkamazi.site\/archives\/1023848#primaryimage","url":"https:\/\/darkamazi.site\/file\/2023\/03\/209f0363053aae18a829494fbc04ff70_L.jpg","contentUrl":"https:\/\/darkamazi.site\/file\/2023\/03\/209f0363053aae18a829494fbc04ff70_L.jpg","width":710,"height":502,"caption":"B\u00fcy\u00fck K\u00fcrt Sanat\u00e7\u0131 Mihemed \u015e\u00eaxo\u2019nun \u00f6l\u00fcm\u00fcn\u00fcn \u00fczerinden 34 y\u0131l ge\u00e7ti"},{"@type":"BreadcrumbList","@id":"https:\/\/darkamazi.site\/archives\/1023848#breadcrumb","itemListElement":[{"@type":"ListItem","position":1,"name":"Home","item":"https:\/\/darkamazi.site\/"},{"@type":"ListItem","position":2,"name":"B\u00fcy\u00fck K\u00fcrt Sanat\u00e7\u0131 Mihemed \u015e\u00eaxo\u2019nun \u00f6l\u00fcm\u00fcn\u00fcn \u00fczerinden 34 y\u0131l ge\u00e7ti"}]},{"@type":"WebSite","@id":"https:\/\/darkamazi.site\/#website","url":"https:\/\/darkamazi.site\/","name":"Darka Mazi","description":"Ana Sayfa","publisher":{"@id":"https:\/\/darkamazi.site\/#organization"},"potentialAction":[{"@type":"SearchAction","target":{"@type":"EntryPoint","urlTemplate":"https:\/\/darkamazi.site\/?s={search_term_string}"},"query-input":{"@type":"PropertyValueSpecification","valueRequired":true,"valueName":"search_term_string"}}],"inLanguage":"en-US"},{"@type":"Organization","@id":"https:\/\/darkamazi.site\/#organization","name":"Darka Mazi T\u00fcrk\u00e7e","alternateName":"Darka Mazi","url":"https:\/\/darkamazi.site\/","logo":{"@type":"ImageObject","inLanguage":"en-US","@id":"https:\/\/darkamazi.site\/#\/schema\/logo\/image\/","url":"https:\/\/darkamazi.site\/file\/2017\/12\/darka-mazi-logo.png","contentUrl":"https:\/\/darkamazi.site\/file\/2017\/12\/darka-mazi-logo.png","width":151,"height":75,"caption":"Darka Mazi T\u00fcrk\u00e7e"},"image":{"@id":"https:\/\/darkamazi.site\/#\/schema\/logo\/image\/"},"sameAs":["https:\/\/www.facebook.com\/DarkaMaziturkce","https:\/\/x.com\/DarkaMaziTurkce"]},{"@type":"Person","@id":"https:\/\/darkamazi.site\/#\/schema\/person\/67986a95ac546c16760365877ef4a9d3","name":"darka mazi","sameAs":["https:\/\/darkamazi.site"],"url":"https:\/\/darkamazi.site\/archives\/author\/turkish"}]}},"_links":{"self":[{"href":"https:\/\/darkamazi.site\/funavuv\/wp\/v2\/posts\/1023848","targetHints":{"allow":["GET"]}}],"collection":[{"href":"https:\/\/darkamazi.site\/funavuv\/wp\/v2\/posts"}],"about":[{"href":"https:\/\/darkamazi.site\/funavuv\/wp\/v2\/types\/post"}],"author":[{"embeddable":true,"href":"https:\/\/darkamazi.site\/funavuv\/wp\/v2\/users\/2"}],"replies":[{"embeddable":true,"href":"https:\/\/darkamazi.site\/funavuv\/wp\/v2\/comments?post=1023848"}],"version-history":[{"count":0,"href":"https:\/\/darkamazi.site\/funavuv\/wp\/v2\/posts\/1023848\/revisions"}],"wp:featuredmedia":[{"embeddable":true,"href":"https:\/\/darkamazi.site\/funavuv\/wp\/v2\/media\/1023849"}],"wp:attachment":[{"href":"https:\/\/darkamazi.site\/funavuv\/wp\/v2\/media?parent=1023848"}],"wp:term":[{"taxonomy":"category","embeddable":true,"href":"https:\/\/darkamazi.site\/funavuv\/wp\/v2\/categories?post=1023848"},{"taxonomy":"post_tag","embeddable":true,"href":"https:\/\/darkamazi.site\/funavuv\/wp\/v2\/tags?post=1023848"}],"curies":[{"name":"wp","href":"https:\/\/api.w.org\/{rel}","templated":true}]}}