{"id":1023946,"date":"2023-03-13T20:16:48","date_gmt":"2023-03-13T17:16:48","guid":{"rendered":"https:\/\/darkamazi.site\/?p=1023946"},"modified":"2023-03-13T20:16:48","modified_gmt":"2023-03-13T17:16:48","slug":"halepcenin-vilayet-olusu-irak-parlamentosu-tarafindan-da-onaylandi","status":"publish","type":"post","link":"https:\/\/darkamazi.site\/archives\/1023946","title":{"rendered":"Halep\u00e7e&#8217;nin Vilayet olu\u015fu Irak Parlamentosu taraf\u0131ndan da onayland\u0131"},"content":{"rendered":"<p style=\"text-align: justify\">Halep\u00e7e Katliam\u0131&#8217;n\u0131n \u00fczerinden ge\u00e7enh 35 y\u0131ldan sonra Halep\u00e7e il oldu.<\/p>\n<p style=\"text-align: justify\">Irak H\u00fck\u00fcmeti S\u00f6zc\u00fcs\u00fc Basem Awadi, parlamentonun Halep\u00e7e\u2019nin \u00fclkenin 19\u2019uncu vilayeti olmas\u0131na karar verdi\u011fini bildirdi.<\/p>\n<p style=\"text-align: justify\">K24\u2019\u011fn haberine g\u00f6r\u00fc, Irak H\u00fck\u00fcmeti S\u00f6zc\u00fcs\u00fc Basem Awadi, parlamentoda d\u00fczenlenen oturumda Halep\u00e7e\u2019nin \u00fclkenin 19\u2019uncu vilayeti olmas\u0131na karar verildi\u011fini belirtti.<\/p>\n<p style=\"text-align: justify\">K\u00fcrdistan B\u00f6lgesi H\u00fck\u00fcmeti Genel Sekreteri Amanc Rahim de Facebook hesab\u0131ndan \u201cHalep\u00e7e Irak\u2019\u0131n 19\u2019uncu vilayeti\u201d a\u00e7\u0131klamas\u0131nda bulundu.<\/p>\n<p style=\"text-align: justify\">Irak Parlamentosu bug\u00fcn Halep\u00e7e\u2019nin vilayet olma prosed\u00fcr\u00fcn\u00fcn tamamlanmas\u0131na karar verdi.<\/p>\n","protected":false},"excerpt":{"rendered":"<p>Halep\u00e7e Katliam\u0131&#8217;n\u0131n \u00fczerinden ge\u00e7enh 35 y\u0131ldan sonra Halep\u00e7e il oldu. Irak H\u00fck\u00fcmeti S\u00f6zc\u00fcs\u00fc Basem Awadi, parlamentonun Halep\u00e7e\u2019nin \u00fclkenin 19\u2019uncu vilayeti olmas\u0131na karar verdi\u011fini bildirdi. K24\u2019\u011fn haberine g\u00f6r\u00fc, Irak H\u00fck\u00fcmeti S\u00f6zc\u00fcs\u00fc Basem Awadi, parlamentoda d\u00fczenlenen oturumda Halep\u00e7e\u2019nin \u00fclkenin 19\u2019uncu vilayeti olmas\u0131na karar verildi\u011fini belirtti. K\u00fcrdistan B\u00f6lgesi H\u00fck\u00fcmeti Genel Sekreteri Amanc Rahim de Facebook hesab\u0131ndan \u201cHalep\u00e7e Irak\u2019\u0131n [&hellip;]<\/p>\n","protected":false},"author":2,"featured_media":1023947,"comment_status":"closed","ping_status":"closed","sticky":false,"template":"","format":"standard","meta":{"footnotes":""},"categories":[3],"tags":[31],"class_list":["post-1023946","post","type-post","status-publish","format-standard","has-post-thumbnail","hentry","category-kurdistan","tag-onemli"],"blocksy_meta":[],"seo_head":"<!-- This site is optimized with the Yoast SEO plugin v27.5 - https:\/\/yoast.com\/product\/yoast-seo-wordpress\/ -->\n<title>Halep\u00e7e&#039;nin Vilayet olu\u015fu Irak Parlamentosu taraf\u0131ndan da onayland\u0131 - Darka Mazi<\/title>\n<meta name=\"robots\" content=\"index, follow, max-snippet:-1, max-image-preview:large, max-video-preview:-1\" \/>\n<link rel=\"canonical\" href=\"https:\/\/darkamazi.site\/archives\/1023946\" \/>\n<meta property=\"og:locale\" content=\"en_US\" \/>\n<meta property=\"og:type\" content=\"article\" \/>\n<meta property=\"og:title\" content=\"Halep\u00e7e&#039;nin Vilayet olu\u015fu Irak Parlamentosu taraf\u0131ndan da onayland\u0131 - Darka Mazi\" \/>\n<meta property=\"og:description\" content=\"Halep\u00e7e Katliam\u0131&#8217;n\u0131n \u00fczerinden ge\u00e7enh 35 y\u0131ldan sonra Halep\u00e7e il oldu. Irak H\u00fck\u00fcmeti S\u00f6zc\u00fcs\u00fc Basem Awadi, parlamentonun Halep\u00e7e\u2019nin \u00fclkenin 19\u2019uncu vilayeti olmas\u0131na karar verdi\u011fini bildirdi. K24\u2019\u011fn haberine g\u00f6r\u00fc, Irak H\u00fck\u00fcmeti S\u00f6zc\u00fcs\u00fc Basem Awadi, parlamentoda d\u00fczenlenen oturumda Halep\u00e7e\u2019nin \u00fclkenin 19\u2019uncu vilayeti olmas\u0131na karar verildi\u011fini belirtti. K\u00fcrdistan B\u00f6lgesi H\u00fck\u00fcmeti Genel Sekreteri Amanc Rahim de Facebook hesab\u0131ndan \u201cHalep\u00e7e Irak\u2019\u0131n [&hellip;]\" \/>\n<meta property=\"og:url\" content=\"https:\/\/darkamazi.site\/archives\/1023946\" \/>\n<meta property=\"og:site_name\" content=\"Darka Mazi\" \/>\n<meta property=\"article:publisher\" content=\"https:\/\/www.facebook.com\/DarkaMaziturkce\" \/>\n<meta property=\"article:published_time\" content=\"2023-03-13T17:16:48+00:00\" \/>\n<meta property=\"og:image\" content=\"https:\/\/darkamazi.site\/file\/2023\/03\/Halepce-1.jpg\" \/>\n\t<meta property=\"og:image:width\" content=\"800\" \/>\n\t<meta property=\"og:image:height\" content=\"532\" \/>\n\t<meta property=\"og:image:type\" content=\"image\/jpeg\" \/>\n<meta name=\"author\" content=\"darka mazi\" \/>\n<meta name=\"twitter:card\" content=\"summary_large_image\" \/>\n<meta name=\"twitter:creator\" content=\"@DarkaMaziTurkce\" \/>\n<meta name=\"twitter:site\" content=\"@DarkaMaziTurkce\" \/>\n<meta name=\"twitter:label1\" content=\"Written by\" \/>\n\t<meta name=\"twitter:data1\" content=\"darka mazi\" \/>\n\t<meta name=\"twitter:label2\" content=\"Est. reading time\" \/>\n\t<meta name=\"twitter:data2\" content=\"1 minute\" \/>\n<script type=\"application\/ld+json\" class=\"seo-schema-graph\">{\"@context\":\"https:\\\/\\\/schema.org\",\"@graph\":[{\"@type\":\"NewsArticle\",\"@id\":\"https:\\\/\\\/darkamazi.site\\\/archives\\\/1023946#article\",\"isPartOf\":{\"@id\":\"https:\\\/\\\/darkamazi.site\\\/archives\\\/1023946\"},\"author\":{\"name\":\"darka mazi\",\"@id\":\"https:\\\/\\\/darkamazi.site\\\/#\\\/schema\\\/person\\\/67986a95ac546c16760365877ef4a9d3\"},\"headline\":\"Halep\u00e7e&#8217;nin Vilayet olu\u015fu Irak Parlamentosu taraf\u0131ndan da onayland\u0131\",\"datePublished\":\"2023-03-13T17:16:48+00:00\",\"mainEntityOfPage\":{\"@id\":\"https:\\\/\\\/darkamazi.site\\\/archives\\\/1023946\"},\"wordCount\":121,\"publisher\":{\"@id\":\"https:\\\/\\\/darkamazi.site\\\/#organization\"},\"image\":{\"@id\":\"https:\\\/\\\/darkamazi.site\\\/archives\\\/1023946#primaryimage\"},\"thumbnailUrl\":\"https:\\\/\\\/darkamazi.site\\\/darka-content\\\/uploads\\\/2023\\\/03\\\/Halepce-1.jpg\",\"keywords\":[\"\u00f6nemli\"],\"articleSection\":[\"Kurdistan\"],\"inLanguage\":\"en-US\"},{\"@type\":\"WebPage\",\"@id\":\"https:\\\/\\\/darkamazi.site\\\/archives\\\/1023946\",\"url\":\"https:\\\/\\\/darkamazi.site\\\/archives\\\/1023946\",\"name\":\"Halep\u00e7e'nin Vilayet olu\u015fu Irak Parlamentosu taraf\u0131ndan da onayland\u0131 - Darka Mazi\",\"isPartOf\":{\"@id\":\"https:\\\/\\\/darkamazi.site\\\/#website\"},\"primaryImageOfPage\":{\"@id\":\"https:\\\/\\\/darkamazi.site\\\/archives\\\/1023946#primaryimage\"},\"image\":{\"@id\":\"https:\\\/\\\/darkamazi.site\\\/archives\\\/1023946#primaryimage\"},\"thumbnailUrl\":\"https:\\\/\\\/darkamazi.site\\\/darka-content\\\/uploads\\\/2023\\\/03\\\/Halepce-1.jpg\",\"datePublished\":\"2023-03-13T17:16:48+00:00\",\"breadcrumb\":{\"@id\":\"https:\\\/\\\/darkamazi.site\\\/archives\\\/1023946#breadcrumb\"},\"inLanguage\":\"en-US\",\"potentialAction\":[{\"@type\":\"ReadAction\",\"target\":[\"https:\\\/\\\/darkamazi.site\\\/archives\\\/1023946\"]}]},{\"@type\":\"ImageObject\",\"inLanguage\":\"en-US\",\"@id\":\"https:\\\/\\\/darkamazi.site\\\/archives\\\/1023946#primaryimage\",\"url\":\"https:\\\/\\\/darkamazi.site\\\/darka-content\\\/uploads\\\/2023\\\/03\\\/Halepce-1.jpg\",\"contentUrl\":\"https:\\\/\\\/darkamazi.site\\\/darka-content\\\/uploads\\\/2023\\\/03\\\/Halepce-1.jpg\",\"width\":800,\"height\":532,\"caption\":\"Irak H\u00fck\u00fcmeti S\u00f6zc\u00fcs\u00fc Basem Awadi, parlamentonun Halep\u00e7e\u2019nin \u00fclkenin 19\u2019uncu vilayeti olmas\u0131na karar verdi\u011fini bildirdi. K24\u2019\u011fn haberine g\u00f6r\u00fc, Irak H\u00fck\u00fcmeti S\u00f6zc\u00fcs\u00fc Basem Awadi, parlamentoda d\u00fczenlenen oturumda Halep\u00e7e\u2019nin \u00fclkenin 19\u2019uncu vilayeti olmas\u0131na karar verildi\u011fini belirtti. K\u00fcrdistan B\u00f6lgesi H\u00fck\u00fcmeti Genel Sekreteri Amanc Rahim de Facebook hesab\u0131ndan \u201cHalep\u00e7e Irak\u2019\u0131n 19\u2019uncu vilayeti\u201d a\u00e7\u0131klamas\u0131nda bulundu. Irak Parlamentosu bug\u00fcn Halep\u00e7e\u2019nin vilayet olma prosed\u00fcr\u00fcn\u00fcn tamamlanmas\u0131na karar verdi\"},{\"@type\":\"BreadcrumbList\",\"@id\":\"https:\\\/\\\/darkamazi.site\\\/archives\\\/1023946#breadcrumb\",\"itemListElement\":[{\"@type\":\"ListItem\",\"position\":1,\"name\":\"Home\",\"item\":\"https:\\\/\\\/darkamazi.site\\\/\"},{\"@type\":\"ListItem\",\"position\":2,\"name\":\"Halep\u00e7e&#8217;nin Vilayet olu\u015fu Irak Parlamentosu taraf\u0131ndan da onayland\u0131\"}]},{\"@type\":\"WebSite\",\"@id\":\"https:\\\/\\\/darkamazi.site\\\/#website\",\"url\":\"https:\\\/\\\/darkamazi.site\\\/\",\"name\":\"Darka Mazi\",\"description\":\"Ana Sayfa\",\"publisher\":{\"@id\":\"https:\\\/\\\/darkamazi.site\\\/#organization\"},\"potentialAction\":[{\"@type\":\"SearchAction\",\"target\":{\"@type\":\"EntryPoint\",\"urlTemplate\":\"https:\\\/\\\/darkamazi.site\\\/?s={search_term_string}\"},\"query-input\":{\"@type\":\"PropertyValueSpecification\",\"valueRequired\":true,\"valueName\":\"search_term_string\"}}],\"inLanguage\":\"en-US\"},{\"@type\":\"Organization\",\"@id\":\"https:\\\/\\\/darkamazi.site\\\/#organization\",\"name\":\"Darka Mazi T\u00fcrk\u00e7e\",\"alternateName\":\"Darka Mazi\",\"url\":\"https:\\\/\\\/darkamazi.site\\\/\",\"logo\":{\"@type\":\"ImageObject\",\"inLanguage\":\"en-US\",\"@id\":\"https:\\\/\\\/darkamazi.site\\\/#\\\/schema\\\/logo\\\/image\\\/\",\"url\":\"https:\\\/\\\/darkamazi.site\\\/darka-content\\\/uploads\\\/2017\\\/12\\\/darka-mazi-logo.png\",\"contentUrl\":\"https:\\\/\\\/darkamazi.site\\\/darka-content\\\/uploads\\\/2017\\\/12\\\/darka-mazi-logo.png\",\"width\":151,\"height\":75,\"caption\":\"Darka Mazi T\u00fcrk\u00e7e\"},\"image\":{\"@id\":\"https:\\\/\\\/darkamazi.site\\\/#\\\/schema\\\/logo\\\/image\\\/\"},\"sameAs\":[\"https:\\\/\\\/www.facebook.com\\\/DarkaMaziturkce\",\"https:\\\/\\\/x.com\\\/DarkaMaziTurkce\"]},{\"@type\":\"Person\",\"@id\":\"https:\\\/\\\/darkamazi.site\\\/#\\\/schema\\\/person\\\/67986a95ac546c16760365877ef4a9d3\",\"name\":\"darka mazi\",\"sameAs\":[\"https:\\\/\\\/darkamazi.site\"],\"url\":\"https:\\\/\\\/darkamazi.site\\\/archives\\\/author\\\/turkish\"}]}<\/script>\n<!-- \/ Yoast SEO plugin. -->","seo_head_json":{"title":"Halep\u00e7e'nin Vilayet olu\u015fu Irak Parlamentosu taraf\u0131ndan da onayland\u0131 - Darka Mazi","robots":{"index":"index","follow":"follow","max-snippet":"max-snippet:-1","max-image-preview":"max-image-preview:large","max-video-preview":"max-video-preview:-1"},"canonical":"https:\/\/darkamazi.site\/archives\/1023946","og_locale":"en_US","og_type":"article","og_title":"Halep\u00e7e'nin Vilayet olu\u015fu Irak Parlamentosu taraf\u0131ndan da onayland\u0131 - Darka Mazi","og_description":"Halep\u00e7e Katliam\u0131&#8217;n\u0131n \u00fczerinden ge\u00e7enh 35 y\u0131ldan sonra Halep\u00e7e il oldu. Irak H\u00fck\u00fcmeti S\u00f6zc\u00fcs\u00fc Basem Awadi, parlamentonun Halep\u00e7e\u2019nin \u00fclkenin 19\u2019uncu vilayeti olmas\u0131na karar verdi\u011fini bildirdi. K24\u2019\u011fn haberine g\u00f6r\u00fc, Irak H\u00fck\u00fcmeti S\u00f6zc\u00fcs\u00fc Basem Awadi, parlamentoda d\u00fczenlenen oturumda Halep\u00e7e\u2019nin \u00fclkenin 19\u2019uncu vilayeti olmas\u0131na karar verildi\u011fini belirtti. K\u00fcrdistan B\u00f6lgesi H\u00fck\u00fcmeti Genel Sekreteri Amanc Rahim de Facebook hesab\u0131ndan \u201cHalep\u00e7e Irak\u2019\u0131n [&hellip;]","og_url":"https:\/\/darkamazi.site\/archives\/1023946","og_site_name":"Darka Mazi","article_publisher":"https:\/\/www.facebook.com\/DarkaMaziturkce","article_published_time":"2023-03-13T17:16:48+00:00","og_image":[{"width":800,"height":532,"url":"https:\/\/darkamazi.site\/file\/2023\/03\/Halepce-1.jpg","type":"image\/jpeg"}],"author":"darka mazi","twitter_card":"summary_large_image","twitter_creator":"@DarkaMaziTurkce","twitter_site":"@DarkaMaziTurkce","twitter_misc":{"Written by":"darka mazi","Est. reading time":"1 minute"},"schema":{"@context":"https:\/\/schema.org","@graph":[{"@type":"NewsArticle","@id":"https:\/\/darkamazi.site\/archives\/1023946#article","isPartOf":{"@id":"https:\/\/darkamazi.site\/archives\/1023946"},"author":{"name":"darka mazi","@id":"https:\/\/darkamazi.site\/#\/schema\/person\/67986a95ac546c16760365877ef4a9d3"},"headline":"Halep\u00e7e&#8217;nin Vilayet olu\u015fu Irak Parlamentosu taraf\u0131ndan da onayland\u0131","datePublished":"2023-03-13T17:16:48+00:00","mainEntityOfPage":{"@id":"https:\/\/darkamazi.site\/archives\/1023946"},"wordCount":121,"publisher":{"@id":"https:\/\/darkamazi.site\/#organization"},"image":{"@id":"https:\/\/darkamazi.site\/archives\/1023946#primaryimage"},"thumbnailUrl":"https:\/\/darkamazi.site\/file\/2023\/03\/Halepce-1.jpg","keywords":["\u00f6nemli"],"articleSection":["Kurdistan"],"inLanguage":"en-US"},{"@type":"WebPage","@id":"https:\/\/darkamazi.site\/archives\/1023946","url":"https:\/\/darkamazi.site\/archives\/1023946","name":"Halep\u00e7e'nin Vilayet olu\u015fu Irak Parlamentosu taraf\u0131ndan da onayland\u0131 - Darka Mazi","isPartOf":{"@id":"https:\/\/darkamazi.site\/#website"},"primaryImageOfPage":{"@id":"https:\/\/darkamazi.site\/archives\/1023946#primaryimage"},"image":{"@id":"https:\/\/darkamazi.site\/archives\/1023946#primaryimage"},"thumbnailUrl":"https:\/\/darkamazi.site\/file\/2023\/03\/Halepce-1.jpg","datePublished":"2023-03-13T17:16:48+00:00","breadcrumb":{"@id":"https:\/\/darkamazi.site\/archives\/1023946#breadcrumb"},"inLanguage":"en-US","potentialAction":[{"@type":"ReadAction","target":["https:\/\/darkamazi.site\/archives\/1023946"]}]},{"@type":"ImageObject","inLanguage":"en-US","@id":"https:\/\/darkamazi.site\/archives\/1023946#primaryimage","url":"https:\/\/darkamazi.site\/file\/2023\/03\/Halepce-1.jpg","contentUrl":"https:\/\/darkamazi.site\/file\/2023\/03\/Halepce-1.jpg","width":800,"height":532,"caption":"Irak H\u00fck\u00fcmeti S\u00f6zc\u00fcs\u00fc Basem Awadi, parlamentonun Halep\u00e7e\u2019nin \u00fclkenin 19\u2019uncu vilayeti olmas\u0131na karar verdi\u011fini bildirdi. K24\u2019\u011fn haberine g\u00f6r\u00fc, Irak H\u00fck\u00fcmeti S\u00f6zc\u00fcs\u00fc Basem Awadi, parlamentoda d\u00fczenlenen oturumda Halep\u00e7e\u2019nin \u00fclkenin 19\u2019uncu vilayeti olmas\u0131na karar verildi\u011fini belirtti. K\u00fcrdistan B\u00f6lgesi H\u00fck\u00fcmeti Genel Sekreteri Amanc Rahim de Facebook hesab\u0131ndan \u201cHalep\u00e7e Irak\u2019\u0131n 19\u2019uncu vilayeti\u201d a\u00e7\u0131klamas\u0131nda bulundu. Irak Parlamentosu bug\u00fcn Halep\u00e7e\u2019nin vilayet olma prosed\u00fcr\u00fcn\u00fcn tamamlanmas\u0131na karar verdi"},{"@type":"BreadcrumbList","@id":"https:\/\/darkamazi.site\/archives\/1023946#breadcrumb","itemListElement":[{"@type":"ListItem","position":1,"name":"Home","item":"https:\/\/darkamazi.site\/"},{"@type":"ListItem","position":2,"name":"Halep\u00e7e&#8217;nin Vilayet olu\u015fu Irak Parlamentosu taraf\u0131ndan da onayland\u0131"}]},{"@type":"WebSite","@id":"https:\/\/darkamazi.site\/#website","url":"https:\/\/darkamazi.site\/","name":"Darka Mazi","description":"Ana Sayfa","publisher":{"@id":"https:\/\/darkamazi.site\/#organization"},"potentialAction":[{"@type":"SearchAction","target":{"@type":"EntryPoint","urlTemplate":"https:\/\/darkamazi.site\/?s={search_term_string}"},"query-input":{"@type":"PropertyValueSpecification","valueRequired":true,"valueName":"search_term_string"}}],"inLanguage":"en-US"},{"@type":"Organization","@id":"https:\/\/darkamazi.site\/#organization","name":"Darka Mazi T\u00fcrk\u00e7e","alternateName":"Darka Mazi","url":"https:\/\/darkamazi.site\/","logo":{"@type":"ImageObject","inLanguage":"en-US","@id":"https:\/\/darkamazi.site\/#\/schema\/logo\/image\/","url":"https:\/\/darkamazi.site\/file\/2017\/12\/darka-mazi-logo.png","contentUrl":"https:\/\/darkamazi.site\/file\/2017\/12\/darka-mazi-logo.png","width":151,"height":75,"caption":"Darka Mazi T\u00fcrk\u00e7e"},"image":{"@id":"https:\/\/darkamazi.site\/#\/schema\/logo\/image\/"},"sameAs":["https:\/\/www.facebook.com\/DarkaMaziturkce","https:\/\/x.com\/DarkaMaziTurkce"]},{"@type":"Person","@id":"https:\/\/darkamazi.site\/#\/schema\/person\/67986a95ac546c16760365877ef4a9d3","name":"darka mazi","sameAs":["https:\/\/darkamazi.site"],"url":"https:\/\/darkamazi.site\/archives\/author\/turkish"}]}},"_links":{"self":[{"href":"https:\/\/darkamazi.site\/funavuv\/wp\/v2\/posts\/1023946","targetHints":{"allow":["GET"]}}],"collection":[{"href":"https:\/\/darkamazi.site\/funavuv\/wp\/v2\/posts"}],"about":[{"href":"https:\/\/darkamazi.site\/funavuv\/wp\/v2\/types\/post"}],"author":[{"embeddable":true,"href":"https:\/\/darkamazi.site\/funavuv\/wp\/v2\/users\/2"}],"replies":[{"embeddable":true,"href":"https:\/\/darkamazi.site\/funavuv\/wp\/v2\/comments?post=1023946"}],"version-history":[{"count":0,"href":"https:\/\/darkamazi.site\/funavuv\/wp\/v2\/posts\/1023946\/revisions"}],"wp:featuredmedia":[{"embeddable":true,"href":"https:\/\/darkamazi.site\/funavuv\/wp\/v2\/media\/1023947"}],"wp:attachment":[{"href":"https:\/\/darkamazi.site\/funavuv\/wp\/v2\/media?parent=1023946"}],"wp:term":[{"taxonomy":"category","embeddable":true,"href":"https:\/\/darkamazi.site\/funavuv\/wp\/v2\/categories?post=1023946"},{"taxonomy":"post_tag","embeddable":true,"href":"https:\/\/darkamazi.site\/funavuv\/wp\/v2\/tags?post=1023946"}],"curies":[{"name":"wp","href":"https:\/\/api.w.org\/{rel}","templated":true}]}}