{"id":1024068,"date":"2023-03-21T20:49:06","date_gmt":"2023-03-21T17:49:06","guid":{"rendered":"https:\/\/darkamazi.site\/?p=1024068"},"modified":"2023-03-21T20:49:06","modified_gmt":"2023-03-21T17:49:06","slug":"basbakan-efrin-saldirisini-kinarayar-sorumlularin-hesap-vermesini-istedi","status":"publish","type":"post","link":"https:\/\/darkamazi.site\/archives\/1024068","title":{"rendered":"Ba\u015fbakan Efrin sald\u0131r\u0131s\u0131n\u0131 k\u0131narayar, sorumlular\u0131n hesap vermesini istedi"},"content":{"rendered":"<p style=\"text-align: justify\">\u00a0Ba\u015fbakan Mesrur Barzani, d\u00fcn Rojava\u2019n\u0131n Efrin kentinde Newroz kutlamas\u0131na y\u00f6nelik ger\u00e7ekle\u015ftirilen sald\u0131r\u0131y\u0131 sert bir \u015fekilde k\u0131nayarak, \u201cSald\u0131r\u0131n\u0131n failleri yasa \u00f6n\u00fcnde cezalar\u0131n\u0131 \u00e7ekmeli\u201d dedi.<\/p>\n<p style=\"text-align: justify\">Rojava\u2019n\u0131n Efrin kentine ba\u011fl\u0131 Cinderes beldesindeki Newroz kutlamalar\u0131na sald\u0131r\u0131 ger\u00e7ekle\u015fti.<\/p>\n<p style=\"text-align: justify\">D\u00fcn Newroz ate\u015fi yakan \u00e7ok say\u0131da K\u00fcrt vatanda\u015fa ate\u015f a\u00e7an Ahrar El \u015earkiye \u00f6rg\u00fct\u00fc 4 ki\u015fiyi \u00f6ld\u00fcrd\u00fc, \u00e7ok say\u0131da ki\u015fiyi de yaralad\u0131.<\/p>\n<p style=\"text-align: justify\">Sald\u0131r\u0131n\u0131n ard\u0131ndan Rojava\u2019n\u0131n pek \u00e7ok kentinde protesto g\u00f6sterileri d\u00fczenlendi.<\/p>\n<p style=\"text-align: justify\">Sald\u0131r\u0131yla ilgili a\u00e7\u0131klama yapan Ba\u015fbakan Mesrur Barzani, \u201cNewroz me\u015falesinin ate\u015fe verildi\u011fi s\u0131rada ger\u00e7ekle\u015fen sald\u0131r\u0131da 4 K\u00fcrt vatanda\u015f \u015fehit oldu. Hayat\u0131n\u0131 kaybedenlerin ailelerine ba\u015fsa\u011fl\u0131\u011f\u0131, yaral\u0131lara acil \u015fifalar diliyorum\u201d dedi.<\/p>\n<p style=\"text-align: justify\">\u201cBu sald\u0131r\u0131y\u0131 en g\u00fc\u00e7l\u00fc \u015fekilde k\u0131n\u0131yorum\u201d diyen Ba\u015fbakan, Cinderes yetkililerinin gerekli soru\u015fturmay\u0131 yapmas\u0131 gerekti\u011fini vurgulad\u0131.<\/p>\n<p style=\"text-align: justify\">Ba\u015fbakan Mesrur Barzani, yap\u0131lan soru\u015fturmalar neticesinde sald\u0131r\u0131y\u0131 ger\u00e7ekle\u015ftirenlerin yasal olarak cezaland\u0131r\u0131lmas\u0131 gerekti\u011fini belirtti.<\/p>\n<p style=\"text-align: justify\">Sald\u0131r\u0131y\u0131 ger\u00e7ekle\u015ftiren Ahrar El \u015earkiye, Deyr Ez-zor k\u00f6kenli bir grup.<\/p>\n<p style=\"text-align: justify\">2016&#8217;da Halep&#8217;in kuzeyine y\u00f6nelen \u00f6rg\u00fct mensuplar\u0131 Ahrar El \u015eam&#8217;dan ayr\u0131ld\u0131 ve T\u00fcrkiye&#8217;nin Rojava\u2019ya y\u00f6nelik operasyonuna dahil oldu.<\/p>\n<p style=\"text-align: justify\">Bu silahl\u0131 \u00f6rg\u00fctlerin ba\u015f\u0131nda ise, T\u00fcrk ordusuna e\u015flik eden ve kendisini \u201cSuriye Milli Ordusu\u201d olarak tan\u0131mlayan grubun \u00e7at\u0131s\u0131 alt\u0131ndaki Ahrar El \u015earkiye yer al\u0131yor.<\/p>\n<p style=\"text-align: justify\">Bu arada Efrin 18 Mart 2018\u2019den bu yana T\u00fcrkiye ve silahl\u0131 gruplar\u0131n kontrol\u00fcnde bulunuyor.<\/p>\n<p style=\"text-align: justify\">Kentin T\u00fcrkiye ve\u00a0silahl\u0131 gruplar\u0131n kontrol\u00fcne ge\u00e7mesinden bu yana, 8 binden fazla K\u00fcrt ka\u00e7\u0131r\u0131ld\u0131, \u00e7ok say\u0131da ki\u015finin ak\u0131beti bilinmiyor.<\/p>\n","protected":false},"excerpt":{"rendered":"<p>\u00a0Ba\u015fbakan Mesrur Barzani, d\u00fcn Rojava\u2019n\u0131n Efrin kentinde Newroz kutlamas\u0131na y\u00f6nelik ger\u00e7ekle\u015ftirilen sald\u0131r\u0131y\u0131 sert bir \u015fekilde k\u0131nayarak, \u201cSald\u0131r\u0131n\u0131n failleri yasa \u00f6n\u00fcnde cezalar\u0131n\u0131 \u00e7ekmeli\u201d dedi. Rojava\u2019n\u0131n Efrin kentine ba\u011fl\u0131 Cinderes beldesindeki Newroz kutlamalar\u0131na sald\u0131r\u0131 ger\u00e7ekle\u015fti. D\u00fcn Newroz ate\u015fi yakan \u00e7ok say\u0131da K\u00fcrt vatanda\u015fa ate\u015f a\u00e7an Ahrar El \u015earkiye \u00f6rg\u00fct\u00fc 4 ki\u015fiyi \u00f6ld\u00fcrd\u00fc, \u00e7ok say\u0131da ki\u015fiyi de yaralad\u0131. [&hellip;]<\/p>\n","protected":false},"author":2,"featured_media":1024069,"comment_status":"closed","ping_status":"closed","sticky":false,"template":"","format":"standard","meta":{"footnotes":""},"categories":[3],"tags":[31],"class_list":["post-1024068","post","type-post","status-publish","format-standard","has-post-thumbnail","hentry","category-kurdistan","tag-onemli"],"blocksy_meta":[],"seo_head":"<!-- This site is optimized with the Yoast SEO plugin v27.5 - https:\/\/yoast.com\/product\/yoast-seo-wordpress\/ -->\n<title>Ba\u015fbakan Efrin sald\u0131r\u0131s\u0131n\u0131 k\u0131narayar, sorumlular\u0131n hesap vermesini istedi - Darka Mazi<\/title>\n<meta name=\"robots\" content=\"index, follow, max-snippet:-1, max-image-preview:large, max-video-preview:-1\" \/>\n<link rel=\"canonical\" href=\"https:\/\/darkamazi.site\/archives\/1024068\" \/>\n<meta property=\"og:locale\" content=\"en_US\" \/>\n<meta property=\"og:type\" content=\"article\" \/>\n<meta property=\"og:title\" content=\"Ba\u015fbakan Efrin sald\u0131r\u0131s\u0131n\u0131 k\u0131narayar, sorumlular\u0131n hesap vermesini istedi - Darka Mazi\" \/>\n<meta property=\"og:description\" content=\"\u00a0Ba\u015fbakan Mesrur Barzani, d\u00fcn Rojava\u2019n\u0131n Efrin kentinde Newroz kutlamas\u0131na y\u00f6nelik ger\u00e7ekle\u015ftirilen sald\u0131r\u0131y\u0131 sert bir \u015fekilde k\u0131nayarak, \u201cSald\u0131r\u0131n\u0131n failleri yasa \u00f6n\u00fcnde cezalar\u0131n\u0131 \u00e7ekmeli\u201d dedi. Rojava\u2019n\u0131n Efrin kentine ba\u011fl\u0131 Cinderes beldesindeki Newroz kutlamalar\u0131na sald\u0131r\u0131 ger\u00e7ekle\u015fti. D\u00fcn Newroz ate\u015fi yakan \u00e7ok say\u0131da K\u00fcrt vatanda\u015fa ate\u015f a\u00e7an Ahrar El \u015earkiye \u00f6rg\u00fct\u00fc 4 ki\u015fiyi \u00f6ld\u00fcrd\u00fc, \u00e7ok say\u0131da ki\u015fiyi de yaralad\u0131. [&hellip;]\" \/>\n<meta property=\"og:url\" content=\"https:\/\/darkamazi.site\/archives\/1024068\" \/>\n<meta property=\"og:site_name\" content=\"Darka Mazi\" \/>\n<meta property=\"article:publisher\" content=\"https:\/\/www.facebook.com\/DarkaMaziturkce\" \/>\n<meta property=\"article:published_time\" content=\"2023-03-21T17:49:06+00:00\" \/>\n<meta property=\"og:image\" content=\"https:\/\/darkamazi.site\/file\/2023\/03\/e5f022a8114dfebc2beb7658ce4d6c10_L.jpg\" \/>\n\t<meta property=\"og:image:width\" content=\"710\" \/>\n\t<meta property=\"og:image:height\" content=\"389\" \/>\n\t<meta property=\"og:image:type\" content=\"image\/jpeg\" \/>\n<meta name=\"author\" content=\"darka mazi\" \/>\n<meta name=\"twitter:card\" content=\"summary_large_image\" \/>\n<meta name=\"twitter:creator\" content=\"@DarkaMaziTurkce\" \/>\n<meta name=\"twitter:site\" content=\"@DarkaMaziTurkce\" \/>\n<meta name=\"twitter:label1\" content=\"Written by\" \/>\n\t<meta name=\"twitter:data1\" content=\"darka mazi\" \/>\n\t<meta name=\"twitter:label2\" content=\"Est. reading time\" \/>\n\t<meta name=\"twitter:data2\" content=\"1 minute\" \/>\n<script type=\"application\/ld+json\" class=\"seo-schema-graph\">{\"@context\":\"https:\\\/\\\/schema.org\",\"@graph\":[{\"@type\":\"NewsArticle\",\"@id\":\"https:\\\/\\\/darkamazi.site\\\/archives\\\/1024068#article\",\"isPartOf\":{\"@id\":\"https:\\\/\\\/darkamazi.site\\\/archives\\\/1024068\"},\"author\":{\"name\":\"darka mazi\",\"@id\":\"https:\\\/\\\/darkamazi.site\\\/#\\\/schema\\\/person\\\/67986a95ac546c16760365877ef4a9d3\"},\"headline\":\"Ba\u015fbakan Efrin sald\u0131r\u0131s\u0131n\u0131 k\u0131narayar, sorumlular\u0131n hesap vermesini istedi\",\"datePublished\":\"2023-03-21T17:49:06+00:00\",\"mainEntityOfPage\":{\"@id\":\"https:\\\/\\\/darkamazi.site\\\/archives\\\/1024068\"},\"wordCount\":326,\"publisher\":{\"@id\":\"https:\\\/\\\/darkamazi.site\\\/#organization\"},\"image\":{\"@id\":\"https:\\\/\\\/darkamazi.site\\\/archives\\\/1024068#primaryimage\"},\"thumbnailUrl\":\"https:\\\/\\\/darkamazi.site\\\/darka-content\\\/uploads\\\/2023\\\/03\\\/e5f022a8114dfebc2beb7658ce4d6c10_L.jpg\",\"keywords\":[\"\u00f6nemli\"],\"articleSection\":[\"Kurdistan\"],\"inLanguage\":\"en-US\"},{\"@type\":\"WebPage\",\"@id\":\"https:\\\/\\\/darkamazi.site\\\/archives\\\/1024068\",\"url\":\"https:\\\/\\\/darkamazi.site\\\/archives\\\/1024068\",\"name\":\"Ba\u015fbakan Efrin sald\u0131r\u0131s\u0131n\u0131 k\u0131narayar, sorumlular\u0131n hesap vermesini istedi - Darka Mazi\",\"isPartOf\":{\"@id\":\"https:\\\/\\\/darkamazi.site\\\/#website\"},\"primaryImageOfPage\":{\"@id\":\"https:\\\/\\\/darkamazi.site\\\/archives\\\/1024068#primaryimage\"},\"image\":{\"@id\":\"https:\\\/\\\/darkamazi.site\\\/archives\\\/1024068#primaryimage\"},\"thumbnailUrl\":\"https:\\\/\\\/darkamazi.site\\\/darka-content\\\/uploads\\\/2023\\\/03\\\/e5f022a8114dfebc2beb7658ce4d6c10_L.jpg\",\"datePublished\":\"2023-03-21T17:49:06+00:00\",\"breadcrumb\":{\"@id\":\"https:\\\/\\\/darkamazi.site\\\/archives\\\/1024068#breadcrumb\"},\"inLanguage\":\"en-US\",\"potentialAction\":[{\"@type\":\"ReadAction\",\"target\":[\"https:\\\/\\\/darkamazi.site\\\/archives\\\/1024068\"]}]},{\"@type\":\"ImageObject\",\"inLanguage\":\"en-US\",\"@id\":\"https:\\\/\\\/darkamazi.site\\\/archives\\\/1024068#primaryimage\",\"url\":\"https:\\\/\\\/darkamazi.site\\\/darka-content\\\/uploads\\\/2023\\\/03\\\/e5f022a8114dfebc2beb7658ce4d6c10_L.jpg\",\"contentUrl\":\"https:\\\/\\\/darkamazi.site\\\/darka-content\\\/uploads\\\/2023\\\/03\\\/e5f022a8114dfebc2beb7658ce4d6c10_L.jpg\",\"width\":710,\"height\":389,\"caption\":\"Ba\u015fbakan Efrin sald\u0131r\u0131s\u0131n\u0131 k\u0131narayar, sorumlular\u0131n hesap vermesini istedi\"},{\"@type\":\"BreadcrumbList\",\"@id\":\"https:\\\/\\\/darkamazi.site\\\/archives\\\/1024068#breadcrumb\",\"itemListElement\":[{\"@type\":\"ListItem\",\"position\":1,\"name\":\"Home\",\"item\":\"https:\\\/\\\/darkamazi.site\\\/\"},{\"@type\":\"ListItem\",\"position\":2,\"name\":\"Ba\u015fbakan Efrin sald\u0131r\u0131s\u0131n\u0131 k\u0131narayar, sorumlular\u0131n hesap vermesini istedi\"}]},{\"@type\":\"WebSite\",\"@id\":\"https:\\\/\\\/darkamazi.site\\\/#website\",\"url\":\"https:\\\/\\\/darkamazi.site\\\/\",\"name\":\"Darka Mazi\",\"description\":\"Ana Sayfa\",\"publisher\":{\"@id\":\"https:\\\/\\\/darkamazi.site\\\/#organization\"},\"potentialAction\":[{\"@type\":\"SearchAction\",\"target\":{\"@type\":\"EntryPoint\",\"urlTemplate\":\"https:\\\/\\\/darkamazi.site\\\/?s={search_term_string}\"},\"query-input\":{\"@type\":\"PropertyValueSpecification\",\"valueRequired\":true,\"valueName\":\"search_term_string\"}}],\"inLanguage\":\"en-US\"},{\"@type\":\"Organization\",\"@id\":\"https:\\\/\\\/darkamazi.site\\\/#organization\",\"name\":\"Darka Mazi T\u00fcrk\u00e7e\",\"alternateName\":\"Darka Mazi\",\"url\":\"https:\\\/\\\/darkamazi.site\\\/\",\"logo\":{\"@type\":\"ImageObject\",\"inLanguage\":\"en-US\",\"@id\":\"https:\\\/\\\/darkamazi.site\\\/#\\\/schema\\\/logo\\\/image\\\/\",\"url\":\"https:\\\/\\\/darkamazi.site\\\/darka-content\\\/uploads\\\/2017\\\/12\\\/darka-mazi-logo.png\",\"contentUrl\":\"https:\\\/\\\/darkamazi.site\\\/darka-content\\\/uploads\\\/2017\\\/12\\\/darka-mazi-logo.png\",\"width\":151,\"height\":75,\"caption\":\"Darka Mazi T\u00fcrk\u00e7e\"},\"image\":{\"@id\":\"https:\\\/\\\/darkamazi.site\\\/#\\\/schema\\\/logo\\\/image\\\/\"},\"sameAs\":[\"https:\\\/\\\/www.facebook.com\\\/DarkaMaziturkce\",\"https:\\\/\\\/x.com\\\/DarkaMaziTurkce\"]},{\"@type\":\"Person\",\"@id\":\"https:\\\/\\\/darkamazi.site\\\/#\\\/schema\\\/person\\\/67986a95ac546c16760365877ef4a9d3\",\"name\":\"darka mazi\",\"sameAs\":[\"https:\\\/\\\/darkamazi.site\"],\"url\":\"https:\\\/\\\/darkamazi.site\\\/archives\\\/author\\\/turkish\"}]}<\/script>\n<!-- \/ Yoast SEO plugin. -->","seo_head_json":{"title":"Ba\u015fbakan Efrin sald\u0131r\u0131s\u0131n\u0131 k\u0131narayar, sorumlular\u0131n hesap vermesini istedi - Darka Mazi","robots":{"index":"index","follow":"follow","max-snippet":"max-snippet:-1","max-image-preview":"max-image-preview:large","max-video-preview":"max-video-preview:-1"},"canonical":"https:\/\/darkamazi.site\/archives\/1024068","og_locale":"en_US","og_type":"article","og_title":"Ba\u015fbakan Efrin sald\u0131r\u0131s\u0131n\u0131 k\u0131narayar, sorumlular\u0131n hesap vermesini istedi - Darka Mazi","og_description":"\u00a0Ba\u015fbakan Mesrur Barzani, d\u00fcn Rojava\u2019n\u0131n Efrin kentinde Newroz kutlamas\u0131na y\u00f6nelik ger\u00e7ekle\u015ftirilen sald\u0131r\u0131y\u0131 sert bir \u015fekilde k\u0131nayarak, \u201cSald\u0131r\u0131n\u0131n failleri yasa \u00f6n\u00fcnde cezalar\u0131n\u0131 \u00e7ekmeli\u201d dedi. Rojava\u2019n\u0131n Efrin kentine ba\u011fl\u0131 Cinderes beldesindeki Newroz kutlamalar\u0131na sald\u0131r\u0131 ger\u00e7ekle\u015fti. D\u00fcn Newroz ate\u015fi yakan \u00e7ok say\u0131da K\u00fcrt vatanda\u015fa ate\u015f a\u00e7an Ahrar El \u015earkiye \u00f6rg\u00fct\u00fc 4 ki\u015fiyi \u00f6ld\u00fcrd\u00fc, \u00e7ok say\u0131da ki\u015fiyi de yaralad\u0131. [&hellip;]","og_url":"https:\/\/darkamazi.site\/archives\/1024068","og_site_name":"Darka Mazi","article_publisher":"https:\/\/www.facebook.com\/DarkaMaziturkce","article_published_time":"2023-03-21T17:49:06+00:00","og_image":[{"width":710,"height":389,"url":"https:\/\/darkamazi.site\/file\/2023\/03\/e5f022a8114dfebc2beb7658ce4d6c10_L.jpg","type":"image\/jpeg"}],"author":"darka mazi","twitter_card":"summary_large_image","twitter_creator":"@DarkaMaziTurkce","twitter_site":"@DarkaMaziTurkce","twitter_misc":{"Written by":"darka mazi","Est. reading time":"1 minute"},"schema":{"@context":"https:\/\/schema.org","@graph":[{"@type":"NewsArticle","@id":"https:\/\/darkamazi.site\/archives\/1024068#article","isPartOf":{"@id":"https:\/\/darkamazi.site\/archives\/1024068"},"author":{"name":"darka mazi","@id":"https:\/\/darkamazi.site\/#\/schema\/person\/67986a95ac546c16760365877ef4a9d3"},"headline":"Ba\u015fbakan Efrin sald\u0131r\u0131s\u0131n\u0131 k\u0131narayar, sorumlular\u0131n hesap vermesini istedi","datePublished":"2023-03-21T17:49:06+00:00","mainEntityOfPage":{"@id":"https:\/\/darkamazi.site\/archives\/1024068"},"wordCount":326,"publisher":{"@id":"https:\/\/darkamazi.site\/#organization"},"image":{"@id":"https:\/\/darkamazi.site\/archives\/1024068#primaryimage"},"thumbnailUrl":"https:\/\/darkamazi.site\/file\/2023\/03\/e5f022a8114dfebc2beb7658ce4d6c10_L.jpg","keywords":["\u00f6nemli"],"articleSection":["Kurdistan"],"inLanguage":"en-US"},{"@type":"WebPage","@id":"https:\/\/darkamazi.site\/archives\/1024068","url":"https:\/\/darkamazi.site\/archives\/1024068","name":"Ba\u015fbakan Efrin sald\u0131r\u0131s\u0131n\u0131 k\u0131narayar, sorumlular\u0131n hesap vermesini istedi - Darka Mazi","isPartOf":{"@id":"https:\/\/darkamazi.site\/#website"},"primaryImageOfPage":{"@id":"https:\/\/darkamazi.site\/archives\/1024068#primaryimage"},"image":{"@id":"https:\/\/darkamazi.site\/archives\/1024068#primaryimage"},"thumbnailUrl":"https:\/\/darkamazi.site\/file\/2023\/03\/e5f022a8114dfebc2beb7658ce4d6c10_L.jpg","datePublished":"2023-03-21T17:49:06+00:00","breadcrumb":{"@id":"https:\/\/darkamazi.site\/archives\/1024068#breadcrumb"},"inLanguage":"en-US","potentialAction":[{"@type":"ReadAction","target":["https:\/\/darkamazi.site\/archives\/1024068"]}]},{"@type":"ImageObject","inLanguage":"en-US","@id":"https:\/\/darkamazi.site\/archives\/1024068#primaryimage","url":"https:\/\/darkamazi.site\/file\/2023\/03\/e5f022a8114dfebc2beb7658ce4d6c10_L.jpg","contentUrl":"https:\/\/darkamazi.site\/file\/2023\/03\/e5f022a8114dfebc2beb7658ce4d6c10_L.jpg","width":710,"height":389,"caption":"Ba\u015fbakan Efrin sald\u0131r\u0131s\u0131n\u0131 k\u0131narayar, sorumlular\u0131n hesap vermesini istedi"},{"@type":"BreadcrumbList","@id":"https:\/\/darkamazi.site\/archives\/1024068#breadcrumb","itemListElement":[{"@type":"ListItem","position":1,"name":"Home","item":"https:\/\/darkamazi.site\/"},{"@type":"ListItem","position":2,"name":"Ba\u015fbakan Efrin sald\u0131r\u0131s\u0131n\u0131 k\u0131narayar, sorumlular\u0131n hesap vermesini istedi"}]},{"@type":"WebSite","@id":"https:\/\/darkamazi.site\/#website","url":"https:\/\/darkamazi.site\/","name":"Darka Mazi","description":"Ana Sayfa","publisher":{"@id":"https:\/\/darkamazi.site\/#organization"},"potentialAction":[{"@type":"SearchAction","target":{"@type":"EntryPoint","urlTemplate":"https:\/\/darkamazi.site\/?s={search_term_string}"},"query-input":{"@type":"PropertyValueSpecification","valueRequired":true,"valueName":"search_term_string"}}],"inLanguage":"en-US"},{"@type":"Organization","@id":"https:\/\/darkamazi.site\/#organization","name":"Darka Mazi T\u00fcrk\u00e7e","alternateName":"Darka Mazi","url":"https:\/\/darkamazi.site\/","logo":{"@type":"ImageObject","inLanguage":"en-US","@id":"https:\/\/darkamazi.site\/#\/schema\/logo\/image\/","url":"https:\/\/darkamazi.site\/file\/2017\/12\/darka-mazi-logo.png","contentUrl":"https:\/\/darkamazi.site\/file\/2017\/12\/darka-mazi-logo.png","width":151,"height":75,"caption":"Darka Mazi T\u00fcrk\u00e7e"},"image":{"@id":"https:\/\/darkamazi.site\/#\/schema\/logo\/image\/"},"sameAs":["https:\/\/www.facebook.com\/DarkaMaziturkce","https:\/\/x.com\/DarkaMaziTurkce"]},{"@type":"Person","@id":"https:\/\/darkamazi.site\/#\/schema\/person\/67986a95ac546c16760365877ef4a9d3","name":"darka mazi","sameAs":["https:\/\/darkamazi.site"],"url":"https:\/\/darkamazi.site\/archives\/author\/turkish"}]}},"_links":{"self":[{"href":"https:\/\/darkamazi.site\/funavuv\/wp\/v2\/posts\/1024068","targetHints":{"allow":["GET"]}}],"collection":[{"href":"https:\/\/darkamazi.site\/funavuv\/wp\/v2\/posts"}],"about":[{"href":"https:\/\/darkamazi.site\/funavuv\/wp\/v2\/types\/post"}],"author":[{"embeddable":true,"href":"https:\/\/darkamazi.site\/funavuv\/wp\/v2\/users\/2"}],"replies":[{"embeddable":true,"href":"https:\/\/darkamazi.site\/funavuv\/wp\/v2\/comments?post=1024068"}],"version-history":[{"count":0,"href":"https:\/\/darkamazi.site\/funavuv\/wp\/v2\/posts\/1024068\/revisions"}],"wp:featuredmedia":[{"embeddable":true,"href":"https:\/\/darkamazi.site\/funavuv\/wp\/v2\/media\/1024069"}],"wp:attachment":[{"href":"https:\/\/darkamazi.site\/funavuv\/wp\/v2\/media?parent=1024068"}],"wp:term":[{"taxonomy":"category","embeddable":true,"href":"https:\/\/darkamazi.site\/funavuv\/wp\/v2\/categories?post=1024068"},{"taxonomy":"post_tag","embeddable":true,"href":"https:\/\/darkamazi.site\/funavuv\/wp\/v2\/tags?post=1024068"}],"curies":[{"name":"wp","href":"https:\/\/api.w.org\/{rel}","templated":true}]}}