{"id":1024746,"date":"2023-05-04T17:38:26","date_gmt":"2023-05-04T14:38:26","guid":{"rendered":"https:\/\/darkamazi.site\/?p=1024746"},"modified":"2023-05-04T17:38:26","modified_gmt":"2023-05-04T14:38:26","slug":"86-yil-gecti-dersim-katilami-ile-hala-yuzlesilmedi","status":"publish","type":"post","link":"https:\/\/darkamazi.site\/archives\/1024746","title":{"rendered":"86 y\u0131l ge\u00e7ti Dersim Katilam\u0131 ile hala y\u00fczle\u015filmedi"},"content":{"rendered":"<p style=\"text-align: justify\">\u00a0Dersim Tertelesi\u2019nin ba\u015flang\u0131c\u0131 kabul edilen ve \u201cTunceli Tenkil Harekat\u0131\u201c olarak bilinen 4 May\u0131s 1937 Bakanlar Kurulu Karar\u0131\u2019n\u0131n \u00fczerinden 86 y\u0131l ge\u00e7ti.<\/p>\n<p style=\"text-align: justify\">4 May\u0131s 1937 tarihinde TBMM\u2019de Bakanlar Kurulu \u201cDersim Tenkil Kararlar\u0131\u201d ad\u0131nda \u00f6zel bir kararname \u00e7\u0131kar\u0131r. Bu kararname Dersim Tertelesi\u2019nin resmi ba\u015flang\u0131\u00e7 tarihi olur.<\/p>\n<p style=\"text-align: justify\">Bu karar Dersim Tertelesi\u2019nin resmi belgesi olarak kabul ediliyor. Bu kararla birlikte Dersim\u2019e y\u00f6nelik T\u00fcrkiye Cumhuriyeti \u201cSel Harek\u00e2t\u0131\u201d ba\u015flat\u0131r. Dersim Katliam\u0131, T\u00fcrkiye ve K\u00fcrtlerin tarihinde en kanl\u0131 katliamlardan bir tanesi olarak yerini al\u0131r.<\/p>\n<p style=\"text-align: justify\">Resmi verilere g\u00f6re; 13 bin 160 ki\u015finin \u00f6ld\u00fcr\u00fcld\u00fc\u011f\u00fc, 11 bin 818 ki\u015finin s\u00fcrg\u00fcn edildi\u011fi\u00a0\u00a0Dersim Katliam\u0131 1938\u2019in sonuna kadar s\u00fcrd\u00fc. Binlerce sivilin hayat\u0131n\u0131 kaybetti\u011fi, binlerce insan\u0131n s\u00fcrg\u00fcn edildi\u011fi, y\u00fczlerce k\u00f6y\u00fcn bo\u015falt\u0131l\u0131p yak\u0131ld\u0131\u011f\u0131, y\u00fczlerce k\u0131z \u00e7ocu\u011funun kaybedildi\u011fi katliam\u0131n sonunda Seyit R\u0131za ve o\u011flunun da aralar\u0131nda oldu\u011fu Dersim\u2019in \u00f6nde gelen a\u015firet liderleri idam edilir. Ancak rakamlar\u0131n daha y\u00fcksek oldu\u011fu tahmin ediliyor.<\/p>\n<p style=\"text-align: justify\">T\u00fcrkiye&#8217;nin ilk kad\u0131n pilotu ve Dersim katliam\u0131nda kilit rol oynayan Mustafa Kemal\u2019in manevi k\u0131z\u0131 Sabiha G\u00f6k\u00e7en, bir r\u00f6portaj\u0131nda &#8220;Dersim&#8217;i ac\u0131mas\u0131zca bombalad\u0131m&#8221; diyerek \u015f\u00f6yle devam etmi\u015fti:\u00a0\u201c\u00c7arp\u0131\u015fma meydan\u0131nda canl\u0131 hedef \u00fczerine bomba atmak insana hi\u00e7 bir ac\u0131ma hissi vermiyor! \u0130nsan yaln\u0131zca vazifesini g\u00f6rmek i\u00e7in aramay\u0131, vurmay\u0131 d\u00fc\u015f\u00fcn\u00fcyor.&#8221;<\/p>\n<p style=\"text-align: justify\">Ya\u015fanan katliam\u0131n \u00fczerinden 86 y\u0131l ge\u00e7mesine ra\u011fmen devlet Dersimlilerin taleplerini kar\u015f\u0131lam\u0131\u015f de\u011fil.<\/p>\n<p style=\"text-align: justify\">Dersimlilerin belli ba\u015fl\u0131 talepleri \u015f\u00f6yle:<\/p>\n<p style=\"text-align: justify\">&#8211; 4 May\u0131s\u2019\u0131n Dersim 38 Tertelesi g\u00fcn\u00fc olarak kabul edilsin!<\/p>\n<p style=\"text-align: justify\">&#8211; Ar\u015fivler A\u00e7\u0131ls\u0131n, devlet katliamla y\u00fczle\u015fsin!<\/p>\n<p style=\"text-align: justify\">&#8211; Dersim ismi iade edilsin!<\/p>\n<p style=\"text-align: justify\">&#8211; Dersim halk\u0131ndan \u00f6z\u00fcr dilensin!<\/p>\n<p style=\"text-align: justify\">&#8211; S\u00fcrg\u00fcnler, kay\u0131plar ve evlatl\u0131k al\u0131nan \u00e7ocuklar\u0131n listesi, Seyit R\u0131za ve arkada\u015flar\u0131n\u0131n mezar yerleri a\u00e7\u0131klans\u0131n!<\/p>\n<p style=\"text-align: justify\">&#8211; Anadilimiz Zazaca ve K\u0131z\u0131lba\u015f Alevi inanc\u0131m\u0131za \u00f6zg\u00fcrl\u00fck tan\u0131ns\u0131n!<\/p>\n<p style=\"text-align: justify\">&#8211; Munzur\u2019daki Baraj projeleri iptal edilsin.<\/p>\n<p style=\"text-align: justify\">\u0130nsanl\u0131k tarihine \u201ckara bir leke\u201d olarak d\u00fc\u015fen 1937-38 tarihleri aras\u0131nda ger\u00e7ekle\u015fen Dersim Katliam\u0131\u2019na bizzat tan\u0131kl\u0131k edenlerin dilinden anlat\u0131lan &#8220;Domane 38&#8221; belgeseli \u00f6nceki y\u0131l R\u00fbdaw TV\u2019de yay\u0131nland\u0131.<\/p>\n","protected":false},"excerpt":{"rendered":"<p>\u00a0Dersim Tertelesi\u2019nin ba\u015flang\u0131c\u0131 kabul edilen ve \u201cTunceli Tenkil Harekat\u0131\u201c olarak bilinen 4 May\u0131s 1937 Bakanlar Kurulu Karar\u0131\u2019n\u0131n \u00fczerinden 86 y\u0131l ge\u00e7ti. 4 May\u0131s 1937 tarihinde TBMM\u2019de Bakanlar Kurulu \u201cDersim Tenkil Kararlar\u0131\u201d ad\u0131nda \u00f6zel bir kararname \u00e7\u0131kar\u0131r. Bu kararname Dersim Tertelesi\u2019nin resmi ba\u015flang\u0131\u00e7 tarihi olur. Bu karar Dersim Tertelesi\u2019nin resmi belgesi olarak kabul ediliyor. Bu kararla [&hellip;]<\/p>\n","protected":false},"author":2,"featured_media":1024747,"comment_status":"closed","ping_status":"closed","sticky":false,"template":"","format":"standard","meta":{"footnotes":""},"categories":[3],"tags":[31],"class_list":["post-1024746","post","type-post","status-publish","format-standard","has-post-thumbnail","hentry","category-kurdistan","tag-onemli"],"blocksy_meta":[],"seo_head":"<!-- This site is optimized with the Yoast SEO plugin v27.5 - https:\/\/yoast.com\/product\/yoast-seo-wordpress\/ -->\n<title>86 y\u0131l ge\u00e7ti Dersim Katilam\u0131 ile hala y\u00fczle\u015filmedi - Darka Mazi<\/title>\n<meta name=\"robots\" content=\"index, follow, max-snippet:-1, max-image-preview:large, max-video-preview:-1\" \/>\n<link rel=\"canonical\" href=\"https:\/\/darkamazi.site\/archives\/1024746\" \/>\n<meta property=\"og:locale\" content=\"en_US\" \/>\n<meta property=\"og:type\" content=\"article\" \/>\n<meta property=\"og:title\" content=\"86 y\u0131l ge\u00e7ti Dersim Katilam\u0131 ile hala y\u00fczle\u015filmedi - Darka Mazi\" \/>\n<meta property=\"og:description\" content=\"\u00a0Dersim Tertelesi\u2019nin ba\u015flang\u0131c\u0131 kabul edilen ve \u201cTunceli Tenkil Harekat\u0131\u201c olarak bilinen 4 May\u0131s 1937 Bakanlar Kurulu Karar\u0131\u2019n\u0131n \u00fczerinden 86 y\u0131l ge\u00e7ti. 4 May\u0131s 1937 tarihinde TBMM\u2019de Bakanlar Kurulu \u201cDersim Tenkil Kararlar\u0131\u201d ad\u0131nda \u00f6zel bir kararname \u00e7\u0131kar\u0131r. Bu kararname Dersim Tertelesi\u2019nin resmi ba\u015flang\u0131\u00e7 tarihi olur. Bu karar Dersim Tertelesi\u2019nin resmi belgesi olarak kabul ediliyor. Bu kararla [&hellip;]\" \/>\n<meta property=\"og:url\" content=\"https:\/\/darkamazi.site\/archives\/1024746\" \/>\n<meta property=\"og:site_name\" content=\"Darka Mazi\" \/>\n<meta property=\"article:publisher\" content=\"https:\/\/www.facebook.com\/DarkaMaziturkce\" \/>\n<meta property=\"article:published_time\" content=\"2023-05-04T14:38:26+00:00\" \/>\n<meta property=\"og:image\" content=\"https:\/\/darkamazi.site\/file\/2023\/05\/Dersim-katilami.jpg\" \/>\n\t<meta property=\"og:image:width\" content=\"880\" \/>\n\t<meta property=\"og:image:height\" content=\"440\" \/>\n\t<meta property=\"og:image:type\" content=\"image\/jpeg\" \/>\n<meta name=\"author\" content=\"darka mazi\" \/>\n<meta name=\"twitter:card\" content=\"summary_large_image\" \/>\n<meta name=\"twitter:creator\" content=\"@DarkaMaziTurkce\" \/>\n<meta name=\"twitter:site\" content=\"@DarkaMaziTurkce\" \/>\n<meta name=\"twitter:label1\" content=\"Written by\" \/>\n\t<meta name=\"twitter:data1\" content=\"darka mazi\" \/>\n\t<meta name=\"twitter:label2\" content=\"Est. reading time\" \/>\n\t<meta name=\"twitter:data2\" content=\"2 minutes\" \/>\n<script type=\"application\/ld+json\" class=\"seo-schema-graph\">{\"@context\":\"https:\\\/\\\/schema.org\",\"@graph\":[{\"@type\":\"NewsArticle\",\"@id\":\"https:\\\/\\\/darkamazi.site\\\/archives\\\/1024746#article\",\"isPartOf\":{\"@id\":\"https:\\\/\\\/darkamazi.site\\\/archives\\\/1024746\"},\"author\":{\"name\":\"darka mazi\",\"@id\":\"https:\\\/\\\/darkamazi.site\\\/#\\\/schema\\\/person\\\/67986a95ac546c16760365877ef4a9d3\"},\"headline\":\"86 y\u0131l ge\u00e7ti Dersim Katilam\u0131 ile hala y\u00fczle\u015filmedi\",\"datePublished\":\"2023-05-04T14:38:26+00:00\",\"mainEntityOfPage\":{\"@id\":\"https:\\\/\\\/darkamazi.site\\\/archives\\\/1024746\"},\"wordCount\":414,\"publisher\":{\"@id\":\"https:\\\/\\\/darkamazi.site\\\/#organization\"},\"image\":{\"@id\":\"https:\\\/\\\/darkamazi.site\\\/archives\\\/1024746#primaryimage\"},\"thumbnailUrl\":\"https:\\\/\\\/darkamazi.site\\\/darka-content\\\/uploads\\\/2023\\\/05\\\/Dersim-katilami.jpg\",\"keywords\":[\"\u00f6nemli\"],\"articleSection\":[\"Kurdistan\"],\"inLanguage\":\"en-US\"},{\"@type\":\"WebPage\",\"@id\":\"https:\\\/\\\/darkamazi.site\\\/archives\\\/1024746\",\"url\":\"https:\\\/\\\/darkamazi.site\\\/archives\\\/1024746\",\"name\":\"86 y\u0131l ge\u00e7ti Dersim Katilam\u0131 ile hala y\u00fczle\u015filmedi - Darka Mazi\",\"isPartOf\":{\"@id\":\"https:\\\/\\\/darkamazi.site\\\/#website\"},\"primaryImageOfPage\":{\"@id\":\"https:\\\/\\\/darkamazi.site\\\/archives\\\/1024746#primaryimage\"},\"image\":{\"@id\":\"https:\\\/\\\/darkamazi.site\\\/archives\\\/1024746#primaryimage\"},\"thumbnailUrl\":\"https:\\\/\\\/darkamazi.site\\\/darka-content\\\/uploads\\\/2023\\\/05\\\/Dersim-katilami.jpg\",\"datePublished\":\"2023-05-04T14:38:26+00:00\",\"breadcrumb\":{\"@id\":\"https:\\\/\\\/darkamazi.site\\\/archives\\\/1024746#breadcrumb\"},\"inLanguage\":\"en-US\",\"potentialAction\":[{\"@type\":\"ReadAction\",\"target\":[\"https:\\\/\\\/darkamazi.site\\\/archives\\\/1024746\"]}]},{\"@type\":\"ImageObject\",\"inLanguage\":\"en-US\",\"@id\":\"https:\\\/\\\/darkamazi.site\\\/archives\\\/1024746#primaryimage\",\"url\":\"https:\\\/\\\/darkamazi.site\\\/darka-content\\\/uploads\\\/2023\\\/05\\\/Dersim-katilami.jpg\",\"contentUrl\":\"https:\\\/\\\/darkamazi.site\\\/darka-content\\\/uploads\\\/2023\\\/05\\\/Dersim-katilami.jpg\",\"width\":880,\"height\":440,\"caption\":\"86 y\u0131l ge\u00e7ti Dersim Katilam\u0131 ile hala y\u00fczle\u015filmedi\"},{\"@type\":\"BreadcrumbList\",\"@id\":\"https:\\\/\\\/darkamazi.site\\\/archives\\\/1024746#breadcrumb\",\"itemListElement\":[{\"@type\":\"ListItem\",\"position\":1,\"name\":\"Home\",\"item\":\"https:\\\/\\\/darkamazi.site\\\/\"},{\"@type\":\"ListItem\",\"position\":2,\"name\":\"86 y\u0131l ge\u00e7ti Dersim Katilam\u0131 ile hala y\u00fczle\u015filmedi\"}]},{\"@type\":\"WebSite\",\"@id\":\"https:\\\/\\\/darkamazi.site\\\/#website\",\"url\":\"https:\\\/\\\/darkamazi.site\\\/\",\"name\":\"Darka Mazi\",\"description\":\"Ana Sayfa\",\"publisher\":{\"@id\":\"https:\\\/\\\/darkamazi.site\\\/#organization\"},\"potentialAction\":[{\"@type\":\"SearchAction\",\"target\":{\"@type\":\"EntryPoint\",\"urlTemplate\":\"https:\\\/\\\/darkamazi.site\\\/?s={search_term_string}\"},\"query-input\":{\"@type\":\"PropertyValueSpecification\",\"valueRequired\":true,\"valueName\":\"search_term_string\"}}],\"inLanguage\":\"en-US\"},{\"@type\":\"Organization\",\"@id\":\"https:\\\/\\\/darkamazi.site\\\/#organization\",\"name\":\"Darka Mazi T\u00fcrk\u00e7e\",\"alternateName\":\"Darka Mazi\",\"url\":\"https:\\\/\\\/darkamazi.site\\\/\",\"logo\":{\"@type\":\"ImageObject\",\"inLanguage\":\"en-US\",\"@id\":\"https:\\\/\\\/darkamazi.site\\\/#\\\/schema\\\/logo\\\/image\\\/\",\"url\":\"https:\\\/\\\/darkamazi.site\\\/darka-content\\\/uploads\\\/2017\\\/12\\\/darka-mazi-logo.png\",\"contentUrl\":\"https:\\\/\\\/darkamazi.site\\\/darka-content\\\/uploads\\\/2017\\\/12\\\/darka-mazi-logo.png\",\"width\":151,\"height\":75,\"caption\":\"Darka Mazi T\u00fcrk\u00e7e\"},\"image\":{\"@id\":\"https:\\\/\\\/darkamazi.site\\\/#\\\/schema\\\/logo\\\/image\\\/\"},\"sameAs\":[\"https:\\\/\\\/www.facebook.com\\\/DarkaMaziturkce\",\"https:\\\/\\\/x.com\\\/DarkaMaziTurkce\"]},{\"@type\":\"Person\",\"@id\":\"https:\\\/\\\/darkamazi.site\\\/#\\\/schema\\\/person\\\/67986a95ac546c16760365877ef4a9d3\",\"name\":\"darka mazi\",\"sameAs\":[\"https:\\\/\\\/darkamazi.site\"],\"url\":\"https:\\\/\\\/darkamazi.site\\\/archives\\\/author\\\/turkish\"}]}<\/script>\n<!-- \/ Yoast SEO plugin. -->","seo_head_json":{"title":"86 y\u0131l ge\u00e7ti Dersim Katilam\u0131 ile hala y\u00fczle\u015filmedi - Darka Mazi","robots":{"index":"index","follow":"follow","max-snippet":"max-snippet:-1","max-image-preview":"max-image-preview:large","max-video-preview":"max-video-preview:-1"},"canonical":"https:\/\/darkamazi.site\/archives\/1024746","og_locale":"en_US","og_type":"article","og_title":"86 y\u0131l ge\u00e7ti Dersim Katilam\u0131 ile hala y\u00fczle\u015filmedi - Darka Mazi","og_description":"\u00a0Dersim Tertelesi\u2019nin ba\u015flang\u0131c\u0131 kabul edilen ve \u201cTunceli Tenkil Harekat\u0131\u201c olarak bilinen 4 May\u0131s 1937 Bakanlar Kurulu Karar\u0131\u2019n\u0131n \u00fczerinden 86 y\u0131l ge\u00e7ti. 4 May\u0131s 1937 tarihinde TBMM\u2019de Bakanlar Kurulu \u201cDersim Tenkil Kararlar\u0131\u201d ad\u0131nda \u00f6zel bir kararname \u00e7\u0131kar\u0131r. Bu kararname Dersim Tertelesi\u2019nin resmi ba\u015flang\u0131\u00e7 tarihi olur. Bu karar Dersim Tertelesi\u2019nin resmi belgesi olarak kabul ediliyor. Bu kararla [&hellip;]","og_url":"https:\/\/darkamazi.site\/archives\/1024746","og_site_name":"Darka Mazi","article_publisher":"https:\/\/www.facebook.com\/DarkaMaziturkce","article_published_time":"2023-05-04T14:38:26+00:00","og_image":[{"width":880,"height":440,"url":"https:\/\/darkamazi.site\/file\/2023\/05\/Dersim-katilami.jpg","type":"image\/jpeg"}],"author":"darka mazi","twitter_card":"summary_large_image","twitter_creator":"@DarkaMaziTurkce","twitter_site":"@DarkaMaziTurkce","twitter_misc":{"Written by":"darka mazi","Est. reading time":"2 minutes"},"schema":{"@context":"https:\/\/schema.org","@graph":[{"@type":"NewsArticle","@id":"https:\/\/darkamazi.site\/archives\/1024746#article","isPartOf":{"@id":"https:\/\/darkamazi.site\/archives\/1024746"},"author":{"name":"darka mazi","@id":"https:\/\/darkamazi.site\/#\/schema\/person\/67986a95ac546c16760365877ef4a9d3"},"headline":"86 y\u0131l ge\u00e7ti Dersim Katilam\u0131 ile hala y\u00fczle\u015filmedi","datePublished":"2023-05-04T14:38:26+00:00","mainEntityOfPage":{"@id":"https:\/\/darkamazi.site\/archives\/1024746"},"wordCount":414,"publisher":{"@id":"https:\/\/darkamazi.site\/#organization"},"image":{"@id":"https:\/\/darkamazi.site\/archives\/1024746#primaryimage"},"thumbnailUrl":"https:\/\/darkamazi.site\/file\/2023\/05\/Dersim-katilami.jpg","keywords":["\u00f6nemli"],"articleSection":["Kurdistan"],"inLanguage":"en-US"},{"@type":"WebPage","@id":"https:\/\/darkamazi.site\/archives\/1024746","url":"https:\/\/darkamazi.site\/archives\/1024746","name":"86 y\u0131l ge\u00e7ti Dersim Katilam\u0131 ile hala y\u00fczle\u015filmedi - Darka Mazi","isPartOf":{"@id":"https:\/\/darkamazi.site\/#website"},"primaryImageOfPage":{"@id":"https:\/\/darkamazi.site\/archives\/1024746#primaryimage"},"image":{"@id":"https:\/\/darkamazi.site\/archives\/1024746#primaryimage"},"thumbnailUrl":"https:\/\/darkamazi.site\/file\/2023\/05\/Dersim-katilami.jpg","datePublished":"2023-05-04T14:38:26+00:00","breadcrumb":{"@id":"https:\/\/darkamazi.site\/archives\/1024746#breadcrumb"},"inLanguage":"en-US","potentialAction":[{"@type":"ReadAction","target":["https:\/\/darkamazi.site\/archives\/1024746"]}]},{"@type":"ImageObject","inLanguage":"en-US","@id":"https:\/\/darkamazi.site\/archives\/1024746#primaryimage","url":"https:\/\/darkamazi.site\/file\/2023\/05\/Dersim-katilami.jpg","contentUrl":"https:\/\/darkamazi.site\/file\/2023\/05\/Dersim-katilami.jpg","width":880,"height":440,"caption":"86 y\u0131l ge\u00e7ti Dersim Katilam\u0131 ile hala y\u00fczle\u015filmedi"},{"@type":"BreadcrumbList","@id":"https:\/\/darkamazi.site\/archives\/1024746#breadcrumb","itemListElement":[{"@type":"ListItem","position":1,"name":"Home","item":"https:\/\/darkamazi.site\/"},{"@type":"ListItem","position":2,"name":"86 y\u0131l ge\u00e7ti Dersim Katilam\u0131 ile hala y\u00fczle\u015filmedi"}]},{"@type":"WebSite","@id":"https:\/\/darkamazi.site\/#website","url":"https:\/\/darkamazi.site\/","name":"Darka Mazi","description":"Ana Sayfa","publisher":{"@id":"https:\/\/darkamazi.site\/#organization"},"potentialAction":[{"@type":"SearchAction","target":{"@type":"EntryPoint","urlTemplate":"https:\/\/darkamazi.site\/?s={search_term_string}"},"query-input":{"@type":"PropertyValueSpecification","valueRequired":true,"valueName":"search_term_string"}}],"inLanguage":"en-US"},{"@type":"Organization","@id":"https:\/\/darkamazi.site\/#organization","name":"Darka Mazi T\u00fcrk\u00e7e","alternateName":"Darka Mazi","url":"https:\/\/darkamazi.site\/","logo":{"@type":"ImageObject","inLanguage":"en-US","@id":"https:\/\/darkamazi.site\/#\/schema\/logo\/image\/","url":"https:\/\/darkamazi.site\/file\/2017\/12\/darka-mazi-logo.png","contentUrl":"https:\/\/darkamazi.site\/file\/2017\/12\/darka-mazi-logo.png","width":151,"height":75,"caption":"Darka Mazi T\u00fcrk\u00e7e"},"image":{"@id":"https:\/\/darkamazi.site\/#\/schema\/logo\/image\/"},"sameAs":["https:\/\/www.facebook.com\/DarkaMaziturkce","https:\/\/x.com\/DarkaMaziTurkce"]},{"@type":"Person","@id":"https:\/\/darkamazi.site\/#\/schema\/person\/67986a95ac546c16760365877ef4a9d3","name":"darka mazi","sameAs":["https:\/\/darkamazi.site"],"url":"https:\/\/darkamazi.site\/archives\/author\/turkish"}]}},"_links":{"self":[{"href":"https:\/\/darkamazi.site\/funavuv\/wp\/v2\/posts\/1024746","targetHints":{"allow":["GET"]}}],"collection":[{"href":"https:\/\/darkamazi.site\/funavuv\/wp\/v2\/posts"}],"about":[{"href":"https:\/\/darkamazi.site\/funavuv\/wp\/v2\/types\/post"}],"author":[{"embeddable":true,"href":"https:\/\/darkamazi.site\/funavuv\/wp\/v2\/users\/2"}],"replies":[{"embeddable":true,"href":"https:\/\/darkamazi.site\/funavuv\/wp\/v2\/comments?post=1024746"}],"version-history":[{"count":0,"href":"https:\/\/darkamazi.site\/funavuv\/wp\/v2\/posts\/1024746\/revisions"}],"wp:featuredmedia":[{"embeddable":true,"href":"https:\/\/darkamazi.site\/funavuv\/wp\/v2\/media\/1024747"}],"wp:attachment":[{"href":"https:\/\/darkamazi.site\/funavuv\/wp\/v2\/media?parent=1024746"}],"wp:term":[{"taxonomy":"category","embeddable":true,"href":"https:\/\/darkamazi.site\/funavuv\/wp\/v2\/categories?post=1024746"},{"taxonomy":"post_tag","embeddable":true,"href":"https:\/\/darkamazi.site\/funavuv\/wp\/v2\/tags?post=1024746"}],"curies":[{"name":"wp","href":"https:\/\/api.w.org\/{rel}","templated":true}]}}