{"id":1024840,"date":"2023-05-10T12:30:29","date_gmt":"2023-05-10T09:30:29","guid":{"rendered":"https:\/\/darkamazi.site\/?p=1024840"},"modified":"2023-05-10T12:30:29","modified_gmt":"2023-05-10T09:30:29","slug":"zet-rubarok-sinir-kapisi-hewler-ve-hakkariyi-yakinlastiriyor-her-iki-tarafta-halk-memnun","status":"publish","type":"post","link":"https:\/\/darkamazi.site\/archives\/1024840","title":{"rendered":"Zet- R\u00fbbarok s\u0131n\u0131r kap\u0131s\u0131 Hewler ve Hakkari&#8217;yi yak\u0131nla\u015ft\u0131r\u0131yor, her iki tarafta halk memnun"},"content":{"rendered":"<p style=\"text-align: justify\">Hakkari\u2019nin Derecik (R\u00fbbarok) il\u00e7esi Belediye Ba\u015fkan\u0131 Ekrem \u00c7etinkaya, Z\u00eat-Derecik s\u0131n\u0131r kap\u0131s\u0131n\u0131n a\u00e7\u0131lmas\u0131 ile birlikte Erbil ile Hakkari aras\u0131ndaki ula\u015f\u0131m mesafesinin k\u0131salaca\u011f\u0131n\u0131 belirterek, \u201cBu kap\u0131 da Zaho kap\u0131s\u0131 (Habur-\u0130brahim Halil) gibi olacak\u201d dedi.<\/p>\n<p style=\"text-align: justify\">K\u00fcrdistan B\u00f6lgesi ile T\u00fcrkiye aras\u0131ndaki ikinci resmi s\u0131n\u0131r kap\u0131s\u0131 bug\u00fcn d\u00fczenlenecek t\u00f6renin ard\u0131ndan a\u00e7\u0131lacak. Erbil\u2019in Soran \u00d6zel \u0130daresi\u2019ne ba\u011fl\u0131 Mergesur il\u00e7esi ile Hakkari\u2019nin Derecik (R\u00fbbarok )il\u00e7eleri aras\u0131ndaki kap\u0131 ilk ba\u015fta seyahatler i\u00e7in a\u00e7\u0131k olacak.<\/p>\n<p style=\"text-align: justify\">Uluslararas\u0131 Zet-Derecik S\u0131n\u0131r Kap\u0131s\u0131\u2019n\u0131n bug\u00fcn hizmete a\u00e7\u0131lacak olmas\u0131ndan mutluluk duyduklar\u0131n\u0131 belirten Derecik Belediye Ba\u015fkan\u0131 Ekrem \u00c7etinkaya, \u201cHem T\u00fcrkiye ve hem de K\u00fcrdistan taraf\u0131ndan \u00e7ok iyi haz\u0131rl\u0131k yap\u0131ld\u0131. Halk\u0131m\u0131z da \u00e7ok mutlu. Bug\u00fcn her iki taraftan da kap\u0131 gidi\u015f geli\u015flere a\u00e7\u0131lacak\u201d dedi.<\/p>\n<p style=\"text-align: justify\">\u00c7etinkaya, Hakkarililerin b\u00fcy\u00fck b\u00f6l\u00fcm\u00fcn\u00fcn K\u00fcrdistan B\u00f6lgesi\u2019nde akrabas\u0131 oldu\u011funu belirterek, \u201cBizim de a\u015firetimizin yar\u0131s\u0131 di\u011fer tarafta. Erbil\u2019de, Duhok\u2019ta, Diyana\u2019da, Akre\u2019de akrabalar\u0131m\u0131z var. Bu kap\u0131 da Zaho kap\u0131s\u0131 gibi olacak\u201d diye konu\u015ftu.<\/p>\n<p style=\"text-align: justify\">Habur S\u0131n\u0131r Kap\u0131s\u0131 ile Serz\u00ear\u00ea Kap\u0131s\u0131\u2019ndan gidi\u015f geli\u015flerin epey zaman ald\u0131\u011f\u0131n\u0131 anlatan \u00c7etinkaya, yeni kap\u0131 ile Erbil ile Hakkari aras\u0131ndaki ula\u015f\u0131m mesafesinin de k\u0131salaca\u011f\u0131n\u0131 s\u00f6yledi.<\/p>\n<p style=\"text-align: justify\">Ekrem \u00c7etinkaya, iki taraf aras\u0131nda yolun asfaltlanmas\u0131 konusunda \u00e7al\u0131\u015fmalar\u0131n s\u00fcrd\u00fc\u011f\u00fcn\u00fc vurgulayarak, kap\u0131n\u0131n hizmete a\u00e7\u0131lmas\u0131 konusunda eme\u011fi ge\u00e7en herkese te\u015fekk\u00fcr etti.<\/p>\n<p style=\"text-align: justify\">\u015eemdinli Belediye Meclisi \u00fcyesi Mehmet \u015eerif Bay da uzun s\u00fcreden beridir yolun a\u00e7\u0131lmas\u0131 i\u00e7in \u00e7al\u0131\u015ft\u0131klar\u0131n\u0131 belirterek, \u201cBu yolun a\u00e7\u0131lmas\u0131 t\u00fcm atarflara yarayacakt\u0131r. Daha \u00f6nce Habur S\u0131n\u0131r Kap\u0131s\u0131\u2019na gittim, 8 saat kap\u0131da kald\u0131k\u201d dedi.<\/p>\n<p>Kaynak: Rudaw<\/p>\n","protected":false},"excerpt":{"rendered":"<p>Hakkari\u2019nin Derecik (R\u00fbbarok) il\u00e7esi Belediye Ba\u015fkan\u0131 Ekrem \u00c7etinkaya, Z\u00eat-Derecik s\u0131n\u0131r kap\u0131s\u0131n\u0131n a\u00e7\u0131lmas\u0131 ile birlikte Erbil ile Hakkari aras\u0131ndaki ula\u015f\u0131m mesafesinin k\u0131salaca\u011f\u0131n\u0131 belirterek, \u201cBu kap\u0131 da Zaho kap\u0131s\u0131 (Habur-\u0130brahim Halil) gibi olacak\u201d dedi. K\u00fcrdistan B\u00f6lgesi ile T\u00fcrkiye aras\u0131ndaki ikinci resmi s\u0131n\u0131r kap\u0131s\u0131 bug\u00fcn d\u00fczenlenecek t\u00f6renin ard\u0131ndan a\u00e7\u0131lacak. Erbil\u2019in Soran \u00d6zel \u0130daresi\u2019ne ba\u011fl\u0131 Mergesur il\u00e7esi ile Hakkari\u2019nin [&hellip;]<\/p>\n","protected":false},"author":2,"featured_media":1024841,"comment_status":"closed","ping_status":"closed","sticky":false,"template":"","format":"standard","meta":{"footnotes":""},"categories":[3],"tags":[31],"class_list":["post-1024840","post","type-post","status-publish","format-standard","has-post-thumbnail","hentry","category-kurdistan","tag-onemli"],"blocksy_meta":[],"seo_head":"<!-- This site is optimized with the Yoast SEO plugin v27.5 - https:\/\/yoast.com\/product\/yoast-seo-wordpress\/ -->\n<title>Zet- R\u00fbbarok s\u0131n\u0131r kap\u0131s\u0131 Hewler ve Hakkari&#039;yi yak\u0131nla\u015ft\u0131r\u0131yor, her iki tarafta halk memnun - Darka Mazi<\/title>\n<meta name=\"robots\" content=\"index, follow, max-snippet:-1, max-image-preview:large, max-video-preview:-1\" \/>\n<link rel=\"canonical\" href=\"https:\/\/darkamazi.site\/archives\/1024840\" \/>\n<meta property=\"og:locale\" content=\"en_US\" \/>\n<meta property=\"og:type\" content=\"article\" \/>\n<meta property=\"og:title\" content=\"Zet- R\u00fbbarok s\u0131n\u0131r kap\u0131s\u0131 Hewler ve Hakkari&#039;yi yak\u0131nla\u015ft\u0131r\u0131yor, her iki tarafta halk memnun - Darka Mazi\" \/>\n<meta property=\"og:description\" content=\"Hakkari\u2019nin Derecik (R\u00fbbarok) il\u00e7esi Belediye Ba\u015fkan\u0131 Ekrem \u00c7etinkaya, Z\u00eat-Derecik s\u0131n\u0131r kap\u0131s\u0131n\u0131n a\u00e7\u0131lmas\u0131 ile birlikte Erbil ile Hakkari aras\u0131ndaki ula\u015f\u0131m mesafesinin k\u0131salaca\u011f\u0131n\u0131 belirterek, \u201cBu kap\u0131 da Zaho kap\u0131s\u0131 (Habur-\u0130brahim Halil) gibi olacak\u201d dedi. K\u00fcrdistan B\u00f6lgesi ile T\u00fcrkiye aras\u0131ndaki ikinci resmi s\u0131n\u0131r kap\u0131s\u0131 bug\u00fcn d\u00fczenlenecek t\u00f6renin ard\u0131ndan a\u00e7\u0131lacak. Erbil\u2019in Soran \u00d6zel \u0130daresi\u2019ne ba\u011fl\u0131 Mergesur il\u00e7esi ile Hakkari\u2019nin [&hellip;]\" \/>\n<meta property=\"og:url\" content=\"https:\/\/darkamazi.site\/archives\/1024840\" \/>\n<meta property=\"og:site_name\" content=\"Darka Mazi\" \/>\n<meta property=\"article:publisher\" content=\"https:\/\/www.facebook.com\/DarkaMaziturkce\" \/>\n<meta property=\"article:published_time\" content=\"2023-05-10T09:30:29+00:00\" \/>\n<meta property=\"og:image\" content=\"https:\/\/darkamazi.site\/file\/2023\/05\/f76620705b3152f30924c45de21f63b8_L-1.jpg\" \/>\n\t<meta property=\"og:image:width\" content=\"710\" \/>\n\t<meta property=\"og:image:height\" content=\"399\" \/>\n\t<meta property=\"og:image:type\" content=\"image\/jpeg\" \/>\n<meta name=\"author\" content=\"darka mazi\" \/>\n<meta name=\"twitter:card\" content=\"summary_large_image\" \/>\n<meta name=\"twitter:creator\" content=\"@DarkaMaziTurkce\" \/>\n<meta name=\"twitter:site\" content=\"@DarkaMaziTurkce\" \/>\n<meta name=\"twitter:label1\" content=\"Written by\" \/>\n\t<meta name=\"twitter:data1\" content=\"darka mazi\" \/>\n\t<meta name=\"twitter:label2\" content=\"Est. reading time\" \/>\n\t<meta name=\"twitter:data2\" content=\"1 minute\" \/>\n<script type=\"application\/ld+json\" class=\"seo-schema-graph\">{\"@context\":\"https:\\\/\\\/schema.org\",\"@graph\":[{\"@type\":\"NewsArticle\",\"@id\":\"https:\\\/\\\/darkamazi.site\\\/archives\\\/1024840#article\",\"isPartOf\":{\"@id\":\"https:\\\/\\\/darkamazi.site\\\/archives\\\/1024840\"},\"author\":{\"name\":\"darka mazi\",\"@id\":\"https:\\\/\\\/darkamazi.site\\\/#\\\/schema\\\/person\\\/67986a95ac546c16760365877ef4a9d3\"},\"headline\":\"Zet- R\u00fbbarok s\u0131n\u0131r kap\u0131s\u0131 Hewler ve Hakkari&#8217;yi yak\u0131nla\u015ft\u0131r\u0131yor, her iki tarafta halk memnun\",\"datePublished\":\"2023-05-10T09:30:29+00:00\",\"mainEntityOfPage\":{\"@id\":\"https:\\\/\\\/darkamazi.site\\\/archives\\\/1024840\"},\"wordCount\":360,\"publisher\":{\"@id\":\"https:\\\/\\\/darkamazi.site\\\/#organization\"},\"image\":{\"@id\":\"https:\\\/\\\/darkamazi.site\\\/archives\\\/1024840#primaryimage\"},\"thumbnailUrl\":\"https:\\\/\\\/darkamazi.site\\\/darka-content\\\/uploads\\\/2023\\\/05\\\/f76620705b3152f30924c45de21f63b8_L-1.jpg\",\"keywords\":[\"\u00f6nemli\"],\"articleSection\":[\"Kurdistan\"],\"inLanguage\":\"en-US\"},{\"@type\":\"WebPage\",\"@id\":\"https:\\\/\\\/darkamazi.site\\\/archives\\\/1024840\",\"url\":\"https:\\\/\\\/darkamazi.site\\\/archives\\\/1024840\",\"name\":\"Zet- R\u00fbbarok s\u0131n\u0131r kap\u0131s\u0131 Hewler ve Hakkari'yi yak\u0131nla\u015ft\u0131r\u0131yor, her iki tarafta halk memnun - Darka Mazi\",\"isPartOf\":{\"@id\":\"https:\\\/\\\/darkamazi.site\\\/#website\"},\"primaryImageOfPage\":{\"@id\":\"https:\\\/\\\/darkamazi.site\\\/archives\\\/1024840#primaryimage\"},\"image\":{\"@id\":\"https:\\\/\\\/darkamazi.site\\\/archives\\\/1024840#primaryimage\"},\"thumbnailUrl\":\"https:\\\/\\\/darkamazi.site\\\/darka-content\\\/uploads\\\/2023\\\/05\\\/f76620705b3152f30924c45de21f63b8_L-1.jpg\",\"datePublished\":\"2023-05-10T09:30:29+00:00\",\"breadcrumb\":{\"@id\":\"https:\\\/\\\/darkamazi.site\\\/archives\\\/1024840#breadcrumb\"},\"inLanguage\":\"en-US\",\"potentialAction\":[{\"@type\":\"ReadAction\",\"target\":[\"https:\\\/\\\/darkamazi.site\\\/archives\\\/1024840\"]}]},{\"@type\":\"ImageObject\",\"inLanguage\":\"en-US\",\"@id\":\"https:\\\/\\\/darkamazi.site\\\/archives\\\/1024840#primaryimage\",\"url\":\"https:\\\/\\\/darkamazi.site\\\/darka-content\\\/uploads\\\/2023\\\/05\\\/f76620705b3152f30924c45de21f63b8_L-1.jpg\",\"contentUrl\":\"https:\\\/\\\/darkamazi.site\\\/darka-content\\\/uploads\\\/2023\\\/05\\\/f76620705b3152f30924c45de21f63b8_L-1.jpg\",\"width\":710,\"height\":399,\"caption\":\"Zet- R\u00fbbarok s\u0131n\u0131r kap\u0131s\u0131 Hewler ve Hakkari'yi yak\u0131nla\u015ft\u0131r\u0131yor, her iki tarafta halk memnun\"},{\"@type\":\"BreadcrumbList\",\"@id\":\"https:\\\/\\\/darkamazi.site\\\/archives\\\/1024840#breadcrumb\",\"itemListElement\":[{\"@type\":\"ListItem\",\"position\":1,\"name\":\"Home\",\"item\":\"https:\\\/\\\/darkamazi.site\\\/\"},{\"@type\":\"ListItem\",\"position\":2,\"name\":\"Zet- R\u00fbbarok s\u0131n\u0131r kap\u0131s\u0131 Hewler ve Hakkari&#8217;yi yak\u0131nla\u015ft\u0131r\u0131yor, her iki tarafta halk memnun\"}]},{\"@type\":\"WebSite\",\"@id\":\"https:\\\/\\\/darkamazi.site\\\/#website\",\"url\":\"https:\\\/\\\/darkamazi.site\\\/\",\"name\":\"Darka Mazi\",\"description\":\"Ana Sayfa\",\"publisher\":{\"@id\":\"https:\\\/\\\/darkamazi.site\\\/#organization\"},\"potentialAction\":[{\"@type\":\"SearchAction\",\"target\":{\"@type\":\"EntryPoint\",\"urlTemplate\":\"https:\\\/\\\/darkamazi.site\\\/?s={search_term_string}\"},\"query-input\":{\"@type\":\"PropertyValueSpecification\",\"valueRequired\":true,\"valueName\":\"search_term_string\"}}],\"inLanguage\":\"en-US\"},{\"@type\":\"Organization\",\"@id\":\"https:\\\/\\\/darkamazi.site\\\/#organization\",\"name\":\"Darka Mazi T\u00fcrk\u00e7e\",\"alternateName\":\"Darka Mazi\",\"url\":\"https:\\\/\\\/darkamazi.site\\\/\",\"logo\":{\"@type\":\"ImageObject\",\"inLanguage\":\"en-US\",\"@id\":\"https:\\\/\\\/darkamazi.site\\\/#\\\/schema\\\/logo\\\/image\\\/\",\"url\":\"https:\\\/\\\/darkamazi.site\\\/darka-content\\\/uploads\\\/2017\\\/12\\\/darka-mazi-logo.png\",\"contentUrl\":\"https:\\\/\\\/darkamazi.site\\\/darka-content\\\/uploads\\\/2017\\\/12\\\/darka-mazi-logo.png\",\"width\":151,\"height\":75,\"caption\":\"Darka Mazi T\u00fcrk\u00e7e\"},\"image\":{\"@id\":\"https:\\\/\\\/darkamazi.site\\\/#\\\/schema\\\/logo\\\/image\\\/\"},\"sameAs\":[\"https:\\\/\\\/www.facebook.com\\\/DarkaMaziturkce\",\"https:\\\/\\\/x.com\\\/DarkaMaziTurkce\"]},{\"@type\":\"Person\",\"@id\":\"https:\\\/\\\/darkamazi.site\\\/#\\\/schema\\\/person\\\/67986a95ac546c16760365877ef4a9d3\",\"name\":\"darka mazi\",\"sameAs\":[\"https:\\\/\\\/darkamazi.site\"],\"url\":\"https:\\\/\\\/darkamazi.site\\\/archives\\\/author\\\/turkish\"}]}<\/script>\n<!-- \/ Yoast SEO plugin. -->","seo_head_json":{"title":"Zet- R\u00fbbarok s\u0131n\u0131r kap\u0131s\u0131 Hewler ve Hakkari'yi yak\u0131nla\u015ft\u0131r\u0131yor, her iki tarafta halk memnun - Darka Mazi","robots":{"index":"index","follow":"follow","max-snippet":"max-snippet:-1","max-image-preview":"max-image-preview:large","max-video-preview":"max-video-preview:-1"},"canonical":"https:\/\/darkamazi.site\/archives\/1024840","og_locale":"en_US","og_type":"article","og_title":"Zet- R\u00fbbarok s\u0131n\u0131r kap\u0131s\u0131 Hewler ve Hakkari'yi yak\u0131nla\u015ft\u0131r\u0131yor, her iki tarafta halk memnun - Darka Mazi","og_description":"Hakkari\u2019nin Derecik (R\u00fbbarok) il\u00e7esi Belediye Ba\u015fkan\u0131 Ekrem \u00c7etinkaya, Z\u00eat-Derecik s\u0131n\u0131r kap\u0131s\u0131n\u0131n a\u00e7\u0131lmas\u0131 ile birlikte Erbil ile Hakkari aras\u0131ndaki ula\u015f\u0131m mesafesinin k\u0131salaca\u011f\u0131n\u0131 belirterek, \u201cBu kap\u0131 da Zaho kap\u0131s\u0131 (Habur-\u0130brahim Halil) gibi olacak\u201d dedi. K\u00fcrdistan B\u00f6lgesi ile T\u00fcrkiye aras\u0131ndaki ikinci resmi s\u0131n\u0131r kap\u0131s\u0131 bug\u00fcn d\u00fczenlenecek t\u00f6renin ard\u0131ndan a\u00e7\u0131lacak. Erbil\u2019in Soran \u00d6zel \u0130daresi\u2019ne ba\u011fl\u0131 Mergesur il\u00e7esi ile Hakkari\u2019nin [&hellip;]","og_url":"https:\/\/darkamazi.site\/archives\/1024840","og_site_name":"Darka Mazi","article_publisher":"https:\/\/www.facebook.com\/DarkaMaziturkce","article_published_time":"2023-05-10T09:30:29+00:00","og_image":[{"width":710,"height":399,"url":"https:\/\/darkamazi.site\/file\/2023\/05\/f76620705b3152f30924c45de21f63b8_L-1.jpg","type":"image\/jpeg"}],"author":"darka mazi","twitter_card":"summary_large_image","twitter_creator":"@DarkaMaziTurkce","twitter_site":"@DarkaMaziTurkce","twitter_misc":{"Written by":"darka mazi","Est. reading time":"1 minute"},"schema":{"@context":"https:\/\/schema.org","@graph":[{"@type":"NewsArticle","@id":"https:\/\/darkamazi.site\/archives\/1024840#article","isPartOf":{"@id":"https:\/\/darkamazi.site\/archives\/1024840"},"author":{"name":"darka mazi","@id":"https:\/\/darkamazi.site\/#\/schema\/person\/67986a95ac546c16760365877ef4a9d3"},"headline":"Zet- R\u00fbbarok s\u0131n\u0131r kap\u0131s\u0131 Hewler ve Hakkari&#8217;yi yak\u0131nla\u015ft\u0131r\u0131yor, her iki tarafta halk memnun","datePublished":"2023-05-10T09:30:29+00:00","mainEntityOfPage":{"@id":"https:\/\/darkamazi.site\/archives\/1024840"},"wordCount":360,"publisher":{"@id":"https:\/\/darkamazi.site\/#organization"},"image":{"@id":"https:\/\/darkamazi.site\/archives\/1024840#primaryimage"},"thumbnailUrl":"https:\/\/darkamazi.site\/file\/2023\/05\/f76620705b3152f30924c45de21f63b8_L-1.jpg","keywords":["\u00f6nemli"],"articleSection":["Kurdistan"],"inLanguage":"en-US"},{"@type":"WebPage","@id":"https:\/\/darkamazi.site\/archives\/1024840","url":"https:\/\/darkamazi.site\/archives\/1024840","name":"Zet- R\u00fbbarok s\u0131n\u0131r kap\u0131s\u0131 Hewler ve Hakkari'yi yak\u0131nla\u015ft\u0131r\u0131yor, her iki tarafta halk memnun - Darka Mazi","isPartOf":{"@id":"https:\/\/darkamazi.site\/#website"},"primaryImageOfPage":{"@id":"https:\/\/darkamazi.site\/archives\/1024840#primaryimage"},"image":{"@id":"https:\/\/darkamazi.site\/archives\/1024840#primaryimage"},"thumbnailUrl":"https:\/\/darkamazi.site\/file\/2023\/05\/f76620705b3152f30924c45de21f63b8_L-1.jpg","datePublished":"2023-05-10T09:30:29+00:00","breadcrumb":{"@id":"https:\/\/darkamazi.site\/archives\/1024840#breadcrumb"},"inLanguage":"en-US","potentialAction":[{"@type":"ReadAction","target":["https:\/\/darkamazi.site\/archives\/1024840"]}]},{"@type":"ImageObject","inLanguage":"en-US","@id":"https:\/\/darkamazi.site\/archives\/1024840#primaryimage","url":"https:\/\/darkamazi.site\/file\/2023\/05\/f76620705b3152f30924c45de21f63b8_L-1.jpg","contentUrl":"https:\/\/darkamazi.site\/file\/2023\/05\/f76620705b3152f30924c45de21f63b8_L-1.jpg","width":710,"height":399,"caption":"Zet- R\u00fbbarok s\u0131n\u0131r kap\u0131s\u0131 Hewler ve Hakkari'yi yak\u0131nla\u015ft\u0131r\u0131yor, her iki tarafta halk memnun"},{"@type":"BreadcrumbList","@id":"https:\/\/darkamazi.site\/archives\/1024840#breadcrumb","itemListElement":[{"@type":"ListItem","position":1,"name":"Home","item":"https:\/\/darkamazi.site\/"},{"@type":"ListItem","position":2,"name":"Zet- R\u00fbbarok s\u0131n\u0131r kap\u0131s\u0131 Hewler ve Hakkari&#8217;yi yak\u0131nla\u015ft\u0131r\u0131yor, her iki tarafta halk memnun"}]},{"@type":"WebSite","@id":"https:\/\/darkamazi.site\/#website","url":"https:\/\/darkamazi.site\/","name":"Darka Mazi","description":"Ana Sayfa","publisher":{"@id":"https:\/\/darkamazi.site\/#organization"},"potentialAction":[{"@type":"SearchAction","target":{"@type":"EntryPoint","urlTemplate":"https:\/\/darkamazi.site\/?s={search_term_string}"},"query-input":{"@type":"PropertyValueSpecification","valueRequired":true,"valueName":"search_term_string"}}],"inLanguage":"en-US"},{"@type":"Organization","@id":"https:\/\/darkamazi.site\/#organization","name":"Darka Mazi T\u00fcrk\u00e7e","alternateName":"Darka Mazi","url":"https:\/\/darkamazi.site\/","logo":{"@type":"ImageObject","inLanguage":"en-US","@id":"https:\/\/darkamazi.site\/#\/schema\/logo\/image\/","url":"https:\/\/darkamazi.site\/file\/2017\/12\/darka-mazi-logo.png","contentUrl":"https:\/\/darkamazi.site\/file\/2017\/12\/darka-mazi-logo.png","width":151,"height":75,"caption":"Darka Mazi T\u00fcrk\u00e7e"},"image":{"@id":"https:\/\/darkamazi.site\/#\/schema\/logo\/image\/"},"sameAs":["https:\/\/www.facebook.com\/DarkaMaziturkce","https:\/\/x.com\/DarkaMaziTurkce"]},{"@type":"Person","@id":"https:\/\/darkamazi.site\/#\/schema\/person\/67986a95ac546c16760365877ef4a9d3","name":"darka mazi","sameAs":["https:\/\/darkamazi.site"],"url":"https:\/\/darkamazi.site\/archives\/author\/turkish"}]}},"_links":{"self":[{"href":"https:\/\/darkamazi.site\/funavuv\/wp\/v2\/posts\/1024840","targetHints":{"allow":["GET"]}}],"collection":[{"href":"https:\/\/darkamazi.site\/funavuv\/wp\/v2\/posts"}],"about":[{"href":"https:\/\/darkamazi.site\/funavuv\/wp\/v2\/types\/post"}],"author":[{"embeddable":true,"href":"https:\/\/darkamazi.site\/funavuv\/wp\/v2\/users\/2"}],"replies":[{"embeddable":true,"href":"https:\/\/darkamazi.site\/funavuv\/wp\/v2\/comments?post=1024840"}],"version-history":[{"count":0,"href":"https:\/\/darkamazi.site\/funavuv\/wp\/v2\/posts\/1024840\/revisions"}],"wp:featuredmedia":[{"embeddable":true,"href":"https:\/\/darkamazi.site\/funavuv\/wp\/v2\/media\/1024841"}],"wp:attachment":[{"href":"https:\/\/darkamazi.site\/funavuv\/wp\/v2\/media?parent=1024840"}],"wp:term":[{"taxonomy":"category","embeddable":true,"href":"https:\/\/darkamazi.site\/funavuv\/wp\/v2\/categories?post=1024840"},{"taxonomy":"post_tag","embeddable":true,"href":"https:\/\/darkamazi.site\/funavuv\/wp\/v2\/tags?post=1024840"}],"curies":[{"name":"wp","href":"https:\/\/api.w.org\/{rel}","templated":true}]}}