{"id":1025098,"date":"2023-05-29T15:20:53","date_gmt":"2023-05-29T12:20:53","guid":{"rendered":"https:\/\/darkamazi.site\/?p=1025098"},"modified":"2023-05-29T15:20:53","modified_gmt":"2023-05-29T12:20:53","slug":"nubiharin-ararat-direnisini-konu-alan-163uncu-sayisi-cikti","status":"publish","type":"post","link":"https:\/\/darkamazi.site\/archives\/1025098","title":{"rendered":"N\u00fbbihar\u2019\u0131n Ararat direni\u015fini konu alan 163\u2019\u00fcnc\u00fc say\u0131s\u0131 \u00e7\u0131kt\u0131"},"content":{"rendered":"<p style=\"text-align: justify\">1992 y\u0131l\u0131ndan bu yana K\u00fcrt d\u00fc\u015f\u00fcn d\u00fcnyas\u0131na b\u00fcy\u00fck katk\u0131lar yapan k\u00fclt\u00fcr, sanat, edebiyat dergisi N\u00fbbihar\u2019\u0131n 163 say\u0131s\u0131 \u00e7\u0131kt\u0131.<\/p>\n<p style=\"text-align: justify\">Dergi bu say\u0131s\u0131nda K\u00fcrdistan tarihinin \u00f6nemli d\u00f6neme\u00e7lerinden biri olan Ararat Direni\u015fini \u00f6zel bir dosya olarak i\u015flenmi\u015f. Mehmet G\u00fcltekin ile Nihat G\u00fcltekin\u2019in edit\u00f6rl\u00fc\u011f\u00fcn\u00fc yapt\u0131\u011f\u0131 dosyada pek \u00e7ok \u00f6nemli konu ele al\u0131nm\u0131\u015f. Edit\u00f6rlerin yaz\u0131lar\u0131 d\u0131\u015f\u0131nda Rohat Alakom, Mustafa K\u0131l\u0131\u00e7aslan, Muqades Agiri, Osman Sabri, Haluk Agrin, Ahmet Y\u0131ld\u0131z, Azad Rebiwar\u2019\u0131n yaz\u0131lar\u0131 yer al\u0131yor. Ayr\u0131ca terc\u00fcme edilen ba\u015fka yaz\u0131larda var.<\/p>\n<p style=\"text-align: justify\">N\u00fbbihar\u2019\u0131n bu say\u0131s\u0131nda \u00f6zel dosya d\u0131\u015f\u0131nda da pek \u00e7ok \u00f6nemli yaz\u0131 yer al\u0131yor.<\/p>\n","protected":false},"excerpt":{"rendered":"<p>1992 y\u0131l\u0131ndan bu yana K\u00fcrt d\u00fc\u015f\u00fcn d\u00fcnyas\u0131na b\u00fcy\u00fck katk\u0131lar yapan k\u00fclt\u00fcr, sanat, edebiyat dergisi N\u00fbbihar\u2019\u0131n 163 say\u0131s\u0131 \u00e7\u0131kt\u0131. Dergi bu say\u0131s\u0131nda K\u00fcrdistan tarihinin \u00f6nemli d\u00f6neme\u00e7lerinden biri olan Ararat Direni\u015fini \u00f6zel bir dosya olarak i\u015flenmi\u015f. Mehmet G\u00fcltekin ile Nihat G\u00fcltekin\u2019in edit\u00f6rl\u00fc\u011f\u00fcn\u00fc yapt\u0131\u011f\u0131 dosyada pek \u00e7ok \u00f6nemli konu ele al\u0131nm\u0131\u015f. Edit\u00f6rlerin yaz\u0131lar\u0131 d\u0131\u015f\u0131nda Rohat Alakom, Mustafa K\u0131l\u0131\u00e7aslan, [&hellip;]<\/p>\n","protected":false},"author":2,"featured_media":1025099,"comment_status":"closed","ping_status":"closed","sticky":false,"template":"","format":"standard","meta":{"footnotes":""},"categories":[33],"tags":[31],"class_list":["post-1025098","post","type-post","status-publish","format-standard","has-post-thumbnail","hentry","category-sanat","tag-onemli"],"blocksy_meta":[],"seo_head":"<!-- This site is optimized with the Yoast SEO plugin v27.5 - https:\/\/yoast.com\/product\/yoast-seo-wordpress\/ -->\n<title>N\u00fbbihar\u2019\u0131n Ararat direni\u015fini konu alan 163\u2019\u00fcnc\u00fc say\u0131s\u0131 \u00e7\u0131kt\u0131 - Darka Mazi<\/title>\n<meta name=\"robots\" content=\"index, follow, max-snippet:-1, max-image-preview:large, max-video-preview:-1\" \/>\n<link rel=\"canonical\" href=\"https:\/\/darkamazi.site\/archives\/1025098\" \/>\n<meta property=\"og:locale\" content=\"en_US\" \/>\n<meta property=\"og:type\" content=\"article\" \/>\n<meta property=\"og:title\" content=\"N\u00fbbihar\u2019\u0131n Ararat direni\u015fini konu alan 163\u2019\u00fcnc\u00fc say\u0131s\u0131 \u00e7\u0131kt\u0131 - Darka Mazi\" \/>\n<meta property=\"og:description\" content=\"1992 y\u0131l\u0131ndan bu yana K\u00fcrt d\u00fc\u015f\u00fcn d\u00fcnyas\u0131na b\u00fcy\u00fck katk\u0131lar yapan k\u00fclt\u00fcr, sanat, edebiyat dergisi N\u00fbbihar\u2019\u0131n 163 say\u0131s\u0131 \u00e7\u0131kt\u0131. Dergi bu say\u0131s\u0131nda K\u00fcrdistan tarihinin \u00f6nemli d\u00f6neme\u00e7lerinden biri olan Ararat Direni\u015fini \u00f6zel bir dosya olarak i\u015flenmi\u015f. Mehmet G\u00fcltekin ile Nihat G\u00fcltekin\u2019in edit\u00f6rl\u00fc\u011f\u00fcn\u00fc yapt\u0131\u011f\u0131 dosyada pek \u00e7ok \u00f6nemli konu ele al\u0131nm\u0131\u015f. Edit\u00f6rlerin yaz\u0131lar\u0131 d\u0131\u015f\u0131nda Rohat Alakom, Mustafa K\u0131l\u0131\u00e7aslan, [&hellip;]\" \/>\n<meta property=\"og:url\" content=\"https:\/\/darkamazi.site\/archives\/1025098\" \/>\n<meta property=\"og:site_name\" content=\"Darka Mazi\" \/>\n<meta property=\"article:publisher\" content=\"https:\/\/www.facebook.com\/DarkaMaziturkce\" \/>\n<meta property=\"article:published_time\" content=\"2023-05-29T12:20:53+00:00\" \/>\n<meta property=\"og:image\" content=\"https:\/\/darkamazi.site\/file\/2023\/05\/Bahar.jpeg\" \/>\n\t<meta property=\"og:image:width\" content=\"1176\" \/>\n\t<meta property=\"og:image:height\" content=\"818\" \/>\n\t<meta property=\"og:image:type\" content=\"image\/jpeg\" \/>\n<meta name=\"author\" content=\"darka mazi\" \/>\n<meta name=\"twitter:card\" content=\"summary_large_image\" \/>\n<meta name=\"twitter:creator\" content=\"@DarkaMaziTurkce\" \/>\n<meta name=\"twitter:site\" content=\"@DarkaMaziTurkce\" \/>\n<meta name=\"twitter:label1\" content=\"Written by\" \/>\n\t<meta name=\"twitter:data1\" content=\"darka mazi\" \/>\n\t<meta name=\"twitter:label2\" content=\"Est. reading time\" \/>\n\t<meta name=\"twitter:data2\" content=\"1 minute\" \/>\n<script type=\"application\/ld+json\" class=\"seo-schema-graph\">{\"@context\":\"https:\\\/\\\/schema.org\",\"@graph\":[{\"@type\":\"NewsArticle\",\"@id\":\"https:\\\/\\\/darkamazi.site\\\/archives\\\/1025098#article\",\"isPartOf\":{\"@id\":\"https:\\\/\\\/darkamazi.site\\\/archives\\\/1025098\"},\"author\":{\"name\":\"darka mazi\",\"@id\":\"https:\\\/\\\/darkamazi.site\\\/#\\\/schema\\\/person\\\/67986a95ac546c16760365877ef4a9d3\"},\"headline\":\"N\u00fbbihar\u2019\u0131n Ararat direni\u015fini konu alan 163\u2019\u00fcnc\u00fc say\u0131s\u0131 \u00e7\u0131kt\u0131\",\"datePublished\":\"2023-05-29T12:20:53+00:00\",\"mainEntityOfPage\":{\"@id\":\"https:\\\/\\\/darkamazi.site\\\/archives\\\/1025098\"},\"wordCount\":144,\"publisher\":{\"@id\":\"https:\\\/\\\/darkamazi.site\\\/#organization\"},\"image\":{\"@id\":\"https:\\\/\\\/darkamazi.site\\\/archives\\\/1025098#primaryimage\"},\"thumbnailUrl\":\"https:\\\/\\\/darkamazi.site\\\/darka-content\\\/uploads\\\/2023\\\/05\\\/Bahar.jpeg\",\"keywords\":[\"\u00f6nemli\"],\"articleSection\":[\"Sanat\"],\"inLanguage\":\"en-US\"},{\"@type\":\"WebPage\",\"@id\":\"https:\\\/\\\/darkamazi.site\\\/archives\\\/1025098\",\"url\":\"https:\\\/\\\/darkamazi.site\\\/archives\\\/1025098\",\"name\":\"N\u00fbbihar\u2019\u0131n Ararat direni\u015fini konu alan 163\u2019\u00fcnc\u00fc say\u0131s\u0131 \u00e7\u0131kt\u0131 - Darka Mazi\",\"isPartOf\":{\"@id\":\"https:\\\/\\\/darkamazi.site\\\/#website\"},\"primaryImageOfPage\":{\"@id\":\"https:\\\/\\\/darkamazi.site\\\/archives\\\/1025098#primaryimage\"},\"image\":{\"@id\":\"https:\\\/\\\/darkamazi.site\\\/archives\\\/1025098#primaryimage\"},\"thumbnailUrl\":\"https:\\\/\\\/darkamazi.site\\\/darka-content\\\/uploads\\\/2023\\\/05\\\/Bahar.jpeg\",\"datePublished\":\"2023-05-29T12:20:53+00:00\",\"breadcrumb\":{\"@id\":\"https:\\\/\\\/darkamazi.site\\\/archives\\\/1025098#breadcrumb\"},\"inLanguage\":\"en-US\",\"potentialAction\":[{\"@type\":\"ReadAction\",\"target\":[\"https:\\\/\\\/darkamazi.site\\\/archives\\\/1025098\"]}]},{\"@type\":\"ImageObject\",\"inLanguage\":\"en-US\",\"@id\":\"https:\\\/\\\/darkamazi.site\\\/archives\\\/1025098#primaryimage\",\"url\":\"https:\\\/\\\/darkamazi.site\\\/darka-content\\\/uploads\\\/2023\\\/05\\\/Bahar.jpeg\",\"contentUrl\":\"https:\\\/\\\/darkamazi.site\\\/darka-content\\\/uploads\\\/2023\\\/05\\\/Bahar.jpeg\",\"width\":1176,\"height\":818,\"caption\":\"N\u00fbbihar\u2019\u0131n Ararat direni\u015fini konu alan 163\u2019\u00fcnc\u00fc say\u0131s\u0131 \u00e7\u0131kt\u0131\"},{\"@type\":\"BreadcrumbList\",\"@id\":\"https:\\\/\\\/darkamazi.site\\\/archives\\\/1025098#breadcrumb\",\"itemListElement\":[{\"@type\":\"ListItem\",\"position\":1,\"name\":\"Home\",\"item\":\"https:\\\/\\\/darkamazi.site\\\/\"},{\"@type\":\"ListItem\",\"position\":2,\"name\":\"N\u00fbbihar\u2019\u0131n Ararat direni\u015fini konu alan 163\u2019\u00fcnc\u00fc say\u0131s\u0131 \u00e7\u0131kt\u0131\"}]},{\"@type\":\"WebSite\",\"@id\":\"https:\\\/\\\/darkamazi.site\\\/#website\",\"url\":\"https:\\\/\\\/darkamazi.site\\\/\",\"name\":\"Darka Mazi\",\"description\":\"Ana Sayfa\",\"publisher\":{\"@id\":\"https:\\\/\\\/darkamazi.site\\\/#organization\"},\"potentialAction\":[{\"@type\":\"SearchAction\",\"target\":{\"@type\":\"EntryPoint\",\"urlTemplate\":\"https:\\\/\\\/darkamazi.site\\\/?s={search_term_string}\"},\"query-input\":{\"@type\":\"PropertyValueSpecification\",\"valueRequired\":true,\"valueName\":\"search_term_string\"}}],\"inLanguage\":\"en-US\"},{\"@type\":\"Organization\",\"@id\":\"https:\\\/\\\/darkamazi.site\\\/#organization\",\"name\":\"Darka Mazi T\u00fcrk\u00e7e\",\"alternateName\":\"Darka Mazi\",\"url\":\"https:\\\/\\\/darkamazi.site\\\/\",\"logo\":{\"@type\":\"ImageObject\",\"inLanguage\":\"en-US\",\"@id\":\"https:\\\/\\\/darkamazi.site\\\/#\\\/schema\\\/logo\\\/image\\\/\",\"url\":\"https:\\\/\\\/darkamazi.site\\\/darka-content\\\/uploads\\\/2017\\\/12\\\/darka-mazi-logo.png\",\"contentUrl\":\"https:\\\/\\\/darkamazi.site\\\/darka-content\\\/uploads\\\/2017\\\/12\\\/darka-mazi-logo.png\",\"width\":151,\"height\":75,\"caption\":\"Darka Mazi T\u00fcrk\u00e7e\"},\"image\":{\"@id\":\"https:\\\/\\\/darkamazi.site\\\/#\\\/schema\\\/logo\\\/image\\\/\"},\"sameAs\":[\"https:\\\/\\\/www.facebook.com\\\/DarkaMaziturkce\",\"https:\\\/\\\/x.com\\\/DarkaMaziTurkce\"]},{\"@type\":\"Person\",\"@id\":\"https:\\\/\\\/darkamazi.site\\\/#\\\/schema\\\/person\\\/67986a95ac546c16760365877ef4a9d3\",\"name\":\"darka mazi\",\"sameAs\":[\"https:\\\/\\\/darkamazi.site\"],\"url\":\"https:\\\/\\\/darkamazi.site\\\/archives\\\/author\\\/turkish\"}]}<\/script>\n<!-- \/ Yoast SEO plugin. -->","seo_head_json":{"title":"N\u00fbbihar\u2019\u0131n Ararat direni\u015fini konu alan 163\u2019\u00fcnc\u00fc say\u0131s\u0131 \u00e7\u0131kt\u0131 - Darka Mazi","robots":{"index":"index","follow":"follow","max-snippet":"max-snippet:-1","max-image-preview":"max-image-preview:large","max-video-preview":"max-video-preview:-1"},"canonical":"https:\/\/darkamazi.site\/archives\/1025098","og_locale":"en_US","og_type":"article","og_title":"N\u00fbbihar\u2019\u0131n Ararat direni\u015fini konu alan 163\u2019\u00fcnc\u00fc say\u0131s\u0131 \u00e7\u0131kt\u0131 - Darka Mazi","og_description":"1992 y\u0131l\u0131ndan bu yana K\u00fcrt d\u00fc\u015f\u00fcn d\u00fcnyas\u0131na b\u00fcy\u00fck katk\u0131lar yapan k\u00fclt\u00fcr, sanat, edebiyat dergisi N\u00fbbihar\u2019\u0131n 163 say\u0131s\u0131 \u00e7\u0131kt\u0131. Dergi bu say\u0131s\u0131nda K\u00fcrdistan tarihinin \u00f6nemli d\u00f6neme\u00e7lerinden biri olan Ararat Direni\u015fini \u00f6zel bir dosya olarak i\u015flenmi\u015f. Mehmet G\u00fcltekin ile Nihat G\u00fcltekin\u2019in edit\u00f6rl\u00fc\u011f\u00fcn\u00fc yapt\u0131\u011f\u0131 dosyada pek \u00e7ok \u00f6nemli konu ele al\u0131nm\u0131\u015f. Edit\u00f6rlerin yaz\u0131lar\u0131 d\u0131\u015f\u0131nda Rohat Alakom, Mustafa K\u0131l\u0131\u00e7aslan, [&hellip;]","og_url":"https:\/\/darkamazi.site\/archives\/1025098","og_site_name":"Darka Mazi","article_publisher":"https:\/\/www.facebook.com\/DarkaMaziturkce","article_published_time":"2023-05-29T12:20:53+00:00","og_image":[{"width":1176,"height":818,"url":"https:\/\/darkamazi.site\/file\/2023\/05\/Bahar.jpeg","type":"image\/jpeg"}],"author":"darka mazi","twitter_card":"summary_large_image","twitter_creator":"@DarkaMaziTurkce","twitter_site":"@DarkaMaziTurkce","twitter_misc":{"Written by":"darka mazi","Est. reading time":"1 minute"},"schema":{"@context":"https:\/\/schema.org","@graph":[{"@type":"NewsArticle","@id":"https:\/\/darkamazi.site\/archives\/1025098#article","isPartOf":{"@id":"https:\/\/darkamazi.site\/archives\/1025098"},"author":{"name":"darka mazi","@id":"https:\/\/darkamazi.site\/#\/schema\/person\/67986a95ac546c16760365877ef4a9d3"},"headline":"N\u00fbbihar\u2019\u0131n Ararat direni\u015fini konu alan 163\u2019\u00fcnc\u00fc say\u0131s\u0131 \u00e7\u0131kt\u0131","datePublished":"2023-05-29T12:20:53+00:00","mainEntityOfPage":{"@id":"https:\/\/darkamazi.site\/archives\/1025098"},"wordCount":144,"publisher":{"@id":"https:\/\/darkamazi.site\/#organization"},"image":{"@id":"https:\/\/darkamazi.site\/archives\/1025098#primaryimage"},"thumbnailUrl":"https:\/\/darkamazi.site\/file\/2023\/05\/Bahar.jpeg","keywords":["\u00f6nemli"],"articleSection":["Sanat"],"inLanguage":"en-US"},{"@type":"WebPage","@id":"https:\/\/darkamazi.site\/archives\/1025098","url":"https:\/\/darkamazi.site\/archives\/1025098","name":"N\u00fbbihar\u2019\u0131n Ararat direni\u015fini konu alan 163\u2019\u00fcnc\u00fc say\u0131s\u0131 \u00e7\u0131kt\u0131 - Darka Mazi","isPartOf":{"@id":"https:\/\/darkamazi.site\/#website"},"primaryImageOfPage":{"@id":"https:\/\/darkamazi.site\/archives\/1025098#primaryimage"},"image":{"@id":"https:\/\/darkamazi.site\/archives\/1025098#primaryimage"},"thumbnailUrl":"https:\/\/darkamazi.site\/file\/2023\/05\/Bahar.jpeg","datePublished":"2023-05-29T12:20:53+00:00","breadcrumb":{"@id":"https:\/\/darkamazi.site\/archives\/1025098#breadcrumb"},"inLanguage":"en-US","potentialAction":[{"@type":"ReadAction","target":["https:\/\/darkamazi.site\/archives\/1025098"]}]},{"@type":"ImageObject","inLanguage":"en-US","@id":"https:\/\/darkamazi.site\/archives\/1025098#primaryimage","url":"https:\/\/darkamazi.site\/file\/2023\/05\/Bahar.jpeg","contentUrl":"https:\/\/darkamazi.site\/file\/2023\/05\/Bahar.jpeg","width":1176,"height":818,"caption":"N\u00fbbihar\u2019\u0131n Ararat direni\u015fini konu alan 163\u2019\u00fcnc\u00fc say\u0131s\u0131 \u00e7\u0131kt\u0131"},{"@type":"BreadcrumbList","@id":"https:\/\/darkamazi.site\/archives\/1025098#breadcrumb","itemListElement":[{"@type":"ListItem","position":1,"name":"Home","item":"https:\/\/darkamazi.site\/"},{"@type":"ListItem","position":2,"name":"N\u00fbbihar\u2019\u0131n Ararat direni\u015fini konu alan 163\u2019\u00fcnc\u00fc say\u0131s\u0131 \u00e7\u0131kt\u0131"}]},{"@type":"WebSite","@id":"https:\/\/darkamazi.site\/#website","url":"https:\/\/darkamazi.site\/","name":"Darka Mazi","description":"Ana Sayfa","publisher":{"@id":"https:\/\/darkamazi.site\/#organization"},"potentialAction":[{"@type":"SearchAction","target":{"@type":"EntryPoint","urlTemplate":"https:\/\/darkamazi.site\/?s={search_term_string}"},"query-input":{"@type":"PropertyValueSpecification","valueRequired":true,"valueName":"search_term_string"}}],"inLanguage":"en-US"},{"@type":"Organization","@id":"https:\/\/darkamazi.site\/#organization","name":"Darka Mazi T\u00fcrk\u00e7e","alternateName":"Darka Mazi","url":"https:\/\/darkamazi.site\/","logo":{"@type":"ImageObject","inLanguage":"en-US","@id":"https:\/\/darkamazi.site\/#\/schema\/logo\/image\/","url":"https:\/\/darkamazi.site\/file\/2017\/12\/darka-mazi-logo.png","contentUrl":"https:\/\/darkamazi.site\/file\/2017\/12\/darka-mazi-logo.png","width":151,"height":75,"caption":"Darka Mazi T\u00fcrk\u00e7e"},"image":{"@id":"https:\/\/darkamazi.site\/#\/schema\/logo\/image\/"},"sameAs":["https:\/\/www.facebook.com\/DarkaMaziturkce","https:\/\/x.com\/DarkaMaziTurkce"]},{"@type":"Person","@id":"https:\/\/darkamazi.site\/#\/schema\/person\/67986a95ac546c16760365877ef4a9d3","name":"darka mazi","sameAs":["https:\/\/darkamazi.site"],"url":"https:\/\/darkamazi.site\/archives\/author\/turkish"}]}},"_links":{"self":[{"href":"https:\/\/darkamazi.site\/funavuv\/wp\/v2\/posts\/1025098","targetHints":{"allow":["GET"]}}],"collection":[{"href":"https:\/\/darkamazi.site\/funavuv\/wp\/v2\/posts"}],"about":[{"href":"https:\/\/darkamazi.site\/funavuv\/wp\/v2\/types\/post"}],"author":[{"embeddable":true,"href":"https:\/\/darkamazi.site\/funavuv\/wp\/v2\/users\/2"}],"replies":[{"embeddable":true,"href":"https:\/\/darkamazi.site\/funavuv\/wp\/v2\/comments?post=1025098"}],"version-history":[{"count":0,"href":"https:\/\/darkamazi.site\/funavuv\/wp\/v2\/posts\/1025098\/revisions"}],"wp:featuredmedia":[{"embeddable":true,"href":"https:\/\/darkamazi.site\/funavuv\/wp\/v2\/media\/1025099"}],"wp:attachment":[{"href":"https:\/\/darkamazi.site\/funavuv\/wp\/v2\/media?parent=1025098"}],"wp:term":[{"taxonomy":"category","embeddable":true,"href":"https:\/\/darkamazi.site\/funavuv\/wp\/v2\/categories?post=1025098"},{"taxonomy":"post_tag","embeddable":true,"href":"https:\/\/darkamazi.site\/funavuv\/wp\/v2\/tags?post=1025098"}],"curies":[{"name":"wp","href":"https:\/\/api.w.org\/{rel}","templated":true}]}}