{"id":1025137,"date":"2023-06-01T14:51:00","date_gmt":"2023-06-01T11:51:00","guid":{"rendered":"https:\/\/darkamazi.site\/?p=1025137"},"modified":"2023-06-01T14:51:00","modified_gmt":"2023-06-01T11:51:00","slug":"kilicdaroglu-secim-sonucunun-ahlaki-mesruiyeti-yoktur","status":"publish","type":"post","link":"https:\/\/darkamazi.site\/archives\/1025137","title":{"rendered":"K\u0131l\u0131\u00e7daro\u011flu: Se\u00e7im sonucunun ahlak\u0131 me\u015fruiyeti yoktur"},"content":{"rendered":"<p>Cumhurba\u015fkan\u0131 se\u00e7iminden yenilgiyle \u00e7\u0131kt\u0131\u011f\u0131 i\u00e7in istifa edip etmeyece\u011fi tart\u0131\u015f\u0131lan CHP Genel Ba\u015fkan\u0131 Kemal K\u0131l\u0131\u00e7daro\u011flu, \u201cMYK\u2019da, Parti Meclisi\u2019nde incelemeler, de\u011ferlendirmeler, tart\u0131\u015fmalar yap\u0131lacak ve hep birlikte karar verece\u011fiz ve kamuoyuyla payla\u015faca\u011f\u0131z\u201d dedi.<\/p>\n<p>Gazeteci Fikret Bila\u2019ya konu\u015fan Kemal K\u0131l\u0131\u00e7daro\u011flu, T\u00fcrkiye Cumhurba\u015fkan\u0131 Recep Tayyip Erdopan\u2019\u0131n se\u00e7im galibiyetinin \u201cme\u015fru\u201d olmad\u0131\u011f\u0131n\u0131 savundu.<\/p>\n<p>Erdo\u011fan\u2019\u0131 a\u011f\u0131r bir dille ele\u015ftiren K\u0131l\u0131\u00e7daro\u011flu, \u201c\u0130ktidar se\u00e7im kampanyas\u0131n\u0131, yalana, iftiralara, montaj kasetlere dayand\u0131rarak y\u00fcr\u00fctt\u00fc. Halka yalan s\u00f6yledi. Halk\u0131na yalan s\u00f6yleyen biri cumhurba\u015fkan\u0131 olabilir mi? \u0130ktidar\u0131n ve se\u00e7im kampanyas\u0131n\u0131n bu y\u00f6n\u00fcyle sorgulanmas\u0131 gerekir\u201d diye konu\u015ftu.<\/p>\n<p>Kemal K\u0131l\u0131\u00e7daro\u011flu, \u201cSe\u00e7im kampanyas\u0131 boyunca benim hakk\u0131mda yalan s\u00f6ylediler. \u0130ftiralar att\u0131lar. Sahte videolarla kampanya y\u00fcr\u00fctt\u00fcler. Ve bu videolar\u0131n sahte oldu\u011funu, montaj oldu\u011funu itiraf ettiler. Y\u00fcksek Se\u00e7im Kurulu se\u00e7im sonucunu onaylad\u0131 ama bu sonucun ahlaki me\u015fruiyeti yoktur. Ayr\u0131ca kimlere oy kulland\u0131r\u0131ld\u0131\u011f\u0131n\u0131 da g\u00f6rd\u00fck. \u0130thal se\u00e7men yaratt\u0131lar. T\u00fcrk\u00e7e bilmeyen yabanc\u0131lar\u0131n oy kulland\u0131\u011f\u0131n\u0131 g\u00f6rd\u00fck. Bu da ahlaki a\u00e7\u0131dan sorgulanmal\u0131d\u0131r. Se\u00e7imin ahlaki me\u015fruiyet a\u00e7\u0131s\u0131ndan hukuk\u00e7ular da ilahiyat\u00e7\u0131lar da tart\u0131\u015fmal\u0131d\u0131r\u201d ifadelerini kulland\u0131.<\/p>\n<p>K\u0131l\u0131\u00e7daro\u011flu \u201cistifa edip etmeyece\u011fi\u201d konusunda ise \u015funlar\u0131 s\u00f6yledi:<\/p>\n<p>\u201cCHP \u00e7ok k\u00f6kl\u00fc bir parti. CHP\u2019de her d\u00fc\u015f\u00fcnce rahatl\u0131kla dillendirilir, tart\u0131\u015f\u0131l\u0131r ve bu s\u00fcre\u00e7 sonunda partinin yetkili kurallar\u0131 karar verir. \u015eimdi bu s\u00fcreci ya\u015f\u0131yoruz. MYK\u2019da, Parti Meclisi\u2019nde incelemeler, de\u011ferlendirmeler, tart\u0131\u015fmalar yap\u0131lacak ve hep birlikte karar verece\u011fiz ve kamuoyuyla payla\u015faca\u011f\u0131z.\u201d<\/p>\n","protected":false},"excerpt":{"rendered":"<p>Cumhurba\u015fkan\u0131 se\u00e7iminden yenilgiyle \u00e7\u0131kt\u0131\u011f\u0131 i\u00e7in istifa edip etmeyece\u011fi tart\u0131\u015f\u0131lan CHP Genel Ba\u015fkan\u0131 Kemal K\u0131l\u0131\u00e7daro\u011flu, \u201cMYK\u2019da, Parti Meclisi\u2019nde incelemeler, de\u011ferlendirmeler, tart\u0131\u015fmalar yap\u0131lacak ve hep birlikte karar verece\u011fiz ve kamuoyuyla payla\u015faca\u011f\u0131z\u201d dedi. Gazeteci Fikret Bila\u2019ya konu\u015fan Kemal K\u0131l\u0131\u00e7daro\u011flu, T\u00fcrkiye Cumhurba\u015fkan\u0131 Recep Tayyip Erdopan\u2019\u0131n se\u00e7im galibiyetinin \u201cme\u015fru\u201d olmad\u0131\u011f\u0131n\u0131 savundu. Erdo\u011fan\u2019\u0131 a\u011f\u0131r bir dille ele\u015ftiren K\u0131l\u0131\u00e7daro\u011flu, \u201c\u0130ktidar se\u00e7im kampanyas\u0131n\u0131, [&hellip;]<\/p>\n","protected":false},"author":2,"featured_media":1025138,"comment_status":"closed","ping_status":"closed","sticky":false,"template":"","format":"standard","meta":{"footnotes":""},"categories":[29],"tags":[],"class_list":["post-1025137","post","type-post","status-publish","format-standard","has-post-thumbnail","hentry","category-ortadogu"],"blocksy_meta":[],"seo_head":"<!-- This site is optimized with the Yoast SEO plugin v27.5 - https:\/\/yoast.com\/product\/yoast-seo-wordpress\/ -->\n<title>K\u0131l\u0131\u00e7daro\u011flu: Se\u00e7im sonucunun ahlak\u0131 me\u015fruiyeti yoktur - Darka Mazi<\/title>\n<meta name=\"robots\" content=\"index, follow, max-snippet:-1, max-image-preview:large, max-video-preview:-1\" \/>\n<link rel=\"canonical\" href=\"https:\/\/darkamazi.site\/archives\/1025137\" \/>\n<meta property=\"og:locale\" content=\"en_US\" \/>\n<meta property=\"og:type\" content=\"article\" \/>\n<meta property=\"og:title\" content=\"K\u0131l\u0131\u00e7daro\u011flu: Se\u00e7im sonucunun ahlak\u0131 me\u015fruiyeti yoktur - Darka Mazi\" \/>\n<meta property=\"og:description\" content=\"Cumhurba\u015fkan\u0131 se\u00e7iminden yenilgiyle \u00e7\u0131kt\u0131\u011f\u0131 i\u00e7in istifa edip etmeyece\u011fi tart\u0131\u015f\u0131lan CHP Genel Ba\u015fkan\u0131 Kemal K\u0131l\u0131\u00e7daro\u011flu, \u201cMYK\u2019da, Parti Meclisi\u2019nde incelemeler, de\u011ferlendirmeler, tart\u0131\u015fmalar yap\u0131lacak ve hep birlikte karar verece\u011fiz ve kamuoyuyla payla\u015faca\u011f\u0131z\u201d dedi. Gazeteci Fikret Bila\u2019ya konu\u015fan Kemal K\u0131l\u0131\u00e7daro\u011flu, T\u00fcrkiye Cumhurba\u015fkan\u0131 Recep Tayyip Erdopan\u2019\u0131n se\u00e7im galibiyetinin \u201cme\u015fru\u201d olmad\u0131\u011f\u0131n\u0131 savundu. Erdo\u011fan\u2019\u0131 a\u011f\u0131r bir dille ele\u015ftiren K\u0131l\u0131\u00e7daro\u011flu, \u201c\u0130ktidar se\u00e7im kampanyas\u0131n\u0131, [&hellip;]\" \/>\n<meta property=\"og:url\" content=\"https:\/\/darkamazi.site\/archives\/1025137\" \/>\n<meta property=\"og:site_name\" content=\"Darka Mazi\" \/>\n<meta property=\"article:publisher\" content=\"https:\/\/www.facebook.com\/DarkaMaziturkce\" \/>\n<meta property=\"article:published_time\" content=\"2023-06-01T11:51:00+00:00\" \/>\n<meta property=\"og:image\" content=\"https:\/\/darkamazi.site\/file\/2023\/06\/56.jpg\" \/>\n\t<meta property=\"og:image:width\" content=\"750\" \/>\n\t<meta property=\"og:image:height\" content=\"422\" \/>\n\t<meta property=\"og:image:type\" content=\"image\/jpeg\" \/>\n<meta name=\"author\" content=\"darka mazi\" \/>\n<meta name=\"twitter:card\" content=\"summary_large_image\" \/>\n<meta name=\"twitter:creator\" content=\"@DarkaMaziTurkce\" \/>\n<meta name=\"twitter:site\" content=\"@DarkaMaziTurkce\" \/>\n<meta name=\"twitter:label1\" content=\"Written by\" \/>\n\t<meta name=\"twitter:data1\" content=\"darka mazi\" \/>\n\t<meta name=\"twitter:label2\" content=\"Est. reading time\" \/>\n\t<meta name=\"twitter:data2\" content=\"1 minute\" \/>\n<script type=\"application\/ld+json\" class=\"seo-schema-graph\">{\"@context\":\"https:\\\/\\\/schema.org\",\"@graph\":[{\"@type\":\"NewsArticle\",\"@id\":\"https:\\\/\\\/darkamazi.site\\\/archives\\\/1025137#article\",\"isPartOf\":{\"@id\":\"https:\\\/\\\/darkamazi.site\\\/archives\\\/1025137\"},\"author\":{\"name\":\"darka mazi\",\"@id\":\"https:\\\/\\\/darkamazi.site\\\/#\\\/schema\\\/person\\\/67986a95ac546c16760365877ef4a9d3\"},\"headline\":\"K\u0131l\u0131\u00e7daro\u011flu: Se\u00e7im sonucunun ahlak\u0131 me\u015fruiyeti yoktur\",\"datePublished\":\"2023-06-01T11:51:00+00:00\",\"mainEntityOfPage\":{\"@id\":\"https:\\\/\\\/darkamazi.site\\\/archives\\\/1025137\"},\"wordCount\":322,\"publisher\":{\"@id\":\"https:\\\/\\\/darkamazi.site\\\/#organization\"},\"image\":{\"@id\":\"https:\\\/\\\/darkamazi.site\\\/archives\\\/1025137#primaryimage\"},\"thumbnailUrl\":\"https:\\\/\\\/darkamazi.site\\\/darka-content\\\/uploads\\\/2023\\\/06\\\/56.jpg\",\"articleSection\":[\"Ortado\u011fu\"],\"inLanguage\":\"en-US\"},{\"@type\":\"WebPage\",\"@id\":\"https:\\\/\\\/darkamazi.site\\\/archives\\\/1025137\",\"url\":\"https:\\\/\\\/darkamazi.site\\\/archives\\\/1025137\",\"name\":\"K\u0131l\u0131\u00e7daro\u011flu: Se\u00e7im sonucunun ahlak\u0131 me\u015fruiyeti yoktur - Darka Mazi\",\"isPartOf\":{\"@id\":\"https:\\\/\\\/darkamazi.site\\\/#website\"},\"primaryImageOfPage\":{\"@id\":\"https:\\\/\\\/darkamazi.site\\\/archives\\\/1025137#primaryimage\"},\"image\":{\"@id\":\"https:\\\/\\\/darkamazi.site\\\/archives\\\/1025137#primaryimage\"},\"thumbnailUrl\":\"https:\\\/\\\/darkamazi.site\\\/darka-content\\\/uploads\\\/2023\\\/06\\\/56.jpg\",\"datePublished\":\"2023-06-01T11:51:00+00:00\",\"breadcrumb\":{\"@id\":\"https:\\\/\\\/darkamazi.site\\\/archives\\\/1025137#breadcrumb\"},\"inLanguage\":\"en-US\",\"potentialAction\":[{\"@type\":\"ReadAction\",\"target\":[\"https:\\\/\\\/darkamazi.site\\\/archives\\\/1025137\"]}]},{\"@type\":\"ImageObject\",\"inLanguage\":\"en-US\",\"@id\":\"https:\\\/\\\/darkamazi.site\\\/archives\\\/1025137#primaryimage\",\"url\":\"https:\\\/\\\/darkamazi.site\\\/darka-content\\\/uploads\\\/2023\\\/06\\\/56.jpg\",\"contentUrl\":\"https:\\\/\\\/darkamazi.site\\\/darka-content\\\/uploads\\\/2023\\\/06\\\/56.jpg\",\"width\":750,\"height\":422,\"caption\":\"K\u0131l\u0131\u00e7daro\u011flu: Se\u00e7im sonucunun ahlak\u0131 me\u015fruiyeti yoktur\"},{\"@type\":\"BreadcrumbList\",\"@id\":\"https:\\\/\\\/darkamazi.site\\\/archives\\\/1025137#breadcrumb\",\"itemListElement\":[{\"@type\":\"ListItem\",\"position\":1,\"name\":\"Home\",\"item\":\"https:\\\/\\\/darkamazi.site\\\/\"},{\"@type\":\"ListItem\",\"position\":2,\"name\":\"K\u0131l\u0131\u00e7daro\u011flu: Se\u00e7im sonucunun ahlak\u0131 me\u015fruiyeti yoktur\"}]},{\"@type\":\"WebSite\",\"@id\":\"https:\\\/\\\/darkamazi.site\\\/#website\",\"url\":\"https:\\\/\\\/darkamazi.site\\\/\",\"name\":\"Darka Mazi\",\"description\":\"Ana Sayfa\",\"publisher\":{\"@id\":\"https:\\\/\\\/darkamazi.site\\\/#organization\"},\"potentialAction\":[{\"@type\":\"SearchAction\",\"target\":{\"@type\":\"EntryPoint\",\"urlTemplate\":\"https:\\\/\\\/darkamazi.site\\\/?s={search_term_string}\"},\"query-input\":{\"@type\":\"PropertyValueSpecification\",\"valueRequired\":true,\"valueName\":\"search_term_string\"}}],\"inLanguage\":\"en-US\"},{\"@type\":\"Organization\",\"@id\":\"https:\\\/\\\/darkamazi.site\\\/#organization\",\"name\":\"Darka Mazi T\u00fcrk\u00e7e\",\"alternateName\":\"Darka Mazi\",\"url\":\"https:\\\/\\\/darkamazi.site\\\/\",\"logo\":{\"@type\":\"ImageObject\",\"inLanguage\":\"en-US\",\"@id\":\"https:\\\/\\\/darkamazi.site\\\/#\\\/schema\\\/logo\\\/image\\\/\",\"url\":\"https:\\\/\\\/darkamazi.site\\\/darka-content\\\/uploads\\\/2017\\\/12\\\/darka-mazi-logo.png\",\"contentUrl\":\"https:\\\/\\\/darkamazi.site\\\/darka-content\\\/uploads\\\/2017\\\/12\\\/darka-mazi-logo.png\",\"width\":151,\"height\":75,\"caption\":\"Darka Mazi T\u00fcrk\u00e7e\"},\"image\":{\"@id\":\"https:\\\/\\\/darkamazi.site\\\/#\\\/schema\\\/logo\\\/image\\\/\"},\"sameAs\":[\"https:\\\/\\\/www.facebook.com\\\/DarkaMaziturkce\",\"https:\\\/\\\/x.com\\\/DarkaMaziTurkce\"]},{\"@type\":\"Person\",\"@id\":\"https:\\\/\\\/darkamazi.site\\\/#\\\/schema\\\/person\\\/67986a95ac546c16760365877ef4a9d3\",\"name\":\"darka mazi\",\"sameAs\":[\"https:\\\/\\\/darkamazi.site\"],\"url\":\"https:\\\/\\\/darkamazi.site\\\/archives\\\/author\\\/turkish\"}]}<\/script>\n<!-- \/ Yoast SEO plugin. -->","seo_head_json":{"title":"K\u0131l\u0131\u00e7daro\u011flu: Se\u00e7im sonucunun ahlak\u0131 me\u015fruiyeti yoktur - Darka Mazi","robots":{"index":"index","follow":"follow","max-snippet":"max-snippet:-1","max-image-preview":"max-image-preview:large","max-video-preview":"max-video-preview:-1"},"canonical":"https:\/\/darkamazi.site\/archives\/1025137","og_locale":"en_US","og_type":"article","og_title":"K\u0131l\u0131\u00e7daro\u011flu: Se\u00e7im sonucunun ahlak\u0131 me\u015fruiyeti yoktur - Darka Mazi","og_description":"Cumhurba\u015fkan\u0131 se\u00e7iminden yenilgiyle \u00e7\u0131kt\u0131\u011f\u0131 i\u00e7in istifa edip etmeyece\u011fi tart\u0131\u015f\u0131lan CHP Genel Ba\u015fkan\u0131 Kemal K\u0131l\u0131\u00e7daro\u011flu, \u201cMYK\u2019da, Parti Meclisi\u2019nde incelemeler, de\u011ferlendirmeler, tart\u0131\u015fmalar yap\u0131lacak ve hep birlikte karar verece\u011fiz ve kamuoyuyla payla\u015faca\u011f\u0131z\u201d dedi. Gazeteci Fikret Bila\u2019ya konu\u015fan Kemal K\u0131l\u0131\u00e7daro\u011flu, T\u00fcrkiye Cumhurba\u015fkan\u0131 Recep Tayyip Erdopan\u2019\u0131n se\u00e7im galibiyetinin \u201cme\u015fru\u201d olmad\u0131\u011f\u0131n\u0131 savundu. Erdo\u011fan\u2019\u0131 a\u011f\u0131r bir dille ele\u015ftiren K\u0131l\u0131\u00e7daro\u011flu, \u201c\u0130ktidar se\u00e7im kampanyas\u0131n\u0131, [&hellip;]","og_url":"https:\/\/darkamazi.site\/archives\/1025137","og_site_name":"Darka Mazi","article_publisher":"https:\/\/www.facebook.com\/DarkaMaziturkce","article_published_time":"2023-06-01T11:51:00+00:00","og_image":[{"width":750,"height":422,"url":"https:\/\/darkamazi.site\/file\/2023\/06\/56.jpg","type":"image\/jpeg"}],"author":"darka mazi","twitter_card":"summary_large_image","twitter_creator":"@DarkaMaziTurkce","twitter_site":"@DarkaMaziTurkce","twitter_misc":{"Written by":"darka mazi","Est. reading time":"1 minute"},"schema":{"@context":"https:\/\/schema.org","@graph":[{"@type":"NewsArticle","@id":"https:\/\/darkamazi.site\/archives\/1025137#article","isPartOf":{"@id":"https:\/\/darkamazi.site\/archives\/1025137"},"author":{"name":"darka mazi","@id":"https:\/\/darkamazi.site\/#\/schema\/person\/67986a95ac546c16760365877ef4a9d3"},"headline":"K\u0131l\u0131\u00e7daro\u011flu: Se\u00e7im sonucunun ahlak\u0131 me\u015fruiyeti yoktur","datePublished":"2023-06-01T11:51:00+00:00","mainEntityOfPage":{"@id":"https:\/\/darkamazi.site\/archives\/1025137"},"wordCount":322,"publisher":{"@id":"https:\/\/darkamazi.site\/#organization"},"image":{"@id":"https:\/\/darkamazi.site\/archives\/1025137#primaryimage"},"thumbnailUrl":"https:\/\/darkamazi.site\/file\/2023\/06\/56.jpg","articleSection":["Ortado\u011fu"],"inLanguage":"en-US"},{"@type":"WebPage","@id":"https:\/\/darkamazi.site\/archives\/1025137","url":"https:\/\/darkamazi.site\/archives\/1025137","name":"K\u0131l\u0131\u00e7daro\u011flu: Se\u00e7im sonucunun ahlak\u0131 me\u015fruiyeti yoktur - Darka Mazi","isPartOf":{"@id":"https:\/\/darkamazi.site\/#website"},"primaryImageOfPage":{"@id":"https:\/\/darkamazi.site\/archives\/1025137#primaryimage"},"image":{"@id":"https:\/\/darkamazi.site\/archives\/1025137#primaryimage"},"thumbnailUrl":"https:\/\/darkamazi.site\/file\/2023\/06\/56.jpg","datePublished":"2023-06-01T11:51:00+00:00","breadcrumb":{"@id":"https:\/\/darkamazi.site\/archives\/1025137#breadcrumb"},"inLanguage":"en-US","potentialAction":[{"@type":"ReadAction","target":["https:\/\/darkamazi.site\/archives\/1025137"]}]},{"@type":"ImageObject","inLanguage":"en-US","@id":"https:\/\/darkamazi.site\/archives\/1025137#primaryimage","url":"https:\/\/darkamazi.site\/file\/2023\/06\/56.jpg","contentUrl":"https:\/\/darkamazi.site\/file\/2023\/06\/56.jpg","width":750,"height":422,"caption":"K\u0131l\u0131\u00e7daro\u011flu: Se\u00e7im sonucunun ahlak\u0131 me\u015fruiyeti yoktur"},{"@type":"BreadcrumbList","@id":"https:\/\/darkamazi.site\/archives\/1025137#breadcrumb","itemListElement":[{"@type":"ListItem","position":1,"name":"Home","item":"https:\/\/darkamazi.site\/"},{"@type":"ListItem","position":2,"name":"K\u0131l\u0131\u00e7daro\u011flu: Se\u00e7im sonucunun ahlak\u0131 me\u015fruiyeti yoktur"}]},{"@type":"WebSite","@id":"https:\/\/darkamazi.site\/#website","url":"https:\/\/darkamazi.site\/","name":"Darka Mazi","description":"Ana Sayfa","publisher":{"@id":"https:\/\/darkamazi.site\/#organization"},"potentialAction":[{"@type":"SearchAction","target":{"@type":"EntryPoint","urlTemplate":"https:\/\/darkamazi.site\/?s={search_term_string}"},"query-input":{"@type":"PropertyValueSpecification","valueRequired":true,"valueName":"search_term_string"}}],"inLanguage":"en-US"},{"@type":"Organization","@id":"https:\/\/darkamazi.site\/#organization","name":"Darka Mazi T\u00fcrk\u00e7e","alternateName":"Darka Mazi","url":"https:\/\/darkamazi.site\/","logo":{"@type":"ImageObject","inLanguage":"en-US","@id":"https:\/\/darkamazi.site\/#\/schema\/logo\/image\/","url":"https:\/\/darkamazi.site\/file\/2017\/12\/darka-mazi-logo.png","contentUrl":"https:\/\/darkamazi.site\/file\/2017\/12\/darka-mazi-logo.png","width":151,"height":75,"caption":"Darka Mazi T\u00fcrk\u00e7e"},"image":{"@id":"https:\/\/darkamazi.site\/#\/schema\/logo\/image\/"},"sameAs":["https:\/\/www.facebook.com\/DarkaMaziturkce","https:\/\/x.com\/DarkaMaziTurkce"]},{"@type":"Person","@id":"https:\/\/darkamazi.site\/#\/schema\/person\/67986a95ac546c16760365877ef4a9d3","name":"darka mazi","sameAs":["https:\/\/darkamazi.site"],"url":"https:\/\/darkamazi.site\/archives\/author\/turkish"}]}},"_links":{"self":[{"href":"https:\/\/darkamazi.site\/funavuv\/wp\/v2\/posts\/1025137","targetHints":{"allow":["GET"]}}],"collection":[{"href":"https:\/\/darkamazi.site\/funavuv\/wp\/v2\/posts"}],"about":[{"href":"https:\/\/darkamazi.site\/funavuv\/wp\/v2\/types\/post"}],"author":[{"embeddable":true,"href":"https:\/\/darkamazi.site\/funavuv\/wp\/v2\/users\/2"}],"replies":[{"embeddable":true,"href":"https:\/\/darkamazi.site\/funavuv\/wp\/v2\/comments?post=1025137"}],"version-history":[{"count":0,"href":"https:\/\/darkamazi.site\/funavuv\/wp\/v2\/posts\/1025137\/revisions"}],"wp:featuredmedia":[{"embeddable":true,"href":"https:\/\/darkamazi.site\/funavuv\/wp\/v2\/media\/1025138"}],"wp:attachment":[{"href":"https:\/\/darkamazi.site\/funavuv\/wp\/v2\/media?parent=1025137"}],"wp:term":[{"taxonomy":"category","embeddable":true,"href":"https:\/\/darkamazi.site\/funavuv\/wp\/v2\/categories?post=1025137"},{"taxonomy":"post_tag","embeddable":true,"href":"https:\/\/darkamazi.site\/funavuv\/wp\/v2\/tags?post=1025137"}],"curies":[{"name":"wp","href":"https:\/\/api.w.org\/{rel}","templated":true}]}}