{"id":1025169,"date":"2023-06-03T13:47:53","date_gmt":"2023-06-03T10:47:53","guid":{"rendered":"https:\/\/darkamazi.site\/?p=1025169"},"modified":"2023-06-03T13:47:53","modified_gmt":"2023-06-03T10:47:53","slug":"emepli-iki-parlamenter-yspden-ayrildi","status":"publish","type":"post","link":"https:\/\/darkamazi.site\/archives\/1025169","title":{"rendered":"EMEP&#8217;li iki parlamenter YSP&#8217;den ayr\u0131ld\u0131"},"content":{"rendered":"<p>Ye\u015fil Sol Parti&#8217;nin kendi listesinden milletvekili aday\u0131 olarak g\u00f6sterdi\u011fi EMEP&#8217;li iki isim Ye\u015fil Sol Parti&#8217;den ayr\u0131ld\u0131.<\/p>\n<p>Ye\u015filler Sol Gelecek Partisi&#8217;nden ( Ye\u015fil Sol Parti) milletvekili se\u00e7ilen Antep Milletvekili Sevda Karaca ile \u0130stanbul Milletvekili \u0130skender Bayhan Ye\u015fil Sol Parti&#8217;den ayr\u0131larak kendi partilerine ge\u00e7ti.<\/p>\n<p>B\u00f6ylece EMEP&#8217;i temsilen Mecliste 2 milletvekili yer alacak. Bayhan ve Karaca, TBMM internet sitesinde EMEP milletvekili olarak kayde ge\u00e7ti.<\/p>\n<p>\u00d6te yandan CHP listelerinden se\u00e7ime giren DEVA Partisi, Gelecek Partisi ve Saadet Partisi milletvekilleri yemin t\u00f6reninden \u00f6nce CHP grubundan ayr\u0131ld\u0131. Yemin i\u00e7in k\u00fcrs\u00fcye \u00e7\u0131kan milletvekillerinin TBMM internet sitesindeki tan\u0131t\u0131m\u0131na ve TBMM TV\u2019deki alt yaz\u0131lara kendi partilerinin ismi yaz\u0131ld\u0131.<\/p>\n","protected":false},"excerpt":{"rendered":"<p>Ye\u015fil Sol Parti&#8217;nin kendi listesinden milletvekili aday\u0131 olarak g\u00f6sterdi\u011fi EMEP&#8217;li iki isim Ye\u015fil Sol Parti&#8217;den ayr\u0131ld\u0131. Ye\u015filler Sol Gelecek Partisi&#8217;nden ( Ye\u015fil Sol Parti) milletvekili se\u00e7ilen Antep Milletvekili Sevda Karaca ile \u0130stanbul Milletvekili \u0130skender Bayhan Ye\u015fil Sol Parti&#8217;den ayr\u0131larak kendi partilerine ge\u00e7ti. B\u00f6ylece EMEP&#8217;i temsilen Mecliste 2 milletvekili yer alacak. Bayhan ve Karaca, TBMM internet [&hellip;]<\/p>\n","protected":false},"author":2,"featured_media":1025170,"comment_status":"closed","ping_status":"closed","sticky":false,"template":"","format":"standard","meta":{"footnotes":""},"categories":[29],"tags":[],"class_list":["post-1025169","post","type-post","status-publish","format-standard","has-post-thumbnail","hentry","category-ortadogu"],"blocksy_meta":[],"seo_head":"<!-- This site is optimized with the Yoast SEO plugin v27.5 - https:\/\/yoast.com\/product\/yoast-seo-wordpress\/ -->\n<title>EMEP&#039;li iki parlamenter YSP&#039;den ayr\u0131ld\u0131 - Darka Mazi<\/title>\n<meta name=\"robots\" content=\"index, follow, max-snippet:-1, max-image-preview:large, max-video-preview:-1\" \/>\n<link rel=\"canonical\" href=\"https:\/\/darkamazi.site\/archives\/1025169\" \/>\n<meta property=\"og:locale\" content=\"en_US\" \/>\n<meta property=\"og:type\" content=\"article\" \/>\n<meta property=\"og:title\" content=\"EMEP&#039;li iki parlamenter YSP&#039;den ayr\u0131ld\u0131 - Darka Mazi\" \/>\n<meta property=\"og:description\" content=\"Ye\u015fil Sol Parti&#8217;nin kendi listesinden milletvekili aday\u0131 olarak g\u00f6sterdi\u011fi EMEP&#8217;li iki isim Ye\u015fil Sol Parti&#8217;den ayr\u0131ld\u0131. Ye\u015filler Sol Gelecek Partisi&#8217;nden ( Ye\u015fil Sol Parti) milletvekili se\u00e7ilen Antep Milletvekili Sevda Karaca ile \u0130stanbul Milletvekili \u0130skender Bayhan Ye\u015fil Sol Parti&#8217;den ayr\u0131larak kendi partilerine ge\u00e7ti. B\u00f6ylece EMEP&#8217;i temsilen Mecliste 2 milletvekili yer alacak. Bayhan ve Karaca, TBMM internet [&hellip;]\" \/>\n<meta property=\"og:url\" content=\"https:\/\/darkamazi.site\/archives\/1025169\" \/>\n<meta property=\"og:site_name\" content=\"Darka Mazi\" \/>\n<meta property=\"article:publisher\" content=\"https:\/\/www.facebook.com\/DarkaMaziturkce\" \/>\n<meta property=\"article:published_time\" content=\"2023-06-03T10:47:53+00:00\" \/>\n<meta property=\"og:image\" content=\"https:\/\/darkamazi.site\/file\/2023\/06\/YPS-ESP.jpg\" \/>\n\t<meta property=\"og:image:width\" content=\"900\" \/>\n\t<meta property=\"og:image:height\" content=\"497\" \/>\n\t<meta property=\"og:image:type\" content=\"image\/jpeg\" \/>\n<meta name=\"author\" content=\"darka mazi\" \/>\n<meta name=\"twitter:card\" content=\"summary_large_image\" \/>\n<meta name=\"twitter:creator\" content=\"@DarkaMaziTurkce\" \/>\n<meta name=\"twitter:site\" content=\"@DarkaMaziTurkce\" \/>\n<meta name=\"twitter:label1\" content=\"Written by\" \/>\n\t<meta name=\"twitter:data1\" content=\"darka mazi\" \/>\n\t<meta name=\"twitter:label2\" content=\"Est. reading time\" \/>\n\t<meta name=\"twitter:data2\" content=\"1 minute\" \/>\n<script type=\"application\/ld+json\" class=\"seo-schema-graph\">{\"@context\":\"https:\\\/\\\/schema.org\",\"@graph\":[{\"@type\":\"NewsArticle\",\"@id\":\"https:\\\/\\\/darkamazi.site\\\/archives\\\/1025169#article\",\"isPartOf\":{\"@id\":\"https:\\\/\\\/darkamazi.site\\\/archives\\\/1025169\"},\"author\":{\"name\":\"darka mazi\",\"@id\":\"https:\\\/\\\/darkamazi.site\\\/#\\\/schema\\\/person\\\/67986a95ac546c16760365877ef4a9d3\"},\"headline\":\"EMEP&#8217;li iki parlamenter YSP&#8217;den ayr\u0131ld\u0131\",\"datePublished\":\"2023-06-03T10:47:53+00:00\",\"mainEntityOfPage\":{\"@id\":\"https:\\\/\\\/darkamazi.site\\\/archives\\\/1025169\"},\"wordCount\":136,\"publisher\":{\"@id\":\"https:\\\/\\\/darkamazi.site\\\/#organization\"},\"image\":{\"@id\":\"https:\\\/\\\/darkamazi.site\\\/archives\\\/1025169#primaryimage\"},\"thumbnailUrl\":\"https:\\\/\\\/darkamazi.site\\\/darka-content\\\/uploads\\\/2023\\\/06\\\/YPS-ESP.jpg\",\"articleSection\":[\"Ortado\u011fu\"],\"inLanguage\":\"en-US\"},{\"@type\":\"WebPage\",\"@id\":\"https:\\\/\\\/darkamazi.site\\\/archives\\\/1025169\",\"url\":\"https:\\\/\\\/darkamazi.site\\\/archives\\\/1025169\",\"name\":\"EMEP'li iki parlamenter YSP'den ayr\u0131ld\u0131 - Darka Mazi\",\"isPartOf\":{\"@id\":\"https:\\\/\\\/darkamazi.site\\\/#website\"},\"primaryImageOfPage\":{\"@id\":\"https:\\\/\\\/darkamazi.site\\\/archives\\\/1025169#primaryimage\"},\"image\":{\"@id\":\"https:\\\/\\\/darkamazi.site\\\/archives\\\/1025169#primaryimage\"},\"thumbnailUrl\":\"https:\\\/\\\/darkamazi.site\\\/darka-content\\\/uploads\\\/2023\\\/06\\\/YPS-ESP.jpg\",\"datePublished\":\"2023-06-03T10:47:53+00:00\",\"breadcrumb\":{\"@id\":\"https:\\\/\\\/darkamazi.site\\\/archives\\\/1025169#breadcrumb\"},\"inLanguage\":\"en-US\",\"potentialAction\":[{\"@type\":\"ReadAction\",\"target\":[\"https:\\\/\\\/darkamazi.site\\\/archives\\\/1025169\"]}]},{\"@type\":\"ImageObject\",\"inLanguage\":\"en-US\",\"@id\":\"https:\\\/\\\/darkamazi.site\\\/archives\\\/1025169#primaryimage\",\"url\":\"https:\\\/\\\/darkamazi.site\\\/darka-content\\\/uploads\\\/2023\\\/06\\\/YPS-ESP.jpg\",\"contentUrl\":\"https:\\\/\\\/darkamazi.site\\\/darka-content\\\/uploads\\\/2023\\\/06\\\/YPS-ESP.jpg\",\"width\":900,\"height\":497,\"caption\":\"EMEP'li iki parlamenter YSP'den ayr\u0131ld\u0131\"},{\"@type\":\"BreadcrumbList\",\"@id\":\"https:\\\/\\\/darkamazi.site\\\/archives\\\/1025169#breadcrumb\",\"itemListElement\":[{\"@type\":\"ListItem\",\"position\":1,\"name\":\"Home\",\"item\":\"https:\\\/\\\/darkamazi.site\\\/\"},{\"@type\":\"ListItem\",\"position\":2,\"name\":\"EMEP&#8217;li iki parlamenter YSP&#8217;den ayr\u0131ld\u0131\"}]},{\"@type\":\"WebSite\",\"@id\":\"https:\\\/\\\/darkamazi.site\\\/#website\",\"url\":\"https:\\\/\\\/darkamazi.site\\\/\",\"name\":\"Darka Mazi\",\"description\":\"Ana Sayfa\",\"publisher\":{\"@id\":\"https:\\\/\\\/darkamazi.site\\\/#organization\"},\"potentialAction\":[{\"@type\":\"SearchAction\",\"target\":{\"@type\":\"EntryPoint\",\"urlTemplate\":\"https:\\\/\\\/darkamazi.site\\\/?s={search_term_string}\"},\"query-input\":{\"@type\":\"PropertyValueSpecification\",\"valueRequired\":true,\"valueName\":\"search_term_string\"}}],\"inLanguage\":\"en-US\"},{\"@type\":\"Organization\",\"@id\":\"https:\\\/\\\/darkamazi.site\\\/#organization\",\"name\":\"Darka Mazi T\u00fcrk\u00e7e\",\"alternateName\":\"Darka Mazi\",\"url\":\"https:\\\/\\\/darkamazi.site\\\/\",\"logo\":{\"@type\":\"ImageObject\",\"inLanguage\":\"en-US\",\"@id\":\"https:\\\/\\\/darkamazi.site\\\/#\\\/schema\\\/logo\\\/image\\\/\",\"url\":\"https:\\\/\\\/darkamazi.site\\\/darka-content\\\/uploads\\\/2017\\\/12\\\/darka-mazi-logo.png\",\"contentUrl\":\"https:\\\/\\\/darkamazi.site\\\/darka-content\\\/uploads\\\/2017\\\/12\\\/darka-mazi-logo.png\",\"width\":151,\"height\":75,\"caption\":\"Darka Mazi T\u00fcrk\u00e7e\"},\"image\":{\"@id\":\"https:\\\/\\\/darkamazi.site\\\/#\\\/schema\\\/logo\\\/image\\\/\"},\"sameAs\":[\"https:\\\/\\\/www.facebook.com\\\/DarkaMaziturkce\",\"https:\\\/\\\/x.com\\\/DarkaMaziTurkce\"]},{\"@type\":\"Person\",\"@id\":\"https:\\\/\\\/darkamazi.site\\\/#\\\/schema\\\/person\\\/67986a95ac546c16760365877ef4a9d3\",\"name\":\"darka mazi\",\"sameAs\":[\"https:\\\/\\\/darkamazi.site\"],\"url\":\"https:\\\/\\\/darkamazi.site\\\/archives\\\/author\\\/turkish\"}]}<\/script>\n<!-- \/ Yoast SEO plugin. -->","seo_head_json":{"title":"EMEP'li iki parlamenter YSP'den ayr\u0131ld\u0131 - Darka Mazi","robots":{"index":"index","follow":"follow","max-snippet":"max-snippet:-1","max-image-preview":"max-image-preview:large","max-video-preview":"max-video-preview:-1"},"canonical":"https:\/\/darkamazi.site\/archives\/1025169","og_locale":"en_US","og_type":"article","og_title":"EMEP'li iki parlamenter YSP'den ayr\u0131ld\u0131 - Darka Mazi","og_description":"Ye\u015fil Sol Parti&#8217;nin kendi listesinden milletvekili aday\u0131 olarak g\u00f6sterdi\u011fi EMEP&#8217;li iki isim Ye\u015fil Sol Parti&#8217;den ayr\u0131ld\u0131. Ye\u015filler Sol Gelecek Partisi&#8217;nden ( Ye\u015fil Sol Parti) milletvekili se\u00e7ilen Antep Milletvekili Sevda Karaca ile \u0130stanbul Milletvekili \u0130skender Bayhan Ye\u015fil Sol Parti&#8217;den ayr\u0131larak kendi partilerine ge\u00e7ti. B\u00f6ylece EMEP&#8217;i temsilen Mecliste 2 milletvekili yer alacak. Bayhan ve Karaca, TBMM internet [&hellip;]","og_url":"https:\/\/darkamazi.site\/archives\/1025169","og_site_name":"Darka Mazi","article_publisher":"https:\/\/www.facebook.com\/DarkaMaziturkce","article_published_time":"2023-06-03T10:47:53+00:00","og_image":[{"width":900,"height":497,"url":"https:\/\/darkamazi.site\/file\/2023\/06\/YPS-ESP.jpg","type":"image\/jpeg"}],"author":"darka mazi","twitter_card":"summary_large_image","twitter_creator":"@DarkaMaziTurkce","twitter_site":"@DarkaMaziTurkce","twitter_misc":{"Written by":"darka mazi","Est. reading time":"1 minute"},"schema":{"@context":"https:\/\/schema.org","@graph":[{"@type":"NewsArticle","@id":"https:\/\/darkamazi.site\/archives\/1025169#article","isPartOf":{"@id":"https:\/\/darkamazi.site\/archives\/1025169"},"author":{"name":"darka mazi","@id":"https:\/\/darkamazi.site\/#\/schema\/person\/67986a95ac546c16760365877ef4a9d3"},"headline":"EMEP&#8217;li iki parlamenter YSP&#8217;den ayr\u0131ld\u0131","datePublished":"2023-06-03T10:47:53+00:00","mainEntityOfPage":{"@id":"https:\/\/darkamazi.site\/archives\/1025169"},"wordCount":136,"publisher":{"@id":"https:\/\/darkamazi.site\/#organization"},"image":{"@id":"https:\/\/darkamazi.site\/archives\/1025169#primaryimage"},"thumbnailUrl":"https:\/\/darkamazi.site\/file\/2023\/06\/YPS-ESP.jpg","articleSection":["Ortado\u011fu"],"inLanguage":"en-US"},{"@type":"WebPage","@id":"https:\/\/darkamazi.site\/archives\/1025169","url":"https:\/\/darkamazi.site\/archives\/1025169","name":"EMEP'li iki parlamenter YSP'den ayr\u0131ld\u0131 - Darka Mazi","isPartOf":{"@id":"https:\/\/darkamazi.site\/#website"},"primaryImageOfPage":{"@id":"https:\/\/darkamazi.site\/archives\/1025169#primaryimage"},"image":{"@id":"https:\/\/darkamazi.site\/archives\/1025169#primaryimage"},"thumbnailUrl":"https:\/\/darkamazi.site\/file\/2023\/06\/YPS-ESP.jpg","datePublished":"2023-06-03T10:47:53+00:00","breadcrumb":{"@id":"https:\/\/darkamazi.site\/archives\/1025169#breadcrumb"},"inLanguage":"en-US","potentialAction":[{"@type":"ReadAction","target":["https:\/\/darkamazi.site\/archives\/1025169"]}]},{"@type":"ImageObject","inLanguage":"en-US","@id":"https:\/\/darkamazi.site\/archives\/1025169#primaryimage","url":"https:\/\/darkamazi.site\/file\/2023\/06\/YPS-ESP.jpg","contentUrl":"https:\/\/darkamazi.site\/file\/2023\/06\/YPS-ESP.jpg","width":900,"height":497,"caption":"EMEP'li iki parlamenter YSP'den ayr\u0131ld\u0131"},{"@type":"BreadcrumbList","@id":"https:\/\/darkamazi.site\/archives\/1025169#breadcrumb","itemListElement":[{"@type":"ListItem","position":1,"name":"Home","item":"https:\/\/darkamazi.site\/"},{"@type":"ListItem","position":2,"name":"EMEP&#8217;li iki parlamenter YSP&#8217;den ayr\u0131ld\u0131"}]},{"@type":"WebSite","@id":"https:\/\/darkamazi.site\/#website","url":"https:\/\/darkamazi.site\/","name":"Darka Mazi","description":"Ana Sayfa","publisher":{"@id":"https:\/\/darkamazi.site\/#organization"},"potentialAction":[{"@type":"SearchAction","target":{"@type":"EntryPoint","urlTemplate":"https:\/\/darkamazi.site\/?s={search_term_string}"},"query-input":{"@type":"PropertyValueSpecification","valueRequired":true,"valueName":"search_term_string"}}],"inLanguage":"en-US"},{"@type":"Organization","@id":"https:\/\/darkamazi.site\/#organization","name":"Darka Mazi T\u00fcrk\u00e7e","alternateName":"Darka Mazi","url":"https:\/\/darkamazi.site\/","logo":{"@type":"ImageObject","inLanguage":"en-US","@id":"https:\/\/darkamazi.site\/#\/schema\/logo\/image\/","url":"https:\/\/darkamazi.site\/file\/2017\/12\/darka-mazi-logo.png","contentUrl":"https:\/\/darkamazi.site\/file\/2017\/12\/darka-mazi-logo.png","width":151,"height":75,"caption":"Darka Mazi T\u00fcrk\u00e7e"},"image":{"@id":"https:\/\/darkamazi.site\/#\/schema\/logo\/image\/"},"sameAs":["https:\/\/www.facebook.com\/DarkaMaziturkce","https:\/\/x.com\/DarkaMaziTurkce"]},{"@type":"Person","@id":"https:\/\/darkamazi.site\/#\/schema\/person\/67986a95ac546c16760365877ef4a9d3","name":"darka mazi","sameAs":["https:\/\/darkamazi.site"],"url":"https:\/\/darkamazi.site\/archives\/author\/turkish"}]}},"_links":{"self":[{"href":"https:\/\/darkamazi.site\/funavuv\/wp\/v2\/posts\/1025169","targetHints":{"allow":["GET"]}}],"collection":[{"href":"https:\/\/darkamazi.site\/funavuv\/wp\/v2\/posts"}],"about":[{"href":"https:\/\/darkamazi.site\/funavuv\/wp\/v2\/types\/post"}],"author":[{"embeddable":true,"href":"https:\/\/darkamazi.site\/funavuv\/wp\/v2\/users\/2"}],"replies":[{"embeddable":true,"href":"https:\/\/darkamazi.site\/funavuv\/wp\/v2\/comments?post=1025169"}],"version-history":[{"count":0,"href":"https:\/\/darkamazi.site\/funavuv\/wp\/v2\/posts\/1025169\/revisions"}],"wp:featuredmedia":[{"embeddable":true,"href":"https:\/\/darkamazi.site\/funavuv\/wp\/v2\/media\/1025170"}],"wp:attachment":[{"href":"https:\/\/darkamazi.site\/funavuv\/wp\/v2\/media?parent=1025169"}],"wp:term":[{"taxonomy":"category","embeddable":true,"href":"https:\/\/darkamazi.site\/funavuv\/wp\/v2\/categories?post=1025169"},{"taxonomy":"post_tag","embeddable":true,"href":"https:\/\/darkamazi.site\/funavuv\/wp\/v2\/tags?post=1025169"}],"curies":[{"name":"wp","href":"https:\/\/api.w.org\/{rel}","templated":true}]}}