{"id":1025252,"date":"2023-06-08T20:58:32","date_gmt":"2023-06-08T17:58:32","guid":{"rendered":"https:\/\/darkamazi.site\/?p=1025252"},"modified":"2023-06-08T20:58:32","modified_gmt":"2023-06-08T17:58:32","slug":"baskan-barzani-kurdistanli-sanatcilarla-bulustu","status":"publish","type":"post","link":"https:\/\/darkamazi.site\/archives\/1025252","title":{"rendered":"Ba\u015fkan Barzani K\u00fcrdistanl\u0131 sanat\u00e7\u0131larla bulu\u015ftu"},"content":{"rendered":"<p>Ba\u015fkan Barzani\u2019nin Ofisi\u2019nden yap\u0131lan a\u00e7\u0131klamaya g\u00f6re Ba\u015fkan Mesud Barzani, bug\u00fcn Selahaddin\u2019de \u00e7ok say\u0131da K\u00fcrdistanl\u0131 sanat\u00e7\u0131y\u0131 kabul etti.<\/p>\n<p>A\u00e7\u0131klamada Ba\u015fkan Barzani\u2019nin, g\u00f6r\u00fc\u015fmede K\u00fcrdistanl\u0131 sanat\u00e7\u0131lar\u0131n K\u00fcrdistan halk\u0131n\u0131n tarihi, k\u00fclt\u00fcrel geli\u015fimi, \u00f6zellikle halk\u0131n bilin\u00e7lenmesi ve K\u00fcrdistan davas\u0131n\u0131n tan\u0131nmas\u0131ndaki rol\u00fcn\u00fc takdir etti\u011fi belirtildi.<\/p>\n<p>A\u00e7\u0131klamada Ba\u015fkan Barzani\u2019nin ayr\u0131ca, sanat\u0131n ve K\u00fcrdistan sanat\u00e7\u0131lar\u0131n\u0131n K\u00fcrdistan halk\u0131n\u0131n davas\u0131n\u0131 ilerletme ve tan\u0131tmadaki rol\u00fcne \u00f6vg\u00fcde bulundu\u011fu belirtildi.<\/p>\n<p>Bir sanat\u00e7\u0131n\u0131n halk\u0131n\u0131 tan\u0131tmada oynad\u0131\u011f\u0131 rol\u00fcn, siyaset\u00e7ilerin rol\u00fc ve etkisinden \u00e7ok daha b\u00fcy\u00fck olabilece\u011fini vurgulayan Ba\u015fkan Barzani, \u201cBunun i\u00e7in K\u00fcrdistan sanat\u00e7\u0131lar\u0131n\u0131n sanatlar\u0131n\u0131 K\u00fcrdistan halk\u0131n\u0131n me\u015fru hak ve talepleri, milletin refah\u0131, kalk\u0131nmas\u0131 ve birlikte ya\u015fam k\u00fclt\u00fcr\u00fcn\u00fcn hizmetinde renklendirmesi gerekmektedir\u201d ifadelerini kuland\u0131.<\/p>\n<p>Sanat\u00e7\u0131lar\u0131n sorunlar\u0131n\u0131n \u00e7\u00f6z\u00fcm\u00fcne ve taleplerine deste\u011fini ifade eden Ba\u015fkan Barzani, sanat\u00e7\u0131lar\u0131n K\u00fcrdistan sanat\u0131n\u0131 geli\u015ftirmesine hizmet etmeleri temennisinde bulundu.<\/p>\n<p>G\u00f6r\u00fc\u015fmede ayr\u0131ca, sanat\u00e7\u0131lar\u0131n kendi sorunlar\u0131na ili\u015fkin fikir ve d\u00fc\u015f\u00fcncelerini Ba\u015fkan Barzani ile payla\u015ft\u0131klar\u0131 kaydedildi.<\/p>\n","protected":false},"excerpt":{"rendered":"<p>Ba\u015fkan Barzani\u2019nin Ofisi\u2019nden yap\u0131lan a\u00e7\u0131klamaya g\u00f6re Ba\u015fkan Mesud Barzani, bug\u00fcn Selahaddin\u2019de \u00e7ok say\u0131da K\u00fcrdistanl\u0131 sanat\u00e7\u0131y\u0131 kabul etti. A\u00e7\u0131klamada Ba\u015fkan Barzani\u2019nin, g\u00f6r\u00fc\u015fmede K\u00fcrdistanl\u0131 sanat\u00e7\u0131lar\u0131n K\u00fcrdistan halk\u0131n\u0131n tarihi, k\u00fclt\u00fcrel geli\u015fimi, \u00f6zellikle halk\u0131n bilin\u00e7lenmesi ve K\u00fcrdistan davas\u0131n\u0131n tan\u0131nmas\u0131ndaki rol\u00fcn\u00fc takdir etti\u011fi belirtildi. A\u00e7\u0131klamada Ba\u015fkan Barzani\u2019nin ayr\u0131ca, sanat\u0131n ve K\u00fcrdistan sanat\u00e7\u0131lar\u0131n\u0131n K\u00fcrdistan halk\u0131n\u0131n davas\u0131n\u0131 ilerletme ve tan\u0131tmadaki rol\u00fcne \u00f6vg\u00fcde [&hellip;]<\/p>\n","protected":false},"author":2,"featured_media":1025253,"comment_status":"closed","ping_status":"closed","sticky":false,"template":"","format":"standard","meta":{"footnotes":""},"categories":[3],"tags":[],"class_list":["post-1025252","post","type-post","status-publish","format-standard","has-post-thumbnail","hentry","category-kurdistan"],"blocksy_meta":[],"seo_head":"<!-- This site is optimized with the Yoast SEO plugin v27.5 - https:\/\/yoast.com\/product\/yoast-seo-wordpress\/ -->\n<title>Ba\u015fkan Barzani K\u00fcrdistanl\u0131 sanat\u00e7\u0131larla bulu\u015ftu - Darka Mazi<\/title>\n<meta name=\"robots\" content=\"index, follow, max-snippet:-1, max-image-preview:large, max-video-preview:-1\" \/>\n<link rel=\"canonical\" href=\"https:\/\/darkamazi.site\/archives\/1025252\" \/>\n<meta property=\"og:locale\" content=\"en_US\" \/>\n<meta property=\"og:type\" content=\"article\" \/>\n<meta property=\"og:title\" content=\"Ba\u015fkan Barzani K\u00fcrdistanl\u0131 sanat\u00e7\u0131larla bulu\u015ftu - Darka Mazi\" \/>\n<meta property=\"og:description\" content=\"Ba\u015fkan Barzani\u2019nin Ofisi\u2019nden yap\u0131lan a\u00e7\u0131klamaya g\u00f6re Ba\u015fkan Mesud Barzani, bug\u00fcn Selahaddin\u2019de \u00e7ok say\u0131da K\u00fcrdistanl\u0131 sanat\u00e7\u0131y\u0131 kabul etti. A\u00e7\u0131klamada Ba\u015fkan Barzani\u2019nin, g\u00f6r\u00fc\u015fmede K\u00fcrdistanl\u0131 sanat\u00e7\u0131lar\u0131n K\u00fcrdistan halk\u0131n\u0131n tarihi, k\u00fclt\u00fcrel geli\u015fimi, \u00f6zellikle halk\u0131n bilin\u00e7lenmesi ve K\u00fcrdistan davas\u0131n\u0131n tan\u0131nmas\u0131ndaki rol\u00fcn\u00fc takdir etti\u011fi belirtildi. A\u00e7\u0131klamada Ba\u015fkan Barzani\u2019nin ayr\u0131ca, sanat\u0131n ve K\u00fcrdistan sanat\u00e7\u0131lar\u0131n\u0131n K\u00fcrdistan halk\u0131n\u0131n davas\u0131n\u0131 ilerletme ve tan\u0131tmadaki rol\u00fcne \u00f6vg\u00fcde [&hellip;]\" \/>\n<meta property=\"og:url\" content=\"https:\/\/darkamazi.site\/archives\/1025252\" \/>\n<meta property=\"og:site_name\" content=\"Darka Mazi\" \/>\n<meta property=\"article:publisher\" content=\"https:\/\/www.facebook.com\/DarkaMaziturkce\" \/>\n<meta property=\"article:published_time\" content=\"2023-06-08T17:58:32+00:00\" \/>\n<meta property=\"og:image\" content=\"https:\/\/darkamazi.site\/file\/2023\/06\/16862332601.jpg\" \/>\n\t<meta property=\"og:image:width\" content=\"2048\" \/>\n\t<meta property=\"og:image:height\" content=\"938\" \/>\n\t<meta property=\"og:image:type\" content=\"image\/jpeg\" \/>\n<meta name=\"author\" content=\"darka mazi\" \/>\n<meta name=\"twitter:card\" content=\"summary_large_image\" \/>\n<meta name=\"twitter:creator\" content=\"@DarkaMaziTurkce\" \/>\n<meta name=\"twitter:site\" content=\"@DarkaMaziTurkce\" \/>\n<meta name=\"twitter:label1\" content=\"Written by\" \/>\n\t<meta name=\"twitter:data1\" content=\"darka mazi\" \/>\n\t<meta name=\"twitter:label2\" content=\"Est. reading time\" \/>\n\t<meta name=\"twitter:data2\" content=\"1 minute\" \/>\n<script type=\"application\/ld+json\" class=\"seo-schema-graph\">{\"@context\":\"https:\\\/\\\/schema.org\",\"@graph\":[{\"@type\":\"NewsArticle\",\"@id\":\"https:\\\/\\\/darkamazi.site\\\/archives\\\/1025252#article\",\"isPartOf\":{\"@id\":\"https:\\\/\\\/darkamazi.site\\\/archives\\\/1025252\"},\"author\":{\"name\":\"darka mazi\",\"@id\":\"https:\\\/\\\/darkamazi.site\\\/#\\\/schema\\\/person\\\/67986a95ac546c16760365877ef4a9d3\"},\"headline\":\"Ba\u015fkan Barzani K\u00fcrdistanl\u0131 sanat\u00e7\u0131larla bulu\u015ftu\",\"datePublished\":\"2023-06-08T17:58:32+00:00\",\"mainEntityOfPage\":{\"@id\":\"https:\\\/\\\/darkamazi.site\\\/archives\\\/1025252\"},\"wordCount\":240,\"publisher\":{\"@id\":\"https:\\\/\\\/darkamazi.site\\\/#organization\"},\"image\":{\"@id\":\"https:\\\/\\\/darkamazi.site\\\/archives\\\/1025252#primaryimage\"},\"thumbnailUrl\":\"https:\\\/\\\/darkamazi.site\\\/darka-content\\\/uploads\\\/2023\\\/06\\\/16862332601.jpg\",\"articleSection\":[\"Kurdistan\"],\"inLanguage\":\"en-US\"},{\"@type\":\"WebPage\",\"@id\":\"https:\\\/\\\/darkamazi.site\\\/archives\\\/1025252\",\"url\":\"https:\\\/\\\/darkamazi.site\\\/archives\\\/1025252\",\"name\":\"Ba\u015fkan Barzani K\u00fcrdistanl\u0131 sanat\u00e7\u0131larla bulu\u015ftu - Darka Mazi\",\"isPartOf\":{\"@id\":\"https:\\\/\\\/darkamazi.site\\\/#website\"},\"primaryImageOfPage\":{\"@id\":\"https:\\\/\\\/darkamazi.site\\\/archives\\\/1025252#primaryimage\"},\"image\":{\"@id\":\"https:\\\/\\\/darkamazi.site\\\/archives\\\/1025252#primaryimage\"},\"thumbnailUrl\":\"https:\\\/\\\/darkamazi.site\\\/darka-content\\\/uploads\\\/2023\\\/06\\\/16862332601.jpg\",\"datePublished\":\"2023-06-08T17:58:32+00:00\",\"breadcrumb\":{\"@id\":\"https:\\\/\\\/darkamazi.site\\\/archives\\\/1025252#breadcrumb\"},\"inLanguage\":\"en-US\",\"potentialAction\":[{\"@type\":\"ReadAction\",\"target\":[\"https:\\\/\\\/darkamazi.site\\\/archives\\\/1025252\"]}]},{\"@type\":\"ImageObject\",\"inLanguage\":\"en-US\",\"@id\":\"https:\\\/\\\/darkamazi.site\\\/archives\\\/1025252#primaryimage\",\"url\":\"https:\\\/\\\/darkamazi.site\\\/darka-content\\\/uploads\\\/2023\\\/06\\\/16862332601.jpg\",\"contentUrl\":\"https:\\\/\\\/darkamazi.site\\\/darka-content\\\/uploads\\\/2023\\\/06\\\/16862332601.jpg\",\"width\":2048,\"height\":938,\"caption\":\"Ba\u015fkan Barzani\u2019nin Ofisi\u2019nden yap\u0131lan a\u00e7\u0131klamaya g\u00f6re Ba\u015fkan Mesud Barzani, bug\u00fcn Selahaddin\u2019de \u00e7ok say\u0131da K\u00fcrdistanl\u0131 sanat\u00e7\u0131y\u0131 kabul etti. A\u00e7\u0131klamada Ba\u015fkan Barzani\u2019nin, g\u00f6r\u00fc\u015fmede K\u00fcrdistanl\u0131 sanat\u00e7\u0131lar\u0131n K\u00fcrdistan halk\u0131n\u0131n tarihi, k\u00fclt\u00fcrel geli\u015fimi, \u00f6zellikle halk\u0131n bilin\u00e7lenmesi ve K\u00fcrdistan davas\u0131n\u0131n tan\u0131nmas\u0131ndaki rol\u00fcn\u00fc takdir etti\u011fi belirtildi. A\u00e7\u0131klamada Ba\u015fkan Barzani\u2019nin ayr\u0131ca, sanat\u0131n ve K\u00fcrdistan sanat\u00e7\u0131lar\u0131n\u0131n K\u00fcrdistan halk\u0131n\u0131n davas\u0131n\u0131 ilerletme ve tan\u0131tmadaki rol\u00fcne \u00f6vg\u00fcde bulundu\u011fu belirtildi. Bir sanat\u00e7\u0131n\u0131n halk\u0131n\u0131 tan\u0131tmada oynad\u0131\u011f\u0131 rol\u00fcn, siyaset\u00e7ilerin rol\u00fc ve etkisinden \u00e7ok daha b\u00fcy\u00fck olabilece\u011fini vurgulayan Ba\u015fkan Barzani, \u201cBunun i\u00e7in K\u00fcrdistan sanat\u00e7\u0131lar\u0131n\u0131n sanatlar\u0131n\u0131 K\u00fcrdistan halk\u0131n\u0131n me\u015fru hak ve talepleri, milletin refah\u0131, kalk\u0131nmas\u0131 ve birlikte ya\u015fam k\u00fclt\u00fcr\u00fcn\u00fcn hizmetinde renklendirmesi gerekmektedir\u201d ifadelerini kuland\u0131. Sanat\u00e7\u0131lar\u0131n sorunlar\u0131n\u0131n \u00e7\u00f6z\u00fcm\u00fcne ve taleplerine deste\u011fini ifade eden Ba\u015fkan Barzani, sanat\u00e7\u0131lar\u0131n K\u00fcrdistan sanat\u0131n\u0131 geli\u015ftirmesine hizmet etmeleri temennisinde bulundu. G\u00f6r\u00fc\u015fmede ayr\u0131ca, sanat\u00e7\u0131lar\u0131n kendi sorunlar\u0131na ili\u015fkin fikir ve d\u00fc\u015f\u00fcncelerini Ba\u015fkan Barzani ile payla\u015ft\u0131klar\u0131 kaydedildi.\"},{\"@type\":\"BreadcrumbList\",\"@id\":\"https:\\\/\\\/darkamazi.site\\\/archives\\\/1025252#breadcrumb\",\"itemListElement\":[{\"@type\":\"ListItem\",\"position\":1,\"name\":\"Home\",\"item\":\"https:\\\/\\\/darkamazi.site\\\/\"},{\"@type\":\"ListItem\",\"position\":2,\"name\":\"Ba\u015fkan Barzani K\u00fcrdistanl\u0131 sanat\u00e7\u0131larla bulu\u015ftu\"}]},{\"@type\":\"WebSite\",\"@id\":\"https:\\\/\\\/darkamazi.site\\\/#website\",\"url\":\"https:\\\/\\\/darkamazi.site\\\/\",\"name\":\"Darka Mazi\",\"description\":\"Ana Sayfa\",\"publisher\":{\"@id\":\"https:\\\/\\\/darkamazi.site\\\/#organization\"},\"potentialAction\":[{\"@type\":\"SearchAction\",\"target\":{\"@type\":\"EntryPoint\",\"urlTemplate\":\"https:\\\/\\\/darkamazi.site\\\/?s={search_term_string}\"},\"query-input\":{\"@type\":\"PropertyValueSpecification\",\"valueRequired\":true,\"valueName\":\"search_term_string\"}}],\"inLanguage\":\"en-US\"},{\"@type\":\"Organization\",\"@id\":\"https:\\\/\\\/darkamazi.site\\\/#organization\",\"name\":\"Darka Mazi T\u00fcrk\u00e7e\",\"alternateName\":\"Darka Mazi\",\"url\":\"https:\\\/\\\/darkamazi.site\\\/\",\"logo\":{\"@type\":\"ImageObject\",\"inLanguage\":\"en-US\",\"@id\":\"https:\\\/\\\/darkamazi.site\\\/#\\\/schema\\\/logo\\\/image\\\/\",\"url\":\"https:\\\/\\\/darkamazi.site\\\/darka-content\\\/uploads\\\/2017\\\/12\\\/darka-mazi-logo.png\",\"contentUrl\":\"https:\\\/\\\/darkamazi.site\\\/darka-content\\\/uploads\\\/2017\\\/12\\\/darka-mazi-logo.png\",\"width\":151,\"height\":75,\"caption\":\"Darka Mazi T\u00fcrk\u00e7e\"},\"image\":{\"@id\":\"https:\\\/\\\/darkamazi.site\\\/#\\\/schema\\\/logo\\\/image\\\/\"},\"sameAs\":[\"https:\\\/\\\/www.facebook.com\\\/DarkaMaziturkce\",\"https:\\\/\\\/x.com\\\/DarkaMaziTurkce\"]},{\"@type\":\"Person\",\"@id\":\"https:\\\/\\\/darkamazi.site\\\/#\\\/schema\\\/person\\\/67986a95ac546c16760365877ef4a9d3\",\"name\":\"darka mazi\",\"sameAs\":[\"https:\\\/\\\/darkamazi.site\"],\"url\":\"https:\\\/\\\/darkamazi.site\\\/archives\\\/author\\\/turkish\"}]}<\/script>\n<!-- \/ Yoast SEO plugin. -->","seo_head_json":{"title":"Ba\u015fkan Barzani K\u00fcrdistanl\u0131 sanat\u00e7\u0131larla bulu\u015ftu - Darka Mazi","robots":{"index":"index","follow":"follow","max-snippet":"max-snippet:-1","max-image-preview":"max-image-preview:large","max-video-preview":"max-video-preview:-1"},"canonical":"https:\/\/darkamazi.site\/archives\/1025252","og_locale":"en_US","og_type":"article","og_title":"Ba\u015fkan Barzani K\u00fcrdistanl\u0131 sanat\u00e7\u0131larla bulu\u015ftu - Darka Mazi","og_description":"Ba\u015fkan Barzani\u2019nin Ofisi\u2019nden yap\u0131lan a\u00e7\u0131klamaya g\u00f6re Ba\u015fkan Mesud Barzani, bug\u00fcn Selahaddin\u2019de \u00e7ok say\u0131da K\u00fcrdistanl\u0131 sanat\u00e7\u0131y\u0131 kabul etti. A\u00e7\u0131klamada Ba\u015fkan Barzani\u2019nin, g\u00f6r\u00fc\u015fmede K\u00fcrdistanl\u0131 sanat\u00e7\u0131lar\u0131n K\u00fcrdistan halk\u0131n\u0131n tarihi, k\u00fclt\u00fcrel geli\u015fimi, \u00f6zellikle halk\u0131n bilin\u00e7lenmesi ve K\u00fcrdistan davas\u0131n\u0131n tan\u0131nmas\u0131ndaki rol\u00fcn\u00fc takdir etti\u011fi belirtildi. A\u00e7\u0131klamada Ba\u015fkan Barzani\u2019nin ayr\u0131ca, sanat\u0131n ve K\u00fcrdistan sanat\u00e7\u0131lar\u0131n\u0131n K\u00fcrdistan halk\u0131n\u0131n davas\u0131n\u0131 ilerletme ve tan\u0131tmadaki rol\u00fcne \u00f6vg\u00fcde [&hellip;]","og_url":"https:\/\/darkamazi.site\/archives\/1025252","og_site_name":"Darka Mazi","article_publisher":"https:\/\/www.facebook.com\/DarkaMaziturkce","article_published_time":"2023-06-08T17:58:32+00:00","og_image":[{"width":2048,"height":938,"url":"https:\/\/darkamazi.site\/file\/2023\/06\/16862332601.jpg","type":"image\/jpeg"}],"author":"darka mazi","twitter_card":"summary_large_image","twitter_creator":"@DarkaMaziTurkce","twitter_site":"@DarkaMaziTurkce","twitter_misc":{"Written by":"darka mazi","Est. reading time":"1 minute"},"schema":{"@context":"https:\/\/schema.org","@graph":[{"@type":"NewsArticle","@id":"https:\/\/darkamazi.site\/archives\/1025252#article","isPartOf":{"@id":"https:\/\/darkamazi.site\/archives\/1025252"},"author":{"name":"darka mazi","@id":"https:\/\/darkamazi.site\/#\/schema\/person\/67986a95ac546c16760365877ef4a9d3"},"headline":"Ba\u015fkan Barzani K\u00fcrdistanl\u0131 sanat\u00e7\u0131larla bulu\u015ftu","datePublished":"2023-06-08T17:58:32+00:00","mainEntityOfPage":{"@id":"https:\/\/darkamazi.site\/archives\/1025252"},"wordCount":240,"publisher":{"@id":"https:\/\/darkamazi.site\/#organization"},"image":{"@id":"https:\/\/darkamazi.site\/archives\/1025252#primaryimage"},"thumbnailUrl":"https:\/\/darkamazi.site\/file\/2023\/06\/16862332601.jpg","articleSection":["Kurdistan"],"inLanguage":"en-US"},{"@type":"WebPage","@id":"https:\/\/darkamazi.site\/archives\/1025252","url":"https:\/\/darkamazi.site\/archives\/1025252","name":"Ba\u015fkan Barzani K\u00fcrdistanl\u0131 sanat\u00e7\u0131larla bulu\u015ftu - Darka Mazi","isPartOf":{"@id":"https:\/\/darkamazi.site\/#website"},"primaryImageOfPage":{"@id":"https:\/\/darkamazi.site\/archives\/1025252#primaryimage"},"image":{"@id":"https:\/\/darkamazi.site\/archives\/1025252#primaryimage"},"thumbnailUrl":"https:\/\/darkamazi.site\/file\/2023\/06\/16862332601.jpg","datePublished":"2023-06-08T17:58:32+00:00","breadcrumb":{"@id":"https:\/\/darkamazi.site\/archives\/1025252#breadcrumb"},"inLanguage":"en-US","potentialAction":[{"@type":"ReadAction","target":["https:\/\/darkamazi.site\/archives\/1025252"]}]},{"@type":"ImageObject","inLanguage":"en-US","@id":"https:\/\/darkamazi.site\/archives\/1025252#primaryimage","url":"https:\/\/darkamazi.site\/file\/2023\/06\/16862332601.jpg","contentUrl":"https:\/\/darkamazi.site\/file\/2023\/06\/16862332601.jpg","width":2048,"height":938,"caption":"Ba\u015fkan Barzani\u2019nin Ofisi\u2019nden yap\u0131lan a\u00e7\u0131klamaya g\u00f6re Ba\u015fkan Mesud Barzani, bug\u00fcn Selahaddin\u2019de \u00e7ok say\u0131da K\u00fcrdistanl\u0131 sanat\u00e7\u0131y\u0131 kabul etti. A\u00e7\u0131klamada Ba\u015fkan Barzani\u2019nin, g\u00f6r\u00fc\u015fmede K\u00fcrdistanl\u0131 sanat\u00e7\u0131lar\u0131n K\u00fcrdistan halk\u0131n\u0131n tarihi, k\u00fclt\u00fcrel geli\u015fimi, \u00f6zellikle halk\u0131n bilin\u00e7lenmesi ve K\u00fcrdistan davas\u0131n\u0131n tan\u0131nmas\u0131ndaki rol\u00fcn\u00fc takdir etti\u011fi belirtildi. A\u00e7\u0131klamada Ba\u015fkan Barzani\u2019nin ayr\u0131ca, sanat\u0131n ve K\u00fcrdistan sanat\u00e7\u0131lar\u0131n\u0131n K\u00fcrdistan halk\u0131n\u0131n davas\u0131n\u0131 ilerletme ve tan\u0131tmadaki rol\u00fcne \u00f6vg\u00fcde bulundu\u011fu belirtildi. Bir sanat\u00e7\u0131n\u0131n halk\u0131n\u0131 tan\u0131tmada oynad\u0131\u011f\u0131 rol\u00fcn, siyaset\u00e7ilerin rol\u00fc ve etkisinden \u00e7ok daha b\u00fcy\u00fck olabilece\u011fini vurgulayan Ba\u015fkan Barzani, \u201cBunun i\u00e7in K\u00fcrdistan sanat\u00e7\u0131lar\u0131n\u0131n sanatlar\u0131n\u0131 K\u00fcrdistan halk\u0131n\u0131n me\u015fru hak ve talepleri, milletin refah\u0131, kalk\u0131nmas\u0131 ve birlikte ya\u015fam k\u00fclt\u00fcr\u00fcn\u00fcn hizmetinde renklendirmesi gerekmektedir\u201d ifadelerini kuland\u0131. Sanat\u00e7\u0131lar\u0131n sorunlar\u0131n\u0131n \u00e7\u00f6z\u00fcm\u00fcne ve taleplerine deste\u011fini ifade eden Ba\u015fkan Barzani, sanat\u00e7\u0131lar\u0131n K\u00fcrdistan sanat\u0131n\u0131 geli\u015ftirmesine hizmet etmeleri temennisinde bulundu. G\u00f6r\u00fc\u015fmede ayr\u0131ca, sanat\u00e7\u0131lar\u0131n kendi sorunlar\u0131na ili\u015fkin fikir ve d\u00fc\u015f\u00fcncelerini Ba\u015fkan Barzani ile payla\u015ft\u0131klar\u0131 kaydedildi."},{"@type":"BreadcrumbList","@id":"https:\/\/darkamazi.site\/archives\/1025252#breadcrumb","itemListElement":[{"@type":"ListItem","position":1,"name":"Home","item":"https:\/\/darkamazi.site\/"},{"@type":"ListItem","position":2,"name":"Ba\u015fkan Barzani K\u00fcrdistanl\u0131 sanat\u00e7\u0131larla bulu\u015ftu"}]},{"@type":"WebSite","@id":"https:\/\/darkamazi.site\/#website","url":"https:\/\/darkamazi.site\/","name":"Darka Mazi","description":"Ana Sayfa","publisher":{"@id":"https:\/\/darkamazi.site\/#organization"},"potentialAction":[{"@type":"SearchAction","target":{"@type":"EntryPoint","urlTemplate":"https:\/\/darkamazi.site\/?s={search_term_string}"},"query-input":{"@type":"PropertyValueSpecification","valueRequired":true,"valueName":"search_term_string"}}],"inLanguage":"en-US"},{"@type":"Organization","@id":"https:\/\/darkamazi.site\/#organization","name":"Darka Mazi T\u00fcrk\u00e7e","alternateName":"Darka Mazi","url":"https:\/\/darkamazi.site\/","logo":{"@type":"ImageObject","inLanguage":"en-US","@id":"https:\/\/darkamazi.site\/#\/schema\/logo\/image\/","url":"https:\/\/darkamazi.site\/file\/2017\/12\/darka-mazi-logo.png","contentUrl":"https:\/\/darkamazi.site\/file\/2017\/12\/darka-mazi-logo.png","width":151,"height":75,"caption":"Darka Mazi T\u00fcrk\u00e7e"},"image":{"@id":"https:\/\/darkamazi.site\/#\/schema\/logo\/image\/"},"sameAs":["https:\/\/www.facebook.com\/DarkaMaziturkce","https:\/\/x.com\/DarkaMaziTurkce"]},{"@type":"Person","@id":"https:\/\/darkamazi.site\/#\/schema\/person\/67986a95ac546c16760365877ef4a9d3","name":"darka mazi","sameAs":["https:\/\/darkamazi.site"],"url":"https:\/\/darkamazi.site\/archives\/author\/turkish"}]}},"_links":{"self":[{"href":"https:\/\/darkamazi.site\/funavuv\/wp\/v2\/posts\/1025252","targetHints":{"allow":["GET"]}}],"collection":[{"href":"https:\/\/darkamazi.site\/funavuv\/wp\/v2\/posts"}],"about":[{"href":"https:\/\/darkamazi.site\/funavuv\/wp\/v2\/types\/post"}],"author":[{"embeddable":true,"href":"https:\/\/darkamazi.site\/funavuv\/wp\/v2\/users\/2"}],"replies":[{"embeddable":true,"href":"https:\/\/darkamazi.site\/funavuv\/wp\/v2\/comments?post=1025252"}],"version-history":[{"count":0,"href":"https:\/\/darkamazi.site\/funavuv\/wp\/v2\/posts\/1025252\/revisions"}],"wp:featuredmedia":[{"embeddable":true,"href":"https:\/\/darkamazi.site\/funavuv\/wp\/v2\/media\/1025253"}],"wp:attachment":[{"href":"https:\/\/darkamazi.site\/funavuv\/wp\/v2\/media?parent=1025252"}],"wp:term":[{"taxonomy":"category","embeddable":true,"href":"https:\/\/darkamazi.site\/funavuv\/wp\/v2\/categories?post=1025252"},{"taxonomy":"post_tag","embeddable":true,"href":"https:\/\/darkamazi.site\/funavuv\/wp\/v2\/tags?post=1025252"}],"curies":[{"name":"wp","href":"https:\/\/api.w.org\/{rel}","templated":true}]}}