{"id":1025299,"date":"2023-06-12T11:24:36","date_gmt":"2023-06-12T08:24:36","guid":{"rendered":"https:\/\/darkamazi.site\/?p=1025299"},"modified":"2023-06-12T11:24:36","modified_gmt":"2023-06-12T08:24:36","slug":"pdk-fraksiyonu-ynknin-kurdistan-bolgesi-kentlerini-ayirma-girisimini-bosa-cikardik","status":"publish","type":"post","link":"https:\/\/darkamazi.site\/archives\/1025299","title":{"rendered":"PDK Fraksiyonu: YNK\u2019nin K\u00fcrdistan B\u00f6lgesi kentlerini ay\u0131rma giri\u015fimini bo\u015fa \u00e7\u0131kard\u0131k"},"content":{"rendered":"<p style=\"text-align: justify\">\u00a0Irak Parlamentosu\u2019nun genel b\u00fct\u00e7e yasa tasar\u0131s\u0131n\u0131 onaylamas\u0131 sonras\u0131nda bas\u0131n mensuplar\u0131na a\u00e7\u0131klama yapan K\u00fcrdistan Demokrat Partisi (PDK) Irak Parlamentosu Fraksiyonu, K\u00fcrdistan B\u00f6lgesi kentlerini bir birinden ay\u0131rma ve b\u00fct\u00e7e yasa tasar\u0131s\u0131n\u0131n onaylanmas\u0131na ili\u015fkin g\u00f6r\u00fc\u015flerini payla\u015ft\u0131lar.<\/p>\n<p style=\"text-align: justify\">10.06.2023 tarihinde Irak Parlamentosu oturumunda K\u00fcrdistan B\u00f6lgesi haklar\u0131n\u0131 ihlal etmeyi ama\u00e7layan baz\u0131 giri\u015fimler ger\u00e7ekle\u015fti. Buna g\u00f6re K\u00fcrdistan B\u00f6lgesi kentleri bir birinden kopar\u0131lmak istendi. Bu girimi K\u00fcrdistan Yurtseverler Birli\u011fi (YNK) haricinde hi\u00e7 bir siyasi parti desteklemedi.<\/p>\n<p style=\"text-align: justify\">PDK Fraksiyon a\u00e7\u0131klamas\u0131nda, YNK\u2019nin K\u00fcrdistan B\u00f6lgesi\u2019ne zarar verme giri\u015fimlerinin hi\u00e7 birinin ba\u015far\u0131l\u0131 olmad\u0131\u011f\u0131n\u0131n alt\u0131 \u00e7izildi.<\/p>\n<p style=\"text-align: justify\">K\u00fcrdistan B\u00f6lgesi anayasas\u0131n\u0131n m\u00fccadele sonucunda verilen \u015fehitlerin kanlar\u0131yla kazan\u0131ld\u0131\u011f\u0131na dikkat \u00e7ekilen a\u00e7\u0131klamada PDK Fraksiyonu, YNK haricinde b\u00fct\u00fcn siyasi partilerin K\u00fcrdistan B\u00f6lgesi\u2019ne zarar verme \u00e7abalar\u0131na kar\u015f\u0131 \u00e7\u0131kt\u0131klar\u0131 vurguland\u0131.<\/p>\n<p style=\"text-align: justify\">Siyasi g\u00f6zlemcilere g\u00f6re, onaylanan genel b\u00fct\u00e7e hem K\u00fcrdistan B\u00f6lgesi hem de Irak halklar\u0131n\u0131n \u00e7\u0131karlar\u0131n\u0131 kaps\u0131yor. Her ne kadar b\u00fct\u00fcn talep edilenler istenilen oranda ge\u00e7irilemediysede yasan\u0131n ge\u00e7irilmesi hem K\u00fcrdistan B\u00f6lgesi\u2019ndeki hem de Irak\u2019taki siyasi, ekonomik, g\u00fcvenlik ve kalk\u0131nma projelerinin \u00e7\u0131karlar\u0131n\u0131 b\u00fcy\u00fck oranda kapsar nitelikte.<\/p>\n","protected":false},"excerpt":{"rendered":"<p>\u00a0Irak Parlamentosu\u2019nun genel b\u00fct\u00e7e yasa tasar\u0131s\u0131n\u0131 onaylamas\u0131 sonras\u0131nda bas\u0131n mensuplar\u0131na a\u00e7\u0131klama yapan K\u00fcrdistan Demokrat Partisi (PDK) Irak Parlamentosu Fraksiyonu, K\u00fcrdistan B\u00f6lgesi kentlerini bir birinden ay\u0131rma ve b\u00fct\u00e7e yasa tasar\u0131s\u0131n\u0131n onaylanmas\u0131na ili\u015fkin g\u00f6r\u00fc\u015flerini payla\u015ft\u0131lar. 10.06.2023 tarihinde Irak Parlamentosu oturumunda K\u00fcrdistan B\u00f6lgesi haklar\u0131n\u0131 ihlal etmeyi ama\u00e7layan baz\u0131 giri\u015fimler ger\u00e7ekle\u015fti. Buna g\u00f6re K\u00fcrdistan B\u00f6lgesi kentleri bir birinden kopar\u0131lmak [&hellip;]<\/p>\n","protected":false},"author":2,"featured_media":1025300,"comment_status":"closed","ping_status":"closed","sticky":false,"template":"","format":"standard","meta":{"footnotes":""},"categories":[3],"tags":[31],"class_list":["post-1025299","post","type-post","status-publish","format-standard","has-post-thumbnail","hentry","category-kurdistan","tag-onemli"],"blocksy_meta":[],"seo_head":"<!-- This site is optimized with the Yoast SEO plugin v27.5 - https:\/\/yoast.com\/product\/yoast-seo-wordpress\/ -->\n<title>PDK Fraksiyonu: YNK\u2019nin K\u00fcrdistan B\u00f6lgesi kentlerini ay\u0131rma giri\u015fimini bo\u015fa \u00e7\u0131kard\u0131k - Darka Mazi<\/title>\n<meta name=\"robots\" content=\"index, follow, max-snippet:-1, max-image-preview:large, max-video-preview:-1\" \/>\n<link rel=\"canonical\" href=\"https:\/\/darkamazi.site\/archives\/1025299\" \/>\n<meta property=\"og:locale\" content=\"en_US\" \/>\n<meta property=\"og:type\" content=\"article\" \/>\n<meta property=\"og:title\" content=\"PDK Fraksiyonu: YNK\u2019nin K\u00fcrdistan B\u00f6lgesi kentlerini ay\u0131rma giri\u015fimini bo\u015fa \u00e7\u0131kard\u0131k - Darka Mazi\" \/>\n<meta property=\"og:description\" content=\"\u00a0Irak Parlamentosu\u2019nun genel b\u00fct\u00e7e yasa tasar\u0131s\u0131n\u0131 onaylamas\u0131 sonras\u0131nda bas\u0131n mensuplar\u0131na a\u00e7\u0131klama yapan K\u00fcrdistan Demokrat Partisi (PDK) Irak Parlamentosu Fraksiyonu, K\u00fcrdistan B\u00f6lgesi kentlerini bir birinden ay\u0131rma ve b\u00fct\u00e7e yasa tasar\u0131s\u0131n\u0131n onaylanmas\u0131na ili\u015fkin g\u00f6r\u00fc\u015flerini payla\u015ft\u0131lar. 10.06.2023 tarihinde Irak Parlamentosu oturumunda K\u00fcrdistan B\u00f6lgesi haklar\u0131n\u0131 ihlal etmeyi ama\u00e7layan baz\u0131 giri\u015fimler ger\u00e7ekle\u015fti. Buna g\u00f6re K\u00fcrdistan B\u00f6lgesi kentleri bir birinden kopar\u0131lmak [&hellip;]\" \/>\n<meta property=\"og:url\" content=\"https:\/\/darkamazi.site\/archives\/1025299\" \/>\n<meta property=\"og:site_name\" content=\"Darka Mazi\" \/>\n<meta property=\"article:publisher\" content=\"https:\/\/www.facebook.com\/DarkaMaziturkce\" \/>\n<meta property=\"article:published_time\" content=\"2023-06-12T08:24:36+00:00\" \/>\n<meta property=\"og:image\" content=\"https:\/\/darkamazi.site\/file\/2023\/06\/086b4b514c2d8a326e492a2ca64cd31a_L.jpg\" \/>\n\t<meta property=\"og:image:width\" content=\"710\" \/>\n\t<meta property=\"og:image:height\" content=\"332\" \/>\n\t<meta property=\"og:image:type\" content=\"image\/jpeg\" \/>\n<meta name=\"author\" content=\"darka mazi\" \/>\n<meta name=\"twitter:card\" content=\"summary_large_image\" \/>\n<meta name=\"twitter:creator\" content=\"@DarkaMaziTurkce\" \/>\n<meta name=\"twitter:site\" content=\"@DarkaMaziTurkce\" \/>\n<meta name=\"twitter:label1\" content=\"Written by\" \/>\n\t<meta name=\"twitter:data1\" content=\"darka mazi\" \/>\n\t<meta name=\"twitter:label2\" content=\"Est. reading time\" \/>\n\t<meta name=\"twitter:data2\" content=\"1 minute\" \/>\n<script type=\"application\/ld+json\" class=\"seo-schema-graph\">{\"@context\":\"https:\\\/\\\/schema.org\",\"@graph\":[{\"@type\":\"NewsArticle\",\"@id\":\"https:\\\/\\\/darkamazi.site\\\/archives\\\/1025299#article\",\"isPartOf\":{\"@id\":\"https:\\\/\\\/darkamazi.site\\\/archives\\\/1025299\"},\"author\":{\"name\":\"darka mazi\",\"@id\":\"https:\\\/\\\/darkamazi.site\\\/#\\\/schema\\\/person\\\/67986a95ac546c16760365877ef4a9d3\"},\"headline\":\"PDK Fraksiyonu: YNK\u2019nin K\u00fcrdistan B\u00f6lgesi kentlerini ay\u0131rma giri\u015fimini bo\u015fa \u00e7\u0131kard\u0131k\",\"datePublished\":\"2023-06-12T08:24:36+00:00\",\"mainEntityOfPage\":{\"@id\":\"https:\\\/\\\/darkamazi.site\\\/archives\\\/1025299\"},\"wordCount\":257,\"publisher\":{\"@id\":\"https:\\\/\\\/darkamazi.site\\\/#organization\"},\"image\":{\"@id\":\"https:\\\/\\\/darkamazi.site\\\/archives\\\/1025299#primaryimage\"},\"thumbnailUrl\":\"https:\\\/\\\/darkamazi.site\\\/darka-content\\\/uploads\\\/2023\\\/06\\\/086b4b514c2d8a326e492a2ca64cd31a_L.jpg\",\"keywords\":[\"\u00f6nemli\"],\"articleSection\":[\"Kurdistan\"],\"inLanguage\":\"en-US\"},{\"@type\":\"WebPage\",\"@id\":\"https:\\\/\\\/darkamazi.site\\\/archives\\\/1025299\",\"url\":\"https:\\\/\\\/darkamazi.site\\\/archives\\\/1025299\",\"name\":\"PDK Fraksiyonu: YNK\u2019nin K\u00fcrdistan B\u00f6lgesi kentlerini ay\u0131rma giri\u015fimini bo\u015fa \u00e7\u0131kard\u0131k - Darka Mazi\",\"isPartOf\":{\"@id\":\"https:\\\/\\\/darkamazi.site\\\/#website\"},\"primaryImageOfPage\":{\"@id\":\"https:\\\/\\\/darkamazi.site\\\/archives\\\/1025299#primaryimage\"},\"image\":{\"@id\":\"https:\\\/\\\/darkamazi.site\\\/archives\\\/1025299#primaryimage\"},\"thumbnailUrl\":\"https:\\\/\\\/darkamazi.site\\\/darka-content\\\/uploads\\\/2023\\\/06\\\/086b4b514c2d8a326e492a2ca64cd31a_L.jpg\",\"datePublished\":\"2023-06-12T08:24:36+00:00\",\"breadcrumb\":{\"@id\":\"https:\\\/\\\/darkamazi.site\\\/archives\\\/1025299#breadcrumb\"},\"inLanguage\":\"en-US\",\"potentialAction\":[{\"@type\":\"ReadAction\",\"target\":[\"https:\\\/\\\/darkamazi.site\\\/archives\\\/1025299\"]}]},{\"@type\":\"ImageObject\",\"inLanguage\":\"en-US\",\"@id\":\"https:\\\/\\\/darkamazi.site\\\/archives\\\/1025299#primaryimage\",\"url\":\"https:\\\/\\\/darkamazi.site\\\/darka-content\\\/uploads\\\/2023\\\/06\\\/086b4b514c2d8a326e492a2ca64cd31a_L.jpg\",\"contentUrl\":\"https:\\\/\\\/darkamazi.site\\\/darka-content\\\/uploads\\\/2023\\\/06\\\/086b4b514c2d8a326e492a2ca64cd31a_L.jpg\",\"width\":710,\"height\":332,\"caption\":\"PDK Fraksiyonu: YNK\u2019nin K\u00fcrdistan B\u00f6lgesi kentlerini ay\u0131rma giri\u015fimini bo\u015fa \u00e7\u0131kard\u0131k\"},{\"@type\":\"BreadcrumbList\",\"@id\":\"https:\\\/\\\/darkamazi.site\\\/archives\\\/1025299#breadcrumb\",\"itemListElement\":[{\"@type\":\"ListItem\",\"position\":1,\"name\":\"Home\",\"item\":\"https:\\\/\\\/darkamazi.site\\\/\"},{\"@type\":\"ListItem\",\"position\":2,\"name\":\"PDK Fraksiyonu: YNK\u2019nin K\u00fcrdistan B\u00f6lgesi kentlerini ay\u0131rma giri\u015fimini bo\u015fa \u00e7\u0131kard\u0131k\"}]},{\"@type\":\"WebSite\",\"@id\":\"https:\\\/\\\/darkamazi.site\\\/#website\",\"url\":\"https:\\\/\\\/darkamazi.site\\\/\",\"name\":\"Darka Mazi\",\"description\":\"Ana Sayfa\",\"publisher\":{\"@id\":\"https:\\\/\\\/darkamazi.site\\\/#organization\"},\"potentialAction\":[{\"@type\":\"SearchAction\",\"target\":{\"@type\":\"EntryPoint\",\"urlTemplate\":\"https:\\\/\\\/darkamazi.site\\\/?s={search_term_string}\"},\"query-input\":{\"@type\":\"PropertyValueSpecification\",\"valueRequired\":true,\"valueName\":\"search_term_string\"}}],\"inLanguage\":\"en-US\"},{\"@type\":\"Organization\",\"@id\":\"https:\\\/\\\/darkamazi.site\\\/#organization\",\"name\":\"Darka Mazi T\u00fcrk\u00e7e\",\"alternateName\":\"Darka Mazi\",\"url\":\"https:\\\/\\\/darkamazi.site\\\/\",\"logo\":{\"@type\":\"ImageObject\",\"inLanguage\":\"en-US\",\"@id\":\"https:\\\/\\\/darkamazi.site\\\/#\\\/schema\\\/logo\\\/image\\\/\",\"url\":\"https:\\\/\\\/darkamazi.site\\\/darka-content\\\/uploads\\\/2017\\\/12\\\/darka-mazi-logo.png\",\"contentUrl\":\"https:\\\/\\\/darkamazi.site\\\/darka-content\\\/uploads\\\/2017\\\/12\\\/darka-mazi-logo.png\",\"width\":151,\"height\":75,\"caption\":\"Darka Mazi T\u00fcrk\u00e7e\"},\"image\":{\"@id\":\"https:\\\/\\\/darkamazi.site\\\/#\\\/schema\\\/logo\\\/image\\\/\"},\"sameAs\":[\"https:\\\/\\\/www.facebook.com\\\/DarkaMaziturkce\",\"https:\\\/\\\/x.com\\\/DarkaMaziTurkce\"]},{\"@type\":\"Person\",\"@id\":\"https:\\\/\\\/darkamazi.site\\\/#\\\/schema\\\/person\\\/67986a95ac546c16760365877ef4a9d3\",\"name\":\"darka mazi\",\"sameAs\":[\"https:\\\/\\\/darkamazi.site\"],\"url\":\"https:\\\/\\\/darkamazi.site\\\/archives\\\/author\\\/turkish\"}]}<\/script>\n<!-- \/ Yoast SEO plugin. -->","seo_head_json":{"title":"PDK Fraksiyonu: YNK\u2019nin K\u00fcrdistan B\u00f6lgesi kentlerini ay\u0131rma giri\u015fimini bo\u015fa \u00e7\u0131kard\u0131k - Darka Mazi","robots":{"index":"index","follow":"follow","max-snippet":"max-snippet:-1","max-image-preview":"max-image-preview:large","max-video-preview":"max-video-preview:-1"},"canonical":"https:\/\/darkamazi.site\/archives\/1025299","og_locale":"en_US","og_type":"article","og_title":"PDK Fraksiyonu: YNK\u2019nin K\u00fcrdistan B\u00f6lgesi kentlerini ay\u0131rma giri\u015fimini bo\u015fa \u00e7\u0131kard\u0131k - Darka Mazi","og_description":"\u00a0Irak Parlamentosu\u2019nun genel b\u00fct\u00e7e yasa tasar\u0131s\u0131n\u0131 onaylamas\u0131 sonras\u0131nda bas\u0131n mensuplar\u0131na a\u00e7\u0131klama yapan K\u00fcrdistan Demokrat Partisi (PDK) Irak Parlamentosu Fraksiyonu, K\u00fcrdistan B\u00f6lgesi kentlerini bir birinden ay\u0131rma ve b\u00fct\u00e7e yasa tasar\u0131s\u0131n\u0131n onaylanmas\u0131na ili\u015fkin g\u00f6r\u00fc\u015flerini payla\u015ft\u0131lar. 10.06.2023 tarihinde Irak Parlamentosu oturumunda K\u00fcrdistan B\u00f6lgesi haklar\u0131n\u0131 ihlal etmeyi ama\u00e7layan baz\u0131 giri\u015fimler ger\u00e7ekle\u015fti. Buna g\u00f6re K\u00fcrdistan B\u00f6lgesi kentleri bir birinden kopar\u0131lmak [&hellip;]","og_url":"https:\/\/darkamazi.site\/archives\/1025299","og_site_name":"Darka Mazi","article_publisher":"https:\/\/www.facebook.com\/DarkaMaziturkce","article_published_time":"2023-06-12T08:24:36+00:00","og_image":[{"width":710,"height":332,"url":"https:\/\/darkamazi.site\/file\/2023\/06\/086b4b514c2d8a326e492a2ca64cd31a_L.jpg","type":"image\/jpeg"}],"author":"darka mazi","twitter_card":"summary_large_image","twitter_creator":"@DarkaMaziTurkce","twitter_site":"@DarkaMaziTurkce","twitter_misc":{"Written by":"darka mazi","Est. reading time":"1 minute"},"schema":{"@context":"https:\/\/schema.org","@graph":[{"@type":"NewsArticle","@id":"https:\/\/darkamazi.site\/archives\/1025299#article","isPartOf":{"@id":"https:\/\/darkamazi.site\/archives\/1025299"},"author":{"name":"darka mazi","@id":"https:\/\/darkamazi.site\/#\/schema\/person\/67986a95ac546c16760365877ef4a9d3"},"headline":"PDK Fraksiyonu: YNK\u2019nin K\u00fcrdistan B\u00f6lgesi kentlerini ay\u0131rma giri\u015fimini bo\u015fa \u00e7\u0131kard\u0131k","datePublished":"2023-06-12T08:24:36+00:00","mainEntityOfPage":{"@id":"https:\/\/darkamazi.site\/archives\/1025299"},"wordCount":257,"publisher":{"@id":"https:\/\/darkamazi.site\/#organization"},"image":{"@id":"https:\/\/darkamazi.site\/archives\/1025299#primaryimage"},"thumbnailUrl":"https:\/\/darkamazi.site\/file\/2023\/06\/086b4b514c2d8a326e492a2ca64cd31a_L.jpg","keywords":["\u00f6nemli"],"articleSection":["Kurdistan"],"inLanguage":"en-US"},{"@type":"WebPage","@id":"https:\/\/darkamazi.site\/archives\/1025299","url":"https:\/\/darkamazi.site\/archives\/1025299","name":"PDK Fraksiyonu: YNK\u2019nin K\u00fcrdistan B\u00f6lgesi kentlerini ay\u0131rma giri\u015fimini bo\u015fa \u00e7\u0131kard\u0131k - Darka Mazi","isPartOf":{"@id":"https:\/\/darkamazi.site\/#website"},"primaryImageOfPage":{"@id":"https:\/\/darkamazi.site\/archives\/1025299#primaryimage"},"image":{"@id":"https:\/\/darkamazi.site\/archives\/1025299#primaryimage"},"thumbnailUrl":"https:\/\/darkamazi.site\/file\/2023\/06\/086b4b514c2d8a326e492a2ca64cd31a_L.jpg","datePublished":"2023-06-12T08:24:36+00:00","breadcrumb":{"@id":"https:\/\/darkamazi.site\/archives\/1025299#breadcrumb"},"inLanguage":"en-US","potentialAction":[{"@type":"ReadAction","target":["https:\/\/darkamazi.site\/archives\/1025299"]}]},{"@type":"ImageObject","inLanguage":"en-US","@id":"https:\/\/darkamazi.site\/archives\/1025299#primaryimage","url":"https:\/\/darkamazi.site\/file\/2023\/06\/086b4b514c2d8a326e492a2ca64cd31a_L.jpg","contentUrl":"https:\/\/darkamazi.site\/file\/2023\/06\/086b4b514c2d8a326e492a2ca64cd31a_L.jpg","width":710,"height":332,"caption":"PDK Fraksiyonu: YNK\u2019nin K\u00fcrdistan B\u00f6lgesi kentlerini ay\u0131rma giri\u015fimini bo\u015fa \u00e7\u0131kard\u0131k"},{"@type":"BreadcrumbList","@id":"https:\/\/darkamazi.site\/archives\/1025299#breadcrumb","itemListElement":[{"@type":"ListItem","position":1,"name":"Home","item":"https:\/\/darkamazi.site\/"},{"@type":"ListItem","position":2,"name":"PDK Fraksiyonu: YNK\u2019nin K\u00fcrdistan B\u00f6lgesi kentlerini ay\u0131rma giri\u015fimini bo\u015fa \u00e7\u0131kard\u0131k"}]},{"@type":"WebSite","@id":"https:\/\/darkamazi.site\/#website","url":"https:\/\/darkamazi.site\/","name":"Darka Mazi","description":"Ana Sayfa","publisher":{"@id":"https:\/\/darkamazi.site\/#organization"},"potentialAction":[{"@type":"SearchAction","target":{"@type":"EntryPoint","urlTemplate":"https:\/\/darkamazi.site\/?s={search_term_string}"},"query-input":{"@type":"PropertyValueSpecification","valueRequired":true,"valueName":"search_term_string"}}],"inLanguage":"en-US"},{"@type":"Organization","@id":"https:\/\/darkamazi.site\/#organization","name":"Darka Mazi T\u00fcrk\u00e7e","alternateName":"Darka Mazi","url":"https:\/\/darkamazi.site\/","logo":{"@type":"ImageObject","inLanguage":"en-US","@id":"https:\/\/darkamazi.site\/#\/schema\/logo\/image\/","url":"https:\/\/darkamazi.site\/file\/2017\/12\/darka-mazi-logo.png","contentUrl":"https:\/\/darkamazi.site\/file\/2017\/12\/darka-mazi-logo.png","width":151,"height":75,"caption":"Darka Mazi T\u00fcrk\u00e7e"},"image":{"@id":"https:\/\/darkamazi.site\/#\/schema\/logo\/image\/"},"sameAs":["https:\/\/www.facebook.com\/DarkaMaziturkce","https:\/\/x.com\/DarkaMaziTurkce"]},{"@type":"Person","@id":"https:\/\/darkamazi.site\/#\/schema\/person\/67986a95ac546c16760365877ef4a9d3","name":"darka mazi","sameAs":["https:\/\/darkamazi.site"],"url":"https:\/\/darkamazi.site\/archives\/author\/turkish"}]}},"_links":{"self":[{"href":"https:\/\/darkamazi.site\/funavuv\/wp\/v2\/posts\/1025299","targetHints":{"allow":["GET"]}}],"collection":[{"href":"https:\/\/darkamazi.site\/funavuv\/wp\/v2\/posts"}],"about":[{"href":"https:\/\/darkamazi.site\/funavuv\/wp\/v2\/types\/post"}],"author":[{"embeddable":true,"href":"https:\/\/darkamazi.site\/funavuv\/wp\/v2\/users\/2"}],"replies":[{"embeddable":true,"href":"https:\/\/darkamazi.site\/funavuv\/wp\/v2\/comments?post=1025299"}],"version-history":[{"count":0,"href":"https:\/\/darkamazi.site\/funavuv\/wp\/v2\/posts\/1025299\/revisions"}],"wp:featuredmedia":[{"embeddable":true,"href":"https:\/\/darkamazi.site\/funavuv\/wp\/v2\/media\/1025300"}],"wp:attachment":[{"href":"https:\/\/darkamazi.site\/funavuv\/wp\/v2\/media?parent=1025299"}],"wp:term":[{"taxonomy":"category","embeddable":true,"href":"https:\/\/darkamazi.site\/funavuv\/wp\/v2\/categories?post=1025299"},{"taxonomy":"post_tag","embeddable":true,"href":"https:\/\/darkamazi.site\/funavuv\/wp\/v2\/tags?post=1025299"}],"curies":[{"name":"wp","href":"https:\/\/api.w.org\/{rel}","templated":true}]}}