{"id":1025312,"date":"2023-06-13T11:59:17","date_gmt":"2023-06-13T08:59:17","guid":{"rendered":"https:\/\/darkamazi.site\/?p=1025312"},"modified":"2026-03-31T16:21:07","modified_gmt":"2026-03-31T13:21:07","slug":"reber-ahmed-abd-kurdistan-bolgesinin-statusunu-destekliyor","status":"publish","type":"post","link":"https:\/\/darkamazi.site\/archives\/1025312","title":{"rendered":"Reber Ahmed: ABD K\u00fcrdistan B\u00f6lgesi\u2019nin stat\u00fcs\u00fcn\u00fc destekliyor"},"content":{"rendered":"<p><span style=\"font-family: 'arial black', sans-serif\">Washington\u2019da temaslarda bulunan \u0130\u00e7i\u015fleri Bakan\u0131 Reber Ahmed, ABD\u2019nin K\u00fcrdistan B\u00f6lgesi\u2019nin stat\u00fcs\u00fcn\u00fc destekledi\u011fini, demokrasi ve d\u00fc\u015f\u00fcnce \u00f6zg\u00fcrl\u00fc\u011f\u00fc alanlar\u0131ndaki tecr\u00fcbesini de\u011ferli buldu\u011funu s\u00f6yledi.<\/span><\/p>\n<p>Resmi bir ziyaret kapsam\u0131nda Washington\u2019da bulunan K\u00fcrdistan B\u00f6lgesi \u0130\u00e7i\u015fleri Bakan\u0131 Reber Ahmed, beraberindeki \u00fcst d\u00fczey heyetle birlikte ABD Savunma Bakanl\u0131\u011f\u0131 (Pentagon) ve D\u0131\u015fi\u015fleri Bakanl\u0131\u011f\u0131 yetkilileriyle bir araya geldi.<\/p>\n<p>Reber Ahmed, bas\u0131n mensuplar\u0131na yapt\u0131\u011f\u0131 a\u00e7\u0131klamada toplant\u0131lar\u0131n verimli ge\u00e7ti\u011fini ve iyi sonu\u00e7lar elde ettiklerini ifade etti.<\/p>\n<p>Reber Ahmed, \u201cT\u00fcm g\u00f6r\u00fc\u015fmelerde kar\u015f\u0131l\u0131kl\u0131 iyi bir anlay\u0131\u015f ve sonu\u00e7 vard\u0131. Taraflarla, kar\u015f\u0131l\u0131kl\u0131 \u00e7\u0131karlar\u0131m\u0131z oldu\u011fu ve bunlar\u0131 geli\u015ftirmemiz gerekti\u011fi konusunda mutab\u0131k kald\u0131k\u201d dedi.<\/p>\n<p>ABD\u2019nin g\u00fc\u00e7l\u00fc bir Irak temelinde K\u00fcrdistan B\u00f6lgesi\u2019ne deste\u011fini yineledi\u011fini vurgulayan Bakan Ahmed, \u201cG\u00f6r\u00fc\u015fmelerde K\u00fcrdistan B\u00f6lgesi\u2019nin demokrasi ve d\u00fc\u015f\u00fcnce \u00f6zg\u00fcrl\u00fc\u011f\u00fc alanlar\u0131ndaki tecr\u00fcbesi ele al\u0131nd\u0131\u201d ifadelerini kuland\u0131.<\/p>\n<p>G\u00f6r\u00fc\u015fmelerde Irak ve K\u00fcrdistan B\u00f6lgesi\u2019ni huzur ve istikrar\u0131n\u0131n da de\u011ferlendirildi\u011fini s\u00f6yleyen Reber Ahmed, \u201cG\u00f6r\u00fc\u015fmelerde K\u00fcrdistan B\u00f6lgesi\u2019nin korunmas\u0131 \u00f6ncelikli konuydu. DA\u0130\u015e\u2019e kar\u015f\u0131 Uluslararas\u0131 Koalisyon\u2019un yak\u0131n bir dostu ve m\u00fcttefiki olarak K\u00fcrdistan B\u00f6lgesi\u2019nin rol\u00fcne vurgu yap\u0131ld\u0131. Pe\u015fmerge G\u00fc\u00e7leri ve K\u00fcrdistan B\u00f6lgesi\u2019ne \u00f6vg\u00fcde bulunuldu\u201d \u015feklinde konu\u015ftu.<\/p>\n<p>ABD\u2019li yetkililerle \u015eengal Anla\u015fmas\u0131\u2019n\u0131n uygulanmas\u0131n\u0131 da ele ald\u0131klar\u0131n\u0131 dile getiren Ahmed, \u015eengal\u2019de ba\u015fta PKK olmak \u00fczere yasa d\u0131\u015f\u0131 gruplar\u0131n g\u00f6\u00e7menlerin evlerine d\u00f6n\u00fc\u015f\u00fc \u00f6n\u00fcnde engel oldu\u011funu s\u00f6yledi.<\/p>\n<p>\u015eengal\u2019de normalle\u015fmenin sa\u011flanmas\u0131 ve g\u00f6\u00e7menlerin d\u00f6n\u00fc\u015f\u00fc i\u00e7in PKK mensuplar\u0131 ve di\u011fer yasa d\u0131\u015f\u0131 milis gruplar\u0131n\u0131n kentten \u00e7\u0131kar\u0131lmas\u0131 gerekti\u011fini vurgulayan Reber Ahmed, \u201cIrak h\u00fck\u00fcmetiyle temaslar\u0131m\u0131z devam ediyor. ABD D\u0131\u015fi\u015fleri ve Savunma Bakanl\u0131klar\u0131ndaki dostlar\u0131m\u0131z, \u015eengal\u2019de durumun normalle\u015fmesi ve g\u00f6\u00e7menlerin d\u00f6n\u00fc\u015f\u00fc i\u00e7in \u015eengal Anla\u015fmas\u0131\u2019n\u0131n uygulanmas\u0131ndan yana\u201d dedi.<\/p>\n<p>Reber Ahmed\u2019in Hazine Bakanl\u0131\u011f\u0131 yetkililerinin yan\u0131 s\u0131ra Beyaz Saray, Kongre ve farkl\u0131 kurulu\u015flar\u0131n temsilcileriyle bir araya gelmesi bekleniyor.<\/p>\n<p>Bakan Ahmed, 14 Haziran\u2019da ABD Bar\u0131\u015f Enstit\u00fcs\u00fc\u2019nde Irak ve K\u00fcrdistan B\u00f6lgesi\u2019ndeki siyaset, g\u00fcvenlik ve insani durumla ilgili bir konu\u015fma yapacak.<\/p>\n","protected":false},"excerpt":{"rendered":"<p>Washington\u2019da temaslarda bulunan \u0130\u00e7i\u015fleri Bakan\u0131 Reber Ahmed, ABD\u2019nin K\u00fcrdistan B\u00f6lgesi\u2019nin stat\u00fcs\u00fcn\u00fc destekledi\u011fini, demokrasi ve d\u00fc\u015f\u00fcnce \u00f6zg\u00fcrl\u00fc\u011f\u00fc alanlar\u0131ndaki tecr\u00fcbesini de\u011ferli buldu\u011funu s\u00f6yledi. Resmi bir ziyaret kapsam\u0131nda Washington\u2019da bulunan K\u00fcrdistan B\u00f6lgesi \u0130\u00e7i\u015fleri Bakan\u0131 Reber Ahmed, beraberindeki \u00fcst d\u00fczey heyetle birlikte ABD Savunma Bakanl\u0131\u011f\u0131 (Pentagon) ve D\u0131\u015fi\u015fleri Bakanl\u0131\u011f\u0131 yetkilileriyle bir araya geldi. Reber Ahmed, bas\u0131n mensuplar\u0131na yapt\u0131\u011f\u0131 a\u00e7\u0131klamada [&hellip;]<\/p>\n","protected":false},"author":2,"featured_media":1025313,"comment_status":"closed","ping_status":"closed","sticky":false,"template":"","format":"standard","meta":{"footnotes":""},"categories":[3],"tags":[31],"class_list":["post-1025312","post","type-post","status-publish","format-standard","has-post-thumbnail","hentry","category-kurdistan","tag-onemli"],"blocksy_meta":[],"seo_head":"<!-- This site is optimized with the Yoast SEO plugin v27.5 - https:\/\/yoast.com\/product\/yoast-seo-wordpress\/ -->\n<title>Reber Ahmed: ABD K\u00fcrdistan B\u00f6lgesi\u2019nin stat\u00fcs\u00fcn\u00fc destekliyor - Darka Mazi<\/title>\n<meta name=\"robots\" content=\"index, follow, max-snippet:-1, max-image-preview:large, max-video-preview:-1\" \/>\n<link rel=\"canonical\" href=\"https:\/\/darkamazi.site\/archives\/1025312\" \/>\n<meta property=\"og:locale\" content=\"en_US\" \/>\n<meta property=\"og:type\" content=\"article\" \/>\n<meta property=\"og:title\" content=\"Reber Ahmed: ABD K\u00fcrdistan B\u00f6lgesi\u2019nin stat\u00fcs\u00fcn\u00fc destekliyor - Darka Mazi\" \/>\n<meta property=\"og:description\" content=\"Washington\u2019da temaslarda bulunan \u0130\u00e7i\u015fleri Bakan\u0131 Reber Ahmed, ABD\u2019nin K\u00fcrdistan B\u00f6lgesi\u2019nin stat\u00fcs\u00fcn\u00fc destekledi\u011fini, demokrasi ve d\u00fc\u015f\u00fcnce \u00f6zg\u00fcrl\u00fc\u011f\u00fc alanlar\u0131ndaki tecr\u00fcbesini de\u011ferli buldu\u011funu s\u00f6yledi. Resmi bir ziyaret kapsam\u0131nda Washington\u2019da bulunan K\u00fcrdistan B\u00f6lgesi \u0130\u00e7i\u015fleri Bakan\u0131 Reber Ahmed, beraberindeki \u00fcst d\u00fczey heyetle birlikte ABD Savunma Bakanl\u0131\u011f\u0131 (Pentagon) ve D\u0131\u015fi\u015fleri Bakanl\u0131\u011f\u0131 yetkilileriyle bir araya geldi. Reber Ahmed, bas\u0131n mensuplar\u0131na yapt\u0131\u011f\u0131 a\u00e7\u0131klamada [&hellip;]\" \/>\n<meta property=\"og:url\" content=\"https:\/\/darkamazi.site\/archives\/1025312\" \/>\n<meta property=\"og:site_name\" content=\"Darka Mazi\" \/>\n<meta property=\"article:publisher\" content=\"https:\/\/www.facebook.com\/DarkaMaziturkce\" \/>\n<meta property=\"article:published_time\" content=\"2023-06-13T08:59:17+00:00\" \/>\n<meta property=\"article:modified_time\" content=\"2026-03-31T13:21:07+00:00\" \/>\n<meta property=\"og:image\" content=\"https:\/\/darkamazi.site\/file\/2023\/06\/1686641315477474.png\" \/>\n\t<meta property=\"og:image:width\" content=\"781\" \/>\n\t<meta property=\"og:image:height\" content=\"439\" \/>\n\t<meta property=\"og:image:type\" content=\"image\/png\" \/>\n<meta name=\"author\" content=\"darka mazi\" \/>\n<meta name=\"twitter:card\" content=\"summary_large_image\" \/>\n<meta name=\"twitter:creator\" content=\"@DarkaMaziTurkce\" \/>\n<meta name=\"twitter:site\" content=\"@DarkaMaziTurkce\" \/>\n<meta name=\"twitter:label1\" content=\"Written by\" \/>\n\t<meta name=\"twitter:data1\" content=\"darka mazi\" \/>\n\t<meta name=\"twitter:label2\" content=\"Est. reading time\" \/>\n\t<meta name=\"twitter:data2\" content=\"2 minutes\" \/>\n<script type=\"application\/ld+json\" class=\"seo-schema-graph\">{\"@context\":\"https:\\\/\\\/schema.org\",\"@graph\":[{\"@type\":\"NewsArticle\",\"@id\":\"https:\\\/\\\/darkamazi.site\\\/archives\\\/1025312#article\",\"isPartOf\":{\"@id\":\"https:\\\/\\\/darkamazi.site\\\/archives\\\/1025312\"},\"author\":{\"name\":\"darka mazi\",\"@id\":\"https:\\\/\\\/darkamazi.site\\\/#\\\/schema\\\/person\\\/67986a95ac546c16760365877ef4a9d3\"},\"headline\":\"Reber Ahmed: ABD K\u00fcrdistan B\u00f6lgesi\u2019nin stat\u00fcs\u00fcn\u00fc destekliyor\",\"datePublished\":\"2023-06-13T08:59:17+00:00\",\"dateModified\":\"2026-03-31T13:21:07+00:00\",\"mainEntityOfPage\":{\"@id\":\"https:\\\/\\\/darkamazi.site\\\/archives\\\/1025312\"},\"wordCount\":426,\"publisher\":{\"@id\":\"https:\\\/\\\/darkamazi.site\\\/#organization\"},\"image\":{\"@id\":\"https:\\\/\\\/darkamazi.site\\\/archives\\\/1025312#primaryimage\"},\"thumbnailUrl\":\"https:\\\/\\\/darkamazi.site\\\/darka-content\\\/uploads\\\/2023\\\/06\\\/1686641315477474.png\",\"keywords\":[\"\u00f6nemli\"],\"articleSection\":[\"Kurdistan\"],\"inLanguage\":\"en-US\"},{\"@type\":\"WebPage\",\"@id\":\"https:\\\/\\\/darkamazi.site\\\/archives\\\/1025312\",\"url\":\"https:\\\/\\\/darkamazi.site\\\/archives\\\/1025312\",\"name\":\"Reber Ahmed: ABD K\u00fcrdistan B\u00f6lgesi\u2019nin stat\u00fcs\u00fcn\u00fc destekliyor - Darka Mazi\",\"isPartOf\":{\"@id\":\"https:\\\/\\\/darkamazi.site\\\/#website\"},\"primaryImageOfPage\":{\"@id\":\"https:\\\/\\\/darkamazi.site\\\/archives\\\/1025312#primaryimage\"},\"image\":{\"@id\":\"https:\\\/\\\/darkamazi.site\\\/archives\\\/1025312#primaryimage\"},\"thumbnailUrl\":\"https:\\\/\\\/darkamazi.site\\\/darka-content\\\/uploads\\\/2023\\\/06\\\/1686641315477474.png\",\"datePublished\":\"2023-06-13T08:59:17+00:00\",\"dateModified\":\"2026-03-31T13:21:07+00:00\",\"breadcrumb\":{\"@id\":\"https:\\\/\\\/darkamazi.site\\\/archives\\\/1025312#breadcrumb\"},\"inLanguage\":\"en-US\",\"potentialAction\":[{\"@type\":\"ReadAction\",\"target\":[\"https:\\\/\\\/darkamazi.site\\\/archives\\\/1025312\"]}]},{\"@type\":\"ImageObject\",\"inLanguage\":\"en-US\",\"@id\":\"https:\\\/\\\/darkamazi.site\\\/archives\\\/1025312#primaryimage\",\"url\":\"https:\\\/\\\/darkamazi.site\\\/darka-content\\\/uploads\\\/2023\\\/06\\\/1686641315477474.png\",\"contentUrl\":\"https:\\\/\\\/darkamazi.site\\\/darka-content\\\/uploads\\\/2023\\\/06\\\/1686641315477474.png\",\"width\":781,\"height\":439,\"caption\":\"Reber Ahmed: ABD K\u00fcrdistan B\u00f6lgesi\u2019nin stat\u00fcs\u00fcn\u00fc destekliyor\"},{\"@type\":\"BreadcrumbList\",\"@id\":\"https:\\\/\\\/darkamazi.site\\\/archives\\\/1025312#breadcrumb\",\"itemListElement\":[{\"@type\":\"ListItem\",\"position\":1,\"name\":\"Home\",\"item\":\"https:\\\/\\\/darkamazi.site\\\/\"},{\"@type\":\"ListItem\",\"position\":2,\"name\":\"Reber Ahmed: ABD K\u00fcrdistan B\u00f6lgesi\u2019nin stat\u00fcs\u00fcn\u00fc destekliyor\"}]},{\"@type\":\"WebSite\",\"@id\":\"https:\\\/\\\/darkamazi.site\\\/#website\",\"url\":\"https:\\\/\\\/darkamazi.site\\\/\",\"name\":\"Darka Mazi\",\"description\":\"Ana Sayfa\",\"publisher\":{\"@id\":\"https:\\\/\\\/darkamazi.site\\\/#organization\"},\"potentialAction\":[{\"@type\":\"SearchAction\",\"target\":{\"@type\":\"EntryPoint\",\"urlTemplate\":\"https:\\\/\\\/darkamazi.site\\\/?s={search_term_string}\"},\"query-input\":{\"@type\":\"PropertyValueSpecification\",\"valueRequired\":true,\"valueName\":\"search_term_string\"}}],\"inLanguage\":\"en-US\"},{\"@type\":\"Organization\",\"@id\":\"https:\\\/\\\/darkamazi.site\\\/#organization\",\"name\":\"Darka Mazi T\u00fcrk\u00e7e\",\"alternateName\":\"Darka Mazi\",\"url\":\"https:\\\/\\\/darkamazi.site\\\/\",\"logo\":{\"@type\":\"ImageObject\",\"inLanguage\":\"en-US\",\"@id\":\"https:\\\/\\\/darkamazi.site\\\/#\\\/schema\\\/logo\\\/image\\\/\",\"url\":\"https:\\\/\\\/darkamazi.site\\\/darka-content\\\/uploads\\\/2017\\\/12\\\/darka-mazi-logo.png\",\"contentUrl\":\"https:\\\/\\\/darkamazi.site\\\/darka-content\\\/uploads\\\/2017\\\/12\\\/darka-mazi-logo.png\",\"width\":151,\"height\":75,\"caption\":\"Darka Mazi T\u00fcrk\u00e7e\"},\"image\":{\"@id\":\"https:\\\/\\\/darkamazi.site\\\/#\\\/schema\\\/logo\\\/image\\\/\"},\"sameAs\":[\"https:\\\/\\\/www.facebook.com\\\/DarkaMaziturkce\",\"https:\\\/\\\/x.com\\\/DarkaMaziTurkce\"]},{\"@type\":\"Person\",\"@id\":\"https:\\\/\\\/darkamazi.site\\\/#\\\/schema\\\/person\\\/67986a95ac546c16760365877ef4a9d3\",\"name\":\"darka mazi\",\"sameAs\":[\"https:\\\/\\\/darkamazi.site\"],\"url\":\"https:\\\/\\\/darkamazi.site\\\/archives\\\/author\\\/turkish\"}]}<\/script>\n<!-- \/ Yoast SEO plugin. -->","seo_head_json":{"title":"Reber Ahmed: ABD K\u00fcrdistan B\u00f6lgesi\u2019nin stat\u00fcs\u00fcn\u00fc destekliyor - Darka Mazi","robots":{"index":"index","follow":"follow","max-snippet":"max-snippet:-1","max-image-preview":"max-image-preview:large","max-video-preview":"max-video-preview:-1"},"canonical":"https:\/\/darkamazi.site\/archives\/1025312","og_locale":"en_US","og_type":"article","og_title":"Reber Ahmed: ABD K\u00fcrdistan B\u00f6lgesi\u2019nin stat\u00fcs\u00fcn\u00fc destekliyor - Darka Mazi","og_description":"Washington\u2019da temaslarda bulunan \u0130\u00e7i\u015fleri Bakan\u0131 Reber Ahmed, ABD\u2019nin K\u00fcrdistan B\u00f6lgesi\u2019nin stat\u00fcs\u00fcn\u00fc destekledi\u011fini, demokrasi ve d\u00fc\u015f\u00fcnce \u00f6zg\u00fcrl\u00fc\u011f\u00fc alanlar\u0131ndaki tecr\u00fcbesini de\u011ferli buldu\u011funu s\u00f6yledi. Resmi bir ziyaret kapsam\u0131nda Washington\u2019da bulunan K\u00fcrdistan B\u00f6lgesi \u0130\u00e7i\u015fleri Bakan\u0131 Reber Ahmed, beraberindeki \u00fcst d\u00fczey heyetle birlikte ABD Savunma Bakanl\u0131\u011f\u0131 (Pentagon) ve D\u0131\u015fi\u015fleri Bakanl\u0131\u011f\u0131 yetkilileriyle bir araya geldi. Reber Ahmed, bas\u0131n mensuplar\u0131na yapt\u0131\u011f\u0131 a\u00e7\u0131klamada [&hellip;]","og_url":"https:\/\/darkamazi.site\/archives\/1025312","og_site_name":"Darka Mazi","article_publisher":"https:\/\/www.facebook.com\/DarkaMaziturkce","article_published_time":"2023-06-13T08:59:17+00:00","article_modified_time":"2026-03-31T13:21:07+00:00","og_image":[{"width":781,"height":439,"url":"https:\/\/darkamazi.site\/file\/2023\/06\/1686641315477474.png","type":"image\/png"}],"author":"darka mazi","twitter_card":"summary_large_image","twitter_creator":"@DarkaMaziTurkce","twitter_site":"@DarkaMaziTurkce","twitter_misc":{"Written by":"darka mazi","Est. reading time":"2 minutes"},"schema":{"@context":"https:\/\/schema.org","@graph":[{"@type":"NewsArticle","@id":"https:\/\/darkamazi.site\/archives\/1025312#article","isPartOf":{"@id":"https:\/\/darkamazi.site\/archives\/1025312"},"author":{"name":"darka mazi","@id":"https:\/\/darkamazi.site\/#\/schema\/person\/67986a95ac546c16760365877ef4a9d3"},"headline":"Reber Ahmed: ABD K\u00fcrdistan B\u00f6lgesi\u2019nin stat\u00fcs\u00fcn\u00fc destekliyor","datePublished":"2023-06-13T08:59:17+00:00","dateModified":"2026-03-31T13:21:07+00:00","mainEntityOfPage":{"@id":"https:\/\/darkamazi.site\/archives\/1025312"},"wordCount":426,"publisher":{"@id":"https:\/\/darkamazi.site\/#organization"},"image":{"@id":"https:\/\/darkamazi.site\/archives\/1025312#primaryimage"},"thumbnailUrl":"https:\/\/darkamazi.site\/file\/2023\/06\/1686641315477474.png","keywords":["\u00f6nemli"],"articleSection":["Kurdistan"],"inLanguage":"en-US"},{"@type":"WebPage","@id":"https:\/\/darkamazi.site\/archives\/1025312","url":"https:\/\/darkamazi.site\/archives\/1025312","name":"Reber Ahmed: ABD K\u00fcrdistan B\u00f6lgesi\u2019nin stat\u00fcs\u00fcn\u00fc destekliyor - Darka Mazi","isPartOf":{"@id":"https:\/\/darkamazi.site\/#website"},"primaryImageOfPage":{"@id":"https:\/\/darkamazi.site\/archives\/1025312#primaryimage"},"image":{"@id":"https:\/\/darkamazi.site\/archives\/1025312#primaryimage"},"thumbnailUrl":"https:\/\/darkamazi.site\/file\/2023\/06\/1686641315477474.png","datePublished":"2023-06-13T08:59:17+00:00","dateModified":"2026-03-31T13:21:07+00:00","breadcrumb":{"@id":"https:\/\/darkamazi.site\/archives\/1025312#breadcrumb"},"inLanguage":"en-US","potentialAction":[{"@type":"ReadAction","target":["https:\/\/darkamazi.site\/archives\/1025312"]}]},{"@type":"ImageObject","inLanguage":"en-US","@id":"https:\/\/darkamazi.site\/archives\/1025312#primaryimage","url":"https:\/\/darkamazi.site\/file\/2023\/06\/1686641315477474.png","contentUrl":"https:\/\/darkamazi.site\/file\/2023\/06\/1686641315477474.png","width":781,"height":439,"caption":"Reber Ahmed: ABD K\u00fcrdistan B\u00f6lgesi\u2019nin stat\u00fcs\u00fcn\u00fc destekliyor"},{"@type":"BreadcrumbList","@id":"https:\/\/darkamazi.site\/archives\/1025312#breadcrumb","itemListElement":[{"@type":"ListItem","position":1,"name":"Home","item":"https:\/\/darkamazi.site\/"},{"@type":"ListItem","position":2,"name":"Reber Ahmed: ABD K\u00fcrdistan B\u00f6lgesi\u2019nin stat\u00fcs\u00fcn\u00fc destekliyor"}]},{"@type":"WebSite","@id":"https:\/\/darkamazi.site\/#website","url":"https:\/\/darkamazi.site\/","name":"Darka Mazi","description":"Ana Sayfa","publisher":{"@id":"https:\/\/darkamazi.site\/#organization"},"potentialAction":[{"@type":"SearchAction","target":{"@type":"EntryPoint","urlTemplate":"https:\/\/darkamazi.site\/?s={search_term_string}"},"query-input":{"@type":"PropertyValueSpecification","valueRequired":true,"valueName":"search_term_string"}}],"inLanguage":"en-US"},{"@type":"Organization","@id":"https:\/\/darkamazi.site\/#organization","name":"Darka Mazi T\u00fcrk\u00e7e","alternateName":"Darka Mazi","url":"https:\/\/darkamazi.site\/","logo":{"@type":"ImageObject","inLanguage":"en-US","@id":"https:\/\/darkamazi.site\/#\/schema\/logo\/image\/","url":"https:\/\/darkamazi.site\/file\/2017\/12\/darka-mazi-logo.png","contentUrl":"https:\/\/darkamazi.site\/file\/2017\/12\/darka-mazi-logo.png","width":151,"height":75,"caption":"Darka Mazi T\u00fcrk\u00e7e"},"image":{"@id":"https:\/\/darkamazi.site\/#\/schema\/logo\/image\/"},"sameAs":["https:\/\/www.facebook.com\/DarkaMaziturkce","https:\/\/x.com\/DarkaMaziTurkce"]},{"@type":"Person","@id":"https:\/\/darkamazi.site\/#\/schema\/person\/67986a95ac546c16760365877ef4a9d3","name":"darka mazi","sameAs":["https:\/\/darkamazi.site"],"url":"https:\/\/darkamazi.site\/archives\/author\/turkish"}]}},"_links":{"self":[{"href":"https:\/\/darkamazi.site\/funavuv\/wp\/v2\/posts\/1025312","targetHints":{"allow":["GET"]}}],"collection":[{"href":"https:\/\/darkamazi.site\/funavuv\/wp\/v2\/posts"}],"about":[{"href":"https:\/\/darkamazi.site\/funavuv\/wp\/v2\/types\/post"}],"author":[{"embeddable":true,"href":"https:\/\/darkamazi.site\/funavuv\/wp\/v2\/users\/2"}],"replies":[{"embeddable":true,"href":"https:\/\/darkamazi.site\/funavuv\/wp\/v2\/comments?post=1025312"}],"version-history":[{"count":0,"href":"https:\/\/darkamazi.site\/funavuv\/wp\/v2\/posts\/1025312\/revisions"}],"wp:featuredmedia":[{"embeddable":true,"href":"https:\/\/darkamazi.site\/funavuv\/wp\/v2\/media\/1025313"}],"wp:attachment":[{"href":"https:\/\/darkamazi.site\/funavuv\/wp\/v2\/media?parent=1025312"}],"wp:term":[{"taxonomy":"category","embeddable":true,"href":"https:\/\/darkamazi.site\/funavuv\/wp\/v2\/categories?post=1025312"},{"taxonomy":"post_tag","embeddable":true,"href":"https:\/\/darkamazi.site\/funavuv\/wp\/v2\/tags?post=1025312"}],"curies":[{"name":"wp","href":"https:\/\/api.w.org\/{rel}","templated":true}]}}