{"id":1025364,"date":"2023-06-17T13:29:15","date_gmt":"2023-06-17T10:29:15","guid":{"rendered":"https:\/\/darkamazi.site\/?p=1025364"},"modified":"2023-06-17T13:29:15","modified_gmt":"2023-06-17T10:29:15","slug":"zaxoda-1inci-sal-u-sepik-festivali-duzenleniyor","status":"publish","type":"post","link":"https:\/\/darkamazi.site\/archives\/1025364","title":{"rendered":"Zaxo\u2019da 1\u2019inci \u015eal u \u015eepik Festivali d\u00fczenleniyor"},"content":{"rendered":"<p style=\"text-align: justify\">21 Haziran g\u00fcn\u00fc Zaxo\u2019da bir festival d\u00fczenleniyor. K\u00fcrtlerin tarihi k\u0131yafeti \u015fal u \u015fepiki tan\u0131tmak ve ya\u015fatmak ama\u00e7l\u0131 festival bir g\u00fcn s\u00fcrecek. Festival tarihi Pira Delal- Delal K\u00f6pr\u00fcs\u00fcnde ger\u00e7ekle\u015fecek, Zaxo, Akre, Amediye ve \u015e\u0131rnak\u2019tan kat\u0131l\u0131mc\u0131lar olacak.<\/p>\n<p style=\"text-align: justify\">\n\u015eal \u00a0ve \u015fepik denen k\u0131yafat koyunun s\u0131rt y\u00f6n\u00fcnden elde edilen ince bir iple dokunuyor. Yelek ve \u015felema olmak \u00fczere d\u00f6rt par\u00e7adan olu\u015fur. \u015eal, geni\u015f boru pa\u00e7al\u0131 olup\u00a0pantolon yerine giyilir. G\u00f6mle\u011fin \u00fcst\u00fcne \u015fapik denilen par\u00e7a giyilip, bele \u015futik denilen bir ku\u015fak ba\u011flan\u0131r. Bu k\u0131yafete ek olarak erkekler ba\u015flar\u0131na pu\u015fi ba\u011flar.<\/p>\n<p style=\"text-align: justify\">Festivalin organize komitesinde yer alan Dilxaz Mustafa bu k\u0131yafetlerin ilk dokuma ately\u00f6lerinin Zaxo\u2019da oldu\u011funu s\u00f6yledi. \u201cTarihi y\u00fczlerce y\u0131l \u00f6teye gidiyor, ilk ba\u015fta b\u00f6lgedeki Yahudiler dokuma i\u015fini yap\u0131yor, sonra di\u011fer Hristiyanlar devr al\u0131yor. \u015eu anda hala bu i\u015fi yapan insanlar var\u201d diyen Mustafa \u015eal u \u015fepikin k\u00fclt\u00fcrler aras\u0131 ortakla\u015fmay\u0131 ve beraberli\u011fi de temsil etti\u011fini s\u00f6yledi. Mustafa ayr\u0131ca \u015fal ve \u015fepikin sadece belli s\u0131n\u0131fa ait olmad\u0131\u011f\u0131n\u0131 da vurgulad\u0131.<\/p>\n<p style=\"text-align: justify\">21 Haziran\u2019da saat 6.30 s\u0131ralar\u0131nda ba\u015flayacak olan festivalde bir\u00e7ok etkinlik d\u00fczenlenecek. Gen\u00e7lerden olu\u015fan 15 ki\u015filik bir ekip defile d\u00fczenleyecek ayr\u0131ca d\u011fer K\u00fcrt k\u0131yafetleri de sergilenecek.<\/p>\n","protected":false},"excerpt":{"rendered":"<p>21 Haziran g\u00fcn\u00fc Zaxo\u2019da bir festival d\u00fczenleniyor. K\u00fcrtlerin tarihi k\u0131yafeti \u015fal u \u015fepiki tan\u0131tmak ve ya\u015fatmak ama\u00e7l\u0131 festival bir g\u00fcn s\u00fcrecek. Festival tarihi Pira Delal- Delal K\u00f6pr\u00fcs\u00fcnde ger\u00e7ekle\u015fecek, Zaxo, Akre, Amediye ve \u015e\u0131rnak\u2019tan kat\u0131l\u0131mc\u0131lar olacak. \u015eal \u00a0ve \u015fepik denen k\u0131yafat koyunun s\u0131rt y\u00f6n\u00fcnden elde edilen ince bir iple dokunuyor. Yelek ve \u015felema olmak \u00fczere d\u00f6rt [&hellip;]<\/p>\n","protected":false},"author":2,"featured_media":1025365,"comment_status":"closed","ping_status":"closed","sticky":false,"template":"","format":"standard","meta":{"footnotes":""},"categories":[3],"tags":[31],"class_list":["post-1025364","post","type-post","status-publish","format-standard","has-post-thumbnail","hentry","category-kurdistan","tag-onemli"],"blocksy_meta":[],"seo_head":"<!-- This site is optimized with the Yoast SEO plugin v27.5 - https:\/\/yoast.com\/product\/yoast-seo-wordpress\/ -->\n<title>Zaxo\u2019da 1\u2019inci \u015eal u \u015eepik Festivali d\u00fczenleniyor - Darka Mazi<\/title>\n<meta name=\"robots\" content=\"index, follow, max-snippet:-1, max-image-preview:large, max-video-preview:-1\" \/>\n<link rel=\"canonical\" href=\"https:\/\/darkamazi.site\/archives\/1025364\" \/>\n<meta property=\"og:locale\" content=\"en_US\" \/>\n<meta property=\"og:type\" content=\"article\" \/>\n<meta property=\"og:title\" content=\"Zaxo\u2019da 1\u2019inci \u015eal u \u015eepik Festivali d\u00fczenleniyor - Darka Mazi\" \/>\n<meta property=\"og:description\" content=\"21 Haziran g\u00fcn\u00fc Zaxo\u2019da bir festival d\u00fczenleniyor. K\u00fcrtlerin tarihi k\u0131yafeti \u015fal u \u015fepiki tan\u0131tmak ve ya\u015fatmak ama\u00e7l\u0131 festival bir g\u00fcn s\u00fcrecek. Festival tarihi Pira Delal- Delal K\u00f6pr\u00fcs\u00fcnde ger\u00e7ekle\u015fecek, Zaxo, Akre, Amediye ve \u015e\u0131rnak\u2019tan kat\u0131l\u0131mc\u0131lar olacak. \u015eal \u00a0ve \u015fepik denen k\u0131yafat koyunun s\u0131rt y\u00f6n\u00fcnden elde edilen ince bir iple dokunuyor. Yelek ve \u015felema olmak \u00fczere d\u00f6rt [&hellip;]\" \/>\n<meta property=\"og:url\" content=\"https:\/\/darkamazi.site\/archives\/1025364\" \/>\n<meta property=\"og:site_name\" content=\"Darka Mazi\" \/>\n<meta property=\"article:publisher\" content=\"https:\/\/www.facebook.com\/DarkaMaziturkce\" \/>\n<meta property=\"article:published_time\" content=\"2023-06-17T10:29:15+00:00\" \/>\n<meta property=\"og:image\" content=\"https:\/\/darkamazi.site\/file\/2023\/06\/71320acf3eb2a218883f87ab68237df3_L.jpg\" \/>\n\t<meta property=\"og:image:width\" content=\"710\" \/>\n\t<meta property=\"og:image:height\" content=\"399\" \/>\n\t<meta property=\"og:image:type\" content=\"image\/jpeg\" \/>\n<meta name=\"author\" content=\"darka mazi\" \/>\n<meta name=\"twitter:card\" content=\"summary_large_image\" \/>\n<meta name=\"twitter:creator\" content=\"@DarkaMaziTurkce\" \/>\n<meta name=\"twitter:site\" content=\"@DarkaMaziTurkce\" \/>\n<meta name=\"twitter:label1\" content=\"Written by\" \/>\n\t<meta name=\"twitter:data1\" content=\"darka mazi\" \/>\n\t<meta name=\"twitter:label2\" content=\"Est. reading time\" \/>\n\t<meta name=\"twitter:data2\" content=\"1 minute\" \/>\n<script type=\"application\/ld+json\" class=\"seo-schema-graph\">{\"@context\":\"https:\\\/\\\/schema.org\",\"@graph\":[{\"@type\":\"NewsArticle\",\"@id\":\"https:\\\/\\\/darkamazi.site\\\/archives\\\/1025364#article\",\"isPartOf\":{\"@id\":\"https:\\\/\\\/darkamazi.site\\\/archives\\\/1025364\"},\"author\":{\"name\":\"darka mazi\",\"@id\":\"https:\\\/\\\/darkamazi.site\\\/#\\\/schema\\\/person\\\/67986a95ac546c16760365877ef4a9d3\"},\"headline\":\"Zaxo\u2019da 1\u2019inci \u015eal u \u015eepik Festivali d\u00fczenleniyor\",\"datePublished\":\"2023-06-17T10:29:15+00:00\",\"mainEntityOfPage\":{\"@id\":\"https:\\\/\\\/darkamazi.site\\\/archives\\\/1025364\"},\"wordCount\":258,\"publisher\":{\"@id\":\"https:\\\/\\\/darkamazi.site\\\/#organization\"},\"image\":{\"@id\":\"https:\\\/\\\/darkamazi.site\\\/archives\\\/1025364#primaryimage\"},\"thumbnailUrl\":\"https:\\\/\\\/darkamazi.site\\\/darka-content\\\/uploads\\\/2023\\\/06\\\/71320acf3eb2a218883f87ab68237df3_L.jpg\",\"keywords\":[\"\u00f6nemli\"],\"articleSection\":[\"Kurdistan\"],\"inLanguage\":\"en-US\"},{\"@type\":\"WebPage\",\"@id\":\"https:\\\/\\\/darkamazi.site\\\/archives\\\/1025364\",\"url\":\"https:\\\/\\\/darkamazi.site\\\/archives\\\/1025364\",\"name\":\"Zaxo\u2019da 1\u2019inci \u015eal u \u015eepik Festivali d\u00fczenleniyor - Darka Mazi\",\"isPartOf\":{\"@id\":\"https:\\\/\\\/darkamazi.site\\\/#website\"},\"primaryImageOfPage\":{\"@id\":\"https:\\\/\\\/darkamazi.site\\\/archives\\\/1025364#primaryimage\"},\"image\":{\"@id\":\"https:\\\/\\\/darkamazi.site\\\/archives\\\/1025364#primaryimage\"},\"thumbnailUrl\":\"https:\\\/\\\/darkamazi.site\\\/darka-content\\\/uploads\\\/2023\\\/06\\\/71320acf3eb2a218883f87ab68237df3_L.jpg\",\"datePublished\":\"2023-06-17T10:29:15+00:00\",\"breadcrumb\":{\"@id\":\"https:\\\/\\\/darkamazi.site\\\/archives\\\/1025364#breadcrumb\"},\"inLanguage\":\"en-US\",\"potentialAction\":[{\"@type\":\"ReadAction\",\"target\":[\"https:\\\/\\\/darkamazi.site\\\/archives\\\/1025364\"]}]},{\"@type\":\"ImageObject\",\"inLanguage\":\"en-US\",\"@id\":\"https:\\\/\\\/darkamazi.site\\\/archives\\\/1025364#primaryimage\",\"url\":\"https:\\\/\\\/darkamazi.site\\\/darka-content\\\/uploads\\\/2023\\\/06\\\/71320acf3eb2a218883f87ab68237df3_L.jpg\",\"contentUrl\":\"https:\\\/\\\/darkamazi.site\\\/darka-content\\\/uploads\\\/2023\\\/06\\\/71320acf3eb2a218883f87ab68237df3_L.jpg\",\"width\":710,\"height\":399,\"caption\":\"Zaxo\u2019da 1\u2019inci \u015eal u \u015eepik Festivali d\u00fczenleniyor\"},{\"@type\":\"BreadcrumbList\",\"@id\":\"https:\\\/\\\/darkamazi.site\\\/archives\\\/1025364#breadcrumb\",\"itemListElement\":[{\"@type\":\"ListItem\",\"position\":1,\"name\":\"Home\",\"item\":\"https:\\\/\\\/darkamazi.site\\\/\"},{\"@type\":\"ListItem\",\"position\":2,\"name\":\"Zaxo\u2019da 1\u2019inci \u015eal u \u015eepik Festivali d\u00fczenleniyor\"}]},{\"@type\":\"WebSite\",\"@id\":\"https:\\\/\\\/darkamazi.site\\\/#website\",\"url\":\"https:\\\/\\\/darkamazi.site\\\/\",\"name\":\"Darka Mazi\",\"description\":\"Ana Sayfa\",\"publisher\":{\"@id\":\"https:\\\/\\\/darkamazi.site\\\/#organization\"},\"potentialAction\":[{\"@type\":\"SearchAction\",\"target\":{\"@type\":\"EntryPoint\",\"urlTemplate\":\"https:\\\/\\\/darkamazi.site\\\/?s={search_term_string}\"},\"query-input\":{\"@type\":\"PropertyValueSpecification\",\"valueRequired\":true,\"valueName\":\"search_term_string\"}}],\"inLanguage\":\"en-US\"},{\"@type\":\"Organization\",\"@id\":\"https:\\\/\\\/darkamazi.site\\\/#organization\",\"name\":\"Darka Mazi T\u00fcrk\u00e7e\",\"alternateName\":\"Darka Mazi\",\"url\":\"https:\\\/\\\/darkamazi.site\\\/\",\"logo\":{\"@type\":\"ImageObject\",\"inLanguage\":\"en-US\",\"@id\":\"https:\\\/\\\/darkamazi.site\\\/#\\\/schema\\\/logo\\\/image\\\/\",\"url\":\"https:\\\/\\\/darkamazi.site\\\/darka-content\\\/uploads\\\/2017\\\/12\\\/darka-mazi-logo.png\",\"contentUrl\":\"https:\\\/\\\/darkamazi.site\\\/darka-content\\\/uploads\\\/2017\\\/12\\\/darka-mazi-logo.png\",\"width\":151,\"height\":75,\"caption\":\"Darka Mazi T\u00fcrk\u00e7e\"},\"image\":{\"@id\":\"https:\\\/\\\/darkamazi.site\\\/#\\\/schema\\\/logo\\\/image\\\/\"},\"sameAs\":[\"https:\\\/\\\/www.facebook.com\\\/DarkaMaziturkce\",\"https:\\\/\\\/x.com\\\/DarkaMaziTurkce\"]},{\"@type\":\"Person\",\"@id\":\"https:\\\/\\\/darkamazi.site\\\/#\\\/schema\\\/person\\\/67986a95ac546c16760365877ef4a9d3\",\"name\":\"darka mazi\",\"sameAs\":[\"https:\\\/\\\/darkamazi.site\"],\"url\":\"https:\\\/\\\/darkamazi.site\\\/archives\\\/author\\\/turkish\"}]}<\/script>\n<!-- \/ Yoast SEO plugin. -->","seo_head_json":{"title":"Zaxo\u2019da 1\u2019inci \u015eal u \u015eepik Festivali d\u00fczenleniyor - Darka Mazi","robots":{"index":"index","follow":"follow","max-snippet":"max-snippet:-1","max-image-preview":"max-image-preview:large","max-video-preview":"max-video-preview:-1"},"canonical":"https:\/\/darkamazi.site\/archives\/1025364","og_locale":"en_US","og_type":"article","og_title":"Zaxo\u2019da 1\u2019inci \u015eal u \u015eepik Festivali d\u00fczenleniyor - Darka Mazi","og_description":"21 Haziran g\u00fcn\u00fc Zaxo\u2019da bir festival d\u00fczenleniyor. K\u00fcrtlerin tarihi k\u0131yafeti \u015fal u \u015fepiki tan\u0131tmak ve ya\u015fatmak ama\u00e7l\u0131 festival bir g\u00fcn s\u00fcrecek. Festival tarihi Pira Delal- Delal K\u00f6pr\u00fcs\u00fcnde ger\u00e7ekle\u015fecek, Zaxo, Akre, Amediye ve \u015e\u0131rnak\u2019tan kat\u0131l\u0131mc\u0131lar olacak. \u015eal \u00a0ve \u015fepik denen k\u0131yafat koyunun s\u0131rt y\u00f6n\u00fcnden elde edilen ince bir iple dokunuyor. Yelek ve \u015felema olmak \u00fczere d\u00f6rt [&hellip;]","og_url":"https:\/\/darkamazi.site\/archives\/1025364","og_site_name":"Darka Mazi","article_publisher":"https:\/\/www.facebook.com\/DarkaMaziturkce","article_published_time":"2023-06-17T10:29:15+00:00","og_image":[{"width":710,"height":399,"url":"https:\/\/darkamazi.site\/file\/2023\/06\/71320acf3eb2a218883f87ab68237df3_L.jpg","type":"image\/jpeg"}],"author":"darka mazi","twitter_card":"summary_large_image","twitter_creator":"@DarkaMaziTurkce","twitter_site":"@DarkaMaziTurkce","twitter_misc":{"Written by":"darka mazi","Est. reading time":"1 minute"},"schema":{"@context":"https:\/\/schema.org","@graph":[{"@type":"NewsArticle","@id":"https:\/\/darkamazi.site\/archives\/1025364#article","isPartOf":{"@id":"https:\/\/darkamazi.site\/archives\/1025364"},"author":{"name":"darka mazi","@id":"https:\/\/darkamazi.site\/#\/schema\/person\/67986a95ac546c16760365877ef4a9d3"},"headline":"Zaxo\u2019da 1\u2019inci \u015eal u \u015eepik Festivali d\u00fczenleniyor","datePublished":"2023-06-17T10:29:15+00:00","mainEntityOfPage":{"@id":"https:\/\/darkamazi.site\/archives\/1025364"},"wordCount":258,"publisher":{"@id":"https:\/\/darkamazi.site\/#organization"},"image":{"@id":"https:\/\/darkamazi.site\/archives\/1025364#primaryimage"},"thumbnailUrl":"https:\/\/darkamazi.site\/file\/2023\/06\/71320acf3eb2a218883f87ab68237df3_L.jpg","keywords":["\u00f6nemli"],"articleSection":["Kurdistan"],"inLanguage":"en-US"},{"@type":"WebPage","@id":"https:\/\/darkamazi.site\/archives\/1025364","url":"https:\/\/darkamazi.site\/archives\/1025364","name":"Zaxo\u2019da 1\u2019inci \u015eal u \u015eepik Festivali d\u00fczenleniyor - Darka Mazi","isPartOf":{"@id":"https:\/\/darkamazi.site\/#website"},"primaryImageOfPage":{"@id":"https:\/\/darkamazi.site\/archives\/1025364#primaryimage"},"image":{"@id":"https:\/\/darkamazi.site\/archives\/1025364#primaryimage"},"thumbnailUrl":"https:\/\/darkamazi.site\/file\/2023\/06\/71320acf3eb2a218883f87ab68237df3_L.jpg","datePublished":"2023-06-17T10:29:15+00:00","breadcrumb":{"@id":"https:\/\/darkamazi.site\/archives\/1025364#breadcrumb"},"inLanguage":"en-US","potentialAction":[{"@type":"ReadAction","target":["https:\/\/darkamazi.site\/archives\/1025364"]}]},{"@type":"ImageObject","inLanguage":"en-US","@id":"https:\/\/darkamazi.site\/archives\/1025364#primaryimage","url":"https:\/\/darkamazi.site\/file\/2023\/06\/71320acf3eb2a218883f87ab68237df3_L.jpg","contentUrl":"https:\/\/darkamazi.site\/file\/2023\/06\/71320acf3eb2a218883f87ab68237df3_L.jpg","width":710,"height":399,"caption":"Zaxo\u2019da 1\u2019inci \u015eal u \u015eepik Festivali d\u00fczenleniyor"},{"@type":"BreadcrumbList","@id":"https:\/\/darkamazi.site\/archives\/1025364#breadcrumb","itemListElement":[{"@type":"ListItem","position":1,"name":"Home","item":"https:\/\/darkamazi.site\/"},{"@type":"ListItem","position":2,"name":"Zaxo\u2019da 1\u2019inci \u015eal u \u015eepik Festivali d\u00fczenleniyor"}]},{"@type":"WebSite","@id":"https:\/\/darkamazi.site\/#website","url":"https:\/\/darkamazi.site\/","name":"Darka Mazi","description":"Ana Sayfa","publisher":{"@id":"https:\/\/darkamazi.site\/#organization"},"potentialAction":[{"@type":"SearchAction","target":{"@type":"EntryPoint","urlTemplate":"https:\/\/darkamazi.site\/?s={search_term_string}"},"query-input":{"@type":"PropertyValueSpecification","valueRequired":true,"valueName":"search_term_string"}}],"inLanguage":"en-US"},{"@type":"Organization","@id":"https:\/\/darkamazi.site\/#organization","name":"Darka Mazi T\u00fcrk\u00e7e","alternateName":"Darka Mazi","url":"https:\/\/darkamazi.site\/","logo":{"@type":"ImageObject","inLanguage":"en-US","@id":"https:\/\/darkamazi.site\/#\/schema\/logo\/image\/","url":"https:\/\/darkamazi.site\/file\/2017\/12\/darka-mazi-logo.png","contentUrl":"https:\/\/darkamazi.site\/file\/2017\/12\/darka-mazi-logo.png","width":151,"height":75,"caption":"Darka Mazi T\u00fcrk\u00e7e"},"image":{"@id":"https:\/\/darkamazi.site\/#\/schema\/logo\/image\/"},"sameAs":["https:\/\/www.facebook.com\/DarkaMaziturkce","https:\/\/x.com\/DarkaMaziTurkce"]},{"@type":"Person","@id":"https:\/\/darkamazi.site\/#\/schema\/person\/67986a95ac546c16760365877ef4a9d3","name":"darka mazi","sameAs":["https:\/\/darkamazi.site"],"url":"https:\/\/darkamazi.site\/archives\/author\/turkish"}]}},"_links":{"self":[{"href":"https:\/\/darkamazi.site\/funavuv\/wp\/v2\/posts\/1025364","targetHints":{"allow":["GET"]}}],"collection":[{"href":"https:\/\/darkamazi.site\/funavuv\/wp\/v2\/posts"}],"about":[{"href":"https:\/\/darkamazi.site\/funavuv\/wp\/v2\/types\/post"}],"author":[{"embeddable":true,"href":"https:\/\/darkamazi.site\/funavuv\/wp\/v2\/users\/2"}],"replies":[{"embeddable":true,"href":"https:\/\/darkamazi.site\/funavuv\/wp\/v2\/comments?post=1025364"}],"version-history":[{"count":0,"href":"https:\/\/darkamazi.site\/funavuv\/wp\/v2\/posts\/1025364\/revisions"}],"wp:featuredmedia":[{"embeddable":true,"href":"https:\/\/darkamazi.site\/funavuv\/wp\/v2\/media\/1025365"}],"wp:attachment":[{"href":"https:\/\/darkamazi.site\/funavuv\/wp\/v2\/media?parent=1025364"}],"wp:term":[{"taxonomy":"category","embeddable":true,"href":"https:\/\/darkamazi.site\/funavuv\/wp\/v2\/categories?post=1025364"},{"taxonomy":"post_tag","embeddable":true,"href":"https:\/\/darkamazi.site\/funavuv\/wp\/v2\/tags?post=1025364"}],"curies":[{"name":"wp","href":"https:\/\/api.w.org\/{rel}","templated":true}]}}