{"id":1025379,"date":"2023-06-18T14:41:57","date_gmt":"2023-06-18T11:41:57","guid":{"rendered":"https:\/\/darkamazi.site\/?p=1025379"},"modified":"2023-06-18T14:41:57","modified_gmt":"2023-06-18T11:41:57","slug":"guney-kurdistanin-dizeleri-istanbulda","status":"publish","type":"post","link":"https:\/\/darkamazi.site\/archives\/1025379","title":{"rendered":"G\u00fcney K\u00fcrdistan&#8217;\u0131n dizeleri \u0130stanbul&#8217;da"},"content":{"rendered":"<p style=\"text-align: justify\">\u0130stanbul&#8217;da \u0130smail Be\u015fik\u00e7i Vakf\u0131 (\u0130BV), Kurdistan Chronicle ve Avesta Yay\u0131nlar\u0131&#8217;n\u0131n i\u015f birli\u011fiyle d\u00fczenlenen \u015fiir dinletisi program\u0131na K\u00fcrdistan B\u00f6lgesi&#8217;nden \u00fc\u00e7 \u015fair kat\u0131ld\u0131.<\/p>\n<p style=\"text-align: justify\">K\u00fcrdistan B\u00f6lgesi\u2019nden \u015fairler Qubady Jelizade, Kajal Ahmad ve Mueyed Teyib&#8217;in \u015fiirlerini okuduklar\u0131 program \u0130stanbul\u2019da \u0130smail Be\u015fikci Vakf\u0131\u2019nda d\u00fczenlendi.<\/p>\n<p style=\"text-align: justify\">\u015eairler, K\u00fcrdistan\u2019da ya\u015fanan toplumsal olaylar ve ger\u00e7ekle\u015fen katliamlar \u00fczerine yazd\u0131klar\u0131 \u015fiirlerin yan\u0131 s\u0131ra a\u015fk \u015fiirleri de okudu.<\/p>\n<p style=\"text-align: justify\">Moderat\u00f6rl\u00fc\u011f\u00fcn\u00fc yazar ve \u00e7evirmen Osman Mehmet&#8217;in yapt\u0131\u011f\u0131 programda \u015fiirler K\u00fcrt\u00e7enin Kurmanc\u00ee ve Soran\u00ee leh\u00e7esinin yan\u0131 s\u0131ra, T\u00fcrk\u00e7eye \u00e7evrilen \u015fiirler de okundu.<\/p>\n<p style=\"text-align: justify\">Ayr\u0131ca Mueyed Teyib, \u0130smail Be\u015fik\u00e7i i\u00e7in yazd\u0131\u011f\u0131 \u201cZindan\u201d \u015fiirini okudu.<\/p>\n<p style=\"text-align: justify\">K\u00fcrt medyas\u0131n\u0131n yo\u011fun ilgi g\u00f6sterdi\u011fi programa sosyolog-yazar \u0130smail Be\u015fik\u00e7i, K\u00fcrt yazar Jan Dost, N\u00fbbihar Yay\u0131nlar\u0131 Genel Yay\u0131n Y\u00f6netmeni S\u00fcleyman \u00c7evik, yazar Nihat G\u00fcltekin, siyaset\u00e7i Azad Cundiyani ve \u00e7ok say\u0131da dinleyici kat\u0131ld\u0131.<\/p>\n<p style=\"text-align: justify\">Program dinleyici ve \u015fairler aras\u0131nda \u015fiir ve K\u00fcrt edebiyat\u0131 \u00fczerine sohbetlerle son buldu.<\/p>\n<p style=\"text-align: justify\">\u0130smail Be\u015fik\u00e7i ad\u0131na \u0130BV Ba\u015fkan\u0131 \u0130brahim G\u00fcrb\u00fcz \u015fairlere te\u015fekk\u00fcr belgesi takdim etti.<\/p>\n","protected":false},"excerpt":{"rendered":"<p>\u0130stanbul&#8217;da \u0130smail Be\u015fik\u00e7i Vakf\u0131 (\u0130BV), Kurdistan Chronicle ve Avesta Yay\u0131nlar\u0131&#8217;n\u0131n i\u015f birli\u011fiyle d\u00fczenlenen \u015fiir dinletisi program\u0131na K\u00fcrdistan B\u00f6lgesi&#8217;nden \u00fc\u00e7 \u015fair kat\u0131ld\u0131. K\u00fcrdistan B\u00f6lgesi\u2019nden \u015fairler Qubady Jelizade, Kajal Ahmad ve Mueyed Teyib&#8217;in \u015fiirlerini okuduklar\u0131 program \u0130stanbul\u2019da \u0130smail Be\u015fikci Vakf\u0131\u2019nda d\u00fczenlendi. \u015eairler, K\u00fcrdistan\u2019da ya\u015fanan toplumsal olaylar ve ger\u00e7ekle\u015fen katliamlar \u00fczerine yazd\u0131klar\u0131 \u015fiirlerin yan\u0131 s\u0131ra a\u015fk \u015fiirleri de [&hellip;]<\/p>\n","protected":false},"author":2,"featured_media":1025380,"comment_status":"closed","ping_status":"closed","sticky":false,"template":"","format":"standard","meta":{"footnotes":""},"categories":[33],"tags":[],"class_list":["post-1025379","post","type-post","status-publish","format-standard","has-post-thumbnail","hentry","category-sanat"],"blocksy_meta":[],"seo_head":"<!-- This site is optimized with the Yoast SEO plugin v27.5 - https:\/\/yoast.com\/product\/yoast-seo-wordpress\/ -->\n<title>G\u00fcney K\u00fcrdistan&#039;\u0131n dizeleri \u0130stanbul&#039;da - Darka Mazi<\/title>\n<meta name=\"robots\" content=\"index, follow, max-snippet:-1, max-image-preview:large, max-video-preview:-1\" \/>\n<link rel=\"canonical\" href=\"https:\/\/darkamazi.site\/archives\/1025379\" \/>\n<meta property=\"og:locale\" content=\"en_US\" \/>\n<meta property=\"og:type\" content=\"article\" \/>\n<meta property=\"og:title\" content=\"G\u00fcney K\u00fcrdistan&#039;\u0131n dizeleri \u0130stanbul&#039;da - Darka Mazi\" \/>\n<meta property=\"og:description\" content=\"\u0130stanbul&#8217;da \u0130smail Be\u015fik\u00e7i Vakf\u0131 (\u0130BV), Kurdistan Chronicle ve Avesta Yay\u0131nlar\u0131&#8217;n\u0131n i\u015f birli\u011fiyle d\u00fczenlenen \u015fiir dinletisi program\u0131na K\u00fcrdistan B\u00f6lgesi&#8217;nden \u00fc\u00e7 \u015fair kat\u0131ld\u0131. K\u00fcrdistan B\u00f6lgesi\u2019nden \u015fairler Qubady Jelizade, Kajal Ahmad ve Mueyed Teyib&#8217;in \u015fiirlerini okuduklar\u0131 program \u0130stanbul\u2019da \u0130smail Be\u015fikci Vakf\u0131\u2019nda d\u00fczenlendi. \u015eairler, K\u00fcrdistan\u2019da ya\u015fanan toplumsal olaylar ve ger\u00e7ekle\u015fen katliamlar \u00fczerine yazd\u0131klar\u0131 \u015fiirlerin yan\u0131 s\u0131ra a\u015fk \u015fiirleri de [&hellip;]\" \/>\n<meta property=\"og:url\" content=\"https:\/\/darkamazi.site\/archives\/1025379\" \/>\n<meta property=\"og:site_name\" content=\"Darka Mazi\" \/>\n<meta property=\"article:publisher\" content=\"https:\/\/www.facebook.com\/DarkaMaziturkce\" \/>\n<meta property=\"article:published_time\" content=\"2023-06-18T11:41:57+00:00\" \/>\n<meta property=\"og:image\" content=\"https:\/\/darkamazi.site\/file\/2023\/06\/istanbul.jpg\" \/>\n\t<meta property=\"og:image:width\" content=\"710\" \/>\n\t<meta property=\"og:image:height\" content=\"399\" \/>\n\t<meta property=\"og:image:type\" content=\"image\/jpeg\" \/>\n<meta name=\"author\" content=\"darka mazi\" \/>\n<meta name=\"twitter:card\" content=\"summary_large_image\" \/>\n<meta name=\"twitter:creator\" content=\"@DarkaMaziTurkce\" \/>\n<meta name=\"twitter:site\" content=\"@DarkaMaziTurkce\" \/>\n<meta name=\"twitter:label1\" content=\"Written by\" \/>\n\t<meta name=\"twitter:data1\" content=\"darka mazi\" \/>\n\t<meta name=\"twitter:label2\" content=\"Est. reading time\" \/>\n\t<meta name=\"twitter:data2\" content=\"1 minute\" \/>\n<script type=\"application\/ld+json\" class=\"seo-schema-graph\">{\"@context\":\"https:\\\/\\\/schema.org\",\"@graph\":[{\"@type\":\"NewsArticle\",\"@id\":\"https:\\\/\\\/darkamazi.site\\\/archives\\\/1025379#article\",\"isPartOf\":{\"@id\":\"https:\\\/\\\/darkamazi.site\\\/archives\\\/1025379\"},\"author\":{\"name\":\"darka mazi\",\"@id\":\"https:\\\/\\\/darkamazi.site\\\/#\\\/schema\\\/person\\\/67986a95ac546c16760365877ef4a9d3\"},\"headline\":\"G\u00fcney K\u00fcrdistan&#8217;\u0131n dizeleri \u0130stanbul&#8217;da\",\"datePublished\":\"2023-06-18T11:41:57+00:00\",\"mainEntityOfPage\":{\"@id\":\"https:\\\/\\\/darkamazi.site\\\/archives\\\/1025379\"},\"wordCount\":220,\"publisher\":{\"@id\":\"https:\\\/\\\/darkamazi.site\\\/#organization\"},\"image\":{\"@id\":\"https:\\\/\\\/darkamazi.site\\\/archives\\\/1025379#primaryimage\"},\"thumbnailUrl\":\"https:\\\/\\\/darkamazi.site\\\/darka-content\\\/uploads\\\/2023\\\/06\\\/istanbul.jpg\",\"articleSection\":[\"Sanat\"],\"inLanguage\":\"en-US\"},{\"@type\":\"WebPage\",\"@id\":\"https:\\\/\\\/darkamazi.site\\\/archives\\\/1025379\",\"url\":\"https:\\\/\\\/darkamazi.site\\\/archives\\\/1025379\",\"name\":\"G\u00fcney K\u00fcrdistan'\u0131n dizeleri \u0130stanbul'da - Darka Mazi\",\"isPartOf\":{\"@id\":\"https:\\\/\\\/darkamazi.site\\\/#website\"},\"primaryImageOfPage\":{\"@id\":\"https:\\\/\\\/darkamazi.site\\\/archives\\\/1025379#primaryimage\"},\"image\":{\"@id\":\"https:\\\/\\\/darkamazi.site\\\/archives\\\/1025379#primaryimage\"},\"thumbnailUrl\":\"https:\\\/\\\/darkamazi.site\\\/darka-content\\\/uploads\\\/2023\\\/06\\\/istanbul.jpg\",\"datePublished\":\"2023-06-18T11:41:57+00:00\",\"breadcrumb\":{\"@id\":\"https:\\\/\\\/darkamazi.site\\\/archives\\\/1025379#breadcrumb\"},\"inLanguage\":\"en-US\",\"potentialAction\":[{\"@type\":\"ReadAction\",\"target\":[\"https:\\\/\\\/darkamazi.site\\\/archives\\\/1025379\"]}]},{\"@type\":\"ImageObject\",\"inLanguage\":\"en-US\",\"@id\":\"https:\\\/\\\/darkamazi.site\\\/archives\\\/1025379#primaryimage\",\"url\":\"https:\\\/\\\/darkamazi.site\\\/darka-content\\\/uploads\\\/2023\\\/06\\\/istanbul.jpg\",\"contentUrl\":\"https:\\\/\\\/darkamazi.site\\\/darka-content\\\/uploads\\\/2023\\\/06\\\/istanbul.jpg\",\"width\":710,\"height\":399,\"caption\":\"G\u00fcney K\u00fcrdistan'\u0131n dizeleri \u0130stanbul'da\"},{\"@type\":\"BreadcrumbList\",\"@id\":\"https:\\\/\\\/darkamazi.site\\\/archives\\\/1025379#breadcrumb\",\"itemListElement\":[{\"@type\":\"ListItem\",\"position\":1,\"name\":\"Home\",\"item\":\"https:\\\/\\\/darkamazi.site\\\/\"},{\"@type\":\"ListItem\",\"position\":2,\"name\":\"G\u00fcney K\u00fcrdistan&#8217;\u0131n dizeleri \u0130stanbul&#8217;da\"}]},{\"@type\":\"WebSite\",\"@id\":\"https:\\\/\\\/darkamazi.site\\\/#website\",\"url\":\"https:\\\/\\\/darkamazi.site\\\/\",\"name\":\"Darka Mazi\",\"description\":\"Ana Sayfa\",\"publisher\":{\"@id\":\"https:\\\/\\\/darkamazi.site\\\/#organization\"},\"potentialAction\":[{\"@type\":\"SearchAction\",\"target\":{\"@type\":\"EntryPoint\",\"urlTemplate\":\"https:\\\/\\\/darkamazi.site\\\/?s={search_term_string}\"},\"query-input\":{\"@type\":\"PropertyValueSpecification\",\"valueRequired\":true,\"valueName\":\"search_term_string\"}}],\"inLanguage\":\"en-US\"},{\"@type\":\"Organization\",\"@id\":\"https:\\\/\\\/darkamazi.site\\\/#organization\",\"name\":\"Darka Mazi T\u00fcrk\u00e7e\",\"alternateName\":\"Darka Mazi\",\"url\":\"https:\\\/\\\/darkamazi.site\\\/\",\"logo\":{\"@type\":\"ImageObject\",\"inLanguage\":\"en-US\",\"@id\":\"https:\\\/\\\/darkamazi.site\\\/#\\\/schema\\\/logo\\\/image\\\/\",\"url\":\"https:\\\/\\\/darkamazi.site\\\/darka-content\\\/uploads\\\/2017\\\/12\\\/darka-mazi-logo.png\",\"contentUrl\":\"https:\\\/\\\/darkamazi.site\\\/darka-content\\\/uploads\\\/2017\\\/12\\\/darka-mazi-logo.png\",\"width\":151,\"height\":75,\"caption\":\"Darka Mazi T\u00fcrk\u00e7e\"},\"image\":{\"@id\":\"https:\\\/\\\/darkamazi.site\\\/#\\\/schema\\\/logo\\\/image\\\/\"},\"sameAs\":[\"https:\\\/\\\/www.facebook.com\\\/DarkaMaziturkce\",\"https:\\\/\\\/x.com\\\/DarkaMaziTurkce\"]},{\"@type\":\"Person\",\"@id\":\"https:\\\/\\\/darkamazi.site\\\/#\\\/schema\\\/person\\\/67986a95ac546c16760365877ef4a9d3\",\"name\":\"darka mazi\",\"sameAs\":[\"https:\\\/\\\/darkamazi.site\"],\"url\":\"https:\\\/\\\/darkamazi.site\\\/archives\\\/author\\\/turkish\"}]}<\/script>\n<!-- \/ Yoast SEO plugin. -->","seo_head_json":{"title":"G\u00fcney K\u00fcrdistan'\u0131n dizeleri \u0130stanbul'da - Darka Mazi","robots":{"index":"index","follow":"follow","max-snippet":"max-snippet:-1","max-image-preview":"max-image-preview:large","max-video-preview":"max-video-preview:-1"},"canonical":"https:\/\/darkamazi.site\/archives\/1025379","og_locale":"en_US","og_type":"article","og_title":"G\u00fcney K\u00fcrdistan'\u0131n dizeleri \u0130stanbul'da - Darka Mazi","og_description":"\u0130stanbul&#8217;da \u0130smail Be\u015fik\u00e7i Vakf\u0131 (\u0130BV), Kurdistan Chronicle ve Avesta Yay\u0131nlar\u0131&#8217;n\u0131n i\u015f birli\u011fiyle d\u00fczenlenen \u015fiir dinletisi program\u0131na K\u00fcrdistan B\u00f6lgesi&#8217;nden \u00fc\u00e7 \u015fair kat\u0131ld\u0131. K\u00fcrdistan B\u00f6lgesi\u2019nden \u015fairler Qubady Jelizade, Kajal Ahmad ve Mueyed Teyib&#8217;in \u015fiirlerini okuduklar\u0131 program \u0130stanbul\u2019da \u0130smail Be\u015fikci Vakf\u0131\u2019nda d\u00fczenlendi. \u015eairler, K\u00fcrdistan\u2019da ya\u015fanan toplumsal olaylar ve ger\u00e7ekle\u015fen katliamlar \u00fczerine yazd\u0131klar\u0131 \u015fiirlerin yan\u0131 s\u0131ra a\u015fk \u015fiirleri de [&hellip;]","og_url":"https:\/\/darkamazi.site\/archives\/1025379","og_site_name":"Darka Mazi","article_publisher":"https:\/\/www.facebook.com\/DarkaMaziturkce","article_published_time":"2023-06-18T11:41:57+00:00","og_image":[{"width":710,"height":399,"url":"https:\/\/darkamazi.site\/file\/2023\/06\/istanbul.jpg","type":"image\/jpeg"}],"author":"darka mazi","twitter_card":"summary_large_image","twitter_creator":"@DarkaMaziTurkce","twitter_site":"@DarkaMaziTurkce","twitter_misc":{"Written by":"darka mazi","Est. reading time":"1 minute"},"schema":{"@context":"https:\/\/schema.org","@graph":[{"@type":"NewsArticle","@id":"https:\/\/darkamazi.site\/archives\/1025379#article","isPartOf":{"@id":"https:\/\/darkamazi.site\/archives\/1025379"},"author":{"name":"darka mazi","@id":"https:\/\/darkamazi.site\/#\/schema\/person\/67986a95ac546c16760365877ef4a9d3"},"headline":"G\u00fcney K\u00fcrdistan&#8217;\u0131n dizeleri \u0130stanbul&#8217;da","datePublished":"2023-06-18T11:41:57+00:00","mainEntityOfPage":{"@id":"https:\/\/darkamazi.site\/archives\/1025379"},"wordCount":220,"publisher":{"@id":"https:\/\/darkamazi.site\/#organization"},"image":{"@id":"https:\/\/darkamazi.site\/archives\/1025379#primaryimage"},"thumbnailUrl":"https:\/\/darkamazi.site\/file\/2023\/06\/istanbul.jpg","articleSection":["Sanat"],"inLanguage":"en-US"},{"@type":"WebPage","@id":"https:\/\/darkamazi.site\/archives\/1025379","url":"https:\/\/darkamazi.site\/archives\/1025379","name":"G\u00fcney K\u00fcrdistan'\u0131n dizeleri \u0130stanbul'da - Darka Mazi","isPartOf":{"@id":"https:\/\/darkamazi.site\/#website"},"primaryImageOfPage":{"@id":"https:\/\/darkamazi.site\/archives\/1025379#primaryimage"},"image":{"@id":"https:\/\/darkamazi.site\/archives\/1025379#primaryimage"},"thumbnailUrl":"https:\/\/darkamazi.site\/file\/2023\/06\/istanbul.jpg","datePublished":"2023-06-18T11:41:57+00:00","breadcrumb":{"@id":"https:\/\/darkamazi.site\/archives\/1025379#breadcrumb"},"inLanguage":"en-US","potentialAction":[{"@type":"ReadAction","target":["https:\/\/darkamazi.site\/archives\/1025379"]}]},{"@type":"ImageObject","inLanguage":"en-US","@id":"https:\/\/darkamazi.site\/archives\/1025379#primaryimage","url":"https:\/\/darkamazi.site\/file\/2023\/06\/istanbul.jpg","contentUrl":"https:\/\/darkamazi.site\/file\/2023\/06\/istanbul.jpg","width":710,"height":399,"caption":"G\u00fcney K\u00fcrdistan'\u0131n dizeleri \u0130stanbul'da"},{"@type":"BreadcrumbList","@id":"https:\/\/darkamazi.site\/archives\/1025379#breadcrumb","itemListElement":[{"@type":"ListItem","position":1,"name":"Home","item":"https:\/\/darkamazi.site\/"},{"@type":"ListItem","position":2,"name":"G\u00fcney K\u00fcrdistan&#8217;\u0131n dizeleri \u0130stanbul&#8217;da"}]},{"@type":"WebSite","@id":"https:\/\/darkamazi.site\/#website","url":"https:\/\/darkamazi.site\/","name":"Darka Mazi","description":"Ana Sayfa","publisher":{"@id":"https:\/\/darkamazi.site\/#organization"},"potentialAction":[{"@type":"SearchAction","target":{"@type":"EntryPoint","urlTemplate":"https:\/\/darkamazi.site\/?s={search_term_string}"},"query-input":{"@type":"PropertyValueSpecification","valueRequired":true,"valueName":"search_term_string"}}],"inLanguage":"en-US"},{"@type":"Organization","@id":"https:\/\/darkamazi.site\/#organization","name":"Darka Mazi T\u00fcrk\u00e7e","alternateName":"Darka Mazi","url":"https:\/\/darkamazi.site\/","logo":{"@type":"ImageObject","inLanguage":"en-US","@id":"https:\/\/darkamazi.site\/#\/schema\/logo\/image\/","url":"https:\/\/darkamazi.site\/file\/2017\/12\/darka-mazi-logo.png","contentUrl":"https:\/\/darkamazi.site\/file\/2017\/12\/darka-mazi-logo.png","width":151,"height":75,"caption":"Darka Mazi T\u00fcrk\u00e7e"},"image":{"@id":"https:\/\/darkamazi.site\/#\/schema\/logo\/image\/"},"sameAs":["https:\/\/www.facebook.com\/DarkaMaziturkce","https:\/\/x.com\/DarkaMaziTurkce"]},{"@type":"Person","@id":"https:\/\/darkamazi.site\/#\/schema\/person\/67986a95ac546c16760365877ef4a9d3","name":"darka mazi","sameAs":["https:\/\/darkamazi.site"],"url":"https:\/\/darkamazi.site\/archives\/author\/turkish"}]}},"_links":{"self":[{"href":"https:\/\/darkamazi.site\/funavuv\/wp\/v2\/posts\/1025379","targetHints":{"allow":["GET"]}}],"collection":[{"href":"https:\/\/darkamazi.site\/funavuv\/wp\/v2\/posts"}],"about":[{"href":"https:\/\/darkamazi.site\/funavuv\/wp\/v2\/types\/post"}],"author":[{"embeddable":true,"href":"https:\/\/darkamazi.site\/funavuv\/wp\/v2\/users\/2"}],"replies":[{"embeddable":true,"href":"https:\/\/darkamazi.site\/funavuv\/wp\/v2\/comments?post=1025379"}],"version-history":[{"count":0,"href":"https:\/\/darkamazi.site\/funavuv\/wp\/v2\/posts\/1025379\/revisions"}],"wp:featuredmedia":[{"embeddable":true,"href":"https:\/\/darkamazi.site\/funavuv\/wp\/v2\/media\/1025380"}],"wp:attachment":[{"href":"https:\/\/darkamazi.site\/funavuv\/wp\/v2\/media?parent=1025379"}],"wp:term":[{"taxonomy":"category","embeddable":true,"href":"https:\/\/darkamazi.site\/funavuv\/wp\/v2\/categories?post=1025379"},{"taxonomy":"post_tag","embeddable":true,"href":"https:\/\/darkamazi.site\/funavuv\/wp\/v2\/tags?post=1025379"}],"curies":[{"name":"wp","href":"https:\/\/api.w.org\/{rel}","templated":true}]}}