{"id":1025526,"date":"2023-06-26T15:53:36","date_gmt":"2023-06-26T12:53:36","guid":{"rendered":"https:\/\/darkamazi.site\/?p=1025526"},"modified":"2026-03-31T16:20:40","modified_gmt":"2026-03-31T13:20:40","slug":"kdp-fraksiyonu-1-haziran-itibariyle-parlamenter-maasi-almayi-reddediyoruz","status":"publish","type":"post","link":"https:\/\/darkamazi.site\/archives\/1025526","title":{"rendered":"KDP Fraksiyonu: 1 Haziran itibariyle parlamenter maa\u015f\u0131 almay\u0131 reddediyoruz"},"content":{"rendered":"<p>K\u00fcrdistan Demokrat Partisi (KDP) Fraksiyonu, K\u00fcrdistan Parlamentosu\u2019ndaki faaliyetlerine son verdi\u011fini a\u00e7\u0131klad\u0131.<\/p>\n<p>KDP K\u00fcrdistan Parlamentosu Fraksiyonu Ba\u015fkan\u0131 Zana Mela Xalid d\u00fczenledi\u011fi bas\u0131n toplant\u0131s\u0131nda, Parlamento Ba\u015fkanl\u0131k Divan\u0131\u2019na 2 maddelik bir \u00f6nerge sunduklar\u0131n\u0131 belirtti.<\/p>\n<p>Buna g\u00f6re KDP Fraksiyonu, hem parlamenterlerinin hem de Parlamento Ba\u015fkanl\u0131k Divan\u0131\u2019ndaki temsilcisinin g\u00f6rev s\u00fcresinin sona erdi\u011fini bildirdi.<\/p>\n<p>\u0130kinci maddede de 1 Haziran 2023 itibariyle KDP\u2019li parlamenterlerin maa\u015f almay\u0131 reddetti\u011fi ve hesaplar\u0131na maa\u015f yat\u0131r\u0131lmamas\u0131n\u0131 talep etti\u011fi ifade edildi.<\/p>\n<p>Daha \u00f6nce K\u00fcrdistan B\u00f6lgesi halk\u0131na, emekli parlamenterlerin maa\u015f d\u00fczenlemesiyle ilgili s\u00f6z verdiklerini ve bu s\u00f6z\u00fc yerine getirdiklerini kaydeden Zana Mela Xalid, 6 milyon dinar olan bu maa\u015fla ilgili d\u00fczenlemenin y\u00fcr\u00fcrl\u00fc\u011fe girdi\u011fini ve bu maa\u015f\u0131n kald\u0131r\u0131ld\u0131\u011f\u0131n\u0131 kaydetti.<\/p>\n<p>Parlamentoda 45 sandalyelerinin oldu\u011funu an\u0131msatan KDP Fraksiyonu Ba\u015fkan\u0131, \u201cBelirlenen ya\u015f durumuna g\u00f6re 22 parlamenterimiz 45 ya\u015f\u0131n alt\u0131ndad\u0131r ve emeklilik maa\u015f\u0131n\u0131n y\u00fczde 50\u2019sini almamaktad\u0131rlar. Y\u00fczde 15-25 oran\u0131 aral\u0131\u011f\u0131nda emeklilik kapsam\u0131na giriyorlar. \u0130sterlerse geriye kalan 23 parlamenter y\u00fczde 25-50 band\u0131nda emekli olabilecek\u201d dedi.<\/p>\n<p>K\u00fcrdistan Parlamentosu\u2019nun yasama s\u00fcresinin uzat\u0131lmas\u0131yla ilgili ise Zana Mela Xalid, \u201cSe\u00e7imlerin ertelenmesini istemiyorduk ancak siyasi taraflar aras\u0131ndaki sorunlar nedeniyle t\u00fcm taraflar\u0131n oy birli\u011fiyle yasama s\u00fcresi uzat\u0131ld\u0131\u201d diye konu\u015ftu.<\/p>\n<p>Zana Mela Xalid, \u201cKDP, K\u00fcrdistan B\u00f6lgesi\u2019nin yasal bo\u015flu\u011fa d\u00fc\u015fmemesi i\u00e7in her zaman inisiyatif ald\u0131. Bu anlamda se\u00e7im yasas\u0131 ve komisyon sorunuyla ilgili de tavizler de vermi\u015ftir\u201d dedi.<\/p>\n<p>&nbsp;<\/p>\n","protected":false},"excerpt":{"rendered":"<p>K\u00fcrdistan Demokrat Partisi (KDP) Fraksiyonu, K\u00fcrdistan Parlamentosu\u2019ndaki faaliyetlerine son verdi\u011fini a\u00e7\u0131klad\u0131. KDP K\u00fcrdistan Parlamentosu Fraksiyonu Ba\u015fkan\u0131 Zana Mela Xalid d\u00fczenledi\u011fi bas\u0131n toplant\u0131s\u0131nda, Parlamento Ba\u015fkanl\u0131k Divan\u0131\u2019na 2 maddelik bir \u00f6nerge sunduklar\u0131n\u0131 belirtti. Buna g\u00f6re KDP Fraksiyonu, hem parlamenterlerinin hem de Parlamento Ba\u015fkanl\u0131k Divan\u0131\u2019ndaki temsilcisinin g\u00f6rev s\u00fcresinin sona erdi\u011fini bildirdi. \u0130kinci maddede de 1 Haziran 2023 itibariyle [&hellip;]<\/p>\n","protected":false},"author":2,"featured_media":1025527,"comment_status":"closed","ping_status":"closed","sticky":false,"template":"","format":"standard","meta":{"footnotes":""},"categories":[3],"tags":[],"class_list":["post-1025526","post","type-post","status-publish","format-standard","has-post-thumbnail","hentry","category-kurdistan"],"blocksy_meta":[],"seo_head":"<!-- This site is optimized with the Yoast SEO plugin v27.5 - https:\/\/yoast.com\/product\/yoast-seo-wordpress\/ -->\n<title>KDP Fraksiyonu: 1 Haziran itibariyle parlamenter maa\u015f\u0131 almay\u0131 reddediyoruz - Darka Mazi<\/title>\n<meta name=\"robots\" content=\"index, follow, max-snippet:-1, max-image-preview:large, max-video-preview:-1\" \/>\n<link rel=\"canonical\" href=\"https:\/\/darkamazi.site\/archives\/1025526\" \/>\n<meta property=\"og:locale\" content=\"en_US\" \/>\n<meta property=\"og:type\" content=\"article\" \/>\n<meta property=\"og:title\" content=\"KDP Fraksiyonu: 1 Haziran itibariyle parlamenter maa\u015f\u0131 almay\u0131 reddediyoruz - Darka Mazi\" \/>\n<meta property=\"og:description\" content=\"K\u00fcrdistan Demokrat Partisi (KDP) Fraksiyonu, K\u00fcrdistan Parlamentosu\u2019ndaki faaliyetlerine son verdi\u011fini a\u00e7\u0131klad\u0131. KDP K\u00fcrdistan Parlamentosu Fraksiyonu Ba\u015fkan\u0131 Zana Mela Xalid d\u00fczenledi\u011fi bas\u0131n toplant\u0131s\u0131nda, Parlamento Ba\u015fkanl\u0131k Divan\u0131\u2019na 2 maddelik bir \u00f6nerge sunduklar\u0131n\u0131 belirtti. Buna g\u00f6re KDP Fraksiyonu, hem parlamenterlerinin hem de Parlamento Ba\u015fkanl\u0131k Divan\u0131\u2019ndaki temsilcisinin g\u00f6rev s\u00fcresinin sona erdi\u011fini bildirdi. \u0130kinci maddede de 1 Haziran 2023 itibariyle [&hellip;]\" \/>\n<meta property=\"og:url\" content=\"https:\/\/darkamazi.site\/archives\/1025526\" \/>\n<meta property=\"og:site_name\" content=\"Darka Mazi\" \/>\n<meta property=\"article:publisher\" content=\"https:\/\/www.facebook.com\/DarkaMaziturkce\" \/>\n<meta property=\"article:published_time\" content=\"2023-06-26T12:53:36+00:00\" \/>\n<meta property=\"article:modified_time\" content=\"2026-03-31T13:20:40+00:00\" \/>\n<meta property=\"og:image\" content=\"https:\/\/darkamazi.site\/file\/2023\/06\/1626633518Basliksiz-6.jpg\" \/>\n\t<meta property=\"og:image:width\" content=\"781\" \/>\n\t<meta property=\"og:image:height\" content=\"439\" \/>\n\t<meta property=\"og:image:type\" content=\"image\/jpeg\" \/>\n<meta name=\"author\" content=\"darka mazi\" \/>\n<meta name=\"twitter:card\" content=\"summary_large_image\" \/>\n<meta name=\"twitter:creator\" content=\"@DarkaMaziTurkce\" \/>\n<meta name=\"twitter:site\" content=\"@DarkaMaziTurkce\" \/>\n<meta name=\"twitter:label1\" content=\"Written by\" \/>\n\t<meta name=\"twitter:data1\" content=\"darka mazi\" \/>\n\t<meta name=\"twitter:label2\" content=\"Est. reading time\" \/>\n\t<meta name=\"twitter:data2\" content=\"1 minute\" \/>\n<script type=\"application\/ld+json\" class=\"seo-schema-graph\">{\"@context\":\"https:\\\/\\\/schema.org\",\"@graph\":[{\"@type\":\"NewsArticle\",\"@id\":\"https:\\\/\\\/darkamazi.site\\\/archives\\\/1025526#article\",\"isPartOf\":{\"@id\":\"https:\\\/\\\/darkamazi.site\\\/archives\\\/1025526\"},\"author\":{\"name\":\"darka mazi\",\"@id\":\"https:\\\/\\\/darkamazi.site\\\/#\\\/schema\\\/person\\\/67986a95ac546c16760365877ef4a9d3\"},\"headline\":\"KDP Fraksiyonu: 1 Haziran itibariyle parlamenter maa\u015f\u0131 almay\u0131 reddediyoruz\",\"datePublished\":\"2023-06-26T12:53:36+00:00\",\"dateModified\":\"2026-03-31T13:20:40+00:00\",\"mainEntityOfPage\":{\"@id\":\"https:\\\/\\\/darkamazi.site\\\/archives\\\/1025526\"},\"wordCount\":285,\"publisher\":{\"@id\":\"https:\\\/\\\/darkamazi.site\\\/#organization\"},\"image\":{\"@id\":\"https:\\\/\\\/darkamazi.site\\\/archives\\\/1025526#primaryimage\"},\"thumbnailUrl\":\"https:\\\/\\\/darkamazi.site\\\/darka-content\\\/uploads\\\/2023\\\/06\\\/1626633518Basliksiz-6.jpg\",\"articleSection\":[\"Kurdistan\"],\"inLanguage\":\"en-US\"},{\"@type\":\"WebPage\",\"@id\":\"https:\\\/\\\/darkamazi.site\\\/archives\\\/1025526\",\"url\":\"https:\\\/\\\/darkamazi.site\\\/archives\\\/1025526\",\"name\":\"KDP Fraksiyonu: 1 Haziran itibariyle parlamenter maa\u015f\u0131 almay\u0131 reddediyoruz - Darka Mazi\",\"isPartOf\":{\"@id\":\"https:\\\/\\\/darkamazi.site\\\/#website\"},\"primaryImageOfPage\":{\"@id\":\"https:\\\/\\\/darkamazi.site\\\/archives\\\/1025526#primaryimage\"},\"image\":{\"@id\":\"https:\\\/\\\/darkamazi.site\\\/archives\\\/1025526#primaryimage\"},\"thumbnailUrl\":\"https:\\\/\\\/darkamazi.site\\\/darka-content\\\/uploads\\\/2023\\\/06\\\/1626633518Basliksiz-6.jpg\",\"datePublished\":\"2023-06-26T12:53:36+00:00\",\"dateModified\":\"2026-03-31T13:20:40+00:00\",\"breadcrumb\":{\"@id\":\"https:\\\/\\\/darkamazi.site\\\/archives\\\/1025526#breadcrumb\"},\"inLanguage\":\"en-US\",\"potentialAction\":[{\"@type\":\"ReadAction\",\"target\":[\"https:\\\/\\\/darkamazi.site\\\/archives\\\/1025526\"]}]},{\"@type\":\"ImageObject\",\"inLanguage\":\"en-US\",\"@id\":\"https:\\\/\\\/darkamazi.site\\\/archives\\\/1025526#primaryimage\",\"url\":\"https:\\\/\\\/darkamazi.site\\\/darka-content\\\/uploads\\\/2023\\\/06\\\/1626633518Basliksiz-6.jpg\",\"contentUrl\":\"https:\\\/\\\/darkamazi.site\\\/darka-content\\\/uploads\\\/2023\\\/06\\\/1626633518Basliksiz-6.jpg\",\"width\":781,\"height\":439,\"caption\":\"KDP Fraksiyonu: 1 Haziran itibariyle parlamenter maa\u015f\u0131 almay\u0131 reddediyoruz\"},{\"@type\":\"BreadcrumbList\",\"@id\":\"https:\\\/\\\/darkamazi.site\\\/archives\\\/1025526#breadcrumb\",\"itemListElement\":[{\"@type\":\"ListItem\",\"position\":1,\"name\":\"Home\",\"item\":\"https:\\\/\\\/darkamazi.site\\\/\"},{\"@type\":\"ListItem\",\"position\":2,\"name\":\"KDP Fraksiyonu: 1 Haziran itibariyle parlamenter maa\u015f\u0131 almay\u0131 reddediyoruz\"}]},{\"@type\":\"WebSite\",\"@id\":\"https:\\\/\\\/darkamazi.site\\\/#website\",\"url\":\"https:\\\/\\\/darkamazi.site\\\/\",\"name\":\"Darka Mazi\",\"description\":\"Ana Sayfa\",\"publisher\":{\"@id\":\"https:\\\/\\\/darkamazi.site\\\/#organization\"},\"potentialAction\":[{\"@type\":\"SearchAction\",\"target\":{\"@type\":\"EntryPoint\",\"urlTemplate\":\"https:\\\/\\\/darkamazi.site\\\/?s={search_term_string}\"},\"query-input\":{\"@type\":\"PropertyValueSpecification\",\"valueRequired\":true,\"valueName\":\"search_term_string\"}}],\"inLanguage\":\"en-US\"},{\"@type\":\"Organization\",\"@id\":\"https:\\\/\\\/darkamazi.site\\\/#organization\",\"name\":\"Darka Mazi T\u00fcrk\u00e7e\",\"alternateName\":\"Darka Mazi\",\"url\":\"https:\\\/\\\/darkamazi.site\\\/\",\"logo\":{\"@type\":\"ImageObject\",\"inLanguage\":\"en-US\",\"@id\":\"https:\\\/\\\/darkamazi.site\\\/#\\\/schema\\\/logo\\\/image\\\/\",\"url\":\"https:\\\/\\\/darkamazi.site\\\/darka-content\\\/uploads\\\/2017\\\/12\\\/darka-mazi-logo.png\",\"contentUrl\":\"https:\\\/\\\/darkamazi.site\\\/darka-content\\\/uploads\\\/2017\\\/12\\\/darka-mazi-logo.png\",\"width\":151,\"height\":75,\"caption\":\"Darka Mazi T\u00fcrk\u00e7e\"},\"image\":{\"@id\":\"https:\\\/\\\/darkamazi.site\\\/#\\\/schema\\\/logo\\\/image\\\/\"},\"sameAs\":[\"https:\\\/\\\/www.facebook.com\\\/DarkaMaziturkce\",\"https:\\\/\\\/x.com\\\/DarkaMaziTurkce\"]},{\"@type\":\"Person\",\"@id\":\"https:\\\/\\\/darkamazi.site\\\/#\\\/schema\\\/person\\\/67986a95ac546c16760365877ef4a9d3\",\"name\":\"darka mazi\",\"sameAs\":[\"https:\\\/\\\/darkamazi.site\"],\"url\":\"https:\\\/\\\/darkamazi.site\\\/archives\\\/author\\\/turkish\"}]}<\/script>\n<!-- \/ Yoast SEO plugin. -->","seo_head_json":{"title":"KDP Fraksiyonu: 1 Haziran itibariyle parlamenter maa\u015f\u0131 almay\u0131 reddediyoruz - Darka Mazi","robots":{"index":"index","follow":"follow","max-snippet":"max-snippet:-1","max-image-preview":"max-image-preview:large","max-video-preview":"max-video-preview:-1"},"canonical":"https:\/\/darkamazi.site\/archives\/1025526","og_locale":"en_US","og_type":"article","og_title":"KDP Fraksiyonu: 1 Haziran itibariyle parlamenter maa\u015f\u0131 almay\u0131 reddediyoruz - Darka Mazi","og_description":"K\u00fcrdistan Demokrat Partisi (KDP) Fraksiyonu, K\u00fcrdistan Parlamentosu\u2019ndaki faaliyetlerine son verdi\u011fini a\u00e7\u0131klad\u0131. KDP K\u00fcrdistan Parlamentosu Fraksiyonu Ba\u015fkan\u0131 Zana Mela Xalid d\u00fczenledi\u011fi bas\u0131n toplant\u0131s\u0131nda, Parlamento Ba\u015fkanl\u0131k Divan\u0131\u2019na 2 maddelik bir \u00f6nerge sunduklar\u0131n\u0131 belirtti. Buna g\u00f6re KDP Fraksiyonu, hem parlamenterlerinin hem de Parlamento Ba\u015fkanl\u0131k Divan\u0131\u2019ndaki temsilcisinin g\u00f6rev s\u00fcresinin sona erdi\u011fini bildirdi. \u0130kinci maddede de 1 Haziran 2023 itibariyle [&hellip;]","og_url":"https:\/\/darkamazi.site\/archives\/1025526","og_site_name":"Darka Mazi","article_publisher":"https:\/\/www.facebook.com\/DarkaMaziturkce","article_published_time":"2023-06-26T12:53:36+00:00","article_modified_time":"2026-03-31T13:20:40+00:00","og_image":[{"width":781,"height":439,"url":"https:\/\/darkamazi.site\/file\/2023\/06\/1626633518Basliksiz-6.jpg","type":"image\/jpeg"}],"author":"darka mazi","twitter_card":"summary_large_image","twitter_creator":"@DarkaMaziTurkce","twitter_site":"@DarkaMaziTurkce","twitter_misc":{"Written by":"darka mazi","Est. reading time":"1 minute"},"schema":{"@context":"https:\/\/schema.org","@graph":[{"@type":"NewsArticle","@id":"https:\/\/darkamazi.site\/archives\/1025526#article","isPartOf":{"@id":"https:\/\/darkamazi.site\/archives\/1025526"},"author":{"name":"darka mazi","@id":"https:\/\/darkamazi.site\/#\/schema\/person\/67986a95ac546c16760365877ef4a9d3"},"headline":"KDP Fraksiyonu: 1 Haziran itibariyle parlamenter maa\u015f\u0131 almay\u0131 reddediyoruz","datePublished":"2023-06-26T12:53:36+00:00","dateModified":"2026-03-31T13:20:40+00:00","mainEntityOfPage":{"@id":"https:\/\/darkamazi.site\/archives\/1025526"},"wordCount":285,"publisher":{"@id":"https:\/\/darkamazi.site\/#organization"},"image":{"@id":"https:\/\/darkamazi.site\/archives\/1025526#primaryimage"},"thumbnailUrl":"https:\/\/darkamazi.site\/file\/2023\/06\/1626633518Basliksiz-6.jpg","articleSection":["Kurdistan"],"inLanguage":"en-US"},{"@type":"WebPage","@id":"https:\/\/darkamazi.site\/archives\/1025526","url":"https:\/\/darkamazi.site\/archives\/1025526","name":"KDP Fraksiyonu: 1 Haziran itibariyle parlamenter maa\u015f\u0131 almay\u0131 reddediyoruz - Darka Mazi","isPartOf":{"@id":"https:\/\/darkamazi.site\/#website"},"primaryImageOfPage":{"@id":"https:\/\/darkamazi.site\/archives\/1025526#primaryimage"},"image":{"@id":"https:\/\/darkamazi.site\/archives\/1025526#primaryimage"},"thumbnailUrl":"https:\/\/darkamazi.site\/file\/2023\/06\/1626633518Basliksiz-6.jpg","datePublished":"2023-06-26T12:53:36+00:00","dateModified":"2026-03-31T13:20:40+00:00","breadcrumb":{"@id":"https:\/\/darkamazi.site\/archives\/1025526#breadcrumb"},"inLanguage":"en-US","potentialAction":[{"@type":"ReadAction","target":["https:\/\/darkamazi.site\/archives\/1025526"]}]},{"@type":"ImageObject","inLanguage":"en-US","@id":"https:\/\/darkamazi.site\/archives\/1025526#primaryimage","url":"https:\/\/darkamazi.site\/file\/2023\/06\/1626633518Basliksiz-6.jpg","contentUrl":"https:\/\/darkamazi.site\/file\/2023\/06\/1626633518Basliksiz-6.jpg","width":781,"height":439,"caption":"KDP Fraksiyonu: 1 Haziran itibariyle parlamenter maa\u015f\u0131 almay\u0131 reddediyoruz"},{"@type":"BreadcrumbList","@id":"https:\/\/darkamazi.site\/archives\/1025526#breadcrumb","itemListElement":[{"@type":"ListItem","position":1,"name":"Home","item":"https:\/\/darkamazi.site\/"},{"@type":"ListItem","position":2,"name":"KDP Fraksiyonu: 1 Haziran itibariyle parlamenter maa\u015f\u0131 almay\u0131 reddediyoruz"}]},{"@type":"WebSite","@id":"https:\/\/darkamazi.site\/#website","url":"https:\/\/darkamazi.site\/","name":"Darka Mazi","description":"Ana Sayfa","publisher":{"@id":"https:\/\/darkamazi.site\/#organization"},"potentialAction":[{"@type":"SearchAction","target":{"@type":"EntryPoint","urlTemplate":"https:\/\/darkamazi.site\/?s={search_term_string}"},"query-input":{"@type":"PropertyValueSpecification","valueRequired":true,"valueName":"search_term_string"}}],"inLanguage":"en-US"},{"@type":"Organization","@id":"https:\/\/darkamazi.site\/#organization","name":"Darka Mazi T\u00fcrk\u00e7e","alternateName":"Darka Mazi","url":"https:\/\/darkamazi.site\/","logo":{"@type":"ImageObject","inLanguage":"en-US","@id":"https:\/\/darkamazi.site\/#\/schema\/logo\/image\/","url":"https:\/\/darkamazi.site\/file\/2017\/12\/darka-mazi-logo.png","contentUrl":"https:\/\/darkamazi.site\/file\/2017\/12\/darka-mazi-logo.png","width":151,"height":75,"caption":"Darka Mazi T\u00fcrk\u00e7e"},"image":{"@id":"https:\/\/darkamazi.site\/#\/schema\/logo\/image\/"},"sameAs":["https:\/\/www.facebook.com\/DarkaMaziturkce","https:\/\/x.com\/DarkaMaziTurkce"]},{"@type":"Person","@id":"https:\/\/darkamazi.site\/#\/schema\/person\/67986a95ac546c16760365877ef4a9d3","name":"darka mazi","sameAs":["https:\/\/darkamazi.site"],"url":"https:\/\/darkamazi.site\/archives\/author\/turkish"}]}},"_links":{"self":[{"href":"https:\/\/darkamazi.site\/funavuv\/wp\/v2\/posts\/1025526","targetHints":{"allow":["GET"]}}],"collection":[{"href":"https:\/\/darkamazi.site\/funavuv\/wp\/v2\/posts"}],"about":[{"href":"https:\/\/darkamazi.site\/funavuv\/wp\/v2\/types\/post"}],"author":[{"embeddable":true,"href":"https:\/\/darkamazi.site\/funavuv\/wp\/v2\/users\/2"}],"replies":[{"embeddable":true,"href":"https:\/\/darkamazi.site\/funavuv\/wp\/v2\/comments?post=1025526"}],"version-history":[{"count":0,"href":"https:\/\/darkamazi.site\/funavuv\/wp\/v2\/posts\/1025526\/revisions"}],"wp:featuredmedia":[{"embeddable":true,"href":"https:\/\/darkamazi.site\/funavuv\/wp\/v2\/media\/1025527"}],"wp:attachment":[{"href":"https:\/\/darkamazi.site\/funavuv\/wp\/v2\/media?parent=1025526"}],"wp:term":[{"taxonomy":"category","embeddable":true,"href":"https:\/\/darkamazi.site\/funavuv\/wp\/v2\/categories?post=1025526"},{"taxonomy":"post_tag","embeddable":true,"href":"https:\/\/darkamazi.site\/funavuv\/wp\/v2\/tags?post=1025526"}],"curies":[{"name":"wp","href":"https:\/\/api.w.org\/{rel}","templated":true}]}}