{"id":1025549,"date":"2023-06-28T16:45:16","date_gmt":"2023-06-28T13:45:16","guid":{"rendered":"https:\/\/darkamazi.site\/?p=1025549"},"modified":"2023-06-28T16:45:16","modified_gmt":"2023-06-28T13:45:16","slug":"cemil-bayiktan-hdpnin-paradigmasini-elestirenlere-yanit-bos-konusuyorlar","status":"publish","type":"post","link":"https:\/\/darkamazi.site\/archives\/1025549","title":{"rendered":"Cemil Bay\u0131k\u2019tan HDP\u2019nin paradigmas\u0131n\u0131 ele\u015ftirenlere yan\u0131t: Bo\u015f konu\u015fuyorlar"},"content":{"rendered":"<p style=\"text-align: justify\">KCK Y\u00fcr\u00fctme Konseyi E\u015f Ba\u015fkan\u0131 Cemil Bay\u0131k PKK\u2019nin Avrupa\u2019da yay\u0131n yapan televizyonu Sterk\u2019e kat\u0131ld\u0131. Bay\u0131k konu\u015fmas\u0131nda PKK\u2019nin d\u00f6nem siyasetini a\u00e7\u0131klayan de\u011ferlendirmeler yapt\u0131. Konu\u015fmas\u0131nda \u00f6zellikle \u00d6calan\u2019\u0131n paradigmas\u0131, Suriye siyaseti gibi konularda da yorumlar yapt\u0131. Bay\u0131k ayr\u0131ca K\u00fcrdistan B\u00f6lgesel y\u00f6netimi Ba\u015fbakan\u0131 Mesrur Barzani\u2019nin T\u00fcrkiye ziyaretini de de\u011ferlendirdi.<\/p>\n<p style=\"text-align: justify\"><strong>Bay\u0131k: \u00d6nder Apo\u2019nun projesine sald\u0131r\u0131 var<\/strong><\/p>\n<p style=\"text-align: justify\">Cemil Bay\u0131k se\u00e7im s\u00fcreci ile gelen soru \u00fczerine \u201cHDP\u2019ye sald\u0131r\u0131lar oldu\u011funu\u201d iddia etti. Bay\u0131k, HDP\u2019nin se\u00e7im yenilgisi hakk\u0131nda hi\u00e7 yorum yapmad\u0131. Hatta HDP\u2019nin oy kayb\u0131na bile de\u011finmedi. HDP\u2019yi ele\u015ftirmekten \u00e7ok HDP\u2019yi ele\u015ftirenleri hedef yapt\u0131. Ve \u201cbo\u015f konu\u015fuyorlar\u201d dedi.<br \/>\nBay\u0131k, \u201cNas\u0131l ki baz\u0131lar\u0131 sorumlu bir \u015fekilde yakla\u015f\u0131yor, ba\u015far\u0131 i\u00e7in tart\u0131\u015fmalar geli\u015ftiriyorsa, buna kar\u015f\u0131 baz\u0131lar\u0131 da bo\u015f konu\u015fuyor. \u00c7\u00fcnk\u00fc toplumdan kopuklar, topluma kar\u015f\u0131 bir sorumluluk da duymuyorlar. Fa\u015fizmin, soyk\u0131r\u0131m\u0131n hizmetindeler. Bu y\u00fczden rahat konu\u015fuyorlar. Konu\u015fmalar\u0131nda daha \u00e7ok R\u00eaber Apo\u2019ya, R\u00eaber Apo\u2019nun paradigmas\u0131na, PKK\u2019ye sald\u0131r\u0131lar var. Belki baz\u0131lar\u0131 bunu a\u00e7\u0131k\u00e7a belli ediyor ama baz\u0131lar\u0131 da ince bir \u015fekilde yap\u0131yor.\u201d dedi.<\/p>\n<p style=\"text-align: justify\">Bay\u0131k HDP\u2019yi ele\u015ftirenlerin \u201cK\u00fcrt milliyet\u00e7ileri\u201d oldu\u011funu iddia etti. \u00a0Bay\u0131k \u201cK\u00fcrdistan\u2019da yurtseverlik \u00f6l\u00e7\u00fclerini Ba\u015fkan Apo yaratt\u0131, baz\u0131lar\u0131 bu milliyet\u00e7ilik ad\u0131 alt\u0131nda bu de\u011ferlere kar\u015f\u0131 duruyor\u201d dedi.<\/p>\n<p style=\"text-align: justify\"><strong>Bay\u0131k: T\u00fcrkiyelile\u015fmeyi, T\u00fcrkiye\u2019yi demokratikle\u015ftirme projesini daha fazla savunaca\u011f\u0131z<\/strong><\/p>\n<p style=\"text-align: justify\">Konu\u015fmas\u0131nda K\u00fcrdistan\u2019da milliyet\u00e7ileri hedef yapan Bay\u0131k bu \u00e7evrelerin T\u00fcrk devleti ile beraber hareket etti\u011fini iddia etti. B\u00f6ylelikle HDP\u2019yi \u201cPKK\u2019nin istedi\u011fi bi\u00e7imde ele\u015ftirmeyen\u201d herkesi bir nevi ajan ilan etti.<\/p>\n<p style=\"text-align: justify\">Bay\u0131k ayr\u0131ca konu\u015fmas\u0131 boyunca \u00d6calan\u2019\u0131n T\u00fcrkiyelile\u015fme projesine sahip \u00e7\u0131karak bu projeyi sald\u0131r\u0131y\u0131 T\u00fcrk devletinin yapt\u0131rd\u0131\u011f\u0131n\u0131 iddia etti. Ayr\u0131ca T\u00fcrk topumunum \u00d6calan\u2019\u0131n projesinden heyecan ald\u0131\u011f\u0131n\u0131 iddia etti. Fakat T\u00fcrkiye toplumunun neden HDP projesine sahip \u00e7\u0131kmad\u0131\u011f\u0131n\u0131, HDP\u2019ye yine sadece K\u00fcrtlerin oy verdi\u011fini a\u00e7\u0131klamad\u0131. Hatta K\u00fcrtlerin bu se\u00e7imde neden HDP\u2019den uzakla\u015ft\u0131\u011f\u0131 konusuna da de\u011finmedi.<\/p>\n<p style=\"text-align: justify\">Bay\u0131k konuya ili\u015fkin olarak \u015funlar\u0131 s\u00f6yledi: \u201cNas\u0131l ki T\u00fcrkiye halklar\u0131 ve K\u00fcrt halk\u0131 demokratik ulus paradigmas\u0131ndan b\u00fcy\u00fck bir heyecan ve co\u015fku duyuyor, bu temelde m\u00fccadele ediyorsa, baz\u0131lar\u0131 da bundan korkuyor ve buna sald\u0131r\u0131yor\u2026. Bunlar R\u00eaber Apo\u2019nun T\u00fcrkiye\u2019nin demokratikle\u015fme, T\u00fcrkiyelile\u015fme projesine sald\u0131r\u0131yorlar. Bu sald\u0131r\u0131larla Emek ve \u00d6zg\u00fcrl\u00fck \u0130ttifak\u0131&#8217;n\u0131 ortadan kald\u0131rmak istiyorlar. Bu s\u00fcre\u00e7te R\u00eaber Apo\u2019nun geli\u015ftirdi\u011fi projeye daha fazla sahip \u00e7\u0131kmak gerekir. Daha fazla T\u00fcrkiye\u2019nin demokratikle\u015fmesini, T\u00fcrkiyelile\u015fmeyi, halklar\u0131n birli\u011fini geli\u015ftirmeyi esas almak laz\u0131m. E\u011fer Emek ve \u00d6zg\u00fcrl\u00fck \u0130ttifak\u0131 bunlar\u0131 esas al\u0131rsa sald\u0131r\u0131lar\u0131n hepsi bo\u015fa \u00e7\u0131kar\u0131lacakt\u0131r. \u0130ttifak daha g\u00fc\u00e7l\u00fc bir \u015fekilde b\u00fcy\u00fcr.\u201d<\/p>\n<p style=\"text-align: justify\">HDP kitlesinin bile ele\u015ftirdi\u011fi Emek ve \u00d6zg\u00fcrl\u00fck ittifak\u0131na da sahip \u00e7\u0131kan Bay\u0131k bu ittifak\u0131n neden g\u00fcn ge\u00e7tik\u00e7e kan kaybetti\u011fini de a\u00e7\u0131klamad\u0131.<\/p>\n<p style=\"text-align: justify\">Bay\u0131k yine konu\u015fmas\u0131nda K\u00fcrdistan halk\u0131n\u0131 tecride kar\u015f\u0131 eylem yapmaya \u00e7a\u011f\u0131rd\u0131.<\/p>\n<p style=\"text-align: justify\"><strong>ANF Cemil Bay\u0131k\u2019\u0131n Ba\u015fbakan Barzani\u2019nin T\u00fcrkiye ziyareti yorumunu vermedi<\/strong><\/p>\n<p style=\"text-align: justify\">K\u00fcrdistan B\u00f6lgesi Ba\u015fbakan\u0131 Mesrur Barzani\u2019nin T\u00fcrkiye ziyareti \u00f6n\u00fcm\u00fczdeki d\u00f6nem siyaseti i\u00e7in olduk\u00e7a \u00f6nemliydi. Fakat PKK medyas\u0131 ilk g\u00fcnden bu yana bu ziyaret \u00fczerinde \u015faibe yaratmak i\u00e7in giri\u015fimlerde bulundu.<\/p>\n<p style=\"text-align: justify\">PKK T\u00fcrkiye\u2019de May\u0131s ay\u0131nda yap\u0131lan se\u00e7imlerdeki beklentisini bulamamas\u0131 ve kitlesinde ya\u015fanan k\u0131r\u0131lmadan sonra d\u0131\u015f bir d\u00fc\u015fman yaratarak kendini motive etmeye \u00e7al\u0131\u015f\u0131yor. Yine her zaman oldu\u011fu gibi KDP\u2019yi hedef yap\u0131yor.<\/p>\n<p style=\"text-align: justify\">Bu kez de Mesrur Barzani\u2019nin T\u00fcrkiye ziyareti \u00fczerinden yorumlar yapt\u0131lar.<\/p>\n<p style=\"text-align: justify\">Cemil Bay\u0131k\u2019da konu\u015fmas\u0131nda bu ziyarete ili\u015fkin yorumlarda bulundu. Fakat ilgin\u00e7 bir bi\u00e7imde ANF Bay\u0131k\u2019\u0131n bu konuya ili\u015fkin yorumlar\u0131n\u0131 yer vermedi. ANF\u2019nin neden konuyu yaz\u0131l\u0131 hale getirmedi\u011fi bilinmiyor. Fakat PKK\u2019ye yak\u0131n \u00e7evreler \u201cBay\u0131k\u2019\u0131n konu\u015fmas\u0131ndaki ifadelerin yeteri kadar sert olmad\u0131\u011f\u0131 i\u00e7in verilmemi\u015f ola bilece\u011fini\u201d s\u00f6yl\u00fcyor.<\/p>\n<p style=\"text-align: justify\">Bay\u0131k konu\u015fmas\u0131nda \u201cMesrur Barzani\u2019nin g\u00f6r\u00fc\u015fmelerinin ard\u0131ndan Qami\u015flo\u2019ya sald\u0131r\u0131 oldu ve Qami\u015flo Kantonu E\u015fba\u015fkan\u0131 Yusra Derw\u00ea\u015f, E\u015fba\u015fkan Yard\u0131mc\u0131s\u0131 Leyman \u015eiw\u00ea\u015f ve Meclis \u00dcyesi Firat T\u00fbma \u015fehit d\u00fc\u015ft\u00fc.\u201d dedi. Fakat bunun Mesrur Barzani\u2019nin T\u00fcrkiye ziyareti ile ne alakas\u0131 oldu\u011funu a\u00e7\u0131klayamad\u0131. \u00c7\u00fcnk\u00fc Qami\u015flo Rojava\u2019n\u0131n bir kenti ve neredeyse haftada iki kez dron sald\u0131r\u0131s\u0131 oluyor ve PKK y\u00f6neticileri hedef al\u0131n\u0131yor. Yani Qam\u0131\u015flo\u2019da PKK y\u00f6neticisi Yekbun Amude kod adl\u0131 Leyman \u015eiwe\u015f ve beraberindekilerin hedef al\u0131nmas\u0131n\u0131n Mesrur Barzani ile ilgisi yok.<br \/>\n<strong>PKK hangi g\u00f6r\u00fc\u015fmesini a\u00e7\u0131klam\u0131\u015f ki, ba\u015fkalar\u0131n\u0131n g\u00f6r\u00fc\u015fmelerinden a\u00e7\u0131klama bekliyor<\/strong><\/p>\n<p style=\"text-align: justify\">Cemil Bay\u0131k Ba\u015fbakan Barzani\u2019nin T\u00fcrkiye g\u00f6r\u00fc\u015fmelerine d\u00f6n\u00fck a\u00e7\u0131klama yapmas\u0131n\u0131 istedi. Kald\u0131 ki g\u00f6r\u00fc\u015fme aleni bi\u00e7imde yap\u0131lm\u0131\u015f ve gerekli a\u00e7\u0131klamalar yap\u0131lm\u0131\u015ft\u0131.<\/p>\n<p style=\"text-align: justify\">PKK\u2019yi yak\u0131ndan takip eden siyasi g\u00f6zlemciler PKK\u2019nin 40 y\u0131ld\u0131r Suriye, \u0130ran, Irak ve T\u00fcrkiye istihbaratlar\u0131 ile gizli ili\u015fkiler geli\u015ftiren ve yapt\u0131\u011f\u0131 hi\u00e7bir g\u00f6r\u00fc\u015fme i\u00e7in a\u00e7\u0131klama yapmayan PKK\u2019nin \u00f6ncelikle kendi gizli g\u00f6r\u00fc\u015fmelerini a\u00e7\u0131klamalar\u0131 gerekti\u011fini d\u00fc\u015f\u00fcn\u00fcyor.<\/p>\n<p style=\"text-align: justify\">Darka Mazi\u2019nin ba\u015f vurdu\u011fu siyasi g\u00f6zlemciler \u201cPKK\u2019nin di\u011fer devletlerle yapt\u0131\u011f\u0131 g\u00f6r\u00fc\u015fmeler bir yana, K\u00fcrdistan B\u00f6lgesi kar\u015f\u0131t\u0131 koalisyonla yapt\u0131\u011f\u0131 g\u00f6r\u00fc\u015fmeleri hat\u0131rlatarak, K\u00fcrt gen\u00e7lerinin koluna Ha\u015fdi \u015eabi armas\u0131 takarak, \u015eengal\u2019i ve Kerk\u00fck\u2019\u00fc K\u00fcrdistan koparma projesine sahip PKK\u2019nin \u00f6nce \u00e7\u0131k\u0131p kendi bu ihanetini a\u00e7\u0131klamas\u0131 gerekir\u201d dediler.<br \/>\nAyr\u0131ca siyasi g\u00f6zlemciler \u201cCemil Bay\u0131k hangi s\u0131fatla yap\u0131lan g\u00f6r\u00fc\u015fmelerin i\u00e7eri\u011fini soruyor. K\u00fcrdistan B\u00f6lgesi me\u015fru bir yap\u0131d\u0131r. Ba\u015fkan sadece K\u00fcrdistan halk\u0131na kar\u015f\u0131 sorumludur. Bay\u0131k ne kanuni ne me\u015fru yap\u0131d\u0131r. \u0130ran ve \u0131rak ile Hewler\u2019i ku\u015fatma, K\u00fcrdistan B\u00f6lgesi\u2019ni k\u00fc\u00e7\u00fcltme projesinin ta\u015feronudur\u201d dedi.<\/p>\n","protected":false},"excerpt":{"rendered":"<p>KCK Y\u00fcr\u00fctme Konseyi E\u015f Ba\u015fkan\u0131 Cemil Bay\u0131k PKK\u2019nin Avrupa\u2019da yay\u0131n yapan televizyonu Sterk\u2019e kat\u0131ld\u0131. Bay\u0131k konu\u015fmas\u0131nda PKK\u2019nin d\u00f6nem siyasetini a\u00e7\u0131klayan de\u011ferlendirmeler yapt\u0131. Konu\u015fmas\u0131nda \u00f6zellikle \u00d6calan\u2019\u0131n paradigmas\u0131, Suriye siyaseti gibi konularda da yorumlar yapt\u0131. Bay\u0131k ayr\u0131ca K\u00fcrdistan B\u00f6lgesel y\u00f6netimi Ba\u015fbakan\u0131 Mesrur Barzani\u2019nin T\u00fcrkiye ziyaretini de de\u011ferlendirdi. Bay\u0131k: \u00d6nder Apo\u2019nun projesine sald\u0131r\u0131 var Cemil Bay\u0131k se\u00e7im s\u00fcreci [&hellip;]<\/p>\n","protected":false},"author":2,"featured_media":1025550,"comment_status":"closed","ping_status":"closed","sticky":false,"template":"","format":"standard","meta":{"footnotes":""},"categories":[3],"tags":[31],"class_list":["post-1025549","post","type-post","status-publish","format-standard","has-post-thumbnail","hentry","category-kurdistan","tag-onemli"],"blocksy_meta":[],"seo_head":"<!-- This site is optimized with the Yoast SEO plugin v27.5 - https:\/\/yoast.com\/product\/yoast-seo-wordpress\/ -->\n<title>Cemil Bay\u0131k\u2019tan HDP\u2019nin paradigmas\u0131n\u0131 ele\u015ftirenlere yan\u0131t: Bo\u015f konu\u015fuyorlar - Darka Mazi<\/title>\n<meta name=\"robots\" content=\"index, follow, max-snippet:-1, max-image-preview:large, max-video-preview:-1\" \/>\n<link rel=\"canonical\" href=\"https:\/\/darkamazi.site\/archives\/1025549\" \/>\n<meta property=\"og:locale\" content=\"en_US\" \/>\n<meta property=\"og:type\" content=\"article\" \/>\n<meta property=\"og:title\" content=\"Cemil Bay\u0131k\u2019tan HDP\u2019nin paradigmas\u0131n\u0131 ele\u015ftirenlere yan\u0131t: Bo\u015f konu\u015fuyorlar - Darka Mazi\" \/>\n<meta property=\"og:description\" content=\"KCK Y\u00fcr\u00fctme Konseyi E\u015f Ba\u015fkan\u0131 Cemil Bay\u0131k PKK\u2019nin Avrupa\u2019da yay\u0131n yapan televizyonu Sterk\u2019e kat\u0131ld\u0131. Bay\u0131k konu\u015fmas\u0131nda PKK\u2019nin d\u00f6nem siyasetini a\u00e7\u0131klayan de\u011ferlendirmeler yapt\u0131. Konu\u015fmas\u0131nda \u00f6zellikle \u00d6calan\u2019\u0131n paradigmas\u0131, Suriye siyaseti gibi konularda da yorumlar yapt\u0131. Bay\u0131k ayr\u0131ca K\u00fcrdistan B\u00f6lgesel y\u00f6netimi Ba\u015fbakan\u0131 Mesrur Barzani\u2019nin T\u00fcrkiye ziyaretini de de\u011ferlendirdi. Bay\u0131k: \u00d6nder Apo\u2019nun projesine sald\u0131r\u0131 var Cemil Bay\u0131k se\u00e7im s\u00fcreci [&hellip;]\" \/>\n<meta property=\"og:url\" content=\"https:\/\/darkamazi.site\/archives\/1025549\" \/>\n<meta property=\"og:site_name\" content=\"Darka Mazi\" \/>\n<meta property=\"article:publisher\" content=\"https:\/\/www.facebook.com\/DarkaMaziturkce\" \/>\n<meta property=\"article:published_time\" content=\"2023-06-28T13:45:16+00:00\" \/>\n<meta property=\"og:image\" content=\"https:\/\/darkamazi.site\/file\/2023\/06\/Cemi-Bayik-diyalog.jpg\" \/>\n\t<meta property=\"og:image:width\" content=\"900\" \/>\n\t<meta property=\"og:image:height\" content=\"507\" \/>\n\t<meta property=\"og:image:type\" content=\"image\/jpeg\" \/>\n<meta name=\"author\" content=\"darka mazi\" \/>\n<meta name=\"twitter:card\" content=\"summary_large_image\" \/>\n<meta name=\"twitter:creator\" content=\"@DarkaMaziTurkce\" \/>\n<meta name=\"twitter:site\" content=\"@DarkaMaziTurkce\" \/>\n<meta name=\"twitter:label1\" content=\"Written by\" \/>\n\t<meta name=\"twitter:data1\" content=\"darka mazi\" \/>\n\t<meta name=\"twitter:label2\" content=\"Est. reading time\" \/>\n\t<meta name=\"twitter:data2\" content=\"6 minutes\" \/>\n<script type=\"application\/ld+json\" class=\"seo-schema-graph\">{\"@context\":\"https:\\\/\\\/schema.org\",\"@graph\":[{\"@type\":\"NewsArticle\",\"@id\":\"https:\\\/\\\/darkamazi.site\\\/archives\\\/1025549#article\",\"isPartOf\":{\"@id\":\"https:\\\/\\\/darkamazi.site\\\/archives\\\/1025549\"},\"author\":{\"name\":\"darka mazi\",\"@id\":\"https:\\\/\\\/darkamazi.site\\\/#\\\/schema\\\/person\\\/67986a95ac546c16760365877ef4a9d3\"},\"headline\":\"Cemil Bay\u0131k\u2019tan HDP\u2019nin paradigmas\u0131n\u0131 ele\u015ftirenlere yan\u0131t: Bo\u015f konu\u015fuyorlar\",\"datePublished\":\"2023-06-28T13:45:16+00:00\",\"mainEntityOfPage\":{\"@id\":\"https:\\\/\\\/darkamazi.site\\\/archives\\\/1025549\"},\"wordCount\":1145,\"publisher\":{\"@id\":\"https:\\\/\\\/darkamazi.site\\\/#organization\"},\"image\":{\"@id\":\"https:\\\/\\\/darkamazi.site\\\/archives\\\/1025549#primaryimage\"},\"thumbnailUrl\":\"https:\\\/\\\/darkamazi.site\\\/darka-content\\\/uploads\\\/2023\\\/06\\\/Cemi-Bayik-diyalog.jpg\",\"keywords\":[\"\u00f6nemli\"],\"articleSection\":[\"Kurdistan\"],\"inLanguage\":\"en-US\"},{\"@type\":\"WebPage\",\"@id\":\"https:\\\/\\\/darkamazi.site\\\/archives\\\/1025549\",\"url\":\"https:\\\/\\\/darkamazi.site\\\/archives\\\/1025549\",\"name\":\"Cemil Bay\u0131k\u2019tan HDP\u2019nin paradigmas\u0131n\u0131 ele\u015ftirenlere yan\u0131t: Bo\u015f konu\u015fuyorlar - Darka Mazi\",\"isPartOf\":{\"@id\":\"https:\\\/\\\/darkamazi.site\\\/#website\"},\"primaryImageOfPage\":{\"@id\":\"https:\\\/\\\/darkamazi.site\\\/archives\\\/1025549#primaryimage\"},\"image\":{\"@id\":\"https:\\\/\\\/darkamazi.site\\\/archives\\\/1025549#primaryimage\"},\"thumbnailUrl\":\"https:\\\/\\\/darkamazi.site\\\/darka-content\\\/uploads\\\/2023\\\/06\\\/Cemi-Bayik-diyalog.jpg\",\"datePublished\":\"2023-06-28T13:45:16+00:00\",\"breadcrumb\":{\"@id\":\"https:\\\/\\\/darkamazi.site\\\/archives\\\/1025549#breadcrumb\"},\"inLanguage\":\"en-US\",\"potentialAction\":[{\"@type\":\"ReadAction\",\"target\":[\"https:\\\/\\\/darkamazi.site\\\/archives\\\/1025549\"]}]},{\"@type\":\"ImageObject\",\"inLanguage\":\"en-US\",\"@id\":\"https:\\\/\\\/darkamazi.site\\\/archives\\\/1025549#primaryimage\",\"url\":\"https:\\\/\\\/darkamazi.site\\\/darka-content\\\/uploads\\\/2023\\\/06\\\/Cemi-Bayik-diyalog.jpg\",\"contentUrl\":\"https:\\\/\\\/darkamazi.site\\\/darka-content\\\/uploads\\\/2023\\\/06\\\/Cemi-Bayik-diyalog.jpg\",\"width\":900,\"height\":507,\"caption\":\"Cemil Bay\u0131k\u2019tan HDP\u2019nin paradigmas\u0131n\u0131 ele\u015ftirenlere yan\u0131t: Bo\u015f konu\u015fuyorlar, HDP; Mesrur Barzani, Ha\u015fdi \u015eabi, PKK, KCK,\"},{\"@type\":\"BreadcrumbList\",\"@id\":\"https:\\\/\\\/darkamazi.site\\\/archives\\\/1025549#breadcrumb\",\"itemListElement\":[{\"@type\":\"ListItem\",\"position\":1,\"name\":\"Home\",\"item\":\"https:\\\/\\\/darkamazi.site\\\/\"},{\"@type\":\"ListItem\",\"position\":2,\"name\":\"Cemil Bay\u0131k\u2019tan HDP\u2019nin paradigmas\u0131n\u0131 ele\u015ftirenlere yan\u0131t: Bo\u015f konu\u015fuyorlar\"}]},{\"@type\":\"WebSite\",\"@id\":\"https:\\\/\\\/darkamazi.site\\\/#website\",\"url\":\"https:\\\/\\\/darkamazi.site\\\/\",\"name\":\"Darka Mazi\",\"description\":\"Ana Sayfa\",\"publisher\":{\"@id\":\"https:\\\/\\\/darkamazi.site\\\/#organization\"},\"potentialAction\":[{\"@type\":\"SearchAction\",\"target\":{\"@type\":\"EntryPoint\",\"urlTemplate\":\"https:\\\/\\\/darkamazi.site\\\/?s={search_term_string}\"},\"query-input\":{\"@type\":\"PropertyValueSpecification\",\"valueRequired\":true,\"valueName\":\"search_term_string\"}}],\"inLanguage\":\"en-US\"},{\"@type\":\"Organization\",\"@id\":\"https:\\\/\\\/darkamazi.site\\\/#organization\",\"name\":\"Darka Mazi T\u00fcrk\u00e7e\",\"alternateName\":\"Darka Mazi\",\"url\":\"https:\\\/\\\/darkamazi.site\\\/\",\"logo\":{\"@type\":\"ImageObject\",\"inLanguage\":\"en-US\",\"@id\":\"https:\\\/\\\/darkamazi.site\\\/#\\\/schema\\\/logo\\\/image\\\/\",\"url\":\"https:\\\/\\\/darkamazi.site\\\/darka-content\\\/uploads\\\/2017\\\/12\\\/darka-mazi-logo.png\",\"contentUrl\":\"https:\\\/\\\/darkamazi.site\\\/darka-content\\\/uploads\\\/2017\\\/12\\\/darka-mazi-logo.png\",\"width\":151,\"height\":75,\"caption\":\"Darka Mazi T\u00fcrk\u00e7e\"},\"image\":{\"@id\":\"https:\\\/\\\/darkamazi.site\\\/#\\\/schema\\\/logo\\\/image\\\/\"},\"sameAs\":[\"https:\\\/\\\/www.facebook.com\\\/DarkaMaziturkce\",\"https:\\\/\\\/x.com\\\/DarkaMaziTurkce\"]},{\"@type\":\"Person\",\"@id\":\"https:\\\/\\\/darkamazi.site\\\/#\\\/schema\\\/person\\\/67986a95ac546c16760365877ef4a9d3\",\"name\":\"darka mazi\",\"sameAs\":[\"https:\\\/\\\/darkamazi.site\"],\"url\":\"https:\\\/\\\/darkamazi.site\\\/archives\\\/author\\\/turkish\"}]}<\/script>\n<!-- \/ Yoast SEO plugin. -->","seo_head_json":{"title":"Cemil Bay\u0131k\u2019tan HDP\u2019nin paradigmas\u0131n\u0131 ele\u015ftirenlere yan\u0131t: Bo\u015f konu\u015fuyorlar - Darka Mazi","robots":{"index":"index","follow":"follow","max-snippet":"max-snippet:-1","max-image-preview":"max-image-preview:large","max-video-preview":"max-video-preview:-1"},"canonical":"https:\/\/darkamazi.site\/archives\/1025549","og_locale":"en_US","og_type":"article","og_title":"Cemil Bay\u0131k\u2019tan HDP\u2019nin paradigmas\u0131n\u0131 ele\u015ftirenlere yan\u0131t: Bo\u015f konu\u015fuyorlar - Darka Mazi","og_description":"KCK Y\u00fcr\u00fctme Konseyi E\u015f Ba\u015fkan\u0131 Cemil Bay\u0131k PKK\u2019nin Avrupa\u2019da yay\u0131n yapan televizyonu Sterk\u2019e kat\u0131ld\u0131. Bay\u0131k konu\u015fmas\u0131nda PKK\u2019nin d\u00f6nem siyasetini a\u00e7\u0131klayan de\u011ferlendirmeler yapt\u0131. Konu\u015fmas\u0131nda \u00f6zellikle \u00d6calan\u2019\u0131n paradigmas\u0131, Suriye siyaseti gibi konularda da yorumlar yapt\u0131. Bay\u0131k ayr\u0131ca K\u00fcrdistan B\u00f6lgesel y\u00f6netimi Ba\u015fbakan\u0131 Mesrur Barzani\u2019nin T\u00fcrkiye ziyaretini de de\u011ferlendirdi. Bay\u0131k: \u00d6nder Apo\u2019nun projesine sald\u0131r\u0131 var Cemil Bay\u0131k se\u00e7im s\u00fcreci [&hellip;]","og_url":"https:\/\/darkamazi.site\/archives\/1025549","og_site_name":"Darka Mazi","article_publisher":"https:\/\/www.facebook.com\/DarkaMaziturkce","article_published_time":"2023-06-28T13:45:16+00:00","og_image":[{"width":900,"height":507,"url":"https:\/\/darkamazi.site\/file\/2023\/06\/Cemi-Bayik-diyalog.jpg","type":"image\/jpeg"}],"author":"darka mazi","twitter_card":"summary_large_image","twitter_creator":"@DarkaMaziTurkce","twitter_site":"@DarkaMaziTurkce","twitter_misc":{"Written by":"darka mazi","Est. reading time":"6 minutes"},"schema":{"@context":"https:\/\/schema.org","@graph":[{"@type":"NewsArticle","@id":"https:\/\/darkamazi.site\/archives\/1025549#article","isPartOf":{"@id":"https:\/\/darkamazi.site\/archives\/1025549"},"author":{"name":"darka mazi","@id":"https:\/\/darkamazi.site\/#\/schema\/person\/67986a95ac546c16760365877ef4a9d3"},"headline":"Cemil Bay\u0131k\u2019tan HDP\u2019nin paradigmas\u0131n\u0131 ele\u015ftirenlere yan\u0131t: Bo\u015f konu\u015fuyorlar","datePublished":"2023-06-28T13:45:16+00:00","mainEntityOfPage":{"@id":"https:\/\/darkamazi.site\/archives\/1025549"},"wordCount":1145,"publisher":{"@id":"https:\/\/darkamazi.site\/#organization"},"image":{"@id":"https:\/\/darkamazi.site\/archives\/1025549#primaryimage"},"thumbnailUrl":"https:\/\/darkamazi.site\/file\/2023\/06\/Cemi-Bayik-diyalog.jpg","keywords":["\u00f6nemli"],"articleSection":["Kurdistan"],"inLanguage":"en-US"},{"@type":"WebPage","@id":"https:\/\/darkamazi.site\/archives\/1025549","url":"https:\/\/darkamazi.site\/archives\/1025549","name":"Cemil Bay\u0131k\u2019tan HDP\u2019nin paradigmas\u0131n\u0131 ele\u015ftirenlere yan\u0131t: Bo\u015f konu\u015fuyorlar - Darka Mazi","isPartOf":{"@id":"https:\/\/darkamazi.site\/#website"},"primaryImageOfPage":{"@id":"https:\/\/darkamazi.site\/archives\/1025549#primaryimage"},"image":{"@id":"https:\/\/darkamazi.site\/archives\/1025549#primaryimage"},"thumbnailUrl":"https:\/\/darkamazi.site\/file\/2023\/06\/Cemi-Bayik-diyalog.jpg","datePublished":"2023-06-28T13:45:16+00:00","breadcrumb":{"@id":"https:\/\/darkamazi.site\/archives\/1025549#breadcrumb"},"inLanguage":"en-US","potentialAction":[{"@type":"ReadAction","target":["https:\/\/darkamazi.site\/archives\/1025549"]}]},{"@type":"ImageObject","inLanguage":"en-US","@id":"https:\/\/darkamazi.site\/archives\/1025549#primaryimage","url":"https:\/\/darkamazi.site\/file\/2023\/06\/Cemi-Bayik-diyalog.jpg","contentUrl":"https:\/\/darkamazi.site\/file\/2023\/06\/Cemi-Bayik-diyalog.jpg","width":900,"height":507,"caption":"Cemil Bay\u0131k\u2019tan HDP\u2019nin paradigmas\u0131n\u0131 ele\u015ftirenlere yan\u0131t: Bo\u015f konu\u015fuyorlar, HDP; Mesrur Barzani, Ha\u015fdi \u015eabi, PKK, KCK,"},{"@type":"BreadcrumbList","@id":"https:\/\/darkamazi.site\/archives\/1025549#breadcrumb","itemListElement":[{"@type":"ListItem","position":1,"name":"Home","item":"https:\/\/darkamazi.site\/"},{"@type":"ListItem","position":2,"name":"Cemil Bay\u0131k\u2019tan HDP\u2019nin paradigmas\u0131n\u0131 ele\u015ftirenlere yan\u0131t: Bo\u015f konu\u015fuyorlar"}]},{"@type":"WebSite","@id":"https:\/\/darkamazi.site\/#website","url":"https:\/\/darkamazi.site\/","name":"Darka Mazi","description":"Ana Sayfa","publisher":{"@id":"https:\/\/darkamazi.site\/#organization"},"potentialAction":[{"@type":"SearchAction","target":{"@type":"EntryPoint","urlTemplate":"https:\/\/darkamazi.site\/?s={search_term_string}"},"query-input":{"@type":"PropertyValueSpecification","valueRequired":true,"valueName":"search_term_string"}}],"inLanguage":"en-US"},{"@type":"Organization","@id":"https:\/\/darkamazi.site\/#organization","name":"Darka Mazi T\u00fcrk\u00e7e","alternateName":"Darka Mazi","url":"https:\/\/darkamazi.site\/","logo":{"@type":"ImageObject","inLanguage":"en-US","@id":"https:\/\/darkamazi.site\/#\/schema\/logo\/image\/","url":"https:\/\/darkamazi.site\/file\/2017\/12\/darka-mazi-logo.png","contentUrl":"https:\/\/darkamazi.site\/file\/2017\/12\/darka-mazi-logo.png","width":151,"height":75,"caption":"Darka Mazi T\u00fcrk\u00e7e"},"image":{"@id":"https:\/\/darkamazi.site\/#\/schema\/logo\/image\/"},"sameAs":["https:\/\/www.facebook.com\/DarkaMaziturkce","https:\/\/x.com\/DarkaMaziTurkce"]},{"@type":"Person","@id":"https:\/\/darkamazi.site\/#\/schema\/person\/67986a95ac546c16760365877ef4a9d3","name":"darka mazi","sameAs":["https:\/\/darkamazi.site"],"url":"https:\/\/darkamazi.site\/archives\/author\/turkish"}]}},"_links":{"self":[{"href":"https:\/\/darkamazi.site\/funavuv\/wp\/v2\/posts\/1025549","targetHints":{"allow":["GET"]}}],"collection":[{"href":"https:\/\/darkamazi.site\/funavuv\/wp\/v2\/posts"}],"about":[{"href":"https:\/\/darkamazi.site\/funavuv\/wp\/v2\/types\/post"}],"author":[{"embeddable":true,"href":"https:\/\/darkamazi.site\/funavuv\/wp\/v2\/users\/2"}],"replies":[{"embeddable":true,"href":"https:\/\/darkamazi.site\/funavuv\/wp\/v2\/comments?post=1025549"}],"version-history":[{"count":0,"href":"https:\/\/darkamazi.site\/funavuv\/wp\/v2\/posts\/1025549\/revisions"}],"wp:featuredmedia":[{"embeddable":true,"href":"https:\/\/darkamazi.site\/funavuv\/wp\/v2\/media\/1025550"}],"wp:attachment":[{"href":"https:\/\/darkamazi.site\/funavuv\/wp\/v2\/media?parent=1025549"}],"wp:term":[{"taxonomy":"category","embeddable":true,"href":"https:\/\/darkamazi.site\/funavuv\/wp\/v2\/categories?post=1025549"},{"taxonomy":"post_tag","embeddable":true,"href":"https:\/\/darkamazi.site\/funavuv\/wp\/v2\/tags?post=1025549"}],"curies":[{"name":"wp","href":"https:\/\/api.w.org\/{rel}","templated":true}]}}