{"id":1025557,"date":"2023-07-01T20:30:21","date_gmt":"2023-07-01T17:30:21","guid":{"rendered":"https:\/\/darkamazi.site\/?p=1025557"},"modified":"2023-07-01T20:30:21","modified_gmt":"2023-07-01T17:30:21","slug":"afganistanli-kurt-afganistanda-350-binden-fazla-kurt-yasiyor","status":"publish","type":"post","link":"https:\/\/darkamazi.site\/archives\/1025557","title":{"rendered":"Afganistanl\u0131 K\u00fcrt: Afganistan\u2019da 350 binden fazla K\u00fcrt ya\u015f\u0131yor"},"content":{"rendered":"<p style=\"text-align: justify\">\u00a0Afganistanl\u0131 K\u00fcrt Muhammed Nadir yapt\u0131\u011f\u0131 a\u00e7\u0131klamada,\u00a0K\u00fcrtlerin Afganistan\u2019a g\u00f6\u00e7 etmesini hat\u0131rlad\u0131\u011f\u0131n\u0131 belirterek Afganistan&#8217;da y\u00fcz binlerce K\u00fcrt&#8217;\u00fcn ya\u015fad\u0131\u011f\u0131n\u0131 kaydetti.<\/p>\n<p style=\"text-align: justify\">\u00a0Afganistanl\u0131 K\u00fcrt Muhammed Nadir, K24\u2019\u00fcn haberine g\u00f6re, Afganistan\u2019da y\u00fczbinlerce K\u00fcrt\u2019\u00fcn ya\u015fad\u0131\u011f\u0131n\u0131 s\u00f6yledi.<\/p>\n<p style=\"text-align: justify\">Afganistanl\u0131 bir K\u00fcrt, K\u00fcrdistan B\u00f6lgesi H\u00fck\u00fcmeti\u2019nin Washington Temsilcili\u011fi\u2019nde K\u00fcrt kurtulu\u015f m\u00fccadelesi tarihine ili\u015fkin foto\u011fraf sergisini ziyareti s\u0131ras\u0131nda K24\u2019e yapt\u0131\u011f\u0131 a\u00e7\u0131klamada, Afganistan\u2019da y\u00fczbinlerce K\u00fcrt\u2019\u00fcn ya\u015fad\u0131\u011f\u0131n\u0131 s\u00f6yledi.<\/p>\n<p style=\"text-align: justify\">Afganistanl\u0131 K\u00fcrt vatanda\u015f\u0131 Muhammed Nadir, sergiyi gezdi\u011finde K\u00fcrtlerin Afganistan\u2019a g\u00f6\u00e7 etmesini hat\u0131rlad\u0131\u011f\u0131n\u0131 kaydederek, Afganistan kurulunca K\u00fcrtlerin bu \u00fclkeye g\u00f6\u00e7 etti\u011fini, daha \u00f6nce de Afganistan\u2019da K\u00fcrtlerin bulundu\u011funu belirtti.<\/p>\n<p style=\"text-align: justify\">Nadir, \u201c13 ve 14\u2019\u00fcnc\u00fc y\u00fczy\u0131llarda orada h\u00fck\u00fcm s\u00fcrd\u00fcler. Ama \u00f6zellikle bizim milletimiz veya a\u015firetimiz bir K\u00fcrt a\u015fireti olarak Ahmed \u015eah Abdali devrinde Afganistan&#8217;a gelip yerle\u015fmi\u015ftir. Afganistan&#8217;da ya\u015fayan ve Afganistan&#8217;da ayn\u0131 \u0131rktan ve milliyetten karde\u015fleriniz olan K\u00fcrt karde\u015flerinizin de yi\u011fit milletinizin birer par\u00e7as\u0131 olarak birbirlerini tan\u0131malar\u0131n\u0131 ve yak\u0131ndan g\u00f6rmelerini temenni ediyorum\u201d dedi.<\/p>\n<p style=\"text-align: justify\">\u201cAfganistan&#8217;daki yakla\u015f\u0131k 350 bin ila 385 aras\u0131 K\u00fcrt\u2019\u00fcn tamam\u0131 dillerini unutmu\u015f durumda, \u00e7ok az\u0131 ya\u015fl\u0131 ise bir dereceye kadar K\u00fcrt\u00e7e konu\u015fmaktad\u0131r\u201d diyen Nadir, \u201cK\u00fcrtler hakk\u0131nda duydu\u011fum ve okudu\u011fum her \u015fey burada resmedilmi\u015f. \u00d6zellikle Say\u0131n Barzani\u2019nin babas\u0131 Molla Mustafa Barzani&#8217;nin resmini g\u00f6rd\u00fcm. K\u00fcrt k\u00fclt\u00fcr\u00fcnden ve m\u00fccadelesinden bahseden ba\u015fka resimler de g\u00f6rd\u00fcm. Cesur bir milletin hayat\u0131, yi\u011fit insanlar, imajs\u0131z efsaneler, bizde asl\u0131nda bir duygu ve te\u015fvik olu\u015fturdu\u201d ifadelerini kulland\u0131.<\/p>\n","protected":false},"excerpt":{"rendered":"<p>\u00a0Afganistanl\u0131 K\u00fcrt Muhammed Nadir yapt\u0131\u011f\u0131 a\u00e7\u0131klamada,\u00a0K\u00fcrtlerin Afganistan\u2019a g\u00f6\u00e7 etmesini hat\u0131rlad\u0131\u011f\u0131n\u0131 belirterek Afganistan&#8217;da y\u00fcz binlerce K\u00fcrt&#8217;\u00fcn ya\u015fad\u0131\u011f\u0131n\u0131 kaydetti. \u00a0Afganistanl\u0131 K\u00fcrt Muhammed Nadir, K24\u2019\u00fcn haberine g\u00f6re, Afganistan\u2019da y\u00fczbinlerce K\u00fcrt\u2019\u00fcn ya\u015fad\u0131\u011f\u0131n\u0131 s\u00f6yledi. Afganistanl\u0131 bir K\u00fcrt, K\u00fcrdistan B\u00f6lgesi H\u00fck\u00fcmeti\u2019nin Washington Temsilcili\u011fi\u2019nde K\u00fcrt kurtulu\u015f m\u00fccadelesi tarihine ili\u015fkin foto\u011fraf sergisini ziyareti s\u0131ras\u0131nda K24\u2019e yapt\u0131\u011f\u0131 a\u00e7\u0131klamada, Afganistan\u2019da y\u00fczbinlerce K\u00fcrt\u2019\u00fcn ya\u015fad\u0131\u011f\u0131n\u0131 s\u00f6yledi. Afganistanl\u0131 [&hellip;]<\/p>\n","protected":false},"author":2,"featured_media":1025558,"comment_status":"closed","ping_status":"closed","sticky":false,"template":"","format":"standard","meta":{"footnotes":""},"categories":[3],"tags":[],"class_list":["post-1025557","post","type-post","status-publish","format-standard","has-post-thumbnail","hentry","category-kurdistan"],"blocksy_meta":[],"seo_head":"<!-- This site is optimized with the Yoast SEO plugin v27.5 - https:\/\/yoast.com\/product\/yoast-seo-wordpress\/ -->\n<title>Afganistanl\u0131 K\u00fcrt: Afganistan\u2019da 350 binden fazla K\u00fcrt ya\u015f\u0131yor - Darka Mazi<\/title>\n<meta name=\"robots\" content=\"index, follow, max-snippet:-1, max-image-preview:large, max-video-preview:-1\" \/>\n<link rel=\"canonical\" href=\"https:\/\/darkamazi.site\/archives\/1025557\" \/>\n<meta property=\"og:locale\" content=\"en_US\" \/>\n<meta property=\"og:type\" content=\"article\" \/>\n<meta property=\"og:title\" content=\"Afganistanl\u0131 K\u00fcrt: Afganistan\u2019da 350 binden fazla K\u00fcrt ya\u015f\u0131yor - Darka Mazi\" \/>\n<meta property=\"og:description\" content=\"\u00a0Afganistanl\u0131 K\u00fcrt Muhammed Nadir yapt\u0131\u011f\u0131 a\u00e7\u0131klamada,\u00a0K\u00fcrtlerin Afganistan\u2019a g\u00f6\u00e7 etmesini hat\u0131rlad\u0131\u011f\u0131n\u0131 belirterek Afganistan&#8217;da y\u00fcz binlerce K\u00fcrt&#8217;\u00fcn ya\u015fad\u0131\u011f\u0131n\u0131 kaydetti. \u00a0Afganistanl\u0131 K\u00fcrt Muhammed Nadir, K24\u2019\u00fcn haberine g\u00f6re, Afganistan\u2019da y\u00fczbinlerce K\u00fcrt\u2019\u00fcn ya\u015fad\u0131\u011f\u0131n\u0131 s\u00f6yledi. Afganistanl\u0131 bir K\u00fcrt, K\u00fcrdistan B\u00f6lgesi H\u00fck\u00fcmeti\u2019nin Washington Temsilcili\u011fi\u2019nde K\u00fcrt kurtulu\u015f m\u00fccadelesi tarihine ili\u015fkin foto\u011fraf sergisini ziyareti s\u0131ras\u0131nda K24\u2019e yapt\u0131\u011f\u0131 a\u00e7\u0131klamada, Afganistan\u2019da y\u00fczbinlerce K\u00fcrt\u2019\u00fcn ya\u015fad\u0131\u011f\u0131n\u0131 s\u00f6yledi. Afganistanl\u0131 [&hellip;]\" \/>\n<meta property=\"og:url\" content=\"https:\/\/darkamazi.site\/archives\/1025557\" \/>\n<meta property=\"og:site_name\" content=\"Darka Mazi\" \/>\n<meta property=\"article:publisher\" content=\"https:\/\/www.facebook.com\/DarkaMaziturkce\" \/>\n<meta property=\"article:published_time\" content=\"2023-07-01T17:30:21+00:00\" \/>\n<meta property=\"og:image\" content=\"https:\/\/darkamazi.site\/file\/2023\/07\/afganistan.jpg\" \/>\n\t<meta property=\"og:image:width\" content=\"710\" \/>\n\t<meta property=\"og:image:height\" content=\"398\" \/>\n\t<meta property=\"og:image:type\" content=\"image\/jpeg\" \/>\n<meta name=\"author\" content=\"darka mazi\" \/>\n<meta name=\"twitter:card\" content=\"summary_large_image\" \/>\n<meta name=\"twitter:creator\" content=\"@DarkaMaziTurkce\" \/>\n<meta name=\"twitter:site\" content=\"@DarkaMaziTurkce\" \/>\n<meta name=\"twitter:label1\" content=\"Written by\" \/>\n\t<meta name=\"twitter:data1\" content=\"darka mazi\" \/>\n\t<meta name=\"twitter:label2\" content=\"Est. reading time\" \/>\n\t<meta name=\"twitter:data2\" content=\"2 minutes\" \/>\n<script type=\"application\/ld+json\" class=\"seo-schema-graph\">{\"@context\":\"https:\\\/\\\/schema.org\",\"@graph\":[{\"@type\":\"NewsArticle\",\"@id\":\"https:\\\/\\\/darkamazi.site\\\/archives\\\/1025557#article\",\"isPartOf\":{\"@id\":\"https:\\\/\\\/darkamazi.site\\\/archives\\\/1025557\"},\"author\":{\"name\":\"darka mazi\",\"@id\":\"https:\\\/\\\/darkamazi.site\\\/#\\\/schema\\\/person\\\/67986a95ac546c16760365877ef4a9d3\"},\"headline\":\"Afganistanl\u0131 K\u00fcrt: Afganistan\u2019da 350 binden fazla K\u00fcrt ya\u015f\u0131yor\",\"datePublished\":\"2023-07-01T17:30:21+00:00\",\"mainEntityOfPage\":{\"@id\":\"https:\\\/\\\/darkamazi.site\\\/archives\\\/1025557\"},\"wordCount\":319,\"publisher\":{\"@id\":\"https:\\\/\\\/darkamazi.site\\\/#organization\"},\"image\":{\"@id\":\"https:\\\/\\\/darkamazi.site\\\/archives\\\/1025557#primaryimage\"},\"thumbnailUrl\":\"https:\\\/\\\/darkamazi.site\\\/darka-content\\\/uploads\\\/2023\\\/07\\\/afganistan.jpg\",\"articleSection\":[\"Kurdistan\"],\"inLanguage\":\"en-US\"},{\"@type\":\"WebPage\",\"@id\":\"https:\\\/\\\/darkamazi.site\\\/archives\\\/1025557\",\"url\":\"https:\\\/\\\/darkamazi.site\\\/archives\\\/1025557\",\"name\":\"Afganistanl\u0131 K\u00fcrt: Afganistan\u2019da 350 binden fazla K\u00fcrt ya\u015f\u0131yor - Darka Mazi\",\"isPartOf\":{\"@id\":\"https:\\\/\\\/darkamazi.site\\\/#website\"},\"primaryImageOfPage\":{\"@id\":\"https:\\\/\\\/darkamazi.site\\\/archives\\\/1025557#primaryimage\"},\"image\":{\"@id\":\"https:\\\/\\\/darkamazi.site\\\/archives\\\/1025557#primaryimage\"},\"thumbnailUrl\":\"https:\\\/\\\/darkamazi.site\\\/darka-content\\\/uploads\\\/2023\\\/07\\\/afganistan.jpg\",\"datePublished\":\"2023-07-01T17:30:21+00:00\",\"breadcrumb\":{\"@id\":\"https:\\\/\\\/darkamazi.site\\\/archives\\\/1025557#breadcrumb\"},\"inLanguage\":\"en-US\",\"potentialAction\":[{\"@type\":\"ReadAction\",\"target\":[\"https:\\\/\\\/darkamazi.site\\\/archives\\\/1025557\"]}]},{\"@type\":\"ImageObject\",\"inLanguage\":\"en-US\",\"@id\":\"https:\\\/\\\/darkamazi.site\\\/archives\\\/1025557#primaryimage\",\"url\":\"https:\\\/\\\/darkamazi.site\\\/darka-content\\\/uploads\\\/2023\\\/07\\\/afganistan.jpg\",\"contentUrl\":\"https:\\\/\\\/darkamazi.site\\\/darka-content\\\/uploads\\\/2023\\\/07\\\/afganistan.jpg\",\"width\":710,\"height\":398,\"caption\":\"Afganistanl\u0131 K\u00fcrt: Afganistan\u2019da 350 binden fazla K\u00fcrt ya\u015f\u0131yor\"},{\"@type\":\"BreadcrumbList\",\"@id\":\"https:\\\/\\\/darkamazi.site\\\/archives\\\/1025557#breadcrumb\",\"itemListElement\":[{\"@type\":\"ListItem\",\"position\":1,\"name\":\"Home\",\"item\":\"https:\\\/\\\/darkamazi.site\\\/\"},{\"@type\":\"ListItem\",\"position\":2,\"name\":\"Afganistanl\u0131 K\u00fcrt: Afganistan\u2019da 350 binden fazla K\u00fcrt ya\u015f\u0131yor\"}]},{\"@type\":\"WebSite\",\"@id\":\"https:\\\/\\\/darkamazi.site\\\/#website\",\"url\":\"https:\\\/\\\/darkamazi.site\\\/\",\"name\":\"Darka Mazi\",\"description\":\"Ana Sayfa\",\"publisher\":{\"@id\":\"https:\\\/\\\/darkamazi.site\\\/#organization\"},\"potentialAction\":[{\"@type\":\"SearchAction\",\"target\":{\"@type\":\"EntryPoint\",\"urlTemplate\":\"https:\\\/\\\/darkamazi.site\\\/?s={search_term_string}\"},\"query-input\":{\"@type\":\"PropertyValueSpecification\",\"valueRequired\":true,\"valueName\":\"search_term_string\"}}],\"inLanguage\":\"en-US\"},{\"@type\":\"Organization\",\"@id\":\"https:\\\/\\\/darkamazi.site\\\/#organization\",\"name\":\"Darka Mazi T\u00fcrk\u00e7e\",\"alternateName\":\"Darka Mazi\",\"url\":\"https:\\\/\\\/darkamazi.site\\\/\",\"logo\":{\"@type\":\"ImageObject\",\"inLanguage\":\"en-US\",\"@id\":\"https:\\\/\\\/darkamazi.site\\\/#\\\/schema\\\/logo\\\/image\\\/\",\"url\":\"https:\\\/\\\/darkamazi.site\\\/darka-content\\\/uploads\\\/2017\\\/12\\\/darka-mazi-logo.png\",\"contentUrl\":\"https:\\\/\\\/darkamazi.site\\\/darka-content\\\/uploads\\\/2017\\\/12\\\/darka-mazi-logo.png\",\"width\":151,\"height\":75,\"caption\":\"Darka Mazi T\u00fcrk\u00e7e\"},\"image\":{\"@id\":\"https:\\\/\\\/darkamazi.site\\\/#\\\/schema\\\/logo\\\/image\\\/\"},\"sameAs\":[\"https:\\\/\\\/www.facebook.com\\\/DarkaMaziturkce\",\"https:\\\/\\\/x.com\\\/DarkaMaziTurkce\"]},{\"@type\":\"Person\",\"@id\":\"https:\\\/\\\/darkamazi.site\\\/#\\\/schema\\\/person\\\/67986a95ac546c16760365877ef4a9d3\",\"name\":\"darka mazi\",\"sameAs\":[\"https:\\\/\\\/darkamazi.site\"],\"url\":\"https:\\\/\\\/darkamazi.site\\\/archives\\\/author\\\/turkish\"}]}<\/script>\n<!-- \/ Yoast SEO plugin. -->","seo_head_json":{"title":"Afganistanl\u0131 K\u00fcrt: Afganistan\u2019da 350 binden fazla K\u00fcrt ya\u015f\u0131yor - Darka Mazi","robots":{"index":"index","follow":"follow","max-snippet":"max-snippet:-1","max-image-preview":"max-image-preview:large","max-video-preview":"max-video-preview:-1"},"canonical":"https:\/\/darkamazi.site\/archives\/1025557","og_locale":"en_US","og_type":"article","og_title":"Afganistanl\u0131 K\u00fcrt: Afganistan\u2019da 350 binden fazla K\u00fcrt ya\u015f\u0131yor - Darka Mazi","og_description":"\u00a0Afganistanl\u0131 K\u00fcrt Muhammed Nadir yapt\u0131\u011f\u0131 a\u00e7\u0131klamada,\u00a0K\u00fcrtlerin Afganistan\u2019a g\u00f6\u00e7 etmesini hat\u0131rlad\u0131\u011f\u0131n\u0131 belirterek Afganistan&#8217;da y\u00fcz binlerce K\u00fcrt&#8217;\u00fcn ya\u015fad\u0131\u011f\u0131n\u0131 kaydetti. \u00a0Afganistanl\u0131 K\u00fcrt Muhammed Nadir, K24\u2019\u00fcn haberine g\u00f6re, Afganistan\u2019da y\u00fczbinlerce K\u00fcrt\u2019\u00fcn ya\u015fad\u0131\u011f\u0131n\u0131 s\u00f6yledi. Afganistanl\u0131 bir K\u00fcrt, K\u00fcrdistan B\u00f6lgesi H\u00fck\u00fcmeti\u2019nin Washington Temsilcili\u011fi\u2019nde K\u00fcrt kurtulu\u015f m\u00fccadelesi tarihine ili\u015fkin foto\u011fraf sergisini ziyareti s\u0131ras\u0131nda K24\u2019e yapt\u0131\u011f\u0131 a\u00e7\u0131klamada, Afganistan\u2019da y\u00fczbinlerce K\u00fcrt\u2019\u00fcn ya\u015fad\u0131\u011f\u0131n\u0131 s\u00f6yledi. Afganistanl\u0131 [&hellip;]","og_url":"https:\/\/darkamazi.site\/archives\/1025557","og_site_name":"Darka Mazi","article_publisher":"https:\/\/www.facebook.com\/DarkaMaziturkce","article_published_time":"2023-07-01T17:30:21+00:00","og_image":[{"width":710,"height":398,"url":"https:\/\/darkamazi.site\/file\/2023\/07\/afganistan.jpg","type":"image\/jpeg"}],"author":"darka mazi","twitter_card":"summary_large_image","twitter_creator":"@DarkaMaziTurkce","twitter_site":"@DarkaMaziTurkce","twitter_misc":{"Written by":"darka mazi","Est. reading time":"2 minutes"},"schema":{"@context":"https:\/\/schema.org","@graph":[{"@type":"NewsArticle","@id":"https:\/\/darkamazi.site\/archives\/1025557#article","isPartOf":{"@id":"https:\/\/darkamazi.site\/archives\/1025557"},"author":{"name":"darka mazi","@id":"https:\/\/darkamazi.site\/#\/schema\/person\/67986a95ac546c16760365877ef4a9d3"},"headline":"Afganistanl\u0131 K\u00fcrt: Afganistan\u2019da 350 binden fazla K\u00fcrt ya\u015f\u0131yor","datePublished":"2023-07-01T17:30:21+00:00","mainEntityOfPage":{"@id":"https:\/\/darkamazi.site\/archives\/1025557"},"wordCount":319,"publisher":{"@id":"https:\/\/darkamazi.site\/#organization"},"image":{"@id":"https:\/\/darkamazi.site\/archives\/1025557#primaryimage"},"thumbnailUrl":"https:\/\/darkamazi.site\/file\/2023\/07\/afganistan.jpg","articleSection":["Kurdistan"],"inLanguage":"en-US"},{"@type":"WebPage","@id":"https:\/\/darkamazi.site\/archives\/1025557","url":"https:\/\/darkamazi.site\/archives\/1025557","name":"Afganistanl\u0131 K\u00fcrt: Afganistan\u2019da 350 binden fazla K\u00fcrt ya\u015f\u0131yor - Darka Mazi","isPartOf":{"@id":"https:\/\/darkamazi.site\/#website"},"primaryImageOfPage":{"@id":"https:\/\/darkamazi.site\/archives\/1025557#primaryimage"},"image":{"@id":"https:\/\/darkamazi.site\/archives\/1025557#primaryimage"},"thumbnailUrl":"https:\/\/darkamazi.site\/file\/2023\/07\/afganistan.jpg","datePublished":"2023-07-01T17:30:21+00:00","breadcrumb":{"@id":"https:\/\/darkamazi.site\/archives\/1025557#breadcrumb"},"inLanguage":"en-US","potentialAction":[{"@type":"ReadAction","target":["https:\/\/darkamazi.site\/archives\/1025557"]}]},{"@type":"ImageObject","inLanguage":"en-US","@id":"https:\/\/darkamazi.site\/archives\/1025557#primaryimage","url":"https:\/\/darkamazi.site\/file\/2023\/07\/afganistan.jpg","contentUrl":"https:\/\/darkamazi.site\/file\/2023\/07\/afganistan.jpg","width":710,"height":398,"caption":"Afganistanl\u0131 K\u00fcrt: Afganistan\u2019da 350 binden fazla K\u00fcrt ya\u015f\u0131yor"},{"@type":"BreadcrumbList","@id":"https:\/\/darkamazi.site\/archives\/1025557#breadcrumb","itemListElement":[{"@type":"ListItem","position":1,"name":"Home","item":"https:\/\/darkamazi.site\/"},{"@type":"ListItem","position":2,"name":"Afganistanl\u0131 K\u00fcrt: Afganistan\u2019da 350 binden fazla K\u00fcrt ya\u015f\u0131yor"}]},{"@type":"WebSite","@id":"https:\/\/darkamazi.site\/#website","url":"https:\/\/darkamazi.site\/","name":"Darka Mazi","description":"Ana Sayfa","publisher":{"@id":"https:\/\/darkamazi.site\/#organization"},"potentialAction":[{"@type":"SearchAction","target":{"@type":"EntryPoint","urlTemplate":"https:\/\/darkamazi.site\/?s={search_term_string}"},"query-input":{"@type":"PropertyValueSpecification","valueRequired":true,"valueName":"search_term_string"}}],"inLanguage":"en-US"},{"@type":"Organization","@id":"https:\/\/darkamazi.site\/#organization","name":"Darka Mazi T\u00fcrk\u00e7e","alternateName":"Darka Mazi","url":"https:\/\/darkamazi.site\/","logo":{"@type":"ImageObject","inLanguage":"en-US","@id":"https:\/\/darkamazi.site\/#\/schema\/logo\/image\/","url":"https:\/\/darkamazi.site\/file\/2017\/12\/darka-mazi-logo.png","contentUrl":"https:\/\/darkamazi.site\/file\/2017\/12\/darka-mazi-logo.png","width":151,"height":75,"caption":"Darka Mazi T\u00fcrk\u00e7e"},"image":{"@id":"https:\/\/darkamazi.site\/#\/schema\/logo\/image\/"},"sameAs":["https:\/\/www.facebook.com\/DarkaMaziturkce","https:\/\/x.com\/DarkaMaziTurkce"]},{"@type":"Person","@id":"https:\/\/darkamazi.site\/#\/schema\/person\/67986a95ac546c16760365877ef4a9d3","name":"darka mazi","sameAs":["https:\/\/darkamazi.site"],"url":"https:\/\/darkamazi.site\/archives\/author\/turkish"}]}},"_links":{"self":[{"href":"https:\/\/darkamazi.site\/funavuv\/wp\/v2\/posts\/1025557","targetHints":{"allow":["GET"]}}],"collection":[{"href":"https:\/\/darkamazi.site\/funavuv\/wp\/v2\/posts"}],"about":[{"href":"https:\/\/darkamazi.site\/funavuv\/wp\/v2\/types\/post"}],"author":[{"embeddable":true,"href":"https:\/\/darkamazi.site\/funavuv\/wp\/v2\/users\/2"}],"replies":[{"embeddable":true,"href":"https:\/\/darkamazi.site\/funavuv\/wp\/v2\/comments?post=1025557"}],"version-history":[{"count":0,"href":"https:\/\/darkamazi.site\/funavuv\/wp\/v2\/posts\/1025557\/revisions"}],"wp:featuredmedia":[{"embeddable":true,"href":"https:\/\/darkamazi.site\/funavuv\/wp\/v2\/media\/1025558"}],"wp:attachment":[{"href":"https:\/\/darkamazi.site\/funavuv\/wp\/v2\/media?parent=1025557"}],"wp:term":[{"taxonomy":"category","embeddable":true,"href":"https:\/\/darkamazi.site\/funavuv\/wp\/v2\/categories?post=1025557"},{"taxonomy":"post_tag","embeddable":true,"href":"https:\/\/darkamazi.site\/funavuv\/wp\/v2\/tags?post=1025557"}],"curies":[{"name":"wp","href":"https:\/\/api.w.org\/{rel}","templated":true}]}}