{"id":1025606,"date":"2023-07-08T14:06:58","date_gmt":"2023-07-08T11:06:58","guid":{"rendered":"https:\/\/darkamazi.site\/?p=1025606"},"modified":"2026-03-31T16:20:38","modified_gmt":"2026-03-31T13:20:38","slug":"ezidi-kurtlere-yonelik-soykirimin-taninmasi-icin-isvicre-parlamentosuna-teklif-sunulacak","status":"publish","type":"post","link":"https:\/\/darkamazi.site\/archives\/1025606","title":{"rendered":"Ezidi K\u00fcrtlere y\u00f6nelik soyk\u0131r\u0131m\u0131n tan\u0131nmas\u0131 i\u00e7in \u0130svi\u00e7re Parlamentosu&#8217;na teklif sunulacak"},"content":{"rendered":"<p><span style=\"font-family: 'arial black', sans-serif\">Ezidi K\u00fcrtlere y\u00f6nelik soyk\u0131r\u0131m\u0131n tan\u0131nmas\u0131 i\u00e7in 80 bin ki\u015finin imzalad\u0131\u011f\u0131 metin \u0130svi\u00e7re Parlamentosu&#8217;na sunulacak.<\/span><\/p>\n<p>Uluslararas\u0131 Ezidi Soyk\u0131r\u0131m\u0131 \u00d6nleme Kurulu\u015fu Sorumlusu Heso Hurmi K24\u2019e konu\u015ftu.<\/p>\n<p>Heso Hurmi, Ezidi K\u00fcrtlere y\u00f6nelik soyk\u0131r\u0131m\u0131n tan\u0131nmas\u0131 i\u00e7in baz\u0131 aktivistlerin yapt\u0131klar\u0131 online kampanyaya 80 bin ki\u015finin imza att\u0131\u011f\u0131n\u0131 s\u00f6yledi.<\/p>\n<p>\u0130mzalar\u0131n \u0130svi\u00e7re Parlamentosu\u2019na sunulaca\u011f\u0131n\u0131 dile getiren Hurmi, siyasi partilerin destek vermesi gerekti\u011fini kaydetti.<\/p>\n<p>Soyk\u0131r\u0131mlar\u0131n tan\u0131nmas\u0131n\u0131n \u00f6nemine dikkat \u00e7eken Hurmi, bunun yeni su\u00e7lar\u0131n \u00f6nlenmesinin de \u00f6n\u00fcne ge\u00e7ebilece\u011fini belirtti.<\/p>\n<p>Bu arada Alman Federal Meclisi, 19 Ocak\u2019ta, Ezidi K\u00fcrtlere y\u00f6nelik soyk\u0131r\u0131m\u0131 tan\u0131m\u0131\u015ft\u0131. Almanya, soyk\u0131r\u0131m\u0131 tan\u0131yan d\u00f6rd\u00fcnc\u00fc Avrupa \u00fclkesi olmu\u015ftu.<\/p>\n<p>2016\u2019da Fransa, ard\u0131ndan Hollanda ve Bel\u00e7ika, DA\u0130\u015e\u2019in Ezidilere y\u00f6nelik i\u015fledi\u011fi su\u00e7lar\u0131 soyk\u0131r\u0131m olarak kabul etmi\u015fti.<\/p>\n<p>Birle\u015fmi\u015f Milleteler (BM) verilerine g\u00f6re 3 A\u011fustos 2014\u2019ten bu yana \u015eengal ve \u00e7evresinde 5 bine yak\u0131n Ezidi katledildi.<\/p>\n<p><strong>EZ\u0130D\u0130 SOYKIRIMI<\/strong><\/p>\n<p>3 A\u011fustos 2014\u2019te Ezdi K\u00fcrtlerin ya\u015fad\u0131\u011f\u0131 \u015eengal\u2019e sald\u0131ran DA\u0130\u015e \u00f6rg\u00fct\u00fc, binlerce masum Ezidi\u2019yi katlederek toplu mezarlara g\u00f6mm\u00fc\u015f, binlercesini de ka\u00e7\u0131rm\u0131\u015ft\u0131.<\/p>\n<p>Ka\u00e7\u0131rd\u0131klar\u0131 Ezidi erkeklerinin \u00e7o\u011funu infaz eden, kad\u0131n ve k\u0131z \u00e7ocuklar\u0131n\u0131 ise k\u00f6le pazar\u0131na satan DA\u0130\u015e\u2019in elinden kurtulan ki\u015filer, ya\u015fananlar\u0131 uluslararas\u0131 kurulu\u015flara ve sivil toplum \u00f6rg\u00fctlerine anlatarak seslerini d\u00fcnyaya duyurdu.<\/p>\n<p>K\u00fcrdistan B\u00f6lgesi H\u00fck\u00fcmeti de Duhok merkezli Ka\u00e7\u0131r\u0131lan Ezidileri Kurtarma Ofisi\u2019ni kurarak, DA\u0130\u015e\u2019in ka\u00e7\u0131rd\u0131\u011f\u0131 ki\u015fileri kurtarmak i\u00e7in \u00e7aba g\u00f6sterdi ve bu sayede ka\u00e7\u0131r\u0131lan ki\u015filerin yar\u0131s\u0131ndan fazlas\u0131 ailelerine kavu\u015ftu.<\/p>\n<p>Halen 3 bin dolay\u0131nda Ezidi K\u00fcrt\u2019\u00fcn ak\u0131beti bilinmiyor. Kaynak: K24<\/p>\n","protected":false},"excerpt":{"rendered":"<p>Ezidi K\u00fcrtlere y\u00f6nelik soyk\u0131r\u0131m\u0131n tan\u0131nmas\u0131 i\u00e7in 80 bin ki\u015finin imzalad\u0131\u011f\u0131 metin \u0130svi\u00e7re Parlamentosu&#8217;na sunulacak. Uluslararas\u0131 Ezidi Soyk\u0131r\u0131m\u0131 \u00d6nleme Kurulu\u015fu Sorumlusu Heso Hurmi K24\u2019e konu\u015ftu. Heso Hurmi, Ezidi K\u00fcrtlere y\u00f6nelik soyk\u0131r\u0131m\u0131n tan\u0131nmas\u0131 i\u00e7in baz\u0131 aktivistlerin yapt\u0131klar\u0131 online kampanyaya 80 bin ki\u015finin imza att\u0131\u011f\u0131n\u0131 s\u00f6yledi. \u0130mzalar\u0131n \u0130svi\u00e7re Parlamentosu\u2019na sunulaca\u011f\u0131n\u0131 dile getiren Hurmi, siyasi partilerin destek vermesi gerekti\u011fini [&hellip;]<\/p>\n","protected":false},"author":2,"featured_media":1025607,"comment_status":"closed","ping_status":"closed","sticky":false,"template":"","format":"standard","meta":{"footnotes":""},"categories":[3],"tags":[],"class_list":["post-1025606","post","type-post","status-publish","format-standard","has-post-thumbnail","hentry","category-kurdistan"],"blocksy_meta":[],"seo_head":"<!-- This site is optimized with the Yoast SEO plugin v27.5 - https:\/\/yoast.com\/product\/yoast-seo-wordpress\/ -->\n<title>Ezidi K\u00fcrtlere y\u00f6nelik soyk\u0131r\u0131m\u0131n tan\u0131nmas\u0131 i\u00e7in \u0130svi\u00e7re Parlamentosu&#039;na teklif sunulacak - Darka Mazi<\/title>\n<meta name=\"robots\" content=\"index, follow, max-snippet:-1, max-image-preview:large, max-video-preview:-1\" \/>\n<link rel=\"canonical\" href=\"https:\/\/darkamazi.site\/archives\/1025606\" \/>\n<meta property=\"og:locale\" content=\"en_US\" \/>\n<meta property=\"og:type\" content=\"article\" \/>\n<meta property=\"og:title\" content=\"Ezidi K\u00fcrtlere y\u00f6nelik soyk\u0131r\u0131m\u0131n tan\u0131nmas\u0131 i\u00e7in \u0130svi\u00e7re Parlamentosu&#039;na teklif sunulacak - Darka Mazi\" \/>\n<meta property=\"og:description\" content=\"Ezidi K\u00fcrtlere y\u00f6nelik soyk\u0131r\u0131m\u0131n tan\u0131nmas\u0131 i\u00e7in 80 bin ki\u015finin imzalad\u0131\u011f\u0131 metin \u0130svi\u00e7re Parlamentosu&#8217;na sunulacak. Uluslararas\u0131 Ezidi Soyk\u0131r\u0131m\u0131 \u00d6nleme Kurulu\u015fu Sorumlusu Heso Hurmi K24\u2019e konu\u015ftu. Heso Hurmi, Ezidi K\u00fcrtlere y\u00f6nelik soyk\u0131r\u0131m\u0131n tan\u0131nmas\u0131 i\u00e7in baz\u0131 aktivistlerin yapt\u0131klar\u0131 online kampanyaya 80 bin ki\u015finin imza att\u0131\u011f\u0131n\u0131 s\u00f6yledi. \u0130mzalar\u0131n \u0130svi\u00e7re Parlamentosu\u2019na sunulaca\u011f\u0131n\u0131 dile getiren Hurmi, siyasi partilerin destek vermesi gerekti\u011fini [&hellip;]\" \/>\n<meta property=\"og:url\" content=\"https:\/\/darkamazi.site\/archives\/1025606\" \/>\n<meta property=\"og:site_name\" content=\"Darka Mazi\" \/>\n<meta property=\"article:publisher\" content=\"https:\/\/www.facebook.com\/DarkaMaziturkce\" \/>\n<meta property=\"article:published_time\" content=\"2023-07-08T11:06:58+00:00\" \/>\n<meta property=\"article:modified_time\" content=\"2026-03-31T13:20:38+00:00\" \/>\n<meta property=\"og:image\" content=\"https:\/\/darkamazi.site\/file\/2023\/07\/16888052375454654.png\" \/>\n\t<meta property=\"og:image:width\" content=\"781\" \/>\n\t<meta property=\"og:image:height\" content=\"439\" \/>\n\t<meta property=\"og:image:type\" content=\"image\/png\" \/>\n<meta name=\"author\" content=\"darka mazi\" \/>\n<meta name=\"twitter:card\" content=\"summary_large_image\" \/>\n<meta name=\"twitter:creator\" content=\"@DarkaMaziTurkce\" \/>\n<meta name=\"twitter:site\" content=\"@DarkaMaziTurkce\" \/>\n<meta name=\"twitter:label1\" content=\"Written by\" \/>\n\t<meta name=\"twitter:data1\" content=\"darka mazi\" \/>\n\t<meta name=\"twitter:label2\" content=\"Est. reading time\" \/>\n\t<meta name=\"twitter:data2\" content=\"1 minute\" \/>\n<script type=\"application\/ld+json\" class=\"seo-schema-graph\">{\"@context\":\"https:\\\/\\\/schema.org\",\"@graph\":[{\"@type\":\"NewsArticle\",\"@id\":\"https:\\\/\\\/darkamazi.site\\\/archives\\\/1025606#article\",\"isPartOf\":{\"@id\":\"https:\\\/\\\/darkamazi.site\\\/archives\\\/1025606\"},\"author\":{\"name\":\"darka mazi\",\"@id\":\"https:\\\/\\\/darkamazi.site\\\/#\\\/schema\\\/person\\\/67986a95ac546c16760365877ef4a9d3\"},\"headline\":\"Ezidi K\u00fcrtlere y\u00f6nelik soyk\u0131r\u0131m\u0131n tan\u0131nmas\u0131 i\u00e7in \u0130svi\u00e7re Parlamentosu&#8217;na teklif sunulacak\",\"datePublished\":\"2023-07-08T11:06:58+00:00\",\"dateModified\":\"2026-03-31T13:20:38+00:00\",\"mainEntityOfPage\":{\"@id\":\"https:\\\/\\\/darkamazi.site\\\/archives\\\/1025606\"},\"wordCount\":338,\"publisher\":{\"@id\":\"https:\\\/\\\/darkamazi.site\\\/#organization\"},\"image\":{\"@id\":\"https:\\\/\\\/darkamazi.site\\\/archives\\\/1025606#primaryimage\"},\"thumbnailUrl\":\"https:\\\/\\\/darkamazi.site\\\/darka-content\\\/uploads\\\/2023\\\/07\\\/16888052375454654.png\",\"articleSection\":[\"Kurdistan\"],\"inLanguage\":\"en-US\"},{\"@type\":\"WebPage\",\"@id\":\"https:\\\/\\\/darkamazi.site\\\/archives\\\/1025606\",\"url\":\"https:\\\/\\\/darkamazi.site\\\/archives\\\/1025606\",\"name\":\"Ezidi K\u00fcrtlere y\u00f6nelik soyk\u0131r\u0131m\u0131n tan\u0131nmas\u0131 i\u00e7in \u0130svi\u00e7re Parlamentosu'na teklif sunulacak - Darka Mazi\",\"isPartOf\":{\"@id\":\"https:\\\/\\\/darkamazi.site\\\/#website\"},\"primaryImageOfPage\":{\"@id\":\"https:\\\/\\\/darkamazi.site\\\/archives\\\/1025606#primaryimage\"},\"image\":{\"@id\":\"https:\\\/\\\/darkamazi.site\\\/archives\\\/1025606#primaryimage\"},\"thumbnailUrl\":\"https:\\\/\\\/darkamazi.site\\\/darka-content\\\/uploads\\\/2023\\\/07\\\/16888052375454654.png\",\"datePublished\":\"2023-07-08T11:06:58+00:00\",\"dateModified\":\"2026-03-31T13:20:38+00:00\",\"breadcrumb\":{\"@id\":\"https:\\\/\\\/darkamazi.site\\\/archives\\\/1025606#breadcrumb\"},\"inLanguage\":\"en-US\",\"potentialAction\":[{\"@type\":\"ReadAction\",\"target\":[\"https:\\\/\\\/darkamazi.site\\\/archives\\\/1025606\"]}]},{\"@type\":\"ImageObject\",\"inLanguage\":\"en-US\",\"@id\":\"https:\\\/\\\/darkamazi.site\\\/archives\\\/1025606#primaryimage\",\"url\":\"https:\\\/\\\/darkamazi.site\\\/darka-content\\\/uploads\\\/2023\\\/07\\\/16888052375454654.png\",\"contentUrl\":\"https:\\\/\\\/darkamazi.site\\\/darka-content\\\/uploads\\\/2023\\\/07\\\/16888052375454654.png\",\"width\":781,\"height\":439,\"caption\":\"Ezidi K\u00fcrtlere y\u00f6nelik soyk\u0131r\u0131m\u0131n tan\u0131nmas\u0131 i\u00e7in \u0130svi\u00e7re Parlamentosu'na teklif sunulacak\"},{\"@type\":\"BreadcrumbList\",\"@id\":\"https:\\\/\\\/darkamazi.site\\\/archives\\\/1025606#breadcrumb\",\"itemListElement\":[{\"@type\":\"ListItem\",\"position\":1,\"name\":\"Home\",\"item\":\"https:\\\/\\\/darkamazi.site\\\/\"},{\"@type\":\"ListItem\",\"position\":2,\"name\":\"Ezidi K\u00fcrtlere y\u00f6nelik soyk\u0131r\u0131m\u0131n tan\u0131nmas\u0131 i\u00e7in \u0130svi\u00e7re Parlamentosu&#8217;na teklif sunulacak\"}]},{\"@type\":\"WebSite\",\"@id\":\"https:\\\/\\\/darkamazi.site\\\/#website\",\"url\":\"https:\\\/\\\/darkamazi.site\\\/\",\"name\":\"Darka Mazi\",\"description\":\"Ana Sayfa\",\"publisher\":{\"@id\":\"https:\\\/\\\/darkamazi.site\\\/#organization\"},\"potentialAction\":[{\"@type\":\"SearchAction\",\"target\":{\"@type\":\"EntryPoint\",\"urlTemplate\":\"https:\\\/\\\/darkamazi.site\\\/?s={search_term_string}\"},\"query-input\":{\"@type\":\"PropertyValueSpecification\",\"valueRequired\":true,\"valueName\":\"search_term_string\"}}],\"inLanguage\":\"en-US\"},{\"@type\":\"Organization\",\"@id\":\"https:\\\/\\\/darkamazi.site\\\/#organization\",\"name\":\"Darka Mazi T\u00fcrk\u00e7e\",\"alternateName\":\"Darka Mazi\",\"url\":\"https:\\\/\\\/darkamazi.site\\\/\",\"logo\":{\"@type\":\"ImageObject\",\"inLanguage\":\"en-US\",\"@id\":\"https:\\\/\\\/darkamazi.site\\\/#\\\/schema\\\/logo\\\/image\\\/\",\"url\":\"https:\\\/\\\/darkamazi.site\\\/darka-content\\\/uploads\\\/2017\\\/12\\\/darka-mazi-logo.png\",\"contentUrl\":\"https:\\\/\\\/darkamazi.site\\\/darka-content\\\/uploads\\\/2017\\\/12\\\/darka-mazi-logo.png\",\"width\":151,\"height\":75,\"caption\":\"Darka Mazi T\u00fcrk\u00e7e\"},\"image\":{\"@id\":\"https:\\\/\\\/darkamazi.site\\\/#\\\/schema\\\/logo\\\/image\\\/\"},\"sameAs\":[\"https:\\\/\\\/www.facebook.com\\\/DarkaMaziturkce\",\"https:\\\/\\\/x.com\\\/DarkaMaziTurkce\"]},{\"@type\":\"Person\",\"@id\":\"https:\\\/\\\/darkamazi.site\\\/#\\\/schema\\\/person\\\/67986a95ac546c16760365877ef4a9d3\",\"name\":\"darka mazi\",\"sameAs\":[\"https:\\\/\\\/darkamazi.site\"],\"url\":\"https:\\\/\\\/darkamazi.site\\\/archives\\\/author\\\/turkish\"}]}<\/script>\n<!-- \/ Yoast SEO plugin. -->","seo_head_json":{"title":"Ezidi K\u00fcrtlere y\u00f6nelik soyk\u0131r\u0131m\u0131n tan\u0131nmas\u0131 i\u00e7in \u0130svi\u00e7re Parlamentosu'na teklif sunulacak - Darka Mazi","robots":{"index":"index","follow":"follow","max-snippet":"max-snippet:-1","max-image-preview":"max-image-preview:large","max-video-preview":"max-video-preview:-1"},"canonical":"https:\/\/darkamazi.site\/archives\/1025606","og_locale":"en_US","og_type":"article","og_title":"Ezidi K\u00fcrtlere y\u00f6nelik soyk\u0131r\u0131m\u0131n tan\u0131nmas\u0131 i\u00e7in \u0130svi\u00e7re Parlamentosu'na teklif sunulacak - Darka Mazi","og_description":"Ezidi K\u00fcrtlere y\u00f6nelik soyk\u0131r\u0131m\u0131n tan\u0131nmas\u0131 i\u00e7in 80 bin ki\u015finin imzalad\u0131\u011f\u0131 metin \u0130svi\u00e7re Parlamentosu&#8217;na sunulacak. Uluslararas\u0131 Ezidi Soyk\u0131r\u0131m\u0131 \u00d6nleme Kurulu\u015fu Sorumlusu Heso Hurmi K24\u2019e konu\u015ftu. Heso Hurmi, Ezidi K\u00fcrtlere y\u00f6nelik soyk\u0131r\u0131m\u0131n tan\u0131nmas\u0131 i\u00e7in baz\u0131 aktivistlerin yapt\u0131klar\u0131 online kampanyaya 80 bin ki\u015finin imza att\u0131\u011f\u0131n\u0131 s\u00f6yledi. \u0130mzalar\u0131n \u0130svi\u00e7re Parlamentosu\u2019na sunulaca\u011f\u0131n\u0131 dile getiren Hurmi, siyasi partilerin destek vermesi gerekti\u011fini [&hellip;]","og_url":"https:\/\/darkamazi.site\/archives\/1025606","og_site_name":"Darka Mazi","article_publisher":"https:\/\/www.facebook.com\/DarkaMaziturkce","article_published_time":"2023-07-08T11:06:58+00:00","article_modified_time":"2026-03-31T13:20:38+00:00","og_image":[{"width":781,"height":439,"url":"https:\/\/darkamazi.site\/file\/2023\/07\/16888052375454654.png","type":"image\/png"}],"author":"darka mazi","twitter_card":"summary_large_image","twitter_creator":"@DarkaMaziTurkce","twitter_site":"@DarkaMaziTurkce","twitter_misc":{"Written by":"darka mazi","Est. reading time":"1 minute"},"schema":{"@context":"https:\/\/schema.org","@graph":[{"@type":"NewsArticle","@id":"https:\/\/darkamazi.site\/archives\/1025606#article","isPartOf":{"@id":"https:\/\/darkamazi.site\/archives\/1025606"},"author":{"name":"darka mazi","@id":"https:\/\/darkamazi.site\/#\/schema\/person\/67986a95ac546c16760365877ef4a9d3"},"headline":"Ezidi K\u00fcrtlere y\u00f6nelik soyk\u0131r\u0131m\u0131n tan\u0131nmas\u0131 i\u00e7in \u0130svi\u00e7re Parlamentosu&#8217;na teklif sunulacak","datePublished":"2023-07-08T11:06:58+00:00","dateModified":"2026-03-31T13:20:38+00:00","mainEntityOfPage":{"@id":"https:\/\/darkamazi.site\/archives\/1025606"},"wordCount":338,"publisher":{"@id":"https:\/\/darkamazi.site\/#organization"},"image":{"@id":"https:\/\/darkamazi.site\/archives\/1025606#primaryimage"},"thumbnailUrl":"https:\/\/darkamazi.site\/file\/2023\/07\/16888052375454654.png","articleSection":["Kurdistan"],"inLanguage":"en-US"},{"@type":"WebPage","@id":"https:\/\/darkamazi.site\/archives\/1025606","url":"https:\/\/darkamazi.site\/archives\/1025606","name":"Ezidi K\u00fcrtlere y\u00f6nelik soyk\u0131r\u0131m\u0131n tan\u0131nmas\u0131 i\u00e7in \u0130svi\u00e7re Parlamentosu'na teklif sunulacak - Darka Mazi","isPartOf":{"@id":"https:\/\/darkamazi.site\/#website"},"primaryImageOfPage":{"@id":"https:\/\/darkamazi.site\/archives\/1025606#primaryimage"},"image":{"@id":"https:\/\/darkamazi.site\/archives\/1025606#primaryimage"},"thumbnailUrl":"https:\/\/darkamazi.site\/file\/2023\/07\/16888052375454654.png","datePublished":"2023-07-08T11:06:58+00:00","dateModified":"2026-03-31T13:20:38+00:00","breadcrumb":{"@id":"https:\/\/darkamazi.site\/archives\/1025606#breadcrumb"},"inLanguage":"en-US","potentialAction":[{"@type":"ReadAction","target":["https:\/\/darkamazi.site\/archives\/1025606"]}]},{"@type":"ImageObject","inLanguage":"en-US","@id":"https:\/\/darkamazi.site\/archives\/1025606#primaryimage","url":"https:\/\/darkamazi.site\/file\/2023\/07\/16888052375454654.png","contentUrl":"https:\/\/darkamazi.site\/file\/2023\/07\/16888052375454654.png","width":781,"height":439,"caption":"Ezidi K\u00fcrtlere y\u00f6nelik soyk\u0131r\u0131m\u0131n tan\u0131nmas\u0131 i\u00e7in \u0130svi\u00e7re Parlamentosu'na teklif sunulacak"},{"@type":"BreadcrumbList","@id":"https:\/\/darkamazi.site\/archives\/1025606#breadcrumb","itemListElement":[{"@type":"ListItem","position":1,"name":"Home","item":"https:\/\/darkamazi.site\/"},{"@type":"ListItem","position":2,"name":"Ezidi K\u00fcrtlere y\u00f6nelik soyk\u0131r\u0131m\u0131n tan\u0131nmas\u0131 i\u00e7in \u0130svi\u00e7re Parlamentosu&#8217;na teklif sunulacak"}]},{"@type":"WebSite","@id":"https:\/\/darkamazi.site\/#website","url":"https:\/\/darkamazi.site\/","name":"Darka Mazi","description":"Ana Sayfa","publisher":{"@id":"https:\/\/darkamazi.site\/#organization"},"potentialAction":[{"@type":"SearchAction","target":{"@type":"EntryPoint","urlTemplate":"https:\/\/darkamazi.site\/?s={search_term_string}"},"query-input":{"@type":"PropertyValueSpecification","valueRequired":true,"valueName":"search_term_string"}}],"inLanguage":"en-US"},{"@type":"Organization","@id":"https:\/\/darkamazi.site\/#organization","name":"Darka Mazi T\u00fcrk\u00e7e","alternateName":"Darka Mazi","url":"https:\/\/darkamazi.site\/","logo":{"@type":"ImageObject","inLanguage":"en-US","@id":"https:\/\/darkamazi.site\/#\/schema\/logo\/image\/","url":"https:\/\/darkamazi.site\/file\/2017\/12\/darka-mazi-logo.png","contentUrl":"https:\/\/darkamazi.site\/file\/2017\/12\/darka-mazi-logo.png","width":151,"height":75,"caption":"Darka Mazi T\u00fcrk\u00e7e"},"image":{"@id":"https:\/\/darkamazi.site\/#\/schema\/logo\/image\/"},"sameAs":["https:\/\/www.facebook.com\/DarkaMaziturkce","https:\/\/x.com\/DarkaMaziTurkce"]},{"@type":"Person","@id":"https:\/\/darkamazi.site\/#\/schema\/person\/67986a95ac546c16760365877ef4a9d3","name":"darka mazi","sameAs":["https:\/\/darkamazi.site"],"url":"https:\/\/darkamazi.site\/archives\/author\/turkish"}]}},"_links":{"self":[{"href":"https:\/\/darkamazi.site\/funavuv\/wp\/v2\/posts\/1025606","targetHints":{"allow":["GET"]}}],"collection":[{"href":"https:\/\/darkamazi.site\/funavuv\/wp\/v2\/posts"}],"about":[{"href":"https:\/\/darkamazi.site\/funavuv\/wp\/v2\/types\/post"}],"author":[{"embeddable":true,"href":"https:\/\/darkamazi.site\/funavuv\/wp\/v2\/users\/2"}],"replies":[{"embeddable":true,"href":"https:\/\/darkamazi.site\/funavuv\/wp\/v2\/comments?post=1025606"}],"version-history":[{"count":0,"href":"https:\/\/darkamazi.site\/funavuv\/wp\/v2\/posts\/1025606\/revisions"}],"wp:featuredmedia":[{"embeddable":true,"href":"https:\/\/darkamazi.site\/funavuv\/wp\/v2\/media\/1025607"}],"wp:attachment":[{"href":"https:\/\/darkamazi.site\/funavuv\/wp\/v2\/media?parent=1025606"}],"wp:term":[{"taxonomy":"category","embeddable":true,"href":"https:\/\/darkamazi.site\/funavuv\/wp\/v2\/categories?post=1025606"},{"taxonomy":"post_tag","embeddable":true,"href":"https:\/\/darkamazi.site\/funavuv\/wp\/v2\/tags?post=1025606"}],"curies":[{"name":"wp","href":"https:\/\/api.w.org\/{rel}","templated":true}]}}