{"id":1025749,"date":"2023-07-17T10:14:33","date_gmt":"2023-07-17T07:14:33","guid":{"rendered":"https:\/\/darkamazi.site\/?p=1025749"},"modified":"2023-07-17T10:14:33","modified_gmt":"2023-07-17T07:14:33","slug":"sii-lider-sadrin-babasina-sosyal-medya-uzerinden-hakaretleri-maliki-taraftarlarinin-yaptigi-iddia-edildi-ipler-gerildi","status":"publish","type":"post","link":"https:\/\/darkamazi.site\/archives\/1025749","title":{"rendered":"\u015eii Lider Sadr&#8217;\u0131n babas\u0131na sosyal medya \u00fczerinden hakaretleri Maliki taraftarlar\u0131n\u0131n yapt\u0131\u011f\u0131 iddia edildi, ipler gerildi"},"content":{"rendered":"<p style=\"text-align: justify\">Irak&#8217;ta Sadr Hareketi lideri Mukteda es-Sadr yanl\u0131lar\u0131, eski ba\u015fbakanlardan Nuri el-Maliki&#8217;nin lideri oldu\u011fu Dava Partisi\u2019nin Ba\u011fdat ve g\u00fcney vilayetlerdeki b\u00fcrolar\u0131na kilit vurarak kapatt\u0131.<\/p>\n<p style=\"text-align: justify\">Sadr Hareketi\u2019nin eski Parlameto Grup Ba\u015fkan\u0131 Hasan Azari, sosyal medya hesab\u0131ndan yapt\u0131\u011f\u0131 payla\u015f\u0131mda, liderleri Sadr&#8217;\u0131n babas\u0131 Muhammed Sad\u0131k es-Sadr&#8217;a y\u00f6nelik sosyal medyadaki hakaret i\u00e7erikli payla\u015f\u0131mlara dikkati \u00e7ekti.<\/p>\n<p style=\"text-align: justify\">Bu payla\u015f\u0131mlarda &#8220;baba Sadr&#8217;\u0131n Baas Partisi ile ili\u015fkisinin oldu\u011funun&#8221; \u00f6ne s\u00fcr\u00fcld\u00fc\u011f\u00fcn\u00fc aktaran Azari, &#8220;S\u00f6z konusu payla\u015f\u0131mlar\u0131 iktidar\u0131 elinde bulunduran Koordinasyon \u00c7er\u00e7evesi&#8217;nin par\u00e7as\u0131 olan Dava Partisi yap\u0131yor&#8221; ifadesine yer verdi.<\/p>\n<p style=\"text-align: justify\">Dava Partisi ise yapt\u0131\u011f\u0131 yaz\u0131l\u0131 a\u00e7\u0131klamayla s\u00f6z konusu iddialar\u0131 reddetti.<\/p>\n<p style=\"text-align: justify\">Azari&#8217;nin payla\u015f\u0131mlar\u0131 sonras\u0131 Sadr yanl\u0131s\u0131 gruplar, ba\u015fkent Ba\u011fdat ve g\u00fcneydeki Meysan, Zikar ve Basra gibi kentlerde Dava Partisi binalar\u0131n\u0131 kapatarak kilit vurdu. Sadr taraftarlar\u0131, parti binalar\u0131n\u0131n duvarlar\u0131na &#8220;Sadr&#8217;\u0131n evlatlar\u0131n\u0131n emriyle kapal\u0131d\u0131r&#8221; ibaresini yazd\u0131.<\/p>\n<p style=\"text-align: justify\">Mukteda es-Sadr&#8217;a yak\u0131nl\u0131\u011f\u0131yla bilinen &#8220;Liderin Bakan\u0131&#8221; sosyal medya hesab\u0131ndan da konuyla ilgili bir a\u00e7\u0131klama yap\u0131ld\u0131. Buna g\u00f6re, \u015eii lider Sadr, Dava Partisi\u2019nin &#8220;sad\u0131k&#8221; \u00fcyeleri ve onlar\u0131n ittifak\u0131nda (Koordinasyon \u00c7er\u00e7evesi) yer alanlara seslenerek, &#8220;din adamlar\u0131na y\u00f6nelik sald\u0131r\u0131 ve hakaretleri yasaklayan&#8221; bir yasa tasar\u0131s\u0131 haz\u0131rlay\u0131p parlamentodan ge\u00e7irmelerini istedi.<\/p>\n<p style=\"text-align: justify\">\n","protected":false},"excerpt":{"rendered":"<p>Irak&#8217;ta Sadr Hareketi lideri Mukteda es-Sadr yanl\u0131lar\u0131, eski ba\u015fbakanlardan Nuri el-Maliki&#8217;nin lideri oldu\u011fu Dava Partisi\u2019nin Ba\u011fdat ve g\u00fcney vilayetlerdeki b\u00fcrolar\u0131na kilit vurarak kapatt\u0131. Sadr Hareketi\u2019nin eski Parlameto Grup Ba\u015fkan\u0131 Hasan Azari, sosyal medya hesab\u0131ndan yapt\u0131\u011f\u0131 payla\u015f\u0131mda, liderleri Sadr&#8217;\u0131n babas\u0131 Muhammed Sad\u0131k es-Sadr&#8217;a y\u00f6nelik sosyal medyadaki hakaret i\u00e7erikli payla\u015f\u0131mlara dikkati \u00e7ekti. Bu payla\u015f\u0131mlarda &#8220;baba Sadr&#8217;\u0131n Baas [&hellip;]<\/p>\n","protected":false},"author":2,"featured_media":1025750,"comment_status":"closed","ping_status":"closed","sticky":false,"template":"","format":"standard","meta":{"footnotes":""},"categories":[29],"tags":[31],"class_list":["post-1025749","post","type-post","status-publish","format-standard","has-post-thumbnail","hentry","category-ortadogu","tag-onemli"],"blocksy_meta":[],"seo_head":"<!-- This site is optimized with the Yoast SEO plugin v27.5 - https:\/\/yoast.com\/product\/yoast-seo-wordpress\/ -->\n<title>\u015eii Lider Sadr&#039;\u0131n babas\u0131na sosyal medya \u00fczerinden hakaretleri Maliki taraftarlar\u0131n\u0131n yapt\u0131\u011f\u0131 iddia edildi, ipler gerildi - Darka Mazi<\/title>\n<meta name=\"robots\" content=\"index, follow, max-snippet:-1, max-image-preview:large, max-video-preview:-1\" \/>\n<link rel=\"canonical\" href=\"https:\/\/darkamazi.site\/archives\/1025749\" \/>\n<meta property=\"og:locale\" content=\"en_US\" \/>\n<meta property=\"og:type\" content=\"article\" \/>\n<meta property=\"og:title\" content=\"\u015eii Lider Sadr&#039;\u0131n babas\u0131na sosyal medya \u00fczerinden hakaretleri Maliki taraftarlar\u0131n\u0131n yapt\u0131\u011f\u0131 iddia edildi, ipler gerildi - Darka Mazi\" \/>\n<meta property=\"og:description\" content=\"Irak&#8217;ta Sadr Hareketi lideri Mukteda es-Sadr yanl\u0131lar\u0131, eski ba\u015fbakanlardan Nuri el-Maliki&#8217;nin lideri oldu\u011fu Dava Partisi\u2019nin Ba\u011fdat ve g\u00fcney vilayetlerdeki b\u00fcrolar\u0131na kilit vurarak kapatt\u0131. Sadr Hareketi\u2019nin eski Parlameto Grup Ba\u015fkan\u0131 Hasan Azari, sosyal medya hesab\u0131ndan yapt\u0131\u011f\u0131 payla\u015f\u0131mda, liderleri Sadr&#8217;\u0131n babas\u0131 Muhammed Sad\u0131k es-Sadr&#8217;a y\u00f6nelik sosyal medyadaki hakaret i\u00e7erikli payla\u015f\u0131mlara dikkati \u00e7ekti. Bu payla\u015f\u0131mlarda &#8220;baba Sadr&#8217;\u0131n Baas [&hellip;]\" \/>\n<meta property=\"og:url\" content=\"https:\/\/darkamazi.site\/archives\/1025749\" \/>\n<meta property=\"og:site_name\" content=\"Darka Mazi\" \/>\n<meta property=\"article:publisher\" content=\"https:\/\/www.facebook.com\/DarkaMaziturkce\" \/>\n<meta property=\"article:published_time\" content=\"2023-07-17T07:14:33+00:00\" \/>\n<meta property=\"og:image\" content=\"https:\/\/darkamazi.site\/file\/2023\/07\/sdr.jpg\" \/>\n\t<meta property=\"og:image:width\" content=\"710\" \/>\n\t<meta property=\"og:image:height\" content=\"399\" \/>\n\t<meta property=\"og:image:type\" content=\"image\/jpeg\" \/>\n<meta name=\"author\" content=\"darka mazi\" \/>\n<meta name=\"twitter:card\" content=\"summary_large_image\" \/>\n<meta name=\"twitter:creator\" content=\"@DarkaMaziTurkce\" \/>\n<meta name=\"twitter:site\" content=\"@DarkaMaziTurkce\" \/>\n<meta name=\"twitter:label1\" content=\"Written by\" \/>\n\t<meta name=\"twitter:data1\" content=\"darka mazi\" \/>\n\t<meta name=\"twitter:label2\" content=\"Est. reading time\" \/>\n\t<meta name=\"twitter:data2\" content=\"1 minute\" \/>\n<script type=\"application\/ld+json\" class=\"seo-schema-graph\">{\"@context\":\"https:\\\/\\\/schema.org\",\"@graph\":[{\"@type\":\"NewsArticle\",\"@id\":\"https:\\\/\\\/darkamazi.site\\\/archives\\\/1025749#article\",\"isPartOf\":{\"@id\":\"https:\\\/\\\/darkamazi.site\\\/archives\\\/1025749\"},\"author\":{\"name\":\"darka mazi\",\"@id\":\"https:\\\/\\\/darkamazi.site\\\/#\\\/schema\\\/person\\\/67986a95ac546c16760365877ef4a9d3\"},\"headline\":\"\u015eii Lider Sadr&#8217;\u0131n babas\u0131na sosyal medya \u00fczerinden hakaretleri Maliki taraftarlar\u0131n\u0131n yapt\u0131\u011f\u0131 iddia edildi, ipler gerildi\",\"datePublished\":\"2023-07-17T07:14:33+00:00\",\"mainEntityOfPage\":{\"@id\":\"https:\\\/\\\/darkamazi.site\\\/archives\\\/1025749\"},\"wordCount\":257,\"publisher\":{\"@id\":\"https:\\\/\\\/darkamazi.site\\\/#organization\"},\"image\":{\"@id\":\"https:\\\/\\\/darkamazi.site\\\/archives\\\/1025749#primaryimage\"},\"thumbnailUrl\":\"https:\\\/\\\/darkamazi.site\\\/darka-content\\\/uploads\\\/2023\\\/07\\\/sdr.jpg\",\"keywords\":[\"\u00f6nemli\"],\"articleSection\":[\"Ortado\u011fu\"],\"inLanguage\":\"en-US\"},{\"@type\":\"WebPage\",\"@id\":\"https:\\\/\\\/darkamazi.site\\\/archives\\\/1025749\",\"url\":\"https:\\\/\\\/darkamazi.site\\\/archives\\\/1025749\",\"name\":\"\u015eii Lider Sadr'\u0131n babas\u0131na sosyal medya \u00fczerinden hakaretleri Maliki taraftarlar\u0131n\u0131n yapt\u0131\u011f\u0131 iddia edildi, ipler gerildi - Darka Mazi\",\"isPartOf\":{\"@id\":\"https:\\\/\\\/darkamazi.site\\\/#website\"},\"primaryImageOfPage\":{\"@id\":\"https:\\\/\\\/darkamazi.site\\\/archives\\\/1025749#primaryimage\"},\"image\":{\"@id\":\"https:\\\/\\\/darkamazi.site\\\/archives\\\/1025749#primaryimage\"},\"thumbnailUrl\":\"https:\\\/\\\/darkamazi.site\\\/darka-content\\\/uploads\\\/2023\\\/07\\\/sdr.jpg\",\"datePublished\":\"2023-07-17T07:14:33+00:00\",\"breadcrumb\":{\"@id\":\"https:\\\/\\\/darkamazi.site\\\/archives\\\/1025749#breadcrumb\"},\"inLanguage\":\"en-US\",\"potentialAction\":[{\"@type\":\"ReadAction\",\"target\":[\"https:\\\/\\\/darkamazi.site\\\/archives\\\/1025749\"]}]},{\"@type\":\"ImageObject\",\"inLanguage\":\"en-US\",\"@id\":\"https:\\\/\\\/darkamazi.site\\\/archives\\\/1025749#primaryimage\",\"url\":\"https:\\\/\\\/darkamazi.site\\\/darka-content\\\/uploads\\\/2023\\\/07\\\/sdr.jpg\",\"contentUrl\":\"https:\\\/\\\/darkamazi.site\\\/darka-content\\\/uploads\\\/2023\\\/07\\\/sdr.jpg\",\"width\":710,\"height\":399,\"caption\":\"\u015eii Lider Sadr'\u0131n babas\u0131na sosyal medya \u00fczerinden hakaretleri Maliki'nin taraftarlar\u0131n\u0131n yapt\u0131\u011f\u0131 iddia edildi, ipler gerildi\"},{\"@type\":\"BreadcrumbList\",\"@id\":\"https:\\\/\\\/darkamazi.site\\\/archives\\\/1025749#breadcrumb\",\"itemListElement\":[{\"@type\":\"ListItem\",\"position\":1,\"name\":\"Home\",\"item\":\"https:\\\/\\\/darkamazi.site\\\/\"},{\"@type\":\"ListItem\",\"position\":2,\"name\":\"\u015eii Lider Sadr&#8217;\u0131n babas\u0131na sosyal medya \u00fczerinden hakaretleri Maliki taraftarlar\u0131n\u0131n yapt\u0131\u011f\u0131 iddia edildi, ipler gerildi\"}]},{\"@type\":\"WebSite\",\"@id\":\"https:\\\/\\\/darkamazi.site\\\/#website\",\"url\":\"https:\\\/\\\/darkamazi.site\\\/\",\"name\":\"Darka Mazi\",\"description\":\"Ana Sayfa\",\"publisher\":{\"@id\":\"https:\\\/\\\/darkamazi.site\\\/#organization\"},\"potentialAction\":[{\"@type\":\"SearchAction\",\"target\":{\"@type\":\"EntryPoint\",\"urlTemplate\":\"https:\\\/\\\/darkamazi.site\\\/?s={search_term_string}\"},\"query-input\":{\"@type\":\"PropertyValueSpecification\",\"valueRequired\":true,\"valueName\":\"search_term_string\"}}],\"inLanguage\":\"en-US\"},{\"@type\":\"Organization\",\"@id\":\"https:\\\/\\\/darkamazi.site\\\/#organization\",\"name\":\"Darka Mazi T\u00fcrk\u00e7e\",\"alternateName\":\"Darka Mazi\",\"url\":\"https:\\\/\\\/darkamazi.site\\\/\",\"logo\":{\"@type\":\"ImageObject\",\"inLanguage\":\"en-US\",\"@id\":\"https:\\\/\\\/darkamazi.site\\\/#\\\/schema\\\/logo\\\/image\\\/\",\"url\":\"https:\\\/\\\/darkamazi.site\\\/darka-content\\\/uploads\\\/2017\\\/12\\\/darka-mazi-logo.png\",\"contentUrl\":\"https:\\\/\\\/darkamazi.site\\\/darka-content\\\/uploads\\\/2017\\\/12\\\/darka-mazi-logo.png\",\"width\":151,\"height\":75,\"caption\":\"Darka Mazi T\u00fcrk\u00e7e\"},\"image\":{\"@id\":\"https:\\\/\\\/darkamazi.site\\\/#\\\/schema\\\/logo\\\/image\\\/\"},\"sameAs\":[\"https:\\\/\\\/www.facebook.com\\\/DarkaMaziturkce\",\"https:\\\/\\\/x.com\\\/DarkaMaziTurkce\"]},{\"@type\":\"Person\",\"@id\":\"https:\\\/\\\/darkamazi.site\\\/#\\\/schema\\\/person\\\/67986a95ac546c16760365877ef4a9d3\",\"name\":\"darka mazi\",\"sameAs\":[\"https:\\\/\\\/darkamazi.site\"],\"url\":\"https:\\\/\\\/darkamazi.site\\\/archives\\\/author\\\/turkish\"}]}<\/script>\n<!-- \/ Yoast SEO plugin. -->","seo_head_json":{"title":"\u015eii Lider Sadr'\u0131n babas\u0131na sosyal medya \u00fczerinden hakaretleri Maliki taraftarlar\u0131n\u0131n yapt\u0131\u011f\u0131 iddia edildi, ipler gerildi - Darka Mazi","robots":{"index":"index","follow":"follow","max-snippet":"max-snippet:-1","max-image-preview":"max-image-preview:large","max-video-preview":"max-video-preview:-1"},"canonical":"https:\/\/darkamazi.site\/archives\/1025749","og_locale":"en_US","og_type":"article","og_title":"\u015eii Lider Sadr'\u0131n babas\u0131na sosyal medya \u00fczerinden hakaretleri Maliki taraftarlar\u0131n\u0131n yapt\u0131\u011f\u0131 iddia edildi, ipler gerildi - Darka Mazi","og_description":"Irak&#8217;ta Sadr Hareketi lideri Mukteda es-Sadr yanl\u0131lar\u0131, eski ba\u015fbakanlardan Nuri el-Maliki&#8217;nin lideri oldu\u011fu Dava Partisi\u2019nin Ba\u011fdat ve g\u00fcney vilayetlerdeki b\u00fcrolar\u0131na kilit vurarak kapatt\u0131. Sadr Hareketi\u2019nin eski Parlameto Grup Ba\u015fkan\u0131 Hasan Azari, sosyal medya hesab\u0131ndan yapt\u0131\u011f\u0131 payla\u015f\u0131mda, liderleri Sadr&#8217;\u0131n babas\u0131 Muhammed Sad\u0131k es-Sadr&#8217;a y\u00f6nelik sosyal medyadaki hakaret i\u00e7erikli payla\u015f\u0131mlara dikkati \u00e7ekti. Bu payla\u015f\u0131mlarda &#8220;baba Sadr&#8217;\u0131n Baas [&hellip;]","og_url":"https:\/\/darkamazi.site\/archives\/1025749","og_site_name":"Darka Mazi","article_publisher":"https:\/\/www.facebook.com\/DarkaMaziturkce","article_published_time":"2023-07-17T07:14:33+00:00","og_image":[{"width":710,"height":399,"url":"https:\/\/darkamazi.site\/file\/2023\/07\/sdr.jpg","type":"image\/jpeg"}],"author":"darka mazi","twitter_card":"summary_large_image","twitter_creator":"@DarkaMaziTurkce","twitter_site":"@DarkaMaziTurkce","twitter_misc":{"Written by":"darka mazi","Est. reading time":"1 minute"},"schema":{"@context":"https:\/\/schema.org","@graph":[{"@type":"NewsArticle","@id":"https:\/\/darkamazi.site\/archives\/1025749#article","isPartOf":{"@id":"https:\/\/darkamazi.site\/archives\/1025749"},"author":{"name":"darka mazi","@id":"https:\/\/darkamazi.site\/#\/schema\/person\/67986a95ac546c16760365877ef4a9d3"},"headline":"\u015eii Lider Sadr&#8217;\u0131n babas\u0131na sosyal medya \u00fczerinden hakaretleri Maliki taraftarlar\u0131n\u0131n yapt\u0131\u011f\u0131 iddia edildi, ipler gerildi","datePublished":"2023-07-17T07:14:33+00:00","mainEntityOfPage":{"@id":"https:\/\/darkamazi.site\/archives\/1025749"},"wordCount":257,"publisher":{"@id":"https:\/\/darkamazi.site\/#organization"},"image":{"@id":"https:\/\/darkamazi.site\/archives\/1025749#primaryimage"},"thumbnailUrl":"https:\/\/darkamazi.site\/file\/2023\/07\/sdr.jpg","keywords":["\u00f6nemli"],"articleSection":["Ortado\u011fu"],"inLanguage":"en-US"},{"@type":"WebPage","@id":"https:\/\/darkamazi.site\/archives\/1025749","url":"https:\/\/darkamazi.site\/archives\/1025749","name":"\u015eii Lider Sadr'\u0131n babas\u0131na sosyal medya \u00fczerinden hakaretleri Maliki taraftarlar\u0131n\u0131n yapt\u0131\u011f\u0131 iddia edildi, ipler gerildi - Darka Mazi","isPartOf":{"@id":"https:\/\/darkamazi.site\/#website"},"primaryImageOfPage":{"@id":"https:\/\/darkamazi.site\/archives\/1025749#primaryimage"},"image":{"@id":"https:\/\/darkamazi.site\/archives\/1025749#primaryimage"},"thumbnailUrl":"https:\/\/darkamazi.site\/file\/2023\/07\/sdr.jpg","datePublished":"2023-07-17T07:14:33+00:00","breadcrumb":{"@id":"https:\/\/darkamazi.site\/archives\/1025749#breadcrumb"},"inLanguage":"en-US","potentialAction":[{"@type":"ReadAction","target":["https:\/\/darkamazi.site\/archives\/1025749"]}]},{"@type":"ImageObject","inLanguage":"en-US","@id":"https:\/\/darkamazi.site\/archives\/1025749#primaryimage","url":"https:\/\/darkamazi.site\/file\/2023\/07\/sdr.jpg","contentUrl":"https:\/\/darkamazi.site\/file\/2023\/07\/sdr.jpg","width":710,"height":399,"caption":"\u015eii Lider Sadr'\u0131n babas\u0131na sosyal medya \u00fczerinden hakaretleri Maliki'nin taraftarlar\u0131n\u0131n yapt\u0131\u011f\u0131 iddia edildi, ipler gerildi"},{"@type":"BreadcrumbList","@id":"https:\/\/darkamazi.site\/archives\/1025749#breadcrumb","itemListElement":[{"@type":"ListItem","position":1,"name":"Home","item":"https:\/\/darkamazi.site\/"},{"@type":"ListItem","position":2,"name":"\u015eii Lider Sadr&#8217;\u0131n babas\u0131na sosyal medya \u00fczerinden hakaretleri Maliki taraftarlar\u0131n\u0131n yapt\u0131\u011f\u0131 iddia edildi, ipler gerildi"}]},{"@type":"WebSite","@id":"https:\/\/darkamazi.site\/#website","url":"https:\/\/darkamazi.site\/","name":"Darka Mazi","description":"Ana Sayfa","publisher":{"@id":"https:\/\/darkamazi.site\/#organization"},"potentialAction":[{"@type":"SearchAction","target":{"@type":"EntryPoint","urlTemplate":"https:\/\/darkamazi.site\/?s={search_term_string}"},"query-input":{"@type":"PropertyValueSpecification","valueRequired":true,"valueName":"search_term_string"}}],"inLanguage":"en-US"},{"@type":"Organization","@id":"https:\/\/darkamazi.site\/#organization","name":"Darka Mazi T\u00fcrk\u00e7e","alternateName":"Darka Mazi","url":"https:\/\/darkamazi.site\/","logo":{"@type":"ImageObject","inLanguage":"en-US","@id":"https:\/\/darkamazi.site\/#\/schema\/logo\/image\/","url":"https:\/\/darkamazi.site\/file\/2017\/12\/darka-mazi-logo.png","contentUrl":"https:\/\/darkamazi.site\/file\/2017\/12\/darka-mazi-logo.png","width":151,"height":75,"caption":"Darka Mazi T\u00fcrk\u00e7e"},"image":{"@id":"https:\/\/darkamazi.site\/#\/schema\/logo\/image\/"},"sameAs":["https:\/\/www.facebook.com\/DarkaMaziturkce","https:\/\/x.com\/DarkaMaziTurkce"]},{"@type":"Person","@id":"https:\/\/darkamazi.site\/#\/schema\/person\/67986a95ac546c16760365877ef4a9d3","name":"darka mazi","sameAs":["https:\/\/darkamazi.site"],"url":"https:\/\/darkamazi.site\/archives\/author\/turkish"}]}},"_links":{"self":[{"href":"https:\/\/darkamazi.site\/funavuv\/wp\/v2\/posts\/1025749","targetHints":{"allow":["GET"]}}],"collection":[{"href":"https:\/\/darkamazi.site\/funavuv\/wp\/v2\/posts"}],"about":[{"href":"https:\/\/darkamazi.site\/funavuv\/wp\/v2\/types\/post"}],"author":[{"embeddable":true,"href":"https:\/\/darkamazi.site\/funavuv\/wp\/v2\/users\/2"}],"replies":[{"embeddable":true,"href":"https:\/\/darkamazi.site\/funavuv\/wp\/v2\/comments?post=1025749"}],"version-history":[{"count":0,"href":"https:\/\/darkamazi.site\/funavuv\/wp\/v2\/posts\/1025749\/revisions"}],"wp:featuredmedia":[{"embeddable":true,"href":"https:\/\/darkamazi.site\/funavuv\/wp\/v2\/media\/1025750"}],"wp:attachment":[{"href":"https:\/\/darkamazi.site\/funavuv\/wp\/v2\/media?parent=1025749"}],"wp:term":[{"taxonomy":"category","embeddable":true,"href":"https:\/\/darkamazi.site\/funavuv\/wp\/v2\/categories?post=1025749"},{"taxonomy":"post_tag","embeddable":true,"href":"https:\/\/darkamazi.site\/funavuv\/wp\/v2\/tags?post=1025749"}],"curies":[{"name":"wp","href":"https:\/\/api.w.org\/{rel}","templated":true}]}}