{"id":1025896,"date":"2023-07-29T18:11:21","date_gmt":"2023-07-29T15:11:21","guid":{"rendered":"https:\/\/darkamazi.site\/?p=1025896"},"modified":"2023-07-29T18:11:21","modified_gmt":"2023-07-29T15:11:21","slug":"pkknin-tuggeneral-muhammed-mirzayi-hedeflemesi-genelde-zaxo-halkina-ozelde-sindilere-donuk-bir-saldiridir","status":"publish","type":"post","link":"https:\/\/darkamazi.site\/archives\/1025896","title":{"rendered":"PKK\u2019nin Tu\u011fgeneral Muhammed Mirza\u2019y\u0131 hedeflemesi genelde Zaxo halk\u0131na \u00f6zelde Sindilere d\u00f6n\u00fck bir sald\u0131r\u0131d\u0131r"},"content":{"rendered":"<p style=\"text-align: justify\">23 Temmuz g\u00fcn\u00fc Zaxo\u2019nun en i\u015flek caddesinde arabas\u0131na konulan bomban\u0131n uzaktan kumanda ile patlat\u0131lmas\u0131 sonucu Tu\u011fgeneral Muhammed Mirza Sofi \u015fehit d\u00fc\u015ft\u00fc. \u00a0K\u00fcrdistan B\u00f6lge Asayi\u015fi sald\u0131r\u0131y\u0131 PKK\u2019nin yapt\u0131\u011f\u0131na dair ku\u015fku b\u0131rakmayacak belgeler yay\u0131nlad\u0131. Darka Mazi\u2019de 9 Temmuz\u2019da PKK\u2019nin K\u00fcrdistan B\u00f6lgesine kar\u015f\u0131 yeni bir sald\u0131r\u0131 hamlesi ba\u015flatt\u0131\u011f\u0131n\u0131 duyurmu\u015ftu<\/p>\n<p style=\"text-align: justify\"><strong>PKK, sald\u0131r\u0131lar\u0131 K\u00fcrt kar\u015f\u0131t\u0131 cephenin konsepti dahilinde yap\u0131yor<\/strong><\/p>\n<p style=\"text-align: justify\">PKK ve seksiyon \u00f6rg\u00fctleri Kuzey K\u00fcrdistan ve T\u00fcrkiye se\u00e7imlerinde ya\u015fad\u0131klar\u0131 yenilgiden sonra K\u00fcrtleri ve g\u00fcndemi manip\u00fcle etmek i\u00e7in s\u00fcrekli olarak ihanet, ajanla\u015ft\u0131rma vb konulara g\u00fcndeme getiriyor. Bu bi\u00e7imde kendi yenilgisine k\u0131l\u0131f ar\u0131yor. Bu \u00e7er\u00e7evede PKK\u2019nin K\u00fcrtlere daha fazla y\u00f6nelece\u011fi nettir.<\/p>\n<p style=\"text-align: justify\">Fakat K\u00fcrdistan B\u00f6lgesin\u2019de yo\u011funla\u015fan ve daha da yo\u011funla\u015fmas\u0131 beklenen sald\u0131r\u0131n\u0131n arkas\u0131nda daha b\u00fcy\u00fck bir kesim var o da: K\u00fcrdistan kar\u015f\u0131t\u0131 cephe. \u015eii yanl\u0131s\u0131 ve baz\u0131 bat\u0131 lobilerinin K\u00fcrdistan B\u00f6lgesi\u2019ni ekonomik ve siyasi bask\u0131 alt\u0131na alarak teslim almak istiyor ve bunlar\u0131n baz\u0131 K\u00fcrt ortaklar\u0131 var. Bunlar\u0131n ba\u015f\u0131nda da PKK geliyor. PKK i\u00e7te huzursuzluk yaratarak, psikolojik bask\u0131 yapmak, y\u0131ld\u0131rmak i\u00e7in silah\u0131 Zaxo\u2019da oldu\u011fu gibi kalle\u015f\u00e7e baz\u0131 y\u00f6ntemlerle kullanacak.<\/p>\n<p style=\"text-align: justify\"><strong>Muhammed Mirza neden PKK\u2019nin hedefi oldu? <\/strong><\/p>\n<p style=\"text-align: justify\">Muhammed Mirza Zaxo\u2019nun tan\u0131nm\u0131\u015f isimlerinden, K\u00fcrdistan devrimine emekleri olan bir aileye mensup. \u00a067 ya\u015f\u0131ndaki Muhammed Mirza Sindi a\u015firetine mensup bir isim.<\/p>\n<p style=\"text-align: justify\">Muhammed Mirza ge\u00e7mi\u015fte pe\u015fmergelik yapm\u0131\u015f biri. Fakat baz\u0131 sa\u011fl\u0131k sorunlar\u0131 ve ya\u015f nedeni ile 2006 y\u0131l\u0131ndan bu yana aktif g\u00f6revde de\u011fil. Yani Tu\u011fgeneral Muhammed Mirza asl\u0131nda yar\u0131 emekli biri. Daha \u00e7ok m\u00fczik ve k\u00fclt\u00fcr \u00e7al\u0131\u015fmalar\u0131na e\u011filimi var ve son 17 y\u0131ld\u0131r da onunla u\u011fra\u015f\u0131yor. \u00a0Yani g\u00fcncel bir siyasi kimli\u011fi yok. Hatta herhangi bir g\u00fcvenlik ve koruma olmadan, kendi arac\u0131 ile rahat rahat her yeri gezen biri. \u00a0Muhammed Mirza\u2019n\u0131n hedef al\u0131nmas\u0131nda ki bir neden de PKK\u2019nin g\u00fcvenlik sistemi olmad\u0131\u011f\u0131n\u0131 fark etmi\u015f olmas\u0131 etkili olmu\u015f oldu\u011fu d\u00fc\u015f\u00fcn\u00fcl\u00fcyor.<\/p>\n<p style=\"text-align: justify\">PKK neden Muhammed Mirza\u2019y\u0131 hedef ald\u0131? PKK\u2019nin Muhammed Mirza\u2019y\u0131 hedef almas\u0131 asl\u0131nda Sindilere kar\u015f\u0131 yap\u0131lm\u0131\u015f bir sald\u0131r\u0131d\u0131r. Ayr\u0131ca kur\u015fun Muhammed Mirza\u2019ya s\u0131k\u0131lsa da esas ta Zaxo\u2019yu kar\u0131\u015ft\u0131rmak esas al\u0131nm\u0131\u015ft\u0131r.<\/p>\n<p style=\"text-align: justify\">A\u00e7\u0131k belirtmek gerekirse bu sald\u0131r\u0131 PKK\u2019nin Haftanin karagah\u0131 ile ilgili bir durum da de\u011fildir. Muhammed Mirza\u2019n\u0131n katledilmesi direk ba\u015f\u0131nda Murat Karay\u0131lan\u2019\u0131n oldu\u011fu HSD- Halk Savunma Merkezi denen PKK\u2019nin askeri y\u00f6netimi taraf\u0131ndan kararla\u015ft\u0131r\u0131lm\u0131\u015f bir cinayettir. \u00c7\u00fcnk\u00fc alt\u0131nda genel bir bir siyaset vard\u0131r.<\/p>\n<p style=\"text-align: justify\"><strong>PKK Sindileri sindirmek istiyor<\/strong><\/p>\n<p style=\"text-align: justify\">PKK yakla\u015f\u0131k olarak 1983 y\u0131l\u0131ndan bu yana yani neredeyse 40 y\u0131ld\u0131r Sindi a\u015firetinin etkili oldu\u011fu Haftanin b\u00f6lgesinde ve bu a\u015firetle baz\u0131 ili\u015fkileri olsa bile hi\u00e7bir zaman ki\u015fisel ve tek tek ili\u015fkiler d\u0131\u015f\u0131nda Sindiler taraf\u0131ndan benimsenmedi.<br \/>\nSindiler genel yurtseverlik \u00e7er\u00e7evesinde ve uzla\u015fma \u00e7er\u00e7evesinde PKK\u2019ye yakla\u015ft\u0131lar. Fakat aktif destek\u00e7isi olmad\u0131lar. PKK ge\u00e7mi\u015fte de baz\u0131 i\u00e7 sorunlar\u0131 kullanarak Sindilerden kendine bir par\u00e7a koparmak i\u00e7in kullanmak istedi, fakat ba\u015far\u0131l\u0131 olmad\u0131. \u00d6zellikle de 2020 y\u0131l\u0131 Haziran\u2019\u0131nda TSK\u2019n\u0131n Haftanin\u2019de ba\u015flatt\u0131\u011f\u0131 Pen\u00e7e- Kaplan operasyonu sonras\u0131 Sindiler PKK ile aralar\u0131na daha fazla mesafe koydular. \u00a0PKK\u2019nin 40 y\u0131ld\u0131r tuttu\u011fu Xantur ve bir\u00e7ok tepeyi hi\u00e7 \u00e7at\u0131\u015fmadan b\u0131rakt\u0131\u011f\u0131 Haftanin ve \u00e7evresindeki k\u00f6yler yak\u0131ndan tan\u0131kl\u0131k etti.<\/p>\n<p style=\"text-align: justify\">Haftanin ve b\u00f6lgesindeki S\u0131naht, Xuntur, Merge \u015ei\u015fe,Perax ve P\u00eerbela gibi alanlar uzun y\u0131llar PKK taraf\u0131ndan i\u015fgal edildi. PKK k\u00f6yl\u00fclerin ba\u011f ve bah\u00e7elerine girmesine izin vermedi. K\u00f6yl\u00fcler \u201cPKK bizim girmemize izin vermedi\u011fi yerleri bir g\u00fcnde TSK\u2019ya verdi\u201d diyerek rahats\u0131zl\u0131\u011f\u0131n\u0131 dile getiriyor.<\/p>\n<p style=\"text-align: justify\">K\u00f6yl\u00fcler bu muazzam arazinin b\u00f6yle b\u0131rak\u0131lmas\u0131ndan sonra sava\u015f\u0131n anlams\u0131z bir sava\u015f oldu\u011funu net g\u00f6rd\u00fc. PKK\u2019nin erzak vb birka\u00e7 ticari ili\u015fkisi d\u0131\u015f\u0131nda halk PKK\u2019nin k\u00f6ylerinden uzak durmas\u0131n\u0131, k\u00f6ylerin yak\u0131na mevzi kazmas\u0131n\u0131 kabul etmedi. Ayr\u0131ca Batufa ve Derkar \u00e7evresine s\u0131n\u0131r muhaf\u0131zlar\u0131 yerle\u015fti.<\/p>\n<p style=\"text-align: justify\">PKK sadece baz\u0131 k\u00f6ylerin yak\u0131n\u0131nda \u00fcsleniyor. PKK kendi \u00fcslene bildi\u011fi alanlar\u0131 b\u00fcy\u00fcte bilmek i\u00e7in bir yandan S\u0131n\u0131r Muhaf\u0131zlar\u0131na bir yandan da k\u00f6yl\u00fclere kar\u015f\u0131 sald\u0131r\u0131lar\u0131n\u0131 artt\u0131rarak korku yaymak ve k\u00f6ylerin etraf\u0131n\u0131 kendi kullan\u0131m\u0131na a\u00e7mak istiyor.<\/p>\n<p style=\"text-align: justify\"><strong>Zaxo\u2019da durum nedir? <\/strong><\/p>\n<p style=\"text-align: justify\">2021 y\u0131l\u0131 Temmuz\u2019unda Zaxo \u00f6zerk idare stat\u00fcs\u00fcne kavu\u015ftuktan sonra yeni bir sayfa a\u00e7\u0131ld\u0131. Ayr\u0131 bir mali b\u00fct\u00e7e, yap\u0131lan atamalar, i\u015f imkanlar\u0131n\u0131n artmas\u0131, gen\u00e7lere d\u00f6n\u00fck yeni projelerin yap\u0131lmas\u0131, in\u015faat sekt\u00f6r\u00fcndeki geli\u015fmeler, alt yap\u0131 sorunlar\u0131n\u0131n \u00e7\u00f6z\u00fcm\u00fc vb hususlar \u015fehirde \u00f6nemli bir moral d\u00fczeyi yaratt\u0131. Zaxo halk\u0131 K\u00fcrdistan B\u00f6lgesi h\u00fck\u00fcmetinin kendilerine g\u00f6sterdi\u011fi \u00f6nemden memnun.<\/p>\n<p style=\"text-align: justify\">Bu durumdan tek memnun olmayan ise PKK. \u00c7\u00fcnk\u00fc halk\u0131n rahat ve huzurlu oldu\u011fu yerde PKK bar\u0131nam\u0131yor. PKK\u2019nin bir yerde bar\u0131nmas\u0131 i\u00e7in yoksulluk, mutsuzluk, moralsizlik olmas\u0131 gerekiyor. PKK\u2019nin Zaxo\u2019daki stabil durumu bozmak i\u00e7in daha aktif harekete ge\u00e7ti. 5 Temmuz g\u00fcn\u00fc \u00f6nce Batifa yak\u0131nlar\u0131ndaki karargah vuruldu sonra da Mirza Muhammed katledildi.<\/p>\n<p style=\"text-align: justify\">Yani Mirza Muhammed \u00f6zel bir hedef olarak de\u011fil genelde Zaxo halk\u0131na \u00f6zelde Sindilere bir mesaj verilmek i\u00e7in hedeflenmi\u015ftir.<\/p>\n<p style=\"text-align: justify\"><strong>Lozan\u2019da Konferans, Zaxo\u2019da cinayet<\/strong><\/p>\n<p style=\"text-align: justify\">Muhammed Mirza tam da PKK\u2019nin Lozan\u2019da Konferans yapt\u0131\u011f\u0131 g\u00fcn vuruldu.\u00a0 PKK Lozan\u2019da \u201cbirlik mesaj\u0131 ve \u00e7a\u011fr\u0131s\u0131\u201d yapt\u0131 ama K\u00fcrdistan\u2019da emek\u00e7i bir pe\u015fmergeyi katletti.<\/p>\n<p style=\"text-align: justify\">PKK kendini kabul ettiremedi\u011fi yerde sindirme ve y\u0131ld\u0131rma siyaseti ile hakim olmak istiyor.\u00a0 Zaxo olay\u0131 bu anlama gelmektedir. K\u00fcrdistan B\u00f6lgesi ve st\u00fct\u00fcs\u00fc \u00fczerindeki bask\u0131lar ve komplolar ile PKK sald\u0131r\u0131lar\u0131 paraleldir. Bundan sonra da bu sald\u0131ralar devam edecektir. PKK elbette ki hi\u00e7 birin \u00fcslenmeyecektir.<\/p>\n<p style=\"text-align: justify\">Muhammed Mirza\u2019\u0131n katledilmesi PKK\u2019nin K\u00fcrdistani de\u011ferlerden uzak bir \u00e7ete yap\u0131s\u0131 haline geldi\u011finin de bir kan\u0131t\u0131d\u0131r.<\/p>\n","protected":false},"excerpt":{"rendered":"<p>23 Temmuz g\u00fcn\u00fc Zaxo\u2019nun en i\u015flek caddesinde arabas\u0131na konulan bomban\u0131n uzaktan kumanda ile patlat\u0131lmas\u0131 sonucu Tu\u011fgeneral Muhammed Mirza Sofi \u015fehit d\u00fc\u015ft\u00fc. \u00a0K\u00fcrdistan B\u00f6lge Asayi\u015fi sald\u0131r\u0131y\u0131 PKK\u2019nin yapt\u0131\u011f\u0131na dair ku\u015fku b\u0131rakmayacak belgeler yay\u0131nlad\u0131. Darka Mazi\u2019de 9 Temmuz\u2019da PKK\u2019nin K\u00fcrdistan B\u00f6lgesine kar\u015f\u0131 yeni bir sald\u0131r\u0131 hamlesi ba\u015flatt\u0131\u011f\u0131n\u0131 duyurmu\u015ftu PKK, sald\u0131r\u0131lar\u0131 K\u00fcrt kar\u015f\u0131t\u0131 cephenin konsepti dahilinde yap\u0131yor PKK [&hellip;]<\/p>\n","protected":false},"author":2,"featured_media":1025897,"comment_status":"closed","ping_status":"closed","sticky":false,"template":"","format":"standard","meta":{"footnotes":""},"categories":[3],"tags":[31],"class_list":["post-1025896","post","type-post","status-publish","format-standard","has-post-thumbnail","hentry","category-kurdistan","tag-onemli"],"blocksy_meta":[],"seo_head":"<!-- This site is optimized with the Yoast SEO plugin v27.5 - https:\/\/yoast.com\/product\/yoast-seo-wordpress\/ -->\n<title>PKK\u2019nin Tu\u011fgeneral Muhammed Mirza\u2019y\u0131 hedeflemesi genelde Zaxo halk\u0131na \u00f6zelde Sindilere d\u00f6n\u00fck bir sald\u0131r\u0131d\u0131r - Darka Mazi<\/title>\n<meta name=\"robots\" content=\"index, follow, max-snippet:-1, max-image-preview:large, max-video-preview:-1\" \/>\n<link rel=\"canonical\" href=\"https:\/\/darkamazi.site\/archives\/1025896\" \/>\n<meta property=\"og:locale\" content=\"en_US\" \/>\n<meta property=\"og:type\" content=\"article\" \/>\n<meta property=\"og:title\" content=\"PKK\u2019nin Tu\u011fgeneral Muhammed Mirza\u2019y\u0131 hedeflemesi genelde Zaxo halk\u0131na \u00f6zelde Sindilere d\u00f6n\u00fck bir sald\u0131r\u0131d\u0131r - Darka Mazi\" \/>\n<meta property=\"og:description\" content=\"23 Temmuz g\u00fcn\u00fc Zaxo\u2019nun en i\u015flek caddesinde arabas\u0131na konulan bomban\u0131n uzaktan kumanda ile patlat\u0131lmas\u0131 sonucu Tu\u011fgeneral Muhammed Mirza Sofi \u015fehit d\u00fc\u015ft\u00fc. \u00a0K\u00fcrdistan B\u00f6lge Asayi\u015fi sald\u0131r\u0131y\u0131 PKK\u2019nin yapt\u0131\u011f\u0131na dair ku\u015fku b\u0131rakmayacak belgeler yay\u0131nlad\u0131. Darka Mazi\u2019de 9 Temmuz\u2019da PKK\u2019nin K\u00fcrdistan B\u00f6lgesine kar\u015f\u0131 yeni bir sald\u0131r\u0131 hamlesi ba\u015flatt\u0131\u011f\u0131n\u0131 duyurmu\u015ftu PKK, sald\u0131r\u0131lar\u0131 K\u00fcrt kar\u015f\u0131t\u0131 cephenin konsepti dahilinde yap\u0131yor PKK [&hellip;]\" \/>\n<meta property=\"og:url\" content=\"https:\/\/darkamazi.site\/archives\/1025896\" \/>\n<meta property=\"og:site_name\" content=\"Darka Mazi\" \/>\n<meta property=\"article:publisher\" content=\"https:\/\/www.facebook.com\/DarkaMaziturkce\" \/>\n<meta property=\"article:published_time\" content=\"2023-07-29T15:11:21+00:00\" \/>\n<meta property=\"og:image\" content=\"https:\/\/darkamazi.site\/file\/2023\/07\/mohemed-mirza.jpg\" \/>\n\t<meta property=\"og:image:width\" content=\"900\" \/>\n\t<meta property=\"og:image:height\" content=\"497\" \/>\n\t<meta property=\"og:image:type\" content=\"image\/jpeg\" \/>\n<meta name=\"author\" content=\"darka mazi\" \/>\n<meta name=\"twitter:card\" content=\"summary_large_image\" \/>\n<meta name=\"twitter:creator\" content=\"@DarkaMaziTurkce\" \/>\n<meta name=\"twitter:site\" content=\"@DarkaMaziTurkce\" \/>\n<meta name=\"twitter:label1\" content=\"Written by\" \/>\n\t<meta name=\"twitter:data1\" content=\"darka mazi\" \/>\n\t<meta name=\"twitter:label2\" content=\"Est. reading time\" \/>\n\t<meta name=\"twitter:data2\" content=\"6 minutes\" \/>\n<script type=\"application\/ld+json\" class=\"seo-schema-graph\">{\"@context\":\"https:\\\/\\\/schema.org\",\"@graph\":[{\"@type\":\"NewsArticle\",\"@id\":\"https:\\\/\\\/darkamazi.site\\\/archives\\\/1025896#article\",\"isPartOf\":{\"@id\":\"https:\\\/\\\/darkamazi.site\\\/archives\\\/1025896\"},\"author\":{\"name\":\"darka mazi\",\"@id\":\"https:\\\/\\\/darkamazi.site\\\/#\\\/schema\\\/person\\\/67986a95ac546c16760365877ef4a9d3\"},\"headline\":\"PKK\u2019nin Tu\u011fgeneral Muhammed Mirza\u2019y\u0131 hedeflemesi genelde Zaxo halk\u0131na \u00f6zelde Sindilere d\u00f6n\u00fck bir sald\u0131r\u0131d\u0131r\",\"datePublished\":\"2023-07-29T15:11:21+00:00\",\"mainEntityOfPage\":{\"@id\":\"https:\\\/\\\/darkamazi.site\\\/archives\\\/1025896\"},\"wordCount\":1138,\"publisher\":{\"@id\":\"https:\\\/\\\/darkamazi.site\\\/#organization\"},\"image\":{\"@id\":\"https:\\\/\\\/darkamazi.site\\\/archives\\\/1025896#primaryimage\"},\"thumbnailUrl\":\"https:\\\/\\\/darkamazi.site\\\/darka-content\\\/uploads\\\/2023\\\/07\\\/mohemed-mirza.jpg\",\"keywords\":[\"\u00f6nemli\"],\"articleSection\":[\"Kurdistan\"],\"inLanguage\":\"en-US\"},{\"@type\":\"WebPage\",\"@id\":\"https:\\\/\\\/darkamazi.site\\\/archives\\\/1025896\",\"url\":\"https:\\\/\\\/darkamazi.site\\\/archives\\\/1025896\",\"name\":\"PKK\u2019nin Tu\u011fgeneral Muhammed Mirza\u2019y\u0131 hedeflemesi genelde Zaxo halk\u0131na \u00f6zelde Sindilere d\u00f6n\u00fck bir sald\u0131r\u0131d\u0131r - Darka Mazi\",\"isPartOf\":{\"@id\":\"https:\\\/\\\/darkamazi.site\\\/#website\"},\"primaryImageOfPage\":{\"@id\":\"https:\\\/\\\/darkamazi.site\\\/archives\\\/1025896#primaryimage\"},\"image\":{\"@id\":\"https:\\\/\\\/darkamazi.site\\\/archives\\\/1025896#primaryimage\"},\"thumbnailUrl\":\"https:\\\/\\\/darkamazi.site\\\/darka-content\\\/uploads\\\/2023\\\/07\\\/mohemed-mirza.jpg\",\"datePublished\":\"2023-07-29T15:11:21+00:00\",\"breadcrumb\":{\"@id\":\"https:\\\/\\\/darkamazi.site\\\/archives\\\/1025896#breadcrumb\"},\"inLanguage\":\"en-US\",\"potentialAction\":[{\"@type\":\"ReadAction\",\"target\":[\"https:\\\/\\\/darkamazi.site\\\/archives\\\/1025896\"]}]},{\"@type\":\"ImageObject\",\"inLanguage\":\"en-US\",\"@id\":\"https:\\\/\\\/darkamazi.site\\\/archives\\\/1025896#primaryimage\",\"url\":\"https:\\\/\\\/darkamazi.site\\\/darka-content\\\/uploads\\\/2023\\\/07\\\/mohemed-mirza.jpg\",\"contentUrl\":\"https:\\\/\\\/darkamazi.site\\\/darka-content\\\/uploads\\\/2023\\\/07\\\/mohemed-mirza.jpg\",\"width\":900,\"height\":497,\"caption\":\"PKK\u2019nin Tu\u011fgeneral Muhammed Mirza\u2019y\u0131 hedeflemesi genelde Zaxo halk\u0131na \u00f6zelde Sindilere d\u00f6n\u00fck bir sald\u0131r\u0131d\u0131r, Zaxo \u00f6zel idaresi, Haftanin, Pirbela, Ke\u015fane, Sinah, Xantur, Merge \u015ei\u015f, Derkar, Batufa, Lozan\"},{\"@type\":\"BreadcrumbList\",\"@id\":\"https:\\\/\\\/darkamazi.site\\\/archives\\\/1025896#breadcrumb\",\"itemListElement\":[{\"@type\":\"ListItem\",\"position\":1,\"name\":\"Home\",\"item\":\"https:\\\/\\\/darkamazi.site\\\/\"},{\"@type\":\"ListItem\",\"position\":2,\"name\":\"PKK\u2019nin Tu\u011fgeneral Muhammed Mirza\u2019y\u0131 hedeflemesi genelde Zaxo halk\u0131na \u00f6zelde Sindilere d\u00f6n\u00fck bir sald\u0131r\u0131d\u0131r\"}]},{\"@type\":\"WebSite\",\"@id\":\"https:\\\/\\\/darkamazi.site\\\/#website\",\"url\":\"https:\\\/\\\/darkamazi.site\\\/\",\"name\":\"Darka Mazi\",\"description\":\"Ana Sayfa\",\"publisher\":{\"@id\":\"https:\\\/\\\/darkamazi.site\\\/#organization\"},\"potentialAction\":[{\"@type\":\"SearchAction\",\"target\":{\"@type\":\"EntryPoint\",\"urlTemplate\":\"https:\\\/\\\/darkamazi.site\\\/?s={search_term_string}\"},\"query-input\":{\"@type\":\"PropertyValueSpecification\",\"valueRequired\":true,\"valueName\":\"search_term_string\"}}],\"inLanguage\":\"en-US\"},{\"@type\":\"Organization\",\"@id\":\"https:\\\/\\\/darkamazi.site\\\/#organization\",\"name\":\"Darka Mazi T\u00fcrk\u00e7e\",\"alternateName\":\"Darka Mazi\",\"url\":\"https:\\\/\\\/darkamazi.site\\\/\",\"logo\":{\"@type\":\"ImageObject\",\"inLanguage\":\"en-US\",\"@id\":\"https:\\\/\\\/darkamazi.site\\\/#\\\/schema\\\/logo\\\/image\\\/\",\"url\":\"https:\\\/\\\/darkamazi.site\\\/darka-content\\\/uploads\\\/2017\\\/12\\\/darka-mazi-logo.png\",\"contentUrl\":\"https:\\\/\\\/darkamazi.site\\\/darka-content\\\/uploads\\\/2017\\\/12\\\/darka-mazi-logo.png\",\"width\":151,\"height\":75,\"caption\":\"Darka Mazi T\u00fcrk\u00e7e\"},\"image\":{\"@id\":\"https:\\\/\\\/darkamazi.site\\\/#\\\/schema\\\/logo\\\/image\\\/\"},\"sameAs\":[\"https:\\\/\\\/www.facebook.com\\\/DarkaMaziturkce\",\"https:\\\/\\\/x.com\\\/DarkaMaziTurkce\"]},{\"@type\":\"Person\",\"@id\":\"https:\\\/\\\/darkamazi.site\\\/#\\\/schema\\\/person\\\/67986a95ac546c16760365877ef4a9d3\",\"name\":\"darka mazi\",\"sameAs\":[\"https:\\\/\\\/darkamazi.site\"],\"url\":\"https:\\\/\\\/darkamazi.site\\\/archives\\\/author\\\/turkish\"}]}<\/script>\n<!-- \/ Yoast SEO plugin. -->","seo_head_json":{"title":"PKK\u2019nin Tu\u011fgeneral Muhammed Mirza\u2019y\u0131 hedeflemesi genelde Zaxo halk\u0131na \u00f6zelde Sindilere d\u00f6n\u00fck bir sald\u0131r\u0131d\u0131r - Darka Mazi","robots":{"index":"index","follow":"follow","max-snippet":"max-snippet:-1","max-image-preview":"max-image-preview:large","max-video-preview":"max-video-preview:-1"},"canonical":"https:\/\/darkamazi.site\/archives\/1025896","og_locale":"en_US","og_type":"article","og_title":"PKK\u2019nin Tu\u011fgeneral Muhammed Mirza\u2019y\u0131 hedeflemesi genelde Zaxo halk\u0131na \u00f6zelde Sindilere d\u00f6n\u00fck bir sald\u0131r\u0131d\u0131r - Darka Mazi","og_description":"23 Temmuz g\u00fcn\u00fc Zaxo\u2019nun en i\u015flek caddesinde arabas\u0131na konulan bomban\u0131n uzaktan kumanda ile patlat\u0131lmas\u0131 sonucu Tu\u011fgeneral Muhammed Mirza Sofi \u015fehit d\u00fc\u015ft\u00fc. \u00a0K\u00fcrdistan B\u00f6lge Asayi\u015fi sald\u0131r\u0131y\u0131 PKK\u2019nin yapt\u0131\u011f\u0131na dair ku\u015fku b\u0131rakmayacak belgeler yay\u0131nlad\u0131. Darka Mazi\u2019de 9 Temmuz\u2019da PKK\u2019nin K\u00fcrdistan B\u00f6lgesine kar\u015f\u0131 yeni bir sald\u0131r\u0131 hamlesi ba\u015flatt\u0131\u011f\u0131n\u0131 duyurmu\u015ftu PKK, sald\u0131r\u0131lar\u0131 K\u00fcrt kar\u015f\u0131t\u0131 cephenin konsepti dahilinde yap\u0131yor PKK [&hellip;]","og_url":"https:\/\/darkamazi.site\/archives\/1025896","og_site_name":"Darka Mazi","article_publisher":"https:\/\/www.facebook.com\/DarkaMaziturkce","article_published_time":"2023-07-29T15:11:21+00:00","og_image":[{"width":900,"height":497,"url":"https:\/\/darkamazi.site\/file\/2023\/07\/mohemed-mirza.jpg","type":"image\/jpeg"}],"author":"darka mazi","twitter_card":"summary_large_image","twitter_creator":"@DarkaMaziTurkce","twitter_site":"@DarkaMaziTurkce","twitter_misc":{"Written by":"darka mazi","Est. reading time":"6 minutes"},"schema":{"@context":"https:\/\/schema.org","@graph":[{"@type":"NewsArticle","@id":"https:\/\/darkamazi.site\/archives\/1025896#article","isPartOf":{"@id":"https:\/\/darkamazi.site\/archives\/1025896"},"author":{"name":"darka mazi","@id":"https:\/\/darkamazi.site\/#\/schema\/person\/67986a95ac546c16760365877ef4a9d3"},"headline":"PKK\u2019nin Tu\u011fgeneral Muhammed Mirza\u2019y\u0131 hedeflemesi genelde Zaxo halk\u0131na \u00f6zelde Sindilere d\u00f6n\u00fck bir sald\u0131r\u0131d\u0131r","datePublished":"2023-07-29T15:11:21+00:00","mainEntityOfPage":{"@id":"https:\/\/darkamazi.site\/archives\/1025896"},"wordCount":1138,"publisher":{"@id":"https:\/\/darkamazi.site\/#organization"},"image":{"@id":"https:\/\/darkamazi.site\/archives\/1025896#primaryimage"},"thumbnailUrl":"https:\/\/darkamazi.site\/file\/2023\/07\/mohemed-mirza.jpg","keywords":["\u00f6nemli"],"articleSection":["Kurdistan"],"inLanguage":"en-US"},{"@type":"WebPage","@id":"https:\/\/darkamazi.site\/archives\/1025896","url":"https:\/\/darkamazi.site\/archives\/1025896","name":"PKK\u2019nin Tu\u011fgeneral Muhammed Mirza\u2019y\u0131 hedeflemesi genelde Zaxo halk\u0131na \u00f6zelde Sindilere d\u00f6n\u00fck bir sald\u0131r\u0131d\u0131r - Darka Mazi","isPartOf":{"@id":"https:\/\/darkamazi.site\/#website"},"primaryImageOfPage":{"@id":"https:\/\/darkamazi.site\/archives\/1025896#primaryimage"},"image":{"@id":"https:\/\/darkamazi.site\/archives\/1025896#primaryimage"},"thumbnailUrl":"https:\/\/darkamazi.site\/file\/2023\/07\/mohemed-mirza.jpg","datePublished":"2023-07-29T15:11:21+00:00","breadcrumb":{"@id":"https:\/\/darkamazi.site\/archives\/1025896#breadcrumb"},"inLanguage":"en-US","potentialAction":[{"@type":"ReadAction","target":["https:\/\/darkamazi.site\/archives\/1025896"]}]},{"@type":"ImageObject","inLanguage":"en-US","@id":"https:\/\/darkamazi.site\/archives\/1025896#primaryimage","url":"https:\/\/darkamazi.site\/file\/2023\/07\/mohemed-mirza.jpg","contentUrl":"https:\/\/darkamazi.site\/file\/2023\/07\/mohemed-mirza.jpg","width":900,"height":497,"caption":"PKK\u2019nin Tu\u011fgeneral Muhammed Mirza\u2019y\u0131 hedeflemesi genelde Zaxo halk\u0131na \u00f6zelde Sindilere d\u00f6n\u00fck bir sald\u0131r\u0131d\u0131r, Zaxo \u00f6zel idaresi, Haftanin, Pirbela, Ke\u015fane, Sinah, Xantur, Merge \u015ei\u015f, Derkar, Batufa, Lozan"},{"@type":"BreadcrumbList","@id":"https:\/\/darkamazi.site\/archives\/1025896#breadcrumb","itemListElement":[{"@type":"ListItem","position":1,"name":"Home","item":"https:\/\/darkamazi.site\/"},{"@type":"ListItem","position":2,"name":"PKK\u2019nin Tu\u011fgeneral Muhammed Mirza\u2019y\u0131 hedeflemesi genelde Zaxo halk\u0131na \u00f6zelde Sindilere d\u00f6n\u00fck bir sald\u0131r\u0131d\u0131r"}]},{"@type":"WebSite","@id":"https:\/\/darkamazi.site\/#website","url":"https:\/\/darkamazi.site\/","name":"Darka Mazi","description":"Ana Sayfa","publisher":{"@id":"https:\/\/darkamazi.site\/#organization"},"potentialAction":[{"@type":"SearchAction","target":{"@type":"EntryPoint","urlTemplate":"https:\/\/darkamazi.site\/?s={search_term_string}"},"query-input":{"@type":"PropertyValueSpecification","valueRequired":true,"valueName":"search_term_string"}}],"inLanguage":"en-US"},{"@type":"Organization","@id":"https:\/\/darkamazi.site\/#organization","name":"Darka Mazi T\u00fcrk\u00e7e","alternateName":"Darka Mazi","url":"https:\/\/darkamazi.site\/","logo":{"@type":"ImageObject","inLanguage":"en-US","@id":"https:\/\/darkamazi.site\/#\/schema\/logo\/image\/","url":"https:\/\/darkamazi.site\/file\/2017\/12\/darka-mazi-logo.png","contentUrl":"https:\/\/darkamazi.site\/file\/2017\/12\/darka-mazi-logo.png","width":151,"height":75,"caption":"Darka Mazi T\u00fcrk\u00e7e"},"image":{"@id":"https:\/\/darkamazi.site\/#\/schema\/logo\/image\/"},"sameAs":["https:\/\/www.facebook.com\/DarkaMaziturkce","https:\/\/x.com\/DarkaMaziTurkce"]},{"@type":"Person","@id":"https:\/\/darkamazi.site\/#\/schema\/person\/67986a95ac546c16760365877ef4a9d3","name":"darka mazi","sameAs":["https:\/\/darkamazi.site"],"url":"https:\/\/darkamazi.site\/archives\/author\/turkish"}]}},"_links":{"self":[{"href":"https:\/\/darkamazi.site\/funavuv\/wp\/v2\/posts\/1025896","targetHints":{"allow":["GET"]}}],"collection":[{"href":"https:\/\/darkamazi.site\/funavuv\/wp\/v2\/posts"}],"about":[{"href":"https:\/\/darkamazi.site\/funavuv\/wp\/v2\/types\/post"}],"author":[{"embeddable":true,"href":"https:\/\/darkamazi.site\/funavuv\/wp\/v2\/users\/2"}],"replies":[{"embeddable":true,"href":"https:\/\/darkamazi.site\/funavuv\/wp\/v2\/comments?post=1025896"}],"version-history":[{"count":0,"href":"https:\/\/darkamazi.site\/funavuv\/wp\/v2\/posts\/1025896\/revisions"}],"wp:featuredmedia":[{"embeddable":true,"href":"https:\/\/darkamazi.site\/funavuv\/wp\/v2\/media\/1025897"}],"wp:attachment":[{"href":"https:\/\/darkamazi.site\/funavuv\/wp\/v2\/media?parent=1025896"}],"wp:term":[{"taxonomy":"category","embeddable":true,"href":"https:\/\/darkamazi.site\/funavuv\/wp\/v2\/categories?post=1025896"},{"taxonomy":"post_tag","embeddable":true,"href":"https:\/\/darkamazi.site\/funavuv\/wp\/v2\/tags?post=1025896"}],"curies":[{"name":"wp","href":"https:\/\/api.w.org\/{rel}","templated":true}]}}