{"id":1025920,"date":"2023-07-30T18:29:43","date_gmt":"2023-07-30T15:29:43","guid":{"rendered":"https:\/\/darkamazi.site\/?p=1025920"},"modified":"2023-07-30T18:29:43","modified_gmt":"2023-07-30T15:29:43","slug":"8-bin-cocuk-ve-yasli-barzani-erkeginin-canli-canli-gomuldugu-barzan-enfalinin-uzerinden-40-yil-gecti","status":"publish","type":"post","link":"https:\/\/darkamazi.site\/archives\/1025920","title":{"rendered":"8 bin \u00e7ocuk ve ya\u015fl\u0131 Barzani erke\u011finin\u00a0 canl\u0131 canl\u0131 g\u00f6m\u00fcld\u00fc\u011f\u00fc Barzan Enfali&#8217;nin \u00fczerinden 40 y\u0131l ge\u00e7ti"},"content":{"rendered":"<p style=\"text-align: justify\">\u00a0Baas rejimi, 31 Temmuz 1983 y\u0131l\u0131nda Barzani a\u015firetinden ya\u015flar\u0131 10 ile 85 aras\u0131nda 8 bin erke\u011fi ayn\u0131 g\u00fcn evlerinden al\u0131p Irak\u2019\u0131n g\u00fcneyindeki Musenna kentine g\u00f6t\u00fcrerek katletti. Bu olay tarihe \u201cK\u00fcrt Enfali\u201dnin ilk a\u015famas\u0131 olarak ge\u00e7ti. Aradan 37 y\u0131l ge\u00e7mesine ra\u011fmen Barzan Enfali\u2019nin yaralar\u0131 hala kanamaya devam ediyor.<\/p>\n<p style=\"text-align: justify\">37 y\u0131l \u00f6nce Irak&#8217;ta diktat\u00f6r Saddam H\u00fcseyin liderli\u011findeki Baas rejimi askerleri, Barzan b\u00f6lgesinde s\u0131rf \u201cK\u00fcrt\u201d olduklar\u0131 i\u00e7in Barzani a\u015firetinden 8 bin erke\u011fi evinden \u00e7\u0131kar\u0131p zorla Ku\u015ftepe\u2019deki toplama kamp\u0131na g\u00f6t\u00fcrd\u00fc. Ard\u0131ndan 31 Temmuz 1983 g\u00fcn\u00fc \u201cKerk\u00fck\u2019te toplant\u0131ya g\u00f6t\u00fcr\u00fclecekleri\u201d belirtilen bu insanlar Topzawa ve Irak\u2019\u0131n g\u00fcneyindeki Musenna kentine ba\u011fl\u0131 Nugreselman ve Erer \u00e7\u00f6llerine g\u00f6t\u00fcr\u00fclerek canl\u0131 canl\u0131 topra\u011fa g\u00f6m\u00fcld\u00fc.<\/p>\n<p style=\"text-align: justify\">2011 y\u0131l\u0131nda Irak Y\u00fcksek Ceza Mahkemesi, Barzanilere kar\u015f\u0131 uygulanan bu katliam\u0131n \u201c\u201d soyk\u0131r\u0131m\u201d oldu\u011funa karar verdi ve hem sava\u015f su\u00e7u ve hem de insanl\u0131\u011fa kar\u015f\u0131 i\u015flenmi\u015f bir su\u00e7 oldu\u011funa karar verdi.<\/p>\n<p style=\"text-align: justify\">Irak Y\u00fcksek Ceza Mahkemesi 2011 tarihli 4 C-1 nolu karar\u0131yla Barzanilere kar\u015f\u0131 uygulanan katliam\u0131 soyk\u0131r\u0131m olarak tan\u0131d\u0131. Fakat maalesef o g\u00fcnden bug\u00fcne ne Irak Parlamentosu mahkemenin bu karar\u0131n\u0131 tasdik edebildi ne de Irak h\u00fck\u00fcmeti bu karar \u00fczerine icrai bir karar ald\u0131.<\/p>\n<p style=\"text-align: justify\">Baas rejimi 31 Temmuz 1983\u2019te bir g\u00fcnde 8 bin Barzaniyi katlederek topra\u011fa g\u00f6md\u00fc. Ard\u0131ndan 1988 y\u0131l\u0131nda ba\u015flat\u0131lan ve 8 a\u015famada devam eden Enfal S\u0131yk\u0131r\u0131m\u0131 s\u00fcrecinde 182 bin K\u00fcrt daha toplu olarak Irak\u2019\u0131n g\u00fcndeyindeki \u00e7\u00f6llere g\u00f6t\u00fcr\u00fclerek katledildi.<\/p>\n<p style=\"text-align: justify\">\u0130lk kez 2005\u2019te toplu mezarlar\u0131n a\u00e7\u0131lmaya ba\u015flanmas\u0131n\u0131n ard\u0131ndan ayn\u0131 y\u0131l 503, 2014\u2019te de 93 ki\u015fiye ait kemikler Semawa ve Nugreselman \u00e7\u00f6llerinden \u00e7\u0131kar\u0131larak K\u00fcrdistan B\u00f6lgesi\u2019ne getirildi.<\/p>\n<p style=\"text-align: justify\">Aradan onlarca y\u0131l ge\u00e7mesine ra\u011fmen Barzan Enfali\u2019nin yaralar\u0131 kan\u0131yor. Yaran\u0131n kanamasd\u0131n\u0131n bir nedeni de Baas rejimi taraf\u0131ndan G\u00fcney K\u00fcrdistan\u2019da K\u00fcrtlere uygulanan b\u00fcy\u00fck soyk\u0131r\u0131m\u0131n hala uluslararas\u0131 toplum taraf\u0131ndan \u201csoyk\u0131r\u0131m\u201d olarak kabul edilmemi\u015f olmas\u0131d\u0131r.<\/p>\n","protected":false},"excerpt":{"rendered":"<p>\u00a0Baas rejimi, 31 Temmuz 1983 y\u0131l\u0131nda Barzani a\u015firetinden ya\u015flar\u0131 10 ile 85 aras\u0131nda 8 bin erke\u011fi ayn\u0131 g\u00fcn evlerinden al\u0131p Irak\u2019\u0131n g\u00fcneyindeki Musenna kentine g\u00f6t\u00fcrerek katletti. Bu olay tarihe \u201cK\u00fcrt Enfali\u201dnin ilk a\u015famas\u0131 olarak ge\u00e7ti. Aradan 37 y\u0131l ge\u00e7mesine ra\u011fmen Barzan Enfali\u2019nin yaralar\u0131 hala kanamaya devam ediyor. 37 y\u0131l \u00f6nce Irak&#8217;ta diktat\u00f6r Saddam H\u00fcseyin liderli\u011findeki [&hellip;]<\/p>\n","protected":false},"author":2,"featured_media":1025921,"comment_status":"closed","ping_status":"closed","sticky":false,"template":"","format":"standard","meta":{"footnotes":""},"categories":[3],"tags":[31],"class_list":["post-1025920","post","type-post","status-publish","format-standard","has-post-thumbnail","hentry","category-kurdistan","tag-onemli"],"blocksy_meta":[],"seo_head":"<!-- This site is optimized with the Yoast SEO plugin v27.5 - https:\/\/yoast.com\/product\/yoast-seo-wordpress\/ -->\n<title>8 bin \u00e7ocuk ve ya\u015fl\u0131 Barzani erke\u011finin\u00a0 canl\u0131 canl\u0131 g\u00f6m\u00fcld\u00fc\u011f\u00fc Barzan Enfali&#039;nin \u00fczerinden 40 y\u0131l ge\u00e7ti - Darka Mazi<\/title>\n<meta name=\"robots\" content=\"index, follow, max-snippet:-1, max-image-preview:large, max-video-preview:-1\" \/>\n<link rel=\"canonical\" href=\"https:\/\/darkamazi.site\/archives\/1025920\" \/>\n<meta property=\"og:locale\" content=\"en_US\" \/>\n<meta property=\"og:type\" content=\"article\" \/>\n<meta property=\"og:title\" content=\"8 bin \u00e7ocuk ve ya\u015fl\u0131 Barzani erke\u011finin\u00a0 canl\u0131 canl\u0131 g\u00f6m\u00fcld\u00fc\u011f\u00fc Barzan Enfali&#039;nin \u00fczerinden 40 y\u0131l ge\u00e7ti - Darka Mazi\" \/>\n<meta property=\"og:description\" content=\"\u00a0Baas rejimi, 31 Temmuz 1983 y\u0131l\u0131nda Barzani a\u015firetinden ya\u015flar\u0131 10 ile 85 aras\u0131nda 8 bin erke\u011fi ayn\u0131 g\u00fcn evlerinden al\u0131p Irak\u2019\u0131n g\u00fcneyindeki Musenna kentine g\u00f6t\u00fcrerek katletti. Bu olay tarihe \u201cK\u00fcrt Enfali\u201dnin ilk a\u015famas\u0131 olarak ge\u00e7ti. Aradan 37 y\u0131l ge\u00e7mesine ra\u011fmen Barzan Enfali\u2019nin yaralar\u0131 hala kanamaya devam ediyor. 37 y\u0131l \u00f6nce Irak&#8217;ta diktat\u00f6r Saddam H\u00fcseyin liderli\u011findeki [&hellip;]\" \/>\n<meta property=\"og:url\" content=\"https:\/\/darkamazi.site\/archives\/1025920\" \/>\n<meta property=\"og:site_name\" content=\"Darka Mazi\" \/>\n<meta property=\"article:publisher\" content=\"https:\/\/www.facebook.com\/DarkaMaziturkce\" \/>\n<meta property=\"article:published_time\" content=\"2023-07-30T15:29:43+00:00\" \/>\n<meta property=\"og:image\" content=\"https:\/\/darkamazi.site\/file\/2023\/07\/anfal.jpg\" \/>\n\t<meta property=\"og:image:width\" content=\"900\" \/>\n\t<meta property=\"og:image:height\" content=\"497\" \/>\n\t<meta property=\"og:image:type\" content=\"image\/jpeg\" \/>\n<meta name=\"author\" content=\"darka mazi\" \/>\n<meta name=\"twitter:card\" content=\"summary_large_image\" \/>\n<meta name=\"twitter:creator\" content=\"@DarkaMaziTurkce\" \/>\n<meta name=\"twitter:site\" content=\"@DarkaMaziTurkce\" \/>\n<meta name=\"twitter:label1\" content=\"Written by\" \/>\n\t<meta name=\"twitter:data1\" content=\"darka mazi\" \/>\n\t<meta name=\"twitter:label2\" content=\"Est. reading time\" \/>\n\t<meta name=\"twitter:data2\" content=\"2 minutes\" \/>\n<script type=\"application\/ld+json\" class=\"seo-schema-graph\">{\"@context\":\"https:\\\/\\\/schema.org\",\"@graph\":[{\"@type\":\"NewsArticle\",\"@id\":\"https:\\\/\\\/darkamazi.site\\\/archives\\\/1025920#article\",\"isPartOf\":{\"@id\":\"https:\\\/\\\/darkamazi.site\\\/archives\\\/1025920\"},\"author\":{\"name\":\"darka mazi\",\"@id\":\"https:\\\/\\\/darkamazi.site\\\/#\\\/schema\\\/person\\\/67986a95ac546c16760365877ef4a9d3\"},\"headline\":\"8 bin \u00e7ocuk ve ya\u015fl\u0131 Barzani erke\u011finin\u00a0 canl\u0131 canl\u0131 g\u00f6m\u00fcld\u00fc\u011f\u00fc Barzan Enfali&#8217;nin \u00fczerinden 40 y\u0131l ge\u00e7ti\",\"datePublished\":\"2023-07-30T15:29:43+00:00\",\"mainEntityOfPage\":{\"@id\":\"https:\\\/\\\/darkamazi.site\\\/archives\\\/1025920\"},\"wordCount\":397,\"publisher\":{\"@id\":\"https:\\\/\\\/darkamazi.site\\\/#organization\"},\"image\":{\"@id\":\"https:\\\/\\\/darkamazi.site\\\/archives\\\/1025920#primaryimage\"},\"thumbnailUrl\":\"https:\\\/\\\/darkamazi.site\\\/darka-content\\\/uploads\\\/2023\\\/07\\\/anfal.jpg\",\"keywords\":[\"\u00f6nemli\"],\"articleSection\":[\"Kurdistan\"],\"inLanguage\":\"en-US\"},{\"@type\":\"WebPage\",\"@id\":\"https:\\\/\\\/darkamazi.site\\\/archives\\\/1025920\",\"url\":\"https:\\\/\\\/darkamazi.site\\\/archives\\\/1025920\",\"name\":\"8 bin \u00e7ocuk ve ya\u015fl\u0131 Barzani erke\u011finin\u00a0 canl\u0131 canl\u0131 g\u00f6m\u00fcld\u00fc\u011f\u00fc Barzan Enfali'nin \u00fczerinden 40 y\u0131l ge\u00e7ti - Darka Mazi\",\"isPartOf\":{\"@id\":\"https:\\\/\\\/darkamazi.site\\\/#website\"},\"primaryImageOfPage\":{\"@id\":\"https:\\\/\\\/darkamazi.site\\\/archives\\\/1025920#primaryimage\"},\"image\":{\"@id\":\"https:\\\/\\\/darkamazi.site\\\/archives\\\/1025920#primaryimage\"},\"thumbnailUrl\":\"https:\\\/\\\/darkamazi.site\\\/darka-content\\\/uploads\\\/2023\\\/07\\\/anfal.jpg\",\"datePublished\":\"2023-07-30T15:29:43+00:00\",\"breadcrumb\":{\"@id\":\"https:\\\/\\\/darkamazi.site\\\/archives\\\/1025920#breadcrumb\"},\"inLanguage\":\"en-US\",\"potentialAction\":[{\"@type\":\"ReadAction\",\"target\":[\"https:\\\/\\\/darkamazi.site\\\/archives\\\/1025920\"]}]},{\"@type\":\"ImageObject\",\"inLanguage\":\"en-US\",\"@id\":\"https:\\\/\\\/darkamazi.site\\\/archives\\\/1025920#primaryimage\",\"url\":\"https:\\\/\\\/darkamazi.site\\\/darka-content\\\/uploads\\\/2023\\\/07\\\/anfal.jpg\",\"contentUrl\":\"https:\\\/\\\/darkamazi.site\\\/darka-content\\\/uploads\\\/2023\\\/07\\\/anfal.jpg\",\"width\":900,\"height\":497,\"caption\":\"8 bin \u00e7ocuk ve ya\u015fl\u0131 Barzani erke\u011finin\u00a0 canl\u0131 canl\u0131 g\u00f6m\u00fcld\u00fc\u011f\u00fc Barzan Enfali'nin \u00fczerinden 40 y\u0131l ge\u00e7ti\"},{\"@type\":\"BreadcrumbList\",\"@id\":\"https:\\\/\\\/darkamazi.site\\\/archives\\\/1025920#breadcrumb\",\"itemListElement\":[{\"@type\":\"ListItem\",\"position\":1,\"name\":\"Home\",\"item\":\"https:\\\/\\\/darkamazi.site\\\/\"},{\"@type\":\"ListItem\",\"position\":2,\"name\":\"8 bin \u00e7ocuk ve ya\u015fl\u0131 Barzani erke\u011finin\u00a0 canl\u0131 canl\u0131 g\u00f6m\u00fcld\u00fc\u011f\u00fc Barzan Enfali&#8217;nin \u00fczerinden 40 y\u0131l ge\u00e7ti\"}]},{\"@type\":\"WebSite\",\"@id\":\"https:\\\/\\\/darkamazi.site\\\/#website\",\"url\":\"https:\\\/\\\/darkamazi.site\\\/\",\"name\":\"Darka Mazi\",\"description\":\"Ana Sayfa\",\"publisher\":{\"@id\":\"https:\\\/\\\/darkamazi.site\\\/#organization\"},\"potentialAction\":[{\"@type\":\"SearchAction\",\"target\":{\"@type\":\"EntryPoint\",\"urlTemplate\":\"https:\\\/\\\/darkamazi.site\\\/?s={search_term_string}\"},\"query-input\":{\"@type\":\"PropertyValueSpecification\",\"valueRequired\":true,\"valueName\":\"search_term_string\"}}],\"inLanguage\":\"en-US\"},{\"@type\":\"Organization\",\"@id\":\"https:\\\/\\\/darkamazi.site\\\/#organization\",\"name\":\"Darka Mazi T\u00fcrk\u00e7e\",\"alternateName\":\"Darka Mazi\",\"url\":\"https:\\\/\\\/darkamazi.site\\\/\",\"logo\":{\"@type\":\"ImageObject\",\"inLanguage\":\"en-US\",\"@id\":\"https:\\\/\\\/darkamazi.site\\\/#\\\/schema\\\/logo\\\/image\\\/\",\"url\":\"https:\\\/\\\/darkamazi.site\\\/darka-content\\\/uploads\\\/2017\\\/12\\\/darka-mazi-logo.png\",\"contentUrl\":\"https:\\\/\\\/darkamazi.site\\\/darka-content\\\/uploads\\\/2017\\\/12\\\/darka-mazi-logo.png\",\"width\":151,\"height\":75,\"caption\":\"Darka Mazi T\u00fcrk\u00e7e\"},\"image\":{\"@id\":\"https:\\\/\\\/darkamazi.site\\\/#\\\/schema\\\/logo\\\/image\\\/\"},\"sameAs\":[\"https:\\\/\\\/www.facebook.com\\\/DarkaMaziturkce\",\"https:\\\/\\\/x.com\\\/DarkaMaziTurkce\"]},{\"@type\":\"Person\",\"@id\":\"https:\\\/\\\/darkamazi.site\\\/#\\\/schema\\\/person\\\/67986a95ac546c16760365877ef4a9d3\",\"name\":\"darka mazi\",\"sameAs\":[\"https:\\\/\\\/darkamazi.site\"],\"url\":\"https:\\\/\\\/darkamazi.site\\\/archives\\\/author\\\/turkish\"}]}<\/script>\n<!-- \/ Yoast SEO plugin. -->","seo_head_json":{"title":"8 bin \u00e7ocuk ve ya\u015fl\u0131 Barzani erke\u011finin\u00a0 canl\u0131 canl\u0131 g\u00f6m\u00fcld\u00fc\u011f\u00fc Barzan Enfali'nin \u00fczerinden 40 y\u0131l ge\u00e7ti - Darka Mazi","robots":{"index":"index","follow":"follow","max-snippet":"max-snippet:-1","max-image-preview":"max-image-preview:large","max-video-preview":"max-video-preview:-1"},"canonical":"https:\/\/darkamazi.site\/archives\/1025920","og_locale":"en_US","og_type":"article","og_title":"8 bin \u00e7ocuk ve ya\u015fl\u0131 Barzani erke\u011finin\u00a0 canl\u0131 canl\u0131 g\u00f6m\u00fcld\u00fc\u011f\u00fc Barzan Enfali'nin \u00fczerinden 40 y\u0131l ge\u00e7ti - Darka Mazi","og_description":"\u00a0Baas rejimi, 31 Temmuz 1983 y\u0131l\u0131nda Barzani a\u015firetinden ya\u015flar\u0131 10 ile 85 aras\u0131nda 8 bin erke\u011fi ayn\u0131 g\u00fcn evlerinden al\u0131p Irak\u2019\u0131n g\u00fcneyindeki Musenna kentine g\u00f6t\u00fcrerek katletti. Bu olay tarihe \u201cK\u00fcrt Enfali\u201dnin ilk a\u015famas\u0131 olarak ge\u00e7ti. Aradan 37 y\u0131l ge\u00e7mesine ra\u011fmen Barzan Enfali\u2019nin yaralar\u0131 hala kanamaya devam ediyor. 37 y\u0131l \u00f6nce Irak&#8217;ta diktat\u00f6r Saddam H\u00fcseyin liderli\u011findeki [&hellip;]","og_url":"https:\/\/darkamazi.site\/archives\/1025920","og_site_name":"Darka Mazi","article_publisher":"https:\/\/www.facebook.com\/DarkaMaziturkce","article_published_time":"2023-07-30T15:29:43+00:00","og_image":[{"width":900,"height":497,"url":"https:\/\/darkamazi.site\/file\/2023\/07\/anfal.jpg","type":"image\/jpeg"}],"author":"darka mazi","twitter_card":"summary_large_image","twitter_creator":"@DarkaMaziTurkce","twitter_site":"@DarkaMaziTurkce","twitter_misc":{"Written by":"darka mazi","Est. reading time":"2 minutes"},"schema":{"@context":"https:\/\/schema.org","@graph":[{"@type":"NewsArticle","@id":"https:\/\/darkamazi.site\/archives\/1025920#article","isPartOf":{"@id":"https:\/\/darkamazi.site\/archives\/1025920"},"author":{"name":"darka mazi","@id":"https:\/\/darkamazi.site\/#\/schema\/person\/67986a95ac546c16760365877ef4a9d3"},"headline":"8 bin \u00e7ocuk ve ya\u015fl\u0131 Barzani erke\u011finin\u00a0 canl\u0131 canl\u0131 g\u00f6m\u00fcld\u00fc\u011f\u00fc Barzan Enfali&#8217;nin \u00fczerinden 40 y\u0131l ge\u00e7ti","datePublished":"2023-07-30T15:29:43+00:00","mainEntityOfPage":{"@id":"https:\/\/darkamazi.site\/archives\/1025920"},"wordCount":397,"publisher":{"@id":"https:\/\/darkamazi.site\/#organization"},"image":{"@id":"https:\/\/darkamazi.site\/archives\/1025920#primaryimage"},"thumbnailUrl":"https:\/\/darkamazi.site\/file\/2023\/07\/anfal.jpg","keywords":["\u00f6nemli"],"articleSection":["Kurdistan"],"inLanguage":"en-US"},{"@type":"WebPage","@id":"https:\/\/darkamazi.site\/archives\/1025920","url":"https:\/\/darkamazi.site\/archives\/1025920","name":"8 bin \u00e7ocuk ve ya\u015fl\u0131 Barzani erke\u011finin\u00a0 canl\u0131 canl\u0131 g\u00f6m\u00fcld\u00fc\u011f\u00fc Barzan Enfali'nin \u00fczerinden 40 y\u0131l ge\u00e7ti - Darka Mazi","isPartOf":{"@id":"https:\/\/darkamazi.site\/#website"},"primaryImageOfPage":{"@id":"https:\/\/darkamazi.site\/archives\/1025920#primaryimage"},"image":{"@id":"https:\/\/darkamazi.site\/archives\/1025920#primaryimage"},"thumbnailUrl":"https:\/\/darkamazi.site\/file\/2023\/07\/anfal.jpg","datePublished":"2023-07-30T15:29:43+00:00","breadcrumb":{"@id":"https:\/\/darkamazi.site\/archives\/1025920#breadcrumb"},"inLanguage":"en-US","potentialAction":[{"@type":"ReadAction","target":["https:\/\/darkamazi.site\/archives\/1025920"]}]},{"@type":"ImageObject","inLanguage":"en-US","@id":"https:\/\/darkamazi.site\/archives\/1025920#primaryimage","url":"https:\/\/darkamazi.site\/file\/2023\/07\/anfal.jpg","contentUrl":"https:\/\/darkamazi.site\/file\/2023\/07\/anfal.jpg","width":900,"height":497,"caption":"8 bin \u00e7ocuk ve ya\u015fl\u0131 Barzani erke\u011finin\u00a0 canl\u0131 canl\u0131 g\u00f6m\u00fcld\u00fc\u011f\u00fc Barzan Enfali'nin \u00fczerinden 40 y\u0131l ge\u00e7ti"},{"@type":"BreadcrumbList","@id":"https:\/\/darkamazi.site\/archives\/1025920#breadcrumb","itemListElement":[{"@type":"ListItem","position":1,"name":"Home","item":"https:\/\/darkamazi.site\/"},{"@type":"ListItem","position":2,"name":"8 bin \u00e7ocuk ve ya\u015fl\u0131 Barzani erke\u011finin\u00a0 canl\u0131 canl\u0131 g\u00f6m\u00fcld\u00fc\u011f\u00fc Barzan Enfali&#8217;nin \u00fczerinden 40 y\u0131l ge\u00e7ti"}]},{"@type":"WebSite","@id":"https:\/\/darkamazi.site\/#website","url":"https:\/\/darkamazi.site\/","name":"Darka Mazi","description":"Ana Sayfa","publisher":{"@id":"https:\/\/darkamazi.site\/#organization"},"potentialAction":[{"@type":"SearchAction","target":{"@type":"EntryPoint","urlTemplate":"https:\/\/darkamazi.site\/?s={search_term_string}"},"query-input":{"@type":"PropertyValueSpecification","valueRequired":true,"valueName":"search_term_string"}}],"inLanguage":"en-US"},{"@type":"Organization","@id":"https:\/\/darkamazi.site\/#organization","name":"Darka Mazi T\u00fcrk\u00e7e","alternateName":"Darka Mazi","url":"https:\/\/darkamazi.site\/","logo":{"@type":"ImageObject","inLanguage":"en-US","@id":"https:\/\/darkamazi.site\/#\/schema\/logo\/image\/","url":"https:\/\/darkamazi.site\/file\/2017\/12\/darka-mazi-logo.png","contentUrl":"https:\/\/darkamazi.site\/file\/2017\/12\/darka-mazi-logo.png","width":151,"height":75,"caption":"Darka Mazi T\u00fcrk\u00e7e"},"image":{"@id":"https:\/\/darkamazi.site\/#\/schema\/logo\/image\/"},"sameAs":["https:\/\/www.facebook.com\/DarkaMaziturkce","https:\/\/x.com\/DarkaMaziTurkce"]},{"@type":"Person","@id":"https:\/\/darkamazi.site\/#\/schema\/person\/67986a95ac546c16760365877ef4a9d3","name":"darka mazi","sameAs":["https:\/\/darkamazi.site"],"url":"https:\/\/darkamazi.site\/archives\/author\/turkish"}]}},"_links":{"self":[{"href":"https:\/\/darkamazi.site\/funavuv\/wp\/v2\/posts\/1025920","targetHints":{"allow":["GET"]}}],"collection":[{"href":"https:\/\/darkamazi.site\/funavuv\/wp\/v2\/posts"}],"about":[{"href":"https:\/\/darkamazi.site\/funavuv\/wp\/v2\/types\/post"}],"author":[{"embeddable":true,"href":"https:\/\/darkamazi.site\/funavuv\/wp\/v2\/users\/2"}],"replies":[{"embeddable":true,"href":"https:\/\/darkamazi.site\/funavuv\/wp\/v2\/comments?post=1025920"}],"version-history":[{"count":0,"href":"https:\/\/darkamazi.site\/funavuv\/wp\/v2\/posts\/1025920\/revisions"}],"wp:featuredmedia":[{"embeddable":true,"href":"https:\/\/darkamazi.site\/funavuv\/wp\/v2\/media\/1025921"}],"wp:attachment":[{"href":"https:\/\/darkamazi.site\/funavuv\/wp\/v2\/media?parent=1025920"}],"wp:term":[{"taxonomy":"category","embeddable":true,"href":"https:\/\/darkamazi.site\/funavuv\/wp\/v2\/categories?post=1025920"},{"taxonomy":"post_tag","embeddable":true,"href":"https:\/\/darkamazi.site\/funavuv\/wp\/v2\/tags?post=1025920"}],"curies":[{"name":"wp","href":"https:\/\/api.w.org\/{rel}","templated":true}]}}