{"id":1026216,"date":"2023-08-18T13:32:44","date_gmt":"2023-08-18T10:32:44","guid":{"rendered":"https:\/\/darkamazi.site\/?p=1026216"},"modified":"2026-03-31T16:20:29","modified_gmt":"2026-03-31T13:20:29","slug":"dogu-kurdistan-ijina-emini-ve-kadin-devrimini-anlatan-bir-film-cekildi","status":"publish","type":"post","link":"https:\/\/darkamazi.site\/archives\/1026216","title":{"rendered":"Do\u011fu K\u00fcrdistan: Jina Emini ve kad\u0131n devrimini anlatan bir film \u00e7ekildi"},"content":{"rendered":"<p style=\"text-align: justify\">\u0130ran\u2019da ahlak polisi taraf\u0131ndan g\u00f6zalt\u0131na al\u0131nd\u0131ktan sonra katledilen Jina (Mahsa) Emini\u2019nin ya\u015fam\u0131 ve kad\u0131nlar\u0131n m\u00fccadelesine verdi\u011fi ilham filme konu oldu.<\/p>\n<p style=\"text-align: justify\">\u201cDeng Hilat\u201d (Saund Rise) adl\u0131 k\u0131sa filmde Jina Emini ve kad\u0131n devrimi ele al\u0131n\u0131yor.<\/p>\n<p style=\"text-align: justify\">K24 TV\u2019ye konu\u015fan filmin senaristi ve y\u00f6netmeni Firya Yunus, filmin kad\u0131n devriminin iki kurban\u0131n\u0131 konu ald\u0131\u011f\u0131n\u0131 belirtti.<\/p>\n<p style=\"text-align: justify\">Bu iki ki\u015finin \u0130ran\u2019da g\u00f6zalt\u0131na al\u0131nd\u0131\u011f\u0131n\u0131, i\u015fkence ve tecav\u00fcze u\u011frad\u0131\u011f\u0131n\u0131 belirten Firya Yunus, \u201cBu ki\u015filer \u0130ran\u2019dan \u00e7\u0131k\u0131p mar\u015flar\u0131n\u0131 ba\u015fka \u00fclkede yazabilir\u201d dedi.<\/p>\n<p style=\"text-align: justify\">Filmde Nikwan Qaderi, Dilnya Waisi, Emir Sereceddin, Dilnya Lutfi ve Hawar Fares\u2019in oynad\u0131\u011f\u0131n\u0131 belirten y\u00f6netmen Firya Yunus, Muhammed Salih Kerim, Kurmanc ho\u015fyar ve Horin Yunus\u2019un y\u00f6netmen yard\u0131mc\u0131l\u0131\u011f\u0131n\u0131 \u00fcstlendi\u011fini ifade etti.<\/p>\n<p style=\"text-align: justify\"><strong>Jina Emini\u2019nin \u00f6ld\u00fcr\u00fclmesi<\/strong><\/p>\n<p style=\"text-align: justify\">\u0130ran&#8217;\u0131n ba\u015fkenti Tahran&#8217;da 13 Eyl\u00fcl 2022&#8217;de &#8220;ahlak polisi&#8221; olarak bilinen \u0130r\u015fat devriyeleri taraf\u0131ndan g\u00f6zalt\u0131na al\u0131nd\u0131ktan sonra rahats\u0131zlanarak hastaneye kald\u0131r\u0131lan 22 ya\u015f\u0131ndaki Emini 16 Eyl\u00fcl&#8217;de ya\u015fam\u0131n\u0131 yitirmi\u015fti.<\/p>\n<p style=\"text-align: justify\">Emini&#8217;nin \u00f6l\u00fcm\u00fc \u00fczerine memleketi Seqiz\u2019da 17 Eyl\u00fcl 2022&#8217;de ba\u015flayan protestolar, Rojhilat ve \u0130ran geneline yay\u0131larak y\u00f6netim kar\u015f\u0131t\u0131 protestolara d\u00f6n\u00fc\u015fm\u00fc\u015ft\u00fc.<\/p>\n<p style=\"text-align: justify\">Aylarca s\u00fcren olaylarda \u00e7ok say\u0131da protestocu hayat\u0131n\u0131 kaybetmi\u015fti.<\/p>\n","protected":false},"excerpt":{"rendered":"<p>\u0130ran\u2019da ahlak polisi taraf\u0131ndan g\u00f6zalt\u0131na al\u0131nd\u0131ktan sonra katledilen Jina (Mahsa) Emini\u2019nin ya\u015fam\u0131 ve kad\u0131nlar\u0131n m\u00fccadelesine verdi\u011fi ilham filme konu oldu. \u201cDeng Hilat\u201d (Saund Rise) adl\u0131 k\u0131sa filmde Jina Emini ve kad\u0131n devrimi ele al\u0131n\u0131yor. K24 TV\u2019ye konu\u015fan filmin senaristi ve y\u00f6netmeni Firya Yunus, filmin kad\u0131n devriminin iki kurban\u0131n\u0131 konu ald\u0131\u011f\u0131n\u0131 belirtti. Bu iki ki\u015finin \u0130ran\u2019da [&hellip;]<\/p>\n","protected":false},"author":2,"featured_media":1026217,"comment_status":"closed","ping_status":"closed","sticky":false,"template":"","format":"standard","meta":{"footnotes":""},"categories":[33],"tags":[],"class_list":["post-1026216","post","type-post","status-publish","format-standard","has-post-thumbnail","hentry","category-sanat"],"blocksy_meta":[],"seo_head":"<!-- This site is optimized with the Yoast SEO plugin v27.5 - https:\/\/yoast.com\/product\/yoast-seo-wordpress\/ -->\n<title>Do\u011fu K\u00fcrdistan: Jina Emini ve kad\u0131n devrimini anlatan bir film \u00e7ekildi - Darka Mazi<\/title>\n<meta name=\"robots\" content=\"index, follow, max-snippet:-1, max-image-preview:large, max-video-preview:-1\" \/>\n<link rel=\"canonical\" href=\"https:\/\/darkamazi.site\/archives\/1026216\" \/>\n<meta property=\"og:locale\" content=\"en_US\" \/>\n<meta property=\"og:type\" content=\"article\" \/>\n<meta property=\"og:title\" content=\"Do\u011fu K\u00fcrdistan: Jina Emini ve kad\u0131n devrimini anlatan bir film \u00e7ekildi - Darka Mazi\" \/>\n<meta property=\"og:description\" content=\"\u0130ran\u2019da ahlak polisi taraf\u0131ndan g\u00f6zalt\u0131na al\u0131nd\u0131ktan sonra katledilen Jina (Mahsa) Emini\u2019nin ya\u015fam\u0131 ve kad\u0131nlar\u0131n m\u00fccadelesine verdi\u011fi ilham filme konu oldu. \u201cDeng Hilat\u201d (Saund Rise) adl\u0131 k\u0131sa filmde Jina Emini ve kad\u0131n devrimi ele al\u0131n\u0131yor. K24 TV\u2019ye konu\u015fan filmin senaristi ve y\u00f6netmeni Firya Yunus, filmin kad\u0131n devriminin iki kurban\u0131n\u0131 konu ald\u0131\u011f\u0131n\u0131 belirtti. Bu iki ki\u015finin \u0130ran\u2019da [&hellip;]\" \/>\n<meta property=\"og:url\" content=\"https:\/\/darkamazi.site\/archives\/1026216\" \/>\n<meta property=\"og:site_name\" content=\"Darka Mazi\" \/>\n<meta property=\"article:publisher\" content=\"https:\/\/www.facebook.com\/DarkaMaziturkce\" \/>\n<meta property=\"article:published_time\" content=\"2023-08-18T10:32:44+00:00\" \/>\n<meta property=\"article:modified_time\" content=\"2026-03-31T13:20:29+00:00\" \/>\n<meta property=\"og:image\" content=\"https:\/\/darkamazi.site\/file\/2023\/08\/j.jpg\" \/>\n\t<meta property=\"og:image:width\" content=\"750\" \/>\n\t<meta property=\"og:image:height\" content=\"422\" \/>\n\t<meta property=\"og:image:type\" content=\"image\/jpeg\" \/>\n<meta name=\"author\" content=\"darka mazi\" \/>\n<meta name=\"twitter:card\" content=\"summary_large_image\" \/>\n<meta name=\"twitter:creator\" content=\"@DarkaMaziTurkce\" \/>\n<meta name=\"twitter:site\" content=\"@DarkaMaziTurkce\" \/>\n<meta name=\"twitter:label1\" content=\"Written by\" \/>\n\t<meta name=\"twitter:data1\" content=\"darka mazi\" \/>\n\t<meta name=\"twitter:label2\" content=\"Est. reading time\" \/>\n\t<meta name=\"twitter:data2\" content=\"1 minute\" \/>\n<script type=\"application\/ld+json\" class=\"seo-schema-graph\">{\"@context\":\"https:\\\/\\\/schema.org\",\"@graph\":[{\"@type\":\"NewsArticle\",\"@id\":\"https:\\\/\\\/darkamazi.site\\\/archives\\\/1026216#article\",\"isPartOf\":{\"@id\":\"https:\\\/\\\/darkamazi.site\\\/archives\\\/1026216\"},\"author\":{\"name\":\"darka mazi\",\"@id\":\"https:\\\/\\\/darkamazi.site\\\/#\\\/schema\\\/person\\\/67986a95ac546c16760365877ef4a9d3\"},\"headline\":\"Do\u011fu K\u00fcrdistan: Jina Emini ve kad\u0131n devrimini anlatan bir film \u00e7ekildi\",\"datePublished\":\"2023-08-18T10:32:44+00:00\",\"dateModified\":\"2026-03-31T13:20:29+00:00\",\"mainEntityOfPage\":{\"@id\":\"https:\\\/\\\/darkamazi.site\\\/archives\\\/1026216\"},\"wordCount\":254,\"publisher\":{\"@id\":\"https:\\\/\\\/darkamazi.site\\\/#organization\"},\"image\":{\"@id\":\"https:\\\/\\\/darkamazi.site\\\/archives\\\/1026216#primaryimage\"},\"thumbnailUrl\":\"https:\\\/\\\/darkamazi.site\\\/darka-content\\\/uploads\\\/2023\\\/08\\\/j.jpg\",\"articleSection\":[\"Sanat\"],\"inLanguage\":\"en-US\"},{\"@type\":\"WebPage\",\"@id\":\"https:\\\/\\\/darkamazi.site\\\/archives\\\/1026216\",\"url\":\"https:\\\/\\\/darkamazi.site\\\/archives\\\/1026216\",\"name\":\"Do\u011fu K\u00fcrdistan: Jina Emini ve kad\u0131n devrimini anlatan bir film \u00e7ekildi - Darka Mazi\",\"isPartOf\":{\"@id\":\"https:\\\/\\\/darkamazi.site\\\/#website\"},\"primaryImageOfPage\":{\"@id\":\"https:\\\/\\\/darkamazi.site\\\/archives\\\/1026216#primaryimage\"},\"image\":{\"@id\":\"https:\\\/\\\/darkamazi.site\\\/archives\\\/1026216#primaryimage\"},\"thumbnailUrl\":\"https:\\\/\\\/darkamazi.site\\\/darka-content\\\/uploads\\\/2023\\\/08\\\/j.jpg\",\"datePublished\":\"2023-08-18T10:32:44+00:00\",\"dateModified\":\"2026-03-31T13:20:29+00:00\",\"breadcrumb\":{\"@id\":\"https:\\\/\\\/darkamazi.site\\\/archives\\\/1026216#breadcrumb\"},\"inLanguage\":\"en-US\",\"potentialAction\":[{\"@type\":\"ReadAction\",\"target\":[\"https:\\\/\\\/darkamazi.site\\\/archives\\\/1026216\"]}]},{\"@type\":\"ImageObject\",\"inLanguage\":\"en-US\",\"@id\":\"https:\\\/\\\/darkamazi.site\\\/archives\\\/1026216#primaryimage\",\"url\":\"https:\\\/\\\/darkamazi.site\\\/darka-content\\\/uploads\\\/2023\\\/08\\\/j.jpg\",\"contentUrl\":\"https:\\\/\\\/darkamazi.site\\\/darka-content\\\/uploads\\\/2023\\\/08\\\/j.jpg\",\"width\":750,\"height\":422,\"caption\":\"Do\u011fu K\u00fcrdistan: \u0130Jina Emini ve kad\u0131n devrimini anlatan bir film \u00e7ekildi\"},{\"@type\":\"BreadcrumbList\",\"@id\":\"https:\\\/\\\/darkamazi.site\\\/archives\\\/1026216#breadcrumb\",\"itemListElement\":[{\"@type\":\"ListItem\",\"position\":1,\"name\":\"Home\",\"item\":\"https:\\\/\\\/darkamazi.site\\\/\"},{\"@type\":\"ListItem\",\"position\":2,\"name\":\"Do\u011fu K\u00fcrdistan: Jina Emini ve kad\u0131n devrimini anlatan bir film \u00e7ekildi\"}]},{\"@type\":\"WebSite\",\"@id\":\"https:\\\/\\\/darkamazi.site\\\/#website\",\"url\":\"https:\\\/\\\/darkamazi.site\\\/\",\"name\":\"Darka Mazi\",\"description\":\"Ana Sayfa\",\"publisher\":{\"@id\":\"https:\\\/\\\/darkamazi.site\\\/#organization\"},\"potentialAction\":[{\"@type\":\"SearchAction\",\"target\":{\"@type\":\"EntryPoint\",\"urlTemplate\":\"https:\\\/\\\/darkamazi.site\\\/?s={search_term_string}\"},\"query-input\":{\"@type\":\"PropertyValueSpecification\",\"valueRequired\":true,\"valueName\":\"search_term_string\"}}],\"inLanguage\":\"en-US\"},{\"@type\":\"Organization\",\"@id\":\"https:\\\/\\\/darkamazi.site\\\/#organization\",\"name\":\"Darka Mazi T\u00fcrk\u00e7e\",\"alternateName\":\"Darka Mazi\",\"url\":\"https:\\\/\\\/darkamazi.site\\\/\",\"logo\":{\"@type\":\"ImageObject\",\"inLanguage\":\"en-US\",\"@id\":\"https:\\\/\\\/darkamazi.site\\\/#\\\/schema\\\/logo\\\/image\\\/\",\"url\":\"https:\\\/\\\/darkamazi.site\\\/darka-content\\\/uploads\\\/2017\\\/12\\\/darka-mazi-logo.png\",\"contentUrl\":\"https:\\\/\\\/darkamazi.site\\\/darka-content\\\/uploads\\\/2017\\\/12\\\/darka-mazi-logo.png\",\"width\":151,\"height\":75,\"caption\":\"Darka Mazi T\u00fcrk\u00e7e\"},\"image\":{\"@id\":\"https:\\\/\\\/darkamazi.site\\\/#\\\/schema\\\/logo\\\/image\\\/\"},\"sameAs\":[\"https:\\\/\\\/www.facebook.com\\\/DarkaMaziturkce\",\"https:\\\/\\\/x.com\\\/DarkaMaziTurkce\"]},{\"@type\":\"Person\",\"@id\":\"https:\\\/\\\/darkamazi.site\\\/#\\\/schema\\\/person\\\/67986a95ac546c16760365877ef4a9d3\",\"name\":\"darka mazi\",\"sameAs\":[\"https:\\\/\\\/darkamazi.site\"],\"url\":\"https:\\\/\\\/darkamazi.site\\\/archives\\\/author\\\/turkish\"}]}<\/script>\n<!-- \/ Yoast SEO plugin. -->","seo_head_json":{"title":"Do\u011fu K\u00fcrdistan: Jina Emini ve kad\u0131n devrimini anlatan bir film \u00e7ekildi - Darka Mazi","robots":{"index":"index","follow":"follow","max-snippet":"max-snippet:-1","max-image-preview":"max-image-preview:large","max-video-preview":"max-video-preview:-1"},"canonical":"https:\/\/darkamazi.site\/archives\/1026216","og_locale":"en_US","og_type":"article","og_title":"Do\u011fu K\u00fcrdistan: Jina Emini ve kad\u0131n devrimini anlatan bir film \u00e7ekildi - Darka Mazi","og_description":"\u0130ran\u2019da ahlak polisi taraf\u0131ndan g\u00f6zalt\u0131na al\u0131nd\u0131ktan sonra katledilen Jina (Mahsa) Emini\u2019nin ya\u015fam\u0131 ve kad\u0131nlar\u0131n m\u00fccadelesine verdi\u011fi ilham filme konu oldu. \u201cDeng Hilat\u201d (Saund Rise) adl\u0131 k\u0131sa filmde Jina Emini ve kad\u0131n devrimi ele al\u0131n\u0131yor. K24 TV\u2019ye konu\u015fan filmin senaristi ve y\u00f6netmeni Firya Yunus, filmin kad\u0131n devriminin iki kurban\u0131n\u0131 konu ald\u0131\u011f\u0131n\u0131 belirtti. Bu iki ki\u015finin \u0130ran\u2019da [&hellip;]","og_url":"https:\/\/darkamazi.site\/archives\/1026216","og_site_name":"Darka Mazi","article_publisher":"https:\/\/www.facebook.com\/DarkaMaziturkce","article_published_time":"2023-08-18T10:32:44+00:00","article_modified_time":"2026-03-31T13:20:29+00:00","og_image":[{"width":750,"height":422,"url":"https:\/\/darkamazi.site\/file\/2023\/08\/j.jpg","type":"image\/jpeg"}],"author":"darka mazi","twitter_card":"summary_large_image","twitter_creator":"@DarkaMaziTurkce","twitter_site":"@DarkaMaziTurkce","twitter_misc":{"Written by":"darka mazi","Est. reading time":"1 minute"},"schema":{"@context":"https:\/\/schema.org","@graph":[{"@type":"NewsArticle","@id":"https:\/\/darkamazi.site\/archives\/1026216#article","isPartOf":{"@id":"https:\/\/darkamazi.site\/archives\/1026216"},"author":{"name":"darka mazi","@id":"https:\/\/darkamazi.site\/#\/schema\/person\/67986a95ac546c16760365877ef4a9d3"},"headline":"Do\u011fu K\u00fcrdistan: Jina Emini ve kad\u0131n devrimini anlatan bir film \u00e7ekildi","datePublished":"2023-08-18T10:32:44+00:00","dateModified":"2026-03-31T13:20:29+00:00","mainEntityOfPage":{"@id":"https:\/\/darkamazi.site\/archives\/1026216"},"wordCount":254,"publisher":{"@id":"https:\/\/darkamazi.site\/#organization"},"image":{"@id":"https:\/\/darkamazi.site\/archives\/1026216#primaryimage"},"thumbnailUrl":"https:\/\/darkamazi.site\/file\/2023\/08\/j.jpg","articleSection":["Sanat"],"inLanguage":"en-US"},{"@type":"WebPage","@id":"https:\/\/darkamazi.site\/archives\/1026216","url":"https:\/\/darkamazi.site\/archives\/1026216","name":"Do\u011fu K\u00fcrdistan: Jina Emini ve kad\u0131n devrimini anlatan bir film \u00e7ekildi - Darka Mazi","isPartOf":{"@id":"https:\/\/darkamazi.site\/#website"},"primaryImageOfPage":{"@id":"https:\/\/darkamazi.site\/archives\/1026216#primaryimage"},"image":{"@id":"https:\/\/darkamazi.site\/archives\/1026216#primaryimage"},"thumbnailUrl":"https:\/\/darkamazi.site\/file\/2023\/08\/j.jpg","datePublished":"2023-08-18T10:32:44+00:00","dateModified":"2026-03-31T13:20:29+00:00","breadcrumb":{"@id":"https:\/\/darkamazi.site\/archives\/1026216#breadcrumb"},"inLanguage":"en-US","potentialAction":[{"@type":"ReadAction","target":["https:\/\/darkamazi.site\/archives\/1026216"]}]},{"@type":"ImageObject","inLanguage":"en-US","@id":"https:\/\/darkamazi.site\/archives\/1026216#primaryimage","url":"https:\/\/darkamazi.site\/file\/2023\/08\/j.jpg","contentUrl":"https:\/\/darkamazi.site\/file\/2023\/08\/j.jpg","width":750,"height":422,"caption":"Do\u011fu K\u00fcrdistan: \u0130Jina Emini ve kad\u0131n devrimini anlatan bir film \u00e7ekildi"},{"@type":"BreadcrumbList","@id":"https:\/\/darkamazi.site\/archives\/1026216#breadcrumb","itemListElement":[{"@type":"ListItem","position":1,"name":"Home","item":"https:\/\/darkamazi.site\/"},{"@type":"ListItem","position":2,"name":"Do\u011fu K\u00fcrdistan: Jina Emini ve kad\u0131n devrimini anlatan bir film \u00e7ekildi"}]},{"@type":"WebSite","@id":"https:\/\/darkamazi.site\/#website","url":"https:\/\/darkamazi.site\/","name":"Darka Mazi","description":"Ana Sayfa","publisher":{"@id":"https:\/\/darkamazi.site\/#organization"},"potentialAction":[{"@type":"SearchAction","target":{"@type":"EntryPoint","urlTemplate":"https:\/\/darkamazi.site\/?s={search_term_string}"},"query-input":{"@type":"PropertyValueSpecification","valueRequired":true,"valueName":"search_term_string"}}],"inLanguage":"en-US"},{"@type":"Organization","@id":"https:\/\/darkamazi.site\/#organization","name":"Darka Mazi T\u00fcrk\u00e7e","alternateName":"Darka Mazi","url":"https:\/\/darkamazi.site\/","logo":{"@type":"ImageObject","inLanguage":"en-US","@id":"https:\/\/darkamazi.site\/#\/schema\/logo\/image\/","url":"https:\/\/darkamazi.site\/file\/2017\/12\/darka-mazi-logo.png","contentUrl":"https:\/\/darkamazi.site\/file\/2017\/12\/darka-mazi-logo.png","width":151,"height":75,"caption":"Darka Mazi T\u00fcrk\u00e7e"},"image":{"@id":"https:\/\/darkamazi.site\/#\/schema\/logo\/image\/"},"sameAs":["https:\/\/www.facebook.com\/DarkaMaziturkce","https:\/\/x.com\/DarkaMaziTurkce"]},{"@type":"Person","@id":"https:\/\/darkamazi.site\/#\/schema\/person\/67986a95ac546c16760365877ef4a9d3","name":"darka mazi","sameAs":["https:\/\/darkamazi.site"],"url":"https:\/\/darkamazi.site\/archives\/author\/turkish"}]}},"_links":{"self":[{"href":"https:\/\/darkamazi.site\/funavuv\/wp\/v2\/posts\/1026216","targetHints":{"allow":["GET"]}}],"collection":[{"href":"https:\/\/darkamazi.site\/funavuv\/wp\/v2\/posts"}],"about":[{"href":"https:\/\/darkamazi.site\/funavuv\/wp\/v2\/types\/post"}],"author":[{"embeddable":true,"href":"https:\/\/darkamazi.site\/funavuv\/wp\/v2\/users\/2"}],"replies":[{"embeddable":true,"href":"https:\/\/darkamazi.site\/funavuv\/wp\/v2\/comments?post=1026216"}],"version-history":[{"count":0,"href":"https:\/\/darkamazi.site\/funavuv\/wp\/v2\/posts\/1026216\/revisions"}],"wp:featuredmedia":[{"embeddable":true,"href":"https:\/\/darkamazi.site\/funavuv\/wp\/v2\/media\/1026217"}],"wp:attachment":[{"href":"https:\/\/darkamazi.site\/funavuv\/wp\/v2\/media?parent=1026216"}],"wp:term":[{"taxonomy":"category","embeddable":true,"href":"https:\/\/darkamazi.site\/funavuv\/wp\/v2\/categories?post=1026216"},{"taxonomy":"post_tag","embeddable":true,"href":"https:\/\/darkamazi.site\/funavuv\/wp\/v2\/tags?post=1026216"}],"curies":[{"name":"wp","href":"https:\/\/api.w.org\/{rel}","templated":true}]}}