{"id":1026328,"date":"2023-08-26T10:08:11","date_gmt":"2023-08-26T07:08:11","guid":{"rendered":"https:\/\/darkamazi.site\/?p=1026328"},"modified":"2023-08-26T10:08:11","modified_gmt":"2023-08-26T07:08:11","slug":"kafkasya-kurtlerinden-buyuk-vefa-yusif-kamil-bedirxanin-anit-mezari-yapiliyor","status":"publish","type":"post","link":"https:\/\/darkamazi.site\/archives\/1026328","title":{"rendered":"Kafkasya K\u00fcrtlerinden b\u00fcy\u00fck vefa: Yusif Kamil Bedirxan\u2019\u0131n an\u0131t mezar\u0131 yap\u0131l\u0131yor"},"content":{"rendered":"<p>G\u00fcrcistan K\u00fcrtleri bir vefa g\u00f6stergesi olarak K\u00fcrt\u00e7e dilini geli\u015fimine\u00a0b\u00fcy\u00fck katk\u0131 veren Yusif\u00a0Kamil\u00a0 Bedirxan\u2019\u0131n an\u0131t mezar\u0131n\u0131 yapt\u0131rd\u0131.<\/p>\n<p>Yusif Kamil Bedirxan\u2019\u0131n y\u0131llar \u00f6nce kaybolmaya y\u00fcz tutan mezar\u0131 Kazakistan K\u00fcrt Derne\u011fi Ba\u015fkan\u0131 Aziz Ziyo Bedirxan giri\u015fimiyle Tiflis\u2019teki mezarl\u0131k yenilenecek ve bir abide mezarl\u0131k olarak tarihe b\u0131rak\u0131lacak.<\/p>\n<p>R\u00fbdaw haber ajans\u0131na konu\u015fan Kafkasya K\u00fcrt Enstit\u00fcs\u00fc Ba\u015fkan\u0131 ara\u015ft\u0131rmac\u0131-yazar Hejar\u00ea\u00a0\u015eamil, K\u00fcrt ayd\u0131n\u0131 Yusif Kamil\u00a0 Bedirxan\u2019\u0131n mezar\u0131n\u0131 nas\u0131l tespit ettiklerini ve projenin geldi\u011fi a\u015fama hakk\u0131nda bilgi verdi.<\/p>\n<p>\u015eamil, 1934 Tiflis\u2019te vefat eden Yusif\u00a0Kamil\u00a0 Bedirxan\u2019\u0131n naa\u015f\u0131n\u0131n K\u00fcrt dengb\u00eaj ve yazar Ehmed \u015eaw\u00eas Mirazi&#8217;nin \u00f6nc\u00fcl\u00fc\u011f\u00fcnde Ezidi mezarl\u0131\u011f\u0131nda defnedildi\u011fini belirterek, \u201cYusuf Kamil\u00a0Bedirxan vefat etti\u011finde onu M\u00fcsl\u00fcmanlar\u0131n mezarl\u0131\u011f\u0131na g\u00f6mmek istediler. Ancak o e\u015fine Ezidi K\u00fcrtlerin mezarl\u0131\u011f\u0131na g\u00f6m\u00fclmek istedi\u011fini vasiyet etmi\u015fti. Bu nedenle Ezidi mezarl\u0131\u011f\u0131na g\u00f6m\u00fcld\u00fc\u201d dedi.<\/p>\n<p>Hejar\u00ea \u015eamil\u00a0 1934\u2019de Tiflis\u2019te vefat eden Yusif Kamil Bey\u2019in mezar\u0131n\u0131n zamanla kayboldu\u011funu belirterek, \u201cBundan 35 y\u0131l \u00f6nce mezar\u0131 toprak alt\u0131ndan \u00e7\u0131kar\u0131lm\u0131\u015f. K\u00fcrt \u015fair Ordixan\u00ea \u015eamil Ka\u015faxi\u00a0bir mezar yap\u0131lmas\u0131 i\u00e7in yo\u011fun \u00e7aba g\u00f6stermi\u015f o zamanlar. Ancak yapamam\u0131\u015f. Bir\u00e7ok K\u00fcrt siyasi \u00e7evre Yusif Kamil\u00a0 Bedirxan\u2019\u0131n mezar\u0131n\u0131 yapmay\u0131 planlam\u0131\u015f ancak 30 y\u0131ld\u0131r bu mezar bir t\u00fcrl\u00fc yap\u0131lamam\u0131\u015f\u201d dedi.<\/p>\n<p>\u201cEhmed \u015eaw\u00eas Mirazi&#8217;nin 1959\u2019da kaleme ald\u0131\u011f\u0131 1966&#8217;da bas\u0131lan an\u0131lar\u0131n\u0131 anlatt\u0131\u011f\u0131 kitab\u0131nda Yusif\u00a0Kamil Bey\u2019in \u00f6l\u00fcm\u00fcnden ve defnedilmesinden bahsediyor. K\u00fcrt \u015fair Ordixan\u00ea \u015eamil Ka\u015faxi, o kitab\u0131 okuduktan sonra 1990\u2019larda mezardan haberdar oluyor\u201d \u015feklinde konu\u015ftu.<\/p>\n<p>Bahsi ge\u00e7en art\u0131k yok olmaya y\u00fcz tutan Ezidi mezarl\u0131\u011f\u0131n \u00e7evresinde Sovyetlerin da\u011f\u0131ld\u0131\u011f\u0131 s\u00fcre\u00e7te evler ve yol yap\u0131m\u0131 esnas\u0131nda Yusif\u00a0Kamil Bey\u2019in \u00a0mezar ta\u015f\u0131 bulunur. K\u00fcrt \u015fair Ordixan\u00ea \u015eamil Ka\u015faxi, mezar ta\u015f\u0131n\u0131 bulununca mezar tespit ediliyor.<\/p>\n<p>\u015eamil \u201cFeriz Korkoti isimli bir K\u00fcrt \u00f6nde geleni bana bu konuda bilgi verdi. Yusif\u00a0Kamil Bey\u2019in mezar ta\u015f\u0131n\u0131 bulunca Ordixan\u00ea \u015eamil Ka\u015faxi haberdar olunca, mezar ta\u015f\u0131n\u0131 evine g\u00f6t\u00fcr\u00fcyor. 1993\u2019te G\u00fcrcistan\u2019\u0131n ileri gelenleri mezar\u0131n\u0131 yapma karar\u0131 al\u0131yorlar. Ancak yapam\u0131yorlar.\u00a0Ordixan\u00ea \u015eamil Ka\u015faxi \u00f6lmeden \u00f6nce buldu\u011fu mezar ta\u015f\u0131n\u0131 iki yolun aras\u0131nda kalan mezara yeniden yerle\u015ftiriyor\u201d \u015feklinde konu\u015ftu.<br \/>\n\u00d6zel \u00e7al\u0131\u015fmalar\u0131 sonucu Yusif Kamil Bey\u2019in yerini tespit ettiklerini belirten Hejar\u00ea \u015eamil, \u201c\u0130lk \u00f6nceleri G\u00fcrcistan\u2019daki K\u00fcrtler mezar\u0131n asfalt yolun alt\u0131nda kald\u0131\u011f\u0131n\u0131 s\u00f6yl\u00fcyordu. Ancak yapt\u0131\u011f\u0131m\u0131z ara\u015ft\u0131rmalar sonucu iki yolun aras\u0131ndaki arazide kald\u0131\u011f\u0131n\u0131 tespit ettik. Newroz kutlamalar\u0131na gelen Bedixanl\u0131lar\u0131n geni\u015f ailesinden Kazakistan K\u00fcrt Derne\u011fi Ba\u015fkan\u0131 Aziz Ziyo Bedirxan\u2019a aktard\u0131k durumu. O da maddi olarak bizi destekledi. An\u0131t mezar yap\u0131m\u0131na benim ba\u015fkanl\u0131\u011f\u0131mda\u00a0 yap\u0131m\u0131na ba\u015flad\u0131k. Kafkasya K\u00fcrt Enstit\u00fcs\u00fc ve G\u00fcrcistan\u2019daki K\u00fcrt hay\u0131rseverlerinin de projeye b\u00fcy\u00fck destekleriyle an\u0131t mezar tamamlan\u0131yor\u201d dedi.<\/p>\n<p>\u015eamil \u201cBir an\u0131t mezar \u015feklinde tarihe bir abide olarak kals\u0131n istiyoruz. Tiflis Belediyesinden an\u0131t mezar i\u00e7in gerekli izni ald\u0131k. Bu tarihi K\u00fcrt \u015fahsiyetine ait an\u0131t mezar, G\u00fcrcistan\u2019a gelecek her K\u00fcrt taraf\u0131ndan muhakkak ziyaret edilmeli. Kas\u0131m ay\u0131ndaYusif Kamil Bedirxan\u2019\u0131n an\u0131t mezar\u0131n\u0131n a\u00e7\u0131l\u0131\u015f t\u00f6renini yapaca\u011f\u0131z. Bu projenin ger\u00e7ekle\u015fmesine b\u00fcy\u00fck katk\u0131 sunan Bedixanlar\u0131n ailesinden Aziz Ziyo Bedirxan Kazakistan\u2019dan Rusya K\u00fcrtlerinden t\u00f6rene kat\u0131l\u0131mlar olacak. Bedixanl\u0131lar\u0131n ailesinden de kat\u0131l\u0131m olsun istiyoruz. Sinem Bedirxan ile ileti\u015fime ge\u00e7tik. Ancak kendisi\u00a0 sa\u011fl\u0131k sorunlar\u0131 nedeniyle kat\u0131lam\u0131yor \u201d dedi.<\/p>\n<p>9 Kas\u0131m&#8217;da resmi a\u00e7\u0131l\u0131\u015f\u0131 yap\u0131lacak olan Yusif\u00a0Kamil\u00a0\u00a0Bedirxan&#8217;\u0131n an\u0131t mezar\u0131nda 1934&#8217;deki mezar ta\u015f\u0131n\u0131n yan\u0131 s\u0131ra Aziz Ziyo Bedirxan ve Kafkasya K\u00fcrt Enstit\u00fcs\u00fc&#8217;n\u00fcn de katk\u0131lar\u0131n\u0131n yaz\u0131ld\u0131\u011f\u0131 mermer ta\u015flar yer alacak.<\/p>\n<p><strong>Yusif Kamil\u00a0\u00a0Bedirxan kimdir?<\/strong><\/p>\n<p>Osmanl\u0131 topraklar\u0131nda Mir Bedirxan Bey\u2019in en k\u00fc\u00e7\u00fck o\u011flu olarak d\u00fcnyaya gelen Yusif\u00a0Kamil Bedirxan ailenin di\u011fer fertleri gibi gazetecilik, \u00f6\u011fretmenlik ve siyaset gibi \u00e7ok y\u00f6nl\u00fc bir ki\u015fili\u011fe sahipti.<\/p>\n<p>Hayfa kaymakaml\u0131\u011f\u0131 g\u00f6revi yapan Yusif Kamil\u00a0 Bedirxan, 1906 y\u0131l\u0131nda \u0130stanbul belediye ba\u015fkan\u0131 R\u0131dvan Pa\u015fa\u2019n\u0131n \u00f6ld\u00fcr\u00fclmesi olay\u0131 ile ba\u011flant\u0131l\u0131 Bedirxan ailesinin di\u011fer ferdi gibi \u00f6nce tutukland\u0131, g\u00f6revden al\u0131n\u0131p Rodos Adas\u0131\u2019na s\u00fcrg\u00fcn edildi.<\/p>\n<p>S\u00fcrg\u00fcnden sonra istanbul\u2019a d\u00f6nen\u00a0Yusif Kamil Bey, \u00a0Ne\u015fri Maarif Cemiyeti\u2019nin kurucular\u0131 aras\u0131nda yer ald\u0131. Birinci D\u00fcnya Sava\u015f\u0131 ba\u015flad\u0131\u011f\u0131nda Bitlis\u2019e ge\u00e7en Yusif Kamil Bey \u00a0Mela Selim, \u015e\u00eax \u015eehabettin, Seyid Eli ile birlikte isyan haz\u0131rl\u0131\u011f\u0131na ba\u015fl\u0131yor. Lakin devletin tez zamanda haberi oluyor ve Mela Selim tutuklan\u0131yor.<\/p>\n<p>Tutuklanarak \u0130stanbul\u2019a getirilen Yusif\u00a0Kamil\u00a0 Bedirxan bir yolunu bularak ka\u00e7ar ve Frans\u0131z gemisine s\u0131\u011f\u0131n\u0131r. Osmanl\u0131 devletinin t\u00fcm bast\u0131rmalar\u0131na ra\u011fmen Frans\u0131zlar, Yusif\u00a0Kamil Bey\u2019i teslim etmez. G\u0131yab\u0131nda yap\u0131lan yarg\u0131lamada Yusif Kamil Bey\u2019e idam cezas\u0131 verilir.<\/p>\n<p>Ruslarla ili\u015fki geli\u015ftiren Yusif\u00a0Kamil\u00a0 Bedirxan Tiflis\u2019e ge\u00e7er. Rus \u00c7arl\u0131\u011f\u0131 ile g\u00f6r\u00fc\u015fmelerde bulunan Yusif\u00a0Kamil Bey, \u0130ngiliz ve Frans\u0131z diplomatlarla da temas halinde olur. Ve K\u00fcrtler i\u00e7in destek s\u00f6zleri al\u0131r. Bol\u015fevik ihtilali ile gelen yeni Rus y\u00f6netimi, Yusif Kamil Bey\u2019in K\u00fcrtler i\u00e7in ald\u0131\u011f\u0131 s\u00f6zleri tutmaz. S\u0131n\u0131rlar yeniden belirlenince Tiflis art\u0131k daimi mek\u00e2n\u0131 olur. 1929\u2019da K\u00fcrt\u00e7e bir okul a\u00e7ar. Tiflis\u2019teki \u00fcniversitede T\u00fcrk\u00e7e, Frans\u0131zca dersleri verir. K\u00fcrt tarihi, k\u00fclt\u00fcr\u00fc ve ya\u015fam\u0131 \u00fczerine makaleler kaleme al\u0131r. 1934 y\u0131l\u0131nda hayat\u0131n\u0131 Tiflis\u2019te kaybeder. Ezidi K\u00fcrtlerinin mezarl\u0131\u011f\u0131na defnedilir. \u00a0G\u00fcrcistan\u2019daki K\u00fcrt Ezidi ayd\u0131n\u0131 Ehmed \u015eaw\u00eas Mirazi taraf\u0131ndan mezar\u0131 yap\u0131l\u0131r. Bir s\u00fcre bak\u0131ms\u0131z kalan ve unutulan mezar kaybolur.<\/p>\n<p>Ordixan\u00ea \u015eamil Ka\u015faxi\u00a01990&#8217;larda mezarl\u0131k yerini yeniden ke\u015ffeder. Ancak bir mezar yeri yapma imkan\u0131 bulunamaz ve mezar yeri yeniden kaybolur.<\/p>\n","protected":false},"excerpt":{"rendered":"<p>G\u00fcrcistan K\u00fcrtleri bir vefa g\u00f6stergesi olarak K\u00fcrt\u00e7e dilini geli\u015fimine\u00a0b\u00fcy\u00fck katk\u0131 veren Yusif\u00a0Kamil\u00a0 Bedirxan\u2019\u0131n an\u0131t mezar\u0131n\u0131 yapt\u0131rd\u0131. Yusif Kamil Bedirxan\u2019\u0131n y\u0131llar \u00f6nce kaybolmaya y\u00fcz tutan mezar\u0131 Kazakistan K\u00fcrt Derne\u011fi Ba\u015fkan\u0131 Aziz Ziyo Bedirxan giri\u015fimiyle Tiflis\u2019teki mezarl\u0131k yenilenecek ve bir abide mezarl\u0131k olarak tarihe b\u0131rak\u0131lacak. R\u00fbdaw haber ajans\u0131na konu\u015fan Kafkasya K\u00fcrt Enstit\u00fcs\u00fc Ba\u015fkan\u0131 ara\u015ft\u0131rmac\u0131-yazar Hejar\u00ea\u00a0\u015eamil, K\u00fcrt ayd\u0131n\u0131 [&hellip;]<\/p>\n","protected":false},"author":2,"featured_media":1026329,"comment_status":"closed","ping_status":"closed","sticky":false,"template":"","format":"standard","meta":{"footnotes":""},"categories":[3],"tags":[31],"class_list":["post-1026328","post","type-post","status-publish","format-standard","has-post-thumbnail","hentry","category-kurdistan","tag-onemli"],"blocksy_meta":[],"seo_head":"<!-- This site is optimized with the Yoast SEO plugin v27.5 - https:\/\/yoast.com\/product\/yoast-seo-wordpress\/ -->\n<title>Kafkasya K\u00fcrtlerinden b\u00fcy\u00fck vefa: Yusif Kamil Bedirxan\u2019\u0131n an\u0131t mezar\u0131 yap\u0131l\u0131yor - Darka Mazi<\/title>\n<meta name=\"robots\" content=\"index, follow, max-snippet:-1, max-image-preview:large, max-video-preview:-1\" \/>\n<link rel=\"canonical\" href=\"https:\/\/darkamazi.site\/archives\/1026328\" \/>\n<meta property=\"og:locale\" content=\"en_US\" \/>\n<meta property=\"og:type\" content=\"article\" \/>\n<meta property=\"og:title\" content=\"Kafkasya K\u00fcrtlerinden b\u00fcy\u00fck vefa: Yusif Kamil Bedirxan\u2019\u0131n an\u0131t mezar\u0131 yap\u0131l\u0131yor - Darka Mazi\" \/>\n<meta property=\"og:description\" content=\"G\u00fcrcistan K\u00fcrtleri bir vefa g\u00f6stergesi olarak K\u00fcrt\u00e7e dilini geli\u015fimine\u00a0b\u00fcy\u00fck katk\u0131 veren Yusif\u00a0Kamil\u00a0 Bedirxan\u2019\u0131n an\u0131t mezar\u0131n\u0131 yapt\u0131rd\u0131. Yusif Kamil Bedirxan\u2019\u0131n y\u0131llar \u00f6nce kaybolmaya y\u00fcz tutan mezar\u0131 Kazakistan K\u00fcrt Derne\u011fi Ba\u015fkan\u0131 Aziz Ziyo Bedirxan giri\u015fimiyle Tiflis\u2019teki mezarl\u0131k yenilenecek ve bir abide mezarl\u0131k olarak tarihe b\u0131rak\u0131lacak. R\u00fbdaw haber ajans\u0131na konu\u015fan Kafkasya K\u00fcrt Enstit\u00fcs\u00fc Ba\u015fkan\u0131 ara\u015ft\u0131rmac\u0131-yazar Hejar\u00ea\u00a0\u015eamil, K\u00fcrt ayd\u0131n\u0131 [&hellip;]\" \/>\n<meta property=\"og:url\" content=\"https:\/\/darkamazi.site\/archives\/1026328\" \/>\n<meta property=\"og:site_name\" content=\"Darka Mazi\" \/>\n<meta property=\"article:publisher\" content=\"https:\/\/www.facebook.com\/DarkaMaziturkce\" \/>\n<meta property=\"article:published_time\" content=\"2023-08-26T07:08:11+00:00\" \/>\n<meta property=\"og:image\" content=\"https:\/\/darkamazi.site\/file\/2023\/08\/vefa.jpg\" \/>\n\t<meta property=\"og:image:width\" content=\"750\" \/>\n\t<meta property=\"og:image:height\" content=\"422\" \/>\n\t<meta property=\"og:image:type\" content=\"image\/jpeg\" \/>\n<meta name=\"author\" content=\"darka mazi\" \/>\n<meta name=\"twitter:card\" content=\"summary_large_image\" \/>\n<meta name=\"twitter:creator\" content=\"@DarkaMaziTurkce\" \/>\n<meta name=\"twitter:site\" content=\"@DarkaMaziTurkce\" \/>\n<meta name=\"twitter:label1\" content=\"Written by\" \/>\n\t<meta name=\"twitter:data1\" content=\"darka mazi\" \/>\n\t<meta name=\"twitter:label2\" content=\"Est. reading time\" \/>\n\t<meta name=\"twitter:data2\" content=\"4 minutes\" \/>\n<script type=\"application\/ld+json\" class=\"seo-schema-graph\">{\"@context\":\"https:\\\/\\\/schema.org\",\"@graph\":[{\"@type\":\"NewsArticle\",\"@id\":\"https:\\\/\\\/darkamazi.site\\\/archives\\\/1026328#article\",\"isPartOf\":{\"@id\":\"https:\\\/\\\/darkamazi.site\\\/archives\\\/1026328\"},\"author\":{\"name\":\"darka mazi\",\"@id\":\"https:\\\/\\\/darkamazi.site\\\/#\\\/schema\\\/person\\\/67986a95ac546c16760365877ef4a9d3\"},\"headline\":\"Kafkasya K\u00fcrtlerinden b\u00fcy\u00fck vefa: Yusif Kamil Bedirxan\u2019\u0131n an\u0131t mezar\u0131 yap\u0131l\u0131yor\",\"datePublished\":\"2023-08-26T07:08:11+00:00\",\"mainEntityOfPage\":{\"@id\":\"https:\\\/\\\/darkamazi.site\\\/archives\\\/1026328\"},\"wordCount\":1105,\"publisher\":{\"@id\":\"https:\\\/\\\/darkamazi.site\\\/#organization\"},\"image\":{\"@id\":\"https:\\\/\\\/darkamazi.site\\\/archives\\\/1026328#primaryimage\"},\"thumbnailUrl\":\"https:\\\/\\\/darkamazi.site\\\/darka-content\\\/uploads\\\/2023\\\/08\\\/vefa.jpg\",\"keywords\":[\"\u00f6nemli\"],\"articleSection\":[\"Kurdistan\"],\"inLanguage\":\"en-US\"},{\"@type\":\"WebPage\",\"@id\":\"https:\\\/\\\/darkamazi.site\\\/archives\\\/1026328\",\"url\":\"https:\\\/\\\/darkamazi.site\\\/archives\\\/1026328\",\"name\":\"Kafkasya K\u00fcrtlerinden b\u00fcy\u00fck vefa: Yusif Kamil Bedirxan\u2019\u0131n an\u0131t mezar\u0131 yap\u0131l\u0131yor - Darka Mazi\",\"isPartOf\":{\"@id\":\"https:\\\/\\\/darkamazi.site\\\/#website\"},\"primaryImageOfPage\":{\"@id\":\"https:\\\/\\\/darkamazi.site\\\/archives\\\/1026328#primaryimage\"},\"image\":{\"@id\":\"https:\\\/\\\/darkamazi.site\\\/archives\\\/1026328#primaryimage\"},\"thumbnailUrl\":\"https:\\\/\\\/darkamazi.site\\\/darka-content\\\/uploads\\\/2023\\\/08\\\/vefa.jpg\",\"datePublished\":\"2023-08-26T07:08:11+00:00\",\"breadcrumb\":{\"@id\":\"https:\\\/\\\/darkamazi.site\\\/archives\\\/1026328#breadcrumb\"},\"inLanguage\":\"en-US\",\"potentialAction\":[{\"@type\":\"ReadAction\",\"target\":[\"https:\\\/\\\/darkamazi.site\\\/archives\\\/1026328\"]}]},{\"@type\":\"ImageObject\",\"inLanguage\":\"en-US\",\"@id\":\"https:\\\/\\\/darkamazi.site\\\/archives\\\/1026328#primaryimage\",\"url\":\"https:\\\/\\\/darkamazi.site\\\/darka-content\\\/uploads\\\/2023\\\/08\\\/vefa.jpg\",\"contentUrl\":\"https:\\\/\\\/darkamazi.site\\\/darka-content\\\/uploads\\\/2023\\\/08\\\/vefa.jpg\",\"width\":750,\"height\":422,\"caption\":\"Kafkasya K\u00fcrtlerinden b\u00fcy\u00fck vefa: Yusif Kamil Bedirxan\u2019\u0131n an\u0131t mezar\u0131 yap\u0131l\u0131yor\"},{\"@type\":\"BreadcrumbList\",\"@id\":\"https:\\\/\\\/darkamazi.site\\\/archives\\\/1026328#breadcrumb\",\"itemListElement\":[{\"@type\":\"ListItem\",\"position\":1,\"name\":\"Home\",\"item\":\"https:\\\/\\\/darkamazi.site\\\/\"},{\"@type\":\"ListItem\",\"position\":2,\"name\":\"Kafkasya K\u00fcrtlerinden b\u00fcy\u00fck vefa: Yusif Kamil Bedirxan\u2019\u0131n an\u0131t mezar\u0131 yap\u0131l\u0131yor\"}]},{\"@type\":\"WebSite\",\"@id\":\"https:\\\/\\\/darkamazi.site\\\/#website\",\"url\":\"https:\\\/\\\/darkamazi.site\\\/\",\"name\":\"Darka Mazi\",\"description\":\"Ana Sayfa\",\"publisher\":{\"@id\":\"https:\\\/\\\/darkamazi.site\\\/#organization\"},\"potentialAction\":[{\"@type\":\"SearchAction\",\"target\":{\"@type\":\"EntryPoint\",\"urlTemplate\":\"https:\\\/\\\/darkamazi.site\\\/?s={search_term_string}\"},\"query-input\":{\"@type\":\"PropertyValueSpecification\",\"valueRequired\":true,\"valueName\":\"search_term_string\"}}],\"inLanguage\":\"en-US\"},{\"@type\":\"Organization\",\"@id\":\"https:\\\/\\\/darkamazi.site\\\/#organization\",\"name\":\"Darka Mazi T\u00fcrk\u00e7e\",\"alternateName\":\"Darka Mazi\",\"url\":\"https:\\\/\\\/darkamazi.site\\\/\",\"logo\":{\"@type\":\"ImageObject\",\"inLanguage\":\"en-US\",\"@id\":\"https:\\\/\\\/darkamazi.site\\\/#\\\/schema\\\/logo\\\/image\\\/\",\"url\":\"https:\\\/\\\/darkamazi.site\\\/darka-content\\\/uploads\\\/2017\\\/12\\\/darka-mazi-logo.png\",\"contentUrl\":\"https:\\\/\\\/darkamazi.site\\\/darka-content\\\/uploads\\\/2017\\\/12\\\/darka-mazi-logo.png\",\"width\":151,\"height\":75,\"caption\":\"Darka Mazi T\u00fcrk\u00e7e\"},\"image\":{\"@id\":\"https:\\\/\\\/darkamazi.site\\\/#\\\/schema\\\/logo\\\/image\\\/\"},\"sameAs\":[\"https:\\\/\\\/www.facebook.com\\\/DarkaMaziturkce\",\"https:\\\/\\\/x.com\\\/DarkaMaziTurkce\"]},{\"@type\":\"Person\",\"@id\":\"https:\\\/\\\/darkamazi.site\\\/#\\\/schema\\\/person\\\/67986a95ac546c16760365877ef4a9d3\",\"name\":\"darka mazi\",\"sameAs\":[\"https:\\\/\\\/darkamazi.site\"],\"url\":\"https:\\\/\\\/darkamazi.site\\\/archives\\\/author\\\/turkish\"}]}<\/script>\n<!-- \/ Yoast SEO plugin. -->","seo_head_json":{"title":"Kafkasya K\u00fcrtlerinden b\u00fcy\u00fck vefa: Yusif Kamil Bedirxan\u2019\u0131n an\u0131t mezar\u0131 yap\u0131l\u0131yor - Darka Mazi","robots":{"index":"index","follow":"follow","max-snippet":"max-snippet:-1","max-image-preview":"max-image-preview:large","max-video-preview":"max-video-preview:-1"},"canonical":"https:\/\/darkamazi.site\/archives\/1026328","og_locale":"en_US","og_type":"article","og_title":"Kafkasya K\u00fcrtlerinden b\u00fcy\u00fck vefa: Yusif Kamil Bedirxan\u2019\u0131n an\u0131t mezar\u0131 yap\u0131l\u0131yor - Darka Mazi","og_description":"G\u00fcrcistan K\u00fcrtleri bir vefa g\u00f6stergesi olarak K\u00fcrt\u00e7e dilini geli\u015fimine\u00a0b\u00fcy\u00fck katk\u0131 veren Yusif\u00a0Kamil\u00a0 Bedirxan\u2019\u0131n an\u0131t mezar\u0131n\u0131 yapt\u0131rd\u0131. Yusif Kamil Bedirxan\u2019\u0131n y\u0131llar \u00f6nce kaybolmaya y\u00fcz tutan mezar\u0131 Kazakistan K\u00fcrt Derne\u011fi Ba\u015fkan\u0131 Aziz Ziyo Bedirxan giri\u015fimiyle Tiflis\u2019teki mezarl\u0131k yenilenecek ve bir abide mezarl\u0131k olarak tarihe b\u0131rak\u0131lacak. R\u00fbdaw haber ajans\u0131na konu\u015fan Kafkasya K\u00fcrt Enstit\u00fcs\u00fc Ba\u015fkan\u0131 ara\u015ft\u0131rmac\u0131-yazar Hejar\u00ea\u00a0\u015eamil, K\u00fcrt ayd\u0131n\u0131 [&hellip;]","og_url":"https:\/\/darkamazi.site\/archives\/1026328","og_site_name":"Darka Mazi","article_publisher":"https:\/\/www.facebook.com\/DarkaMaziturkce","article_published_time":"2023-08-26T07:08:11+00:00","og_image":[{"width":750,"height":422,"url":"https:\/\/darkamazi.site\/file\/2023\/08\/vefa.jpg","type":"image\/jpeg"}],"author":"darka mazi","twitter_card":"summary_large_image","twitter_creator":"@DarkaMaziTurkce","twitter_site":"@DarkaMaziTurkce","twitter_misc":{"Written by":"darka mazi","Est. reading time":"4 minutes"},"schema":{"@context":"https:\/\/schema.org","@graph":[{"@type":"NewsArticle","@id":"https:\/\/darkamazi.site\/archives\/1026328#article","isPartOf":{"@id":"https:\/\/darkamazi.site\/archives\/1026328"},"author":{"name":"darka mazi","@id":"https:\/\/darkamazi.site\/#\/schema\/person\/67986a95ac546c16760365877ef4a9d3"},"headline":"Kafkasya K\u00fcrtlerinden b\u00fcy\u00fck vefa: Yusif Kamil Bedirxan\u2019\u0131n an\u0131t mezar\u0131 yap\u0131l\u0131yor","datePublished":"2023-08-26T07:08:11+00:00","mainEntityOfPage":{"@id":"https:\/\/darkamazi.site\/archives\/1026328"},"wordCount":1105,"publisher":{"@id":"https:\/\/darkamazi.site\/#organization"},"image":{"@id":"https:\/\/darkamazi.site\/archives\/1026328#primaryimage"},"thumbnailUrl":"https:\/\/darkamazi.site\/file\/2023\/08\/vefa.jpg","keywords":["\u00f6nemli"],"articleSection":["Kurdistan"],"inLanguage":"en-US"},{"@type":"WebPage","@id":"https:\/\/darkamazi.site\/archives\/1026328","url":"https:\/\/darkamazi.site\/archives\/1026328","name":"Kafkasya K\u00fcrtlerinden b\u00fcy\u00fck vefa: Yusif Kamil Bedirxan\u2019\u0131n an\u0131t mezar\u0131 yap\u0131l\u0131yor - Darka Mazi","isPartOf":{"@id":"https:\/\/darkamazi.site\/#website"},"primaryImageOfPage":{"@id":"https:\/\/darkamazi.site\/archives\/1026328#primaryimage"},"image":{"@id":"https:\/\/darkamazi.site\/archives\/1026328#primaryimage"},"thumbnailUrl":"https:\/\/darkamazi.site\/file\/2023\/08\/vefa.jpg","datePublished":"2023-08-26T07:08:11+00:00","breadcrumb":{"@id":"https:\/\/darkamazi.site\/archives\/1026328#breadcrumb"},"inLanguage":"en-US","potentialAction":[{"@type":"ReadAction","target":["https:\/\/darkamazi.site\/archives\/1026328"]}]},{"@type":"ImageObject","inLanguage":"en-US","@id":"https:\/\/darkamazi.site\/archives\/1026328#primaryimage","url":"https:\/\/darkamazi.site\/file\/2023\/08\/vefa.jpg","contentUrl":"https:\/\/darkamazi.site\/file\/2023\/08\/vefa.jpg","width":750,"height":422,"caption":"Kafkasya K\u00fcrtlerinden b\u00fcy\u00fck vefa: Yusif Kamil Bedirxan\u2019\u0131n an\u0131t mezar\u0131 yap\u0131l\u0131yor"},{"@type":"BreadcrumbList","@id":"https:\/\/darkamazi.site\/archives\/1026328#breadcrumb","itemListElement":[{"@type":"ListItem","position":1,"name":"Home","item":"https:\/\/darkamazi.site\/"},{"@type":"ListItem","position":2,"name":"Kafkasya K\u00fcrtlerinden b\u00fcy\u00fck vefa: Yusif Kamil Bedirxan\u2019\u0131n an\u0131t mezar\u0131 yap\u0131l\u0131yor"}]},{"@type":"WebSite","@id":"https:\/\/darkamazi.site\/#website","url":"https:\/\/darkamazi.site\/","name":"Darka Mazi","description":"Ana Sayfa","publisher":{"@id":"https:\/\/darkamazi.site\/#organization"},"potentialAction":[{"@type":"SearchAction","target":{"@type":"EntryPoint","urlTemplate":"https:\/\/darkamazi.site\/?s={search_term_string}"},"query-input":{"@type":"PropertyValueSpecification","valueRequired":true,"valueName":"search_term_string"}}],"inLanguage":"en-US"},{"@type":"Organization","@id":"https:\/\/darkamazi.site\/#organization","name":"Darka Mazi T\u00fcrk\u00e7e","alternateName":"Darka Mazi","url":"https:\/\/darkamazi.site\/","logo":{"@type":"ImageObject","inLanguage":"en-US","@id":"https:\/\/darkamazi.site\/#\/schema\/logo\/image\/","url":"https:\/\/darkamazi.site\/file\/2017\/12\/darka-mazi-logo.png","contentUrl":"https:\/\/darkamazi.site\/file\/2017\/12\/darka-mazi-logo.png","width":151,"height":75,"caption":"Darka Mazi T\u00fcrk\u00e7e"},"image":{"@id":"https:\/\/darkamazi.site\/#\/schema\/logo\/image\/"},"sameAs":["https:\/\/www.facebook.com\/DarkaMaziturkce","https:\/\/x.com\/DarkaMaziTurkce"]},{"@type":"Person","@id":"https:\/\/darkamazi.site\/#\/schema\/person\/67986a95ac546c16760365877ef4a9d3","name":"darka mazi","sameAs":["https:\/\/darkamazi.site"],"url":"https:\/\/darkamazi.site\/archives\/author\/turkish"}]}},"_links":{"self":[{"href":"https:\/\/darkamazi.site\/funavuv\/wp\/v2\/posts\/1026328","targetHints":{"allow":["GET"]}}],"collection":[{"href":"https:\/\/darkamazi.site\/funavuv\/wp\/v2\/posts"}],"about":[{"href":"https:\/\/darkamazi.site\/funavuv\/wp\/v2\/types\/post"}],"author":[{"embeddable":true,"href":"https:\/\/darkamazi.site\/funavuv\/wp\/v2\/users\/2"}],"replies":[{"embeddable":true,"href":"https:\/\/darkamazi.site\/funavuv\/wp\/v2\/comments?post=1026328"}],"version-history":[{"count":0,"href":"https:\/\/darkamazi.site\/funavuv\/wp\/v2\/posts\/1026328\/revisions"}],"wp:featuredmedia":[{"embeddable":true,"href":"https:\/\/darkamazi.site\/funavuv\/wp\/v2\/media\/1026329"}],"wp:attachment":[{"href":"https:\/\/darkamazi.site\/funavuv\/wp\/v2\/media?parent=1026328"}],"wp:term":[{"taxonomy":"category","embeddable":true,"href":"https:\/\/darkamazi.site\/funavuv\/wp\/v2\/categories?post=1026328"},{"taxonomy":"post_tag","embeddable":true,"href":"https:\/\/darkamazi.site\/funavuv\/wp\/v2\/tags?post=1026328"}],"curies":[{"name":"wp","href":"https:\/\/api.w.org\/{rel}","templated":true}]}}