{"id":1026413,"date":"2023-09-01T15:31:52","date_gmt":"2023-09-01T12:31:52","guid":{"rendered":"https:\/\/darkamazi.site\/?p=1026413"},"modified":"2023-09-01T15:31:52","modified_gmt":"2023-09-01T12:31:52","slug":"kerkuk-kurttur-kurt-kalacak","status":"publish","type":"post","link":"https:\/\/darkamazi.site\/archives\/1026413","title":{"rendered":"\u00a0\u00a0\u00a0 Kerk\u00fck K\u00fcrt\u2019t\u00fcr K\u00fcrt kalacak"},"content":{"rendered":"<p style=\"text-align: justify\">Kadim K\u00fcrt \u015fehri Kerk\u00fck\u2019te 5 g\u00fcnd\u00fcr bir provokasyon provas\u0131 yap\u0131l\u0131yor. Irak\u2019\u0131n eyalet meclis se\u00e7imleri i\u00e7in Kerk\u00fck\u2019te ofis a\u00e7ma karar\u0131 alan KDP\u2019ye kar\u015f\u0131 anti-K\u00fcrt cephe ortak eylem yapma karar\u0131 ald\u0131. Bunun \u00fczerine ba\u015fta He\u015fdi \u015eabi taraftar\u0131 ithal Araplar, T\u00fcrkmenler, varo\u015f soytar\u0131s\u0131 PKK ve Kerk\u00fck haini YNK ortak protesto eylemlerine ba\u015flatt\u0131.<\/p>\n<p style=\"text-align: justify\">YNK\u2019nin 2017 ihanetinden sonra Kerk\u00fck b\u00fcy\u00fck bir zulme u\u011fram\u0131\u015f ve K\u00fcrt kimli\u011fini yitirme noktas\u0131na gelmi\u015ftir. 16 Ekim 2017 de Kerk\u00fck i\u015fgal seferine \u00e7\u0131kanlar bu g\u00fcn de KDP\u2019nin d\u00f6n\u00fc\u015f\u00fcne kar\u015f\u0131 eylem yapanlard\u0131r. 16 Ekim ihaneti s\u0131ras\u0131nda \u0130ran, T\u00fcrkiye, Irak ve i\u00e7 hainler YNK-PKK ayn\u0131 koordinasyon merkezinden \u015fehrin i\u015fgal operasyonunu y\u00f6netiyorlard\u0131. Kadim K\u00fcrt \u015fehri i\u015fgal edildikten sonra YNK ve PKK y\u00f6neticileri Dabe\u015fan saray\u0131nda bu \u201czaferleri\u201d kutlarken; Qas\u0131m S\u00fcleymani, ebu Mehdi el-Muhendis ve T\u00fcrk yetkililer i\u015fgali t\u00fcm g\u00fcney K\u00fcrdistana yayma planlar\u0131 \u00fczerine anla\u015fma imzal\u0131yorlard\u0131. G\u00fcney K\u00fcrdistan i\u015fgal seferi \u015eengal-Z\u0131mar \u00fczeri Zaxo ve Duhok\u2019a Kerk\u00fck hatt\u0131 \u00fczeri de Erbil\u2019e kar\u015f\u0131 y\u00fcr\u00fct\u00fclecekti. \u00a0Her \u00fc\u00e7 i\u015fgalci devlet ve yerel taz\u0131lar\u0131 PKK ve YNK t\u00fcm g\u00fc\u00e7leri ile i\u015fgal sald\u0131r\u0131s\u0131na ba\u015flad\u0131lar<\/p>\n<p style=\"text-align: justify\">PKK medyas\u0131, tpk\u0131 Erdo\u011fan\u2019\u0131n Kobani i\u00e7in s\u00f6yledi\u011fi gibi \u201cd\u00fc\u015ft\u00fc d\u00fc\u015fecek\u201d s\u00f6z\u00fcn\u00fc Erbil i\u00e7in b\u00fcy\u00fck bir heyecanla s\u00f6yl\u00fcyordu. Ama onurlu K\u00fcrd\u00fcn vatan savunma a\u015fk\u0131 ve cesareti i\u015fgalci ve hainlerin sevincini kursa\u011f\u0131nda b\u0131rakt\u0131. \u0130\u015fgal seferi Dicle ve k\u00fc\u00e7\u00fck Zap k\u0131y\u0131s\u0131nda bozguna u\u011frat\u0131ld\u0131. Pe\u015fmerge S\u0131hela ve P\u0131rde de ulusal direni\u015f destan\u0131 yaz\u0131ld\u0131. \u0130\u015fgalciler ve yanlar\u0131ndaki hain av k\u00f6pekleri kuyruklar\u0131n\u0131 bacaklar\u0131n\u0131n aras\u0131na s\u0131k\u0131\u015ft\u0131rarak geri ka\u00e7t\u0131lar. \u0130\u015fte bug\u00fcn Kerk\u00fck\u2019te anti-K\u00fcrt cephenin sahneledi\u011fi provokasyon 16 Ekim ihanetinin bir devam\u0131d\u0131r.<\/p>\n<p style=\"text-align: justify\">KDP\u2019nin Kerk\u00fck\u2019e d\u00f6n\u00fc\u015f\u00fc 16 Ekim ihanet \u00e7izgisinin son bulmas\u0131 anlam\u0131na geliyor. Bunu bilen PKK ve YNK otlaklar\u0131n\u0131n Kerk\u00fck\u2019te bitece\u011fini anlad\u0131klar\u0131 i\u00e7in b\u00f6yle hoyrat\u00e7a davran\u0131yorlar. PKK\u2019nin b\u00fcy\u00fcs\u00fcn\u00fc bozan KDP\u2019nin ger\u00e7ek yurtseverlik kimli\u011fidir.<\/p>\n<p style=\"text-align: justify\">\u00a0KDP objektif olarak Kerk\u00fck\u2019te K\u00fcrt ulusal kimli\u011fi ve iradesini temsil ediyor. Barzani ile K\u00fcrt ulus devlet kimli\u011fi \u00f6zde\u015fle\u015fmi\u015ftir. Bunun i\u00e7indir ki PDK gitti\u011fi her yere K\u00fcrdistan bayra\u011f\u0131, K\u00fcrt ulusal kimli\u011fi, K\u00fcrt siyasal iradesini g\u00f6t\u00fcr\u00fcyor. K\u00fcrt ve K\u00fcrdistan d\u00fc\u015fmanlar\u0131 KDP\u2019nin bu milli kimli\u011finden \u00fcrk\u00fcyorlar. \u00c7\u00fcnk\u00fc ger\u00e7ek ulusal \u00e7izginin oldu\u011fu yerde \u00e7akma hain \u00e7izgilerin b\u00fcy\u00fcs\u00fc bozuluyor ve ipli\u011fi pazara \u00e7\u0131k\u0131yor.<\/p>\n<p style=\"text-align: justify\">\u00a0KDP\u2019nin Kerk\u00fck\u2019e gidi\u015fi; Arapla\u015ft\u0131rman\u0131n son bulmas\u0131, demografik de\u011fi\u015fimin durdurulmas\u0131, K\u00fcrdistani de\u011ferlerin geri getirilmesi ve Kerk\u00fck\u2019\u00fcn tekrar K\u00fcrt etnik kimli\u011fine kavu\u015fmas\u0131 demektir.\u00a0 Bunu hazmedemeyen ortak vatanc\u0131 hainler ile \u0130\u015fgalciler Kerk\u00fck\u2019te sokaklar\u0131 kar\u0131\u015ft\u0131rmaya ba\u015flad\u0131lar. Bu ger\u00e7ekten hareketle diyorum ki KDP d\u00fc\u015fmanl\u0131\u011f\u0131 k\u00fcrd\u00fcn milli ulusal kimli\u011fine d\u00fc\u015fmanl\u0131kt\u0131r. \u00c7izgi bu kadar net ve keskindir. \u00a0\u0130\u015fgalci devletlerin ve onlar\u0131n sokak bek\u00e7ileri hainlerin bu feveran halleri bundand\u0131r.<\/p>\n<p style=\"text-align: justify\"><strong>\u00a0\u00a0\u00a0\u00a0 Apo\u2019nun Erbil i\u015fgal Plan\u0131 Kerk\u00fck\u2019te uygulan\u0131yor<\/strong><\/p>\n<p style=\"text-align: justify\">PKK, kuzey K\u00fcrdistan\u2019\u0131 askeri ve siyasi olarak kaybetti. Abdullah \u00d6calan bu yenilgiyi de\u011fi\u015fik teorilerle siyaset piyasas\u0131na yeni paradigma olarak sunmaya \u00e7al\u0131\u015ft\u0131.\u00a0 S\u00f6m\u00fcrgeci devlet sistemini liberal kavramlarla K\u00fcrtlere kabul ettirmek, Apo\u2019nun devlete verdi\u011fi s\u00f6ze sadakatinin bir gere\u011fidir. Bu vesileyle K\u00fcrtlerdeki d\u00fc\u015fmanl\u0131k duygusunu \u00f6ld\u00fcrerek kendi kalibresinde bir K\u00fcrt tipi yaratmay\u0131 ama\u00e7lad\u0131. B\u00f6ylelikle i\u015fledi\u011fi ulusal ihanet su\u00e7unu teslimiyetini kamula\u015ft\u0131rmay\u0131 \u00f6ng\u00f6rd\u00fc. Ulusal sorunu demokratikle\u015fme sorunu i\u00e7erisine hapsederek amac\u0131ndan sapt\u0131rd\u0131.<\/p>\n<p style=\"text-align: justify\">Yani kalubeladan beri K\u00fcrtlerin \u00f6z be \u00f6z yurdu olan topraklar\u0131 \u201cortak vatan\u201d safsatas\u0131 ile T\u00fcrklere teslim etti. Yurtsuz T\u00fcrklerin yurt edinme sava\u015f\u0131nda i\u015fgal ettikleri K\u00fcrdistan\u2019\u0131 \u201cortak vatan\u201d anlay\u0131\u015f\u0131 ile s\u00f6m\u00fcrgeciler lehine resmile\u015ftirdi.\u00a0 K\u00fcrtler i\u015fgal ve i\u015fgalciyi d\u00fc\u015fman g\u00f6r\u00fcyor ve bir g\u00fcn topraklar\u0131ndan kovulacaklar\u0131 umudu ile ya\u015f\u0131yorlard\u0131. Ancak \u00d6calan \u00fclkemizi i\u015fgal edenleri karde\u015f, zorla el koyduklar\u0131 topraklar\u0131m\u0131z\u0131 da \u201cortak vatan\u201d olarak kabul etmemizi dayatt\u0131. \u00d6calan\u2019\u0131n bu siyasi stratejisi s\u00f6m\u00fcrgeciye me\u015frutiyet kazand\u0131rd\u0131\u011f\u0131 gibi s\u00f6m\u00fcrgeye de tabii olma zorunlulu\u011fu getirdi.<\/p>\n<p style=\"text-align: justify\">\u0130\u015fte bu Ortak vatan projesini PKK K\u00fcrdistan\u2019\u0131n t\u00fcm par\u00e7alar\u0131na dayat\u0131yor.\u00a0 PKK\u2019nin \u015fimdi g\u00fcney K\u00fcrdistan\u2019da hayata ge\u00e7irmeye \u00e7al\u0131\u015ft\u0131\u011f\u0131 proje budur. Yani \u00f6zg\u00fcr vatan topraklar\u0131n\u0131 Araplar\u0131n egemenli\u011fine sokma u\u011fra\u015f\u0131s\u0131d\u0131r. \u00d6calan bu projeyi T\u00fcrk devlet yetkilileri ile \u0130mral\u0131\u2019da haz\u0131rlad\u0131.\u00a0 \u201cErbil plan\u0131\u201d olarak adland\u0131rd\u0131klar\u0131 \u015fey; G\u00fcney K\u00fcrdistan\u2019\u0131 Arapla\u015ft\u0131rma, T\u00fcrkmenle\u015ftirme ve K\u00fcrd\u00fc az\u0131nl\u0131k stat\u00fcs\u00fcne d\u00fc\u015f\u00fcrme plan\u0131d\u0131r. Bunu hayata ge\u00e7irmek i\u00e7in \u00d6calan T\u00fcrk devletine (videolarda) yalvararak \u015f\u00f6yle diyor\u201c \u015fimdi bu Barzani-Talabani \u015feyi halk onlardan nefret ediyor. Halk\u0131n bizimkilere ola\u011fan\u00fcst\u00fc ilgisi oldu\u011fu biliniyor. Siz ufak bir destek verseniz bunlar\u0131 d\u0131\u015fal\u0131ma bunlar\u0131 b\u0131rakma k\u0131sa bir s\u00fcre sonra bu kitlenin PKK\u2019nin d\u00f6rt d\u00f6rtl\u00fck taraftar\u0131 olur. \u015eimdi size s\u00f6yleyece\u011fim olay ki bunlar \u00e7ok tarihidir bana g\u00f6re \u00e7ok gizli kalmal\u0131 sizin ufak bir y\u00f6nlendirme ve yard\u0131m\u0131n\u0131zla T\u00fcrkiye\u2019deki demokratikle\u015fmenin bir benzerini orada yani Erbil\u2019de kural\u0131m. Ben kitleyi tan\u0131yorum T\u00fcrkmenleri te\u015fvik edece\u011fiz bu a\u00e7\u0131dan ben diyorum bar\u0131\u015f konferans\u0131n\u0131 orada yapal\u0131m PKK orada yo\u011funla\u015fs\u0131n kesin sizin de g\u00f6zlerinizle g\u00f6receksiniz biz\u00a0 Barzani\u2019yi nefes alamaz duruma getirece\u011fiz. T\u00fcrkiye\u2019nin 10 y\u0131ld\u0131r 20 y\u0131ld\u0131r yapamad\u0131\u011f\u0131n\u0131 biz yapaca\u011f\u0131z diyorum ve bundan daha de\u011ferli bir hizmet olabilir mi\u201d \u00d6calan\u2019\u0131n bu hain plan\u0131 Erbil i\u00e7in tutmad\u0131. \u00c7\u00fcnk\u00fc Erbil\u2019in idari ve g\u00fcvenlik sistemi PKK\u2019nin bu hain plan\u0131na ge\u00e7it vermedi. Erbil\u2019i kaosa s\u00fcr\u00fckleme giri\u015fimleri sonu\u00e7suz kald\u0131.<\/p>\n<p style=\"text-align: justify\">\u015eimdi PKK yan\u0131na YNK, \u0130ran ve Irak\u2019\u0131n baz\u0131 K\u00fcrt d\u00fc\u015fman\u0131 gruplar\u0131 da alarak Kerk\u00fck\u2019te bu plan\u0131 hayata ge\u00e7irmeye \u00e7al\u0131\u015f\u0131yor. Yani Kerk\u00fck K\u00fcrt etnik kimli\u011finden ar\u0131nd\u0131r\u0131lmak isteniyor. PKK\u2019nin de i\u00e7inde yer alaca\u011f\u0131 K\u00fcrt kar\u015f\u0131t\u0131 idari bir sistem oturtulmaya \u00e7al\u0131\u015f\u0131l\u0131yor. PKK\u2019nin parti kimli\u011finde etnik ve aidiyet hanesi yok, kendisi hilkat garibesi bir \u015fey. \u0130\u015fte KDP\u2019nin Kerk\u00fck\u2019e gidi\u015fi t\u00fcm bu hain planlar\u0131 yerle bir edecek ve K\u00fcrt bayra\u011f\u0131n\u0131 tekrar an\u0131t Pe\u015fmergenin elinde dalgaland\u0131racakt\u0131r. E\u011fer ger\u00e7ek yurtseverler Kerk\u00fck\u2019\u00fcn Afrin\u2019 e\u015fmesini istemiyorlarsa daha aktif rol \u00fcstlenerek bu hain oyuna dur demelidir.<\/p>\n<p style=\"text-align: justify\">Kerk\u00fck K\u00fcrtlerin k\u0131rm\u0131z \u00e7izgisidir ve o k\u0131rm\u0131z\u0131 \u00e7izgi k\u0131rm\u0131z\u0131 kanla korunacakt\u0131r.<\/p>\n","protected":false},"excerpt":{"rendered":"<p>Kadim K\u00fcrt \u015fehri Kerk\u00fck\u2019te 5 g\u00fcnd\u00fcr bir provokasyon provas\u0131 yap\u0131l\u0131yor. Irak\u2019\u0131n eyalet meclis se\u00e7imleri i\u00e7in Kerk\u00fck\u2019te ofis a\u00e7ma karar\u0131 alan KDP\u2019ye kar\u015f\u0131 anti-K\u00fcrt cephe ortak eylem yapma karar\u0131 ald\u0131. Bunun \u00fczerine ba\u015fta He\u015fdi \u015eabi taraftar\u0131 ithal Araplar, T\u00fcrkmenler, varo\u015f soytar\u0131s\u0131 PKK ve Kerk\u00fck haini YNK ortak protesto eylemlerine ba\u015flatt\u0131. YNK\u2019nin 2017 ihanetinden sonra Kerk\u00fck b\u00fcy\u00fck [&hellip;]<\/p>\n","protected":false},"author":2,"featured_media":1026414,"comment_status":"closed","ping_status":"closed","sticky":false,"template":"","format":"standard","meta":{"footnotes":""},"categories":[26],"tags":[31],"class_list":["post-1026413","post","type-post","status-publish","format-standard","has-post-thumbnail","hentry","category-forum","tag-onemli"],"blocksy_meta":[],"seo_head":"<!-- This site is optimized with the Yoast SEO plugin v27.5 - https:\/\/yoast.com\/product\/yoast-seo-wordpress\/ -->\n<title>\u00a0\u00a0\u00a0 Kerk\u00fck K\u00fcrt\u2019t\u00fcr K\u00fcrt kalacak - Darka Mazi<\/title>\n<meta name=\"robots\" content=\"index, follow, max-snippet:-1, max-image-preview:large, max-video-preview:-1\" \/>\n<link rel=\"canonical\" href=\"https:\/\/darkamazi.site\/archives\/1026413\" \/>\n<meta property=\"og:locale\" content=\"en_US\" \/>\n<meta property=\"og:type\" content=\"article\" \/>\n<meta property=\"og:title\" content=\"\u00a0\u00a0\u00a0 Kerk\u00fck K\u00fcrt\u2019t\u00fcr K\u00fcrt kalacak - Darka Mazi\" \/>\n<meta property=\"og:description\" content=\"Kadim K\u00fcrt \u015fehri Kerk\u00fck\u2019te 5 g\u00fcnd\u00fcr bir provokasyon provas\u0131 yap\u0131l\u0131yor. Irak\u2019\u0131n eyalet meclis se\u00e7imleri i\u00e7in Kerk\u00fck\u2019te ofis a\u00e7ma karar\u0131 alan KDP\u2019ye kar\u015f\u0131 anti-K\u00fcrt cephe ortak eylem yapma karar\u0131 ald\u0131. Bunun \u00fczerine ba\u015fta He\u015fdi \u015eabi taraftar\u0131 ithal Araplar, T\u00fcrkmenler, varo\u015f soytar\u0131s\u0131 PKK ve Kerk\u00fck haini YNK ortak protesto eylemlerine ba\u015flatt\u0131. YNK\u2019nin 2017 ihanetinden sonra Kerk\u00fck b\u00fcy\u00fck [&hellip;]\" \/>\n<meta property=\"og:url\" content=\"https:\/\/darkamazi.site\/archives\/1026413\" \/>\n<meta property=\"og:site_name\" content=\"Darka Mazi\" \/>\n<meta property=\"article:publisher\" content=\"https:\/\/www.facebook.com\/DarkaMaziturkce\" \/>\n<meta property=\"article:published_time\" content=\"2023-09-01T12:31:52+00:00\" \/>\n<meta property=\"og:image\" content=\"https:\/\/darkamazi.site\/file\/2023\/09\/Kerkuk.jpg\" \/>\n\t<meta property=\"og:image:width\" content=\"900\" \/>\n\t<meta property=\"og:image:height\" content=\"497\" \/>\n\t<meta property=\"og:image:type\" content=\"image\/jpeg\" \/>\n<meta name=\"author\" content=\"darka mazi\" \/>\n<meta name=\"twitter:card\" content=\"summary_large_image\" \/>\n<meta name=\"twitter:creator\" content=\"@DarkaMaziTurkce\" \/>\n<meta name=\"twitter:site\" content=\"@DarkaMaziTurkce\" \/>\n<meta name=\"twitter:label1\" content=\"Written by\" \/>\n\t<meta name=\"twitter:data1\" content=\"darka mazi\" \/>\n\t<meta name=\"twitter:label2\" content=\"Est. reading time\" \/>\n\t<meta name=\"twitter:data2\" content=\"4 minutes\" \/>\n<script type=\"application\/ld+json\" class=\"seo-schema-graph\">{\"@context\":\"https:\\\/\\\/schema.org\",\"@graph\":[{\"@type\":\"NewsArticle\",\"@id\":\"https:\\\/\\\/darkamazi.site\\\/archives\\\/1026413#article\",\"isPartOf\":{\"@id\":\"https:\\\/\\\/darkamazi.site\\\/archives\\\/1026413\"},\"author\":{\"name\":\"darka mazi\",\"@id\":\"https:\\\/\\\/darkamazi.site\\\/#\\\/schema\\\/person\\\/67986a95ac546c16760365877ef4a9d3\"},\"headline\":\"\u00a0\u00a0\u00a0 Kerk\u00fck K\u00fcrt\u2019t\u00fcr K\u00fcrt kalacak\",\"datePublished\":\"2023-09-01T12:31:52+00:00\",\"mainEntityOfPage\":{\"@id\":\"https:\\\/\\\/darkamazi.site\\\/archives\\\/1026413\"},\"wordCount\":1243,\"publisher\":{\"@id\":\"https:\\\/\\\/darkamazi.site\\\/#organization\"},\"image\":{\"@id\":\"https:\\\/\\\/darkamazi.site\\\/archives\\\/1026413#primaryimage\"},\"thumbnailUrl\":\"https:\\\/\\\/darkamazi.site\\\/darka-content\\\/uploads\\\/2023\\\/09\\\/Kerkuk.jpg\",\"keywords\":[\"\u00f6nemli\"],\"articleSection\":[\"Forum\"],\"inLanguage\":\"en-US\"},{\"@type\":\"WebPage\",\"@id\":\"https:\\\/\\\/darkamazi.site\\\/archives\\\/1026413\",\"url\":\"https:\\\/\\\/darkamazi.site\\\/archives\\\/1026413\",\"name\":\"\u00a0\u00a0\u00a0 Kerk\u00fck K\u00fcrt\u2019t\u00fcr K\u00fcrt kalacak - Darka Mazi\",\"isPartOf\":{\"@id\":\"https:\\\/\\\/darkamazi.site\\\/#website\"},\"primaryImageOfPage\":{\"@id\":\"https:\\\/\\\/darkamazi.site\\\/archives\\\/1026413#primaryimage\"},\"image\":{\"@id\":\"https:\\\/\\\/darkamazi.site\\\/archives\\\/1026413#primaryimage\"},\"thumbnailUrl\":\"https:\\\/\\\/darkamazi.site\\\/darka-content\\\/uploads\\\/2023\\\/09\\\/Kerkuk.jpg\",\"datePublished\":\"2023-09-01T12:31:52+00:00\",\"breadcrumb\":{\"@id\":\"https:\\\/\\\/darkamazi.site\\\/archives\\\/1026413#breadcrumb\"},\"inLanguage\":\"en-US\",\"potentialAction\":[{\"@type\":\"ReadAction\",\"target\":[\"https:\\\/\\\/darkamazi.site\\\/archives\\\/1026413\"]}]},{\"@type\":\"ImageObject\",\"inLanguage\":\"en-US\",\"@id\":\"https:\\\/\\\/darkamazi.site\\\/archives\\\/1026413#primaryimage\",\"url\":\"https:\\\/\\\/darkamazi.site\\\/darka-content\\\/uploads\\\/2023\\\/09\\\/Kerkuk.jpg\",\"contentUrl\":\"https:\\\/\\\/darkamazi.site\\\/darka-content\\\/uploads\\\/2023\\\/09\\\/Kerkuk.jpg\",\"width\":900,\"height\":497,\"caption\":\"\u00a0\u00a0\u00a0 Kerk\u00fck K\u00fcrt\u2019t\u00fcr K\u00fcrt kalacak\"},{\"@type\":\"BreadcrumbList\",\"@id\":\"https:\\\/\\\/darkamazi.site\\\/archives\\\/1026413#breadcrumb\",\"itemListElement\":[{\"@type\":\"ListItem\",\"position\":1,\"name\":\"Home\",\"item\":\"https:\\\/\\\/darkamazi.site\\\/\"},{\"@type\":\"ListItem\",\"position\":2,\"name\":\"\u00a0\u00a0\u00a0 Kerk\u00fck K\u00fcrt\u2019t\u00fcr K\u00fcrt kalacak\"}]},{\"@type\":\"WebSite\",\"@id\":\"https:\\\/\\\/darkamazi.site\\\/#website\",\"url\":\"https:\\\/\\\/darkamazi.site\\\/\",\"name\":\"Darka Mazi\",\"description\":\"Ana Sayfa\",\"publisher\":{\"@id\":\"https:\\\/\\\/darkamazi.site\\\/#organization\"},\"potentialAction\":[{\"@type\":\"SearchAction\",\"target\":{\"@type\":\"EntryPoint\",\"urlTemplate\":\"https:\\\/\\\/darkamazi.site\\\/?s={search_term_string}\"},\"query-input\":{\"@type\":\"PropertyValueSpecification\",\"valueRequired\":true,\"valueName\":\"search_term_string\"}}],\"inLanguage\":\"en-US\"},{\"@type\":\"Organization\",\"@id\":\"https:\\\/\\\/darkamazi.site\\\/#organization\",\"name\":\"Darka Mazi T\u00fcrk\u00e7e\",\"alternateName\":\"Darka Mazi\",\"url\":\"https:\\\/\\\/darkamazi.site\\\/\",\"logo\":{\"@type\":\"ImageObject\",\"inLanguage\":\"en-US\",\"@id\":\"https:\\\/\\\/darkamazi.site\\\/#\\\/schema\\\/logo\\\/image\\\/\",\"url\":\"https:\\\/\\\/darkamazi.site\\\/darka-content\\\/uploads\\\/2017\\\/12\\\/darka-mazi-logo.png\",\"contentUrl\":\"https:\\\/\\\/darkamazi.site\\\/darka-content\\\/uploads\\\/2017\\\/12\\\/darka-mazi-logo.png\",\"width\":151,\"height\":75,\"caption\":\"Darka Mazi T\u00fcrk\u00e7e\"},\"image\":{\"@id\":\"https:\\\/\\\/darkamazi.site\\\/#\\\/schema\\\/logo\\\/image\\\/\"},\"sameAs\":[\"https:\\\/\\\/www.facebook.com\\\/DarkaMaziturkce\",\"https:\\\/\\\/x.com\\\/DarkaMaziTurkce\"]},{\"@type\":\"Person\",\"@id\":\"https:\\\/\\\/darkamazi.site\\\/#\\\/schema\\\/person\\\/67986a95ac546c16760365877ef4a9d3\",\"name\":\"darka mazi\",\"sameAs\":[\"https:\\\/\\\/darkamazi.site\"],\"url\":\"https:\\\/\\\/darkamazi.site\\\/archives\\\/author\\\/turkish\"}]}<\/script>\n<!-- \/ Yoast SEO plugin. -->","seo_head_json":{"title":"\u00a0\u00a0\u00a0 Kerk\u00fck K\u00fcrt\u2019t\u00fcr K\u00fcrt kalacak - Darka Mazi","robots":{"index":"index","follow":"follow","max-snippet":"max-snippet:-1","max-image-preview":"max-image-preview:large","max-video-preview":"max-video-preview:-1"},"canonical":"https:\/\/darkamazi.site\/archives\/1026413","og_locale":"en_US","og_type":"article","og_title":"\u00a0\u00a0\u00a0 Kerk\u00fck K\u00fcrt\u2019t\u00fcr K\u00fcrt kalacak - Darka Mazi","og_description":"Kadim K\u00fcrt \u015fehri Kerk\u00fck\u2019te 5 g\u00fcnd\u00fcr bir provokasyon provas\u0131 yap\u0131l\u0131yor. Irak\u2019\u0131n eyalet meclis se\u00e7imleri i\u00e7in Kerk\u00fck\u2019te ofis a\u00e7ma karar\u0131 alan KDP\u2019ye kar\u015f\u0131 anti-K\u00fcrt cephe ortak eylem yapma karar\u0131 ald\u0131. Bunun \u00fczerine ba\u015fta He\u015fdi \u015eabi taraftar\u0131 ithal Araplar, T\u00fcrkmenler, varo\u015f soytar\u0131s\u0131 PKK ve Kerk\u00fck haini YNK ortak protesto eylemlerine ba\u015flatt\u0131. YNK\u2019nin 2017 ihanetinden sonra Kerk\u00fck b\u00fcy\u00fck [&hellip;]","og_url":"https:\/\/darkamazi.site\/archives\/1026413","og_site_name":"Darka Mazi","article_publisher":"https:\/\/www.facebook.com\/DarkaMaziturkce","article_published_time":"2023-09-01T12:31:52+00:00","og_image":[{"width":900,"height":497,"url":"https:\/\/darkamazi.site\/file\/2023\/09\/Kerkuk.jpg","type":"image\/jpeg"}],"author":"darka mazi","twitter_card":"summary_large_image","twitter_creator":"@DarkaMaziTurkce","twitter_site":"@DarkaMaziTurkce","twitter_misc":{"Written by":"darka mazi","Est. reading time":"4 minutes"},"schema":{"@context":"https:\/\/schema.org","@graph":[{"@type":"NewsArticle","@id":"https:\/\/darkamazi.site\/archives\/1026413#article","isPartOf":{"@id":"https:\/\/darkamazi.site\/archives\/1026413"},"author":{"name":"darka mazi","@id":"https:\/\/darkamazi.site\/#\/schema\/person\/67986a95ac546c16760365877ef4a9d3"},"headline":"\u00a0\u00a0\u00a0 Kerk\u00fck K\u00fcrt\u2019t\u00fcr K\u00fcrt kalacak","datePublished":"2023-09-01T12:31:52+00:00","mainEntityOfPage":{"@id":"https:\/\/darkamazi.site\/archives\/1026413"},"wordCount":1243,"publisher":{"@id":"https:\/\/darkamazi.site\/#organization"},"image":{"@id":"https:\/\/darkamazi.site\/archives\/1026413#primaryimage"},"thumbnailUrl":"https:\/\/darkamazi.site\/file\/2023\/09\/Kerkuk.jpg","keywords":["\u00f6nemli"],"articleSection":["Forum"],"inLanguage":"en-US"},{"@type":"WebPage","@id":"https:\/\/darkamazi.site\/archives\/1026413","url":"https:\/\/darkamazi.site\/archives\/1026413","name":"\u00a0\u00a0\u00a0 Kerk\u00fck K\u00fcrt\u2019t\u00fcr K\u00fcrt kalacak - Darka Mazi","isPartOf":{"@id":"https:\/\/darkamazi.site\/#website"},"primaryImageOfPage":{"@id":"https:\/\/darkamazi.site\/archives\/1026413#primaryimage"},"image":{"@id":"https:\/\/darkamazi.site\/archives\/1026413#primaryimage"},"thumbnailUrl":"https:\/\/darkamazi.site\/file\/2023\/09\/Kerkuk.jpg","datePublished":"2023-09-01T12:31:52+00:00","breadcrumb":{"@id":"https:\/\/darkamazi.site\/archives\/1026413#breadcrumb"},"inLanguage":"en-US","potentialAction":[{"@type":"ReadAction","target":["https:\/\/darkamazi.site\/archives\/1026413"]}]},{"@type":"ImageObject","inLanguage":"en-US","@id":"https:\/\/darkamazi.site\/archives\/1026413#primaryimage","url":"https:\/\/darkamazi.site\/file\/2023\/09\/Kerkuk.jpg","contentUrl":"https:\/\/darkamazi.site\/file\/2023\/09\/Kerkuk.jpg","width":900,"height":497,"caption":"\u00a0\u00a0\u00a0 Kerk\u00fck K\u00fcrt\u2019t\u00fcr K\u00fcrt kalacak"},{"@type":"BreadcrumbList","@id":"https:\/\/darkamazi.site\/archives\/1026413#breadcrumb","itemListElement":[{"@type":"ListItem","position":1,"name":"Home","item":"https:\/\/darkamazi.site\/"},{"@type":"ListItem","position":2,"name":"\u00a0\u00a0\u00a0 Kerk\u00fck K\u00fcrt\u2019t\u00fcr K\u00fcrt kalacak"}]},{"@type":"WebSite","@id":"https:\/\/darkamazi.site\/#website","url":"https:\/\/darkamazi.site\/","name":"Darka Mazi","description":"Ana Sayfa","publisher":{"@id":"https:\/\/darkamazi.site\/#organization"},"potentialAction":[{"@type":"SearchAction","target":{"@type":"EntryPoint","urlTemplate":"https:\/\/darkamazi.site\/?s={search_term_string}"},"query-input":{"@type":"PropertyValueSpecification","valueRequired":true,"valueName":"search_term_string"}}],"inLanguage":"en-US"},{"@type":"Organization","@id":"https:\/\/darkamazi.site\/#organization","name":"Darka Mazi T\u00fcrk\u00e7e","alternateName":"Darka Mazi","url":"https:\/\/darkamazi.site\/","logo":{"@type":"ImageObject","inLanguage":"en-US","@id":"https:\/\/darkamazi.site\/#\/schema\/logo\/image\/","url":"https:\/\/darkamazi.site\/file\/2017\/12\/darka-mazi-logo.png","contentUrl":"https:\/\/darkamazi.site\/file\/2017\/12\/darka-mazi-logo.png","width":151,"height":75,"caption":"Darka Mazi T\u00fcrk\u00e7e"},"image":{"@id":"https:\/\/darkamazi.site\/#\/schema\/logo\/image\/"},"sameAs":["https:\/\/www.facebook.com\/DarkaMaziturkce","https:\/\/x.com\/DarkaMaziTurkce"]},{"@type":"Person","@id":"https:\/\/darkamazi.site\/#\/schema\/person\/67986a95ac546c16760365877ef4a9d3","name":"darka mazi","sameAs":["https:\/\/darkamazi.site"],"url":"https:\/\/darkamazi.site\/archives\/author\/turkish"}]}},"_links":{"self":[{"href":"https:\/\/darkamazi.site\/funavuv\/wp\/v2\/posts\/1026413","targetHints":{"allow":["GET"]}}],"collection":[{"href":"https:\/\/darkamazi.site\/funavuv\/wp\/v2\/posts"}],"about":[{"href":"https:\/\/darkamazi.site\/funavuv\/wp\/v2\/types\/post"}],"author":[{"embeddable":true,"href":"https:\/\/darkamazi.site\/funavuv\/wp\/v2\/users\/2"}],"replies":[{"embeddable":true,"href":"https:\/\/darkamazi.site\/funavuv\/wp\/v2\/comments?post=1026413"}],"version-history":[{"count":0,"href":"https:\/\/darkamazi.site\/funavuv\/wp\/v2\/posts\/1026413\/revisions"}],"wp:featuredmedia":[{"embeddable":true,"href":"https:\/\/darkamazi.site\/funavuv\/wp\/v2\/media\/1026414"}],"wp:attachment":[{"href":"https:\/\/darkamazi.site\/funavuv\/wp\/v2\/media?parent=1026413"}],"wp:term":[{"taxonomy":"category","embeddable":true,"href":"https:\/\/darkamazi.site\/funavuv\/wp\/v2\/categories?post=1026413"},{"taxonomy":"post_tag","embeddable":true,"href":"https:\/\/darkamazi.site\/funavuv\/wp\/v2\/tags?post=1026413"}],"curies":[{"name":"wp","href":"https:\/\/api.w.org\/{rel}","templated":true}]}}