{"id":1026439,"date":"2023-09-03T13:17:45","date_gmt":"2023-09-03T10:17:45","guid":{"rendered":"https:\/\/darkamazi.site\/?p=1026439"},"modified":"2026-03-31T16:20:22","modified_gmt":"2026-03-31T13:20:22","slug":"abdli-yetkililer-deyr-ez-zorda-dsg-ve-asiret-liderleriyle-gorustu","status":"publish","type":"post","link":"https:\/\/darkamazi.site\/archives\/1026439","title":{"rendered":"ABD\u2019li yetkililer Deyr ez-Zor\u2019da DSG ve a\u015firet liderleriyle g\u00f6r\u00fc\u015ft\u00fc"},"content":{"rendered":"<p><span style=\"font-family: 'arial black', sans-serif\">ABD\u2019li yetkililer, Deyr ez-Zor\u2019daki gerginli\u011fi durdurmak i\u00e7in DSG ve a\u015firet liderleriyle g\u00f6r\u00fc\u015ft\u00fc.<\/span><\/p>\n<p>ABD&#8217;nin \u015eam B\u00fcy\u00fckel\u00e7ili\u011fi\u2019nin Facebook sayfas\u0131ndan yap\u0131lan a\u00e7\u0131klamada, ABD D\u0131\u015fi\u015fleri Bakan Yard\u0131mc\u0131s\u0131 ve Suriye \u00d6zel Temsilcisi Ethan A. Goldrich ile DA\u0130\u015e&#8217;e kar\u015f\u0131 Uluslararas\u0131 Koalisyon Komutan\u0131 General Joel B. Vowell\u2019\u0131n Deyr ez-Zor\u2019da Demokratik Suriye G\u00fc\u00e7leri (DSG) ve a\u015firet liderleriyle bir araya geldi\u011fi belirtildi.<\/p>\n<p>Toplant\u0131da taraflar\u0131n Deyr ez-Zor halk\u0131n\u0131n sorunlar\u0131n\u0131n \u00e7\u00f6z\u00fclmesi, \u00e7at\u0131\u015fmalar\u0131n bir an \u00f6nce durdurulmas\u0131 ve sivillerin korunmas\u0131n\u0131n \u00f6nemi gibi konularda mutabakata var\u0131ld\u0131\u011f\u0131 kaydedildi.<\/p>\n<p>A\u00e7\u0131klamada Goldrich ve General Vowell&#8217;\u0131n DA\u0130\u015e&#8217;e kar\u015f\u0131 m\u00fccadelede DSG ile i\u015fbirli\u011fine vurgu yapt\u0131\u011f\u0131 belirtildi.<\/p>\n<p>A\u00e7\u0131klamada ayr\u0131ca, son d\u00f6nemlerde ya\u015fanan \u015fiddet olaylar\u0131 nedeniyle b\u00f6lgede ya\u015fanan istikrars\u0131zl\u0131\u011f\u0131n &#8220;trajik ve gereksiz can kay\u0131plar\u0131na&#8221; yol a\u00e7t\u0131\u011f\u0131 ifade edildi.<\/p>\n<p>Uluslararas\u0131 Koalisyon d\u00fcn (2 Eyl\u00fcl) yapt\u0131\u011f\u0131 a\u00e7\u0131klamada, taraflar\u0131n \u00e7at\u0131\u015fmalara derhal son vermesi gerekti\u011fini belirtmi\u015fti.<\/p>\n<p>Uluslararas\u0131 Koalisyon ayr\u0131ca, DA\u0130\u015e&#8217;le m\u00fccadelede ortak hedefe odaklanmak i\u00e7in t\u00fcm g\u00fc\u00e7lere \u00e7at\u0131\u015fmalar\u0131 durdurmaya ve bar\u0131\u015f\u00e7\u0131l bir \u00e7\u00f6z\u00fcme ula\u015f\u0131lmas\u0131 i\u00e7in \u00e7a\u011fr\u0131da bulunmu\u015ftu.<\/p>\n<p>27 A\u011fustos\u2019tan bu yana Demokratik Suriye G\u00fc\u00e7leri (DSG), taraf\u0131ndan Deyr ez-Zor Askeri Konseyi\u2019nin komutan\u0131 \u201cEbu Xewla\u201d ismiyle tan\u0131nan Ahmed El Xebil\u2019in tutuklanmas\u0131 sonucu iki taraf aras\u0131nda \u00e7at\u0131\u015fma ve gerginlik ya\u015fan\u0131yor.<\/p>\n","protected":false},"excerpt":{"rendered":"<p>ABD\u2019li yetkililer, Deyr ez-Zor\u2019daki gerginli\u011fi durdurmak i\u00e7in DSG ve a\u015firet liderleriyle g\u00f6r\u00fc\u015ft\u00fc. ABD&#8217;nin \u015eam B\u00fcy\u00fckel\u00e7ili\u011fi\u2019nin Facebook sayfas\u0131ndan yap\u0131lan a\u00e7\u0131klamada, ABD D\u0131\u015fi\u015fleri Bakan Yard\u0131mc\u0131s\u0131 ve Suriye \u00d6zel Temsilcisi Ethan A. Goldrich ile DA\u0130\u015e&#8217;e kar\u015f\u0131 Uluslararas\u0131 Koalisyon Komutan\u0131 General Joel B. Vowell\u2019\u0131n Deyr ez-Zor\u2019da Demokratik Suriye G\u00fc\u00e7leri (DSG) ve a\u015firet liderleriyle bir araya geldi\u011fi belirtildi. Toplant\u0131da taraflar\u0131n [&hellip;]<\/p>\n","protected":false},"author":2,"featured_media":1026440,"comment_status":"closed","ping_status":"closed","sticky":false,"template":"","format":"standard","meta":{"footnotes":""},"categories":[3],"tags":[],"class_list":["post-1026439","post","type-post","status-publish","format-standard","has-post-thumbnail","hentry","category-kurdistan"],"blocksy_meta":[],"seo_head":"<!-- This site is optimized with the Yoast SEO plugin v27.5 - https:\/\/yoast.com\/product\/yoast-seo-wordpress\/ -->\n<title>ABD\u2019li yetkililer Deyr ez-Zor\u2019da DSG ve a\u015firet liderleriyle g\u00f6r\u00fc\u015ft\u00fc - Darka Mazi<\/title>\n<meta name=\"robots\" content=\"index, follow, max-snippet:-1, max-image-preview:large, max-video-preview:-1\" \/>\n<link rel=\"canonical\" href=\"https:\/\/darkamazi.site\/archives\/1026439\" \/>\n<meta property=\"og:locale\" content=\"en_US\" \/>\n<meta property=\"og:type\" content=\"article\" \/>\n<meta property=\"og:title\" content=\"ABD\u2019li yetkililer Deyr ez-Zor\u2019da DSG ve a\u015firet liderleriyle g\u00f6r\u00fc\u015ft\u00fc - Darka Mazi\" \/>\n<meta property=\"og:description\" content=\"ABD\u2019li yetkililer, Deyr ez-Zor\u2019daki gerginli\u011fi durdurmak i\u00e7in DSG ve a\u015firet liderleriyle g\u00f6r\u00fc\u015ft\u00fc. ABD&#8217;nin \u015eam B\u00fcy\u00fckel\u00e7ili\u011fi\u2019nin Facebook sayfas\u0131ndan yap\u0131lan a\u00e7\u0131klamada, ABD D\u0131\u015fi\u015fleri Bakan Yard\u0131mc\u0131s\u0131 ve Suriye \u00d6zel Temsilcisi Ethan A. Goldrich ile DA\u0130\u015e&#8217;e kar\u015f\u0131 Uluslararas\u0131 Koalisyon Komutan\u0131 General Joel B. Vowell\u2019\u0131n Deyr ez-Zor\u2019da Demokratik Suriye G\u00fc\u00e7leri (DSG) ve a\u015firet liderleriyle bir araya geldi\u011fi belirtildi. Toplant\u0131da taraflar\u0131n [&hellip;]\" \/>\n<meta property=\"og:url\" content=\"https:\/\/darkamazi.site\/archives\/1026439\" \/>\n<meta property=\"og:site_name\" content=\"Darka Mazi\" \/>\n<meta property=\"article:publisher\" content=\"https:\/\/www.facebook.com\/DarkaMaziturkce\" \/>\n<meta property=\"article:published_time\" content=\"2023-09-03T10:17:45+00:00\" \/>\n<meta property=\"article:modified_time\" content=\"2026-03-31T13:20:22+00:00\" \/>\n<meta property=\"og:image\" content=\"https:\/\/darkamazi.site\/file\/2023\/09\/1693731060Usmilitaryjpg.jpg\" \/>\n\t<meta property=\"og:image:width\" content=\"1562\" \/>\n\t<meta property=\"og:image:height\" content=\"878\" \/>\n\t<meta property=\"og:image:type\" content=\"image\/jpeg\" \/>\n<meta name=\"author\" content=\"darka mazi\" \/>\n<meta name=\"twitter:card\" content=\"summary_large_image\" \/>\n<meta name=\"twitter:creator\" content=\"@DarkaMaziTurkce\" \/>\n<meta name=\"twitter:site\" content=\"@DarkaMaziTurkce\" \/>\n<meta name=\"twitter:label1\" content=\"Written by\" \/>\n\t<meta name=\"twitter:data1\" content=\"darka mazi\" \/>\n\t<meta name=\"twitter:label2\" content=\"Est. reading time\" \/>\n\t<meta name=\"twitter:data2\" content=\"1 minute\" \/>\n<script type=\"application\/ld+json\" class=\"seo-schema-graph\">{\"@context\":\"https:\\\/\\\/schema.org\",\"@graph\":[{\"@type\":\"NewsArticle\",\"@id\":\"https:\\\/\\\/darkamazi.site\\\/archives\\\/1026439#article\",\"isPartOf\":{\"@id\":\"https:\\\/\\\/darkamazi.site\\\/archives\\\/1026439\"},\"author\":{\"name\":\"darka mazi\",\"@id\":\"https:\\\/\\\/darkamazi.site\\\/#\\\/schema\\\/person\\\/67986a95ac546c16760365877ef4a9d3\"},\"headline\":\"ABD\u2019li yetkililer Deyr ez-Zor\u2019da DSG ve a\u015firet liderleriyle g\u00f6r\u00fc\u015ft\u00fc\",\"datePublished\":\"2023-09-03T10:17:45+00:00\",\"dateModified\":\"2026-03-31T13:20:22+00:00\",\"mainEntityOfPage\":{\"@id\":\"https:\\\/\\\/darkamazi.site\\\/archives\\\/1026439\"},\"wordCount\":272,\"publisher\":{\"@id\":\"https:\\\/\\\/darkamazi.site\\\/#organization\"},\"image\":{\"@id\":\"https:\\\/\\\/darkamazi.site\\\/archives\\\/1026439#primaryimage\"},\"thumbnailUrl\":\"https:\\\/\\\/darkamazi.site\\\/darka-content\\\/uploads\\\/2023\\\/09\\\/1693731060Usmilitaryjpg.jpg\",\"articleSection\":[\"Kurdistan\"],\"inLanguage\":\"en-US\"},{\"@type\":\"WebPage\",\"@id\":\"https:\\\/\\\/darkamazi.site\\\/archives\\\/1026439\",\"url\":\"https:\\\/\\\/darkamazi.site\\\/archives\\\/1026439\",\"name\":\"ABD\u2019li yetkililer Deyr ez-Zor\u2019da DSG ve a\u015firet liderleriyle g\u00f6r\u00fc\u015ft\u00fc - Darka Mazi\",\"isPartOf\":{\"@id\":\"https:\\\/\\\/darkamazi.site\\\/#website\"},\"primaryImageOfPage\":{\"@id\":\"https:\\\/\\\/darkamazi.site\\\/archives\\\/1026439#primaryimage\"},\"image\":{\"@id\":\"https:\\\/\\\/darkamazi.site\\\/archives\\\/1026439#primaryimage\"},\"thumbnailUrl\":\"https:\\\/\\\/darkamazi.site\\\/darka-content\\\/uploads\\\/2023\\\/09\\\/1693731060Usmilitaryjpg.jpg\",\"datePublished\":\"2023-09-03T10:17:45+00:00\",\"dateModified\":\"2026-03-31T13:20:22+00:00\",\"breadcrumb\":{\"@id\":\"https:\\\/\\\/darkamazi.site\\\/archives\\\/1026439#breadcrumb\"},\"inLanguage\":\"en-US\",\"potentialAction\":[{\"@type\":\"ReadAction\",\"target\":[\"https:\\\/\\\/darkamazi.site\\\/archives\\\/1026439\"]}]},{\"@type\":\"ImageObject\",\"inLanguage\":\"en-US\",\"@id\":\"https:\\\/\\\/darkamazi.site\\\/archives\\\/1026439#primaryimage\",\"url\":\"https:\\\/\\\/darkamazi.site\\\/darka-content\\\/uploads\\\/2023\\\/09\\\/1693731060Usmilitaryjpg.jpg\",\"contentUrl\":\"https:\\\/\\\/darkamazi.site\\\/darka-content\\\/uploads\\\/2023\\\/09\\\/1693731060Usmilitaryjpg.jpg\",\"width\":1562,\"height\":878,\"caption\":\"ABD\u2019li yetkililer Deyr ez-Zor\u2019da DSG ve a\u015firet liderleriyle g\u00f6r\u00fc\u015ft\u00fc\"},{\"@type\":\"BreadcrumbList\",\"@id\":\"https:\\\/\\\/darkamazi.site\\\/archives\\\/1026439#breadcrumb\",\"itemListElement\":[{\"@type\":\"ListItem\",\"position\":1,\"name\":\"Home\",\"item\":\"https:\\\/\\\/darkamazi.site\\\/\"},{\"@type\":\"ListItem\",\"position\":2,\"name\":\"ABD\u2019li yetkililer Deyr ez-Zor\u2019da DSG ve a\u015firet liderleriyle g\u00f6r\u00fc\u015ft\u00fc\"}]},{\"@type\":\"WebSite\",\"@id\":\"https:\\\/\\\/darkamazi.site\\\/#website\",\"url\":\"https:\\\/\\\/darkamazi.site\\\/\",\"name\":\"Darka Mazi\",\"description\":\"Ana Sayfa\",\"publisher\":{\"@id\":\"https:\\\/\\\/darkamazi.site\\\/#organization\"},\"potentialAction\":[{\"@type\":\"SearchAction\",\"target\":{\"@type\":\"EntryPoint\",\"urlTemplate\":\"https:\\\/\\\/darkamazi.site\\\/?s={search_term_string}\"},\"query-input\":{\"@type\":\"PropertyValueSpecification\",\"valueRequired\":true,\"valueName\":\"search_term_string\"}}],\"inLanguage\":\"en-US\"},{\"@type\":\"Organization\",\"@id\":\"https:\\\/\\\/darkamazi.site\\\/#organization\",\"name\":\"Darka Mazi T\u00fcrk\u00e7e\",\"alternateName\":\"Darka Mazi\",\"url\":\"https:\\\/\\\/darkamazi.site\\\/\",\"logo\":{\"@type\":\"ImageObject\",\"inLanguage\":\"en-US\",\"@id\":\"https:\\\/\\\/darkamazi.site\\\/#\\\/schema\\\/logo\\\/image\\\/\",\"url\":\"https:\\\/\\\/darkamazi.site\\\/darka-content\\\/uploads\\\/2017\\\/12\\\/darka-mazi-logo.png\",\"contentUrl\":\"https:\\\/\\\/darkamazi.site\\\/darka-content\\\/uploads\\\/2017\\\/12\\\/darka-mazi-logo.png\",\"width\":151,\"height\":75,\"caption\":\"Darka Mazi T\u00fcrk\u00e7e\"},\"image\":{\"@id\":\"https:\\\/\\\/darkamazi.site\\\/#\\\/schema\\\/logo\\\/image\\\/\"},\"sameAs\":[\"https:\\\/\\\/www.facebook.com\\\/DarkaMaziturkce\",\"https:\\\/\\\/x.com\\\/DarkaMaziTurkce\"]},{\"@type\":\"Person\",\"@id\":\"https:\\\/\\\/darkamazi.site\\\/#\\\/schema\\\/person\\\/67986a95ac546c16760365877ef4a9d3\",\"name\":\"darka mazi\",\"sameAs\":[\"https:\\\/\\\/darkamazi.site\"],\"url\":\"https:\\\/\\\/darkamazi.site\\\/archives\\\/author\\\/turkish\"}]}<\/script>\n<!-- \/ Yoast SEO plugin. -->","seo_head_json":{"title":"ABD\u2019li yetkililer Deyr ez-Zor\u2019da DSG ve a\u015firet liderleriyle g\u00f6r\u00fc\u015ft\u00fc - Darka Mazi","robots":{"index":"index","follow":"follow","max-snippet":"max-snippet:-1","max-image-preview":"max-image-preview:large","max-video-preview":"max-video-preview:-1"},"canonical":"https:\/\/darkamazi.site\/archives\/1026439","og_locale":"en_US","og_type":"article","og_title":"ABD\u2019li yetkililer Deyr ez-Zor\u2019da DSG ve a\u015firet liderleriyle g\u00f6r\u00fc\u015ft\u00fc - Darka Mazi","og_description":"ABD\u2019li yetkililer, Deyr ez-Zor\u2019daki gerginli\u011fi durdurmak i\u00e7in DSG ve a\u015firet liderleriyle g\u00f6r\u00fc\u015ft\u00fc. ABD&#8217;nin \u015eam B\u00fcy\u00fckel\u00e7ili\u011fi\u2019nin Facebook sayfas\u0131ndan yap\u0131lan a\u00e7\u0131klamada, ABD D\u0131\u015fi\u015fleri Bakan Yard\u0131mc\u0131s\u0131 ve Suriye \u00d6zel Temsilcisi Ethan A. Goldrich ile DA\u0130\u015e&#8217;e kar\u015f\u0131 Uluslararas\u0131 Koalisyon Komutan\u0131 General Joel B. Vowell\u2019\u0131n Deyr ez-Zor\u2019da Demokratik Suriye G\u00fc\u00e7leri (DSG) ve a\u015firet liderleriyle bir araya geldi\u011fi belirtildi. Toplant\u0131da taraflar\u0131n [&hellip;]","og_url":"https:\/\/darkamazi.site\/archives\/1026439","og_site_name":"Darka Mazi","article_publisher":"https:\/\/www.facebook.com\/DarkaMaziturkce","article_published_time":"2023-09-03T10:17:45+00:00","article_modified_time":"2026-03-31T13:20:22+00:00","og_image":[{"width":1562,"height":878,"url":"https:\/\/darkamazi.site\/file\/2023\/09\/1693731060Usmilitaryjpg.jpg","type":"image\/jpeg"}],"author":"darka mazi","twitter_card":"summary_large_image","twitter_creator":"@DarkaMaziTurkce","twitter_site":"@DarkaMaziTurkce","twitter_misc":{"Written by":"darka mazi","Est. reading time":"1 minute"},"schema":{"@context":"https:\/\/schema.org","@graph":[{"@type":"NewsArticle","@id":"https:\/\/darkamazi.site\/archives\/1026439#article","isPartOf":{"@id":"https:\/\/darkamazi.site\/archives\/1026439"},"author":{"name":"darka mazi","@id":"https:\/\/darkamazi.site\/#\/schema\/person\/67986a95ac546c16760365877ef4a9d3"},"headline":"ABD\u2019li yetkililer Deyr ez-Zor\u2019da DSG ve a\u015firet liderleriyle g\u00f6r\u00fc\u015ft\u00fc","datePublished":"2023-09-03T10:17:45+00:00","dateModified":"2026-03-31T13:20:22+00:00","mainEntityOfPage":{"@id":"https:\/\/darkamazi.site\/archives\/1026439"},"wordCount":272,"publisher":{"@id":"https:\/\/darkamazi.site\/#organization"},"image":{"@id":"https:\/\/darkamazi.site\/archives\/1026439#primaryimage"},"thumbnailUrl":"https:\/\/darkamazi.site\/file\/2023\/09\/1693731060Usmilitaryjpg.jpg","articleSection":["Kurdistan"],"inLanguage":"en-US"},{"@type":"WebPage","@id":"https:\/\/darkamazi.site\/archives\/1026439","url":"https:\/\/darkamazi.site\/archives\/1026439","name":"ABD\u2019li yetkililer Deyr ez-Zor\u2019da DSG ve a\u015firet liderleriyle g\u00f6r\u00fc\u015ft\u00fc - Darka Mazi","isPartOf":{"@id":"https:\/\/darkamazi.site\/#website"},"primaryImageOfPage":{"@id":"https:\/\/darkamazi.site\/archives\/1026439#primaryimage"},"image":{"@id":"https:\/\/darkamazi.site\/archives\/1026439#primaryimage"},"thumbnailUrl":"https:\/\/darkamazi.site\/file\/2023\/09\/1693731060Usmilitaryjpg.jpg","datePublished":"2023-09-03T10:17:45+00:00","dateModified":"2026-03-31T13:20:22+00:00","breadcrumb":{"@id":"https:\/\/darkamazi.site\/archives\/1026439#breadcrumb"},"inLanguage":"en-US","potentialAction":[{"@type":"ReadAction","target":["https:\/\/darkamazi.site\/archives\/1026439"]}]},{"@type":"ImageObject","inLanguage":"en-US","@id":"https:\/\/darkamazi.site\/archives\/1026439#primaryimage","url":"https:\/\/darkamazi.site\/file\/2023\/09\/1693731060Usmilitaryjpg.jpg","contentUrl":"https:\/\/darkamazi.site\/file\/2023\/09\/1693731060Usmilitaryjpg.jpg","width":1562,"height":878,"caption":"ABD\u2019li yetkililer Deyr ez-Zor\u2019da DSG ve a\u015firet liderleriyle g\u00f6r\u00fc\u015ft\u00fc"},{"@type":"BreadcrumbList","@id":"https:\/\/darkamazi.site\/archives\/1026439#breadcrumb","itemListElement":[{"@type":"ListItem","position":1,"name":"Home","item":"https:\/\/darkamazi.site\/"},{"@type":"ListItem","position":2,"name":"ABD\u2019li yetkililer Deyr ez-Zor\u2019da DSG ve a\u015firet liderleriyle g\u00f6r\u00fc\u015ft\u00fc"}]},{"@type":"WebSite","@id":"https:\/\/darkamazi.site\/#website","url":"https:\/\/darkamazi.site\/","name":"Darka Mazi","description":"Ana Sayfa","publisher":{"@id":"https:\/\/darkamazi.site\/#organization"},"potentialAction":[{"@type":"SearchAction","target":{"@type":"EntryPoint","urlTemplate":"https:\/\/darkamazi.site\/?s={search_term_string}"},"query-input":{"@type":"PropertyValueSpecification","valueRequired":true,"valueName":"search_term_string"}}],"inLanguage":"en-US"},{"@type":"Organization","@id":"https:\/\/darkamazi.site\/#organization","name":"Darka Mazi T\u00fcrk\u00e7e","alternateName":"Darka Mazi","url":"https:\/\/darkamazi.site\/","logo":{"@type":"ImageObject","inLanguage":"en-US","@id":"https:\/\/darkamazi.site\/#\/schema\/logo\/image\/","url":"https:\/\/darkamazi.site\/file\/2017\/12\/darka-mazi-logo.png","contentUrl":"https:\/\/darkamazi.site\/file\/2017\/12\/darka-mazi-logo.png","width":151,"height":75,"caption":"Darka Mazi T\u00fcrk\u00e7e"},"image":{"@id":"https:\/\/darkamazi.site\/#\/schema\/logo\/image\/"},"sameAs":["https:\/\/www.facebook.com\/DarkaMaziturkce","https:\/\/x.com\/DarkaMaziTurkce"]},{"@type":"Person","@id":"https:\/\/darkamazi.site\/#\/schema\/person\/67986a95ac546c16760365877ef4a9d3","name":"darka mazi","sameAs":["https:\/\/darkamazi.site"],"url":"https:\/\/darkamazi.site\/archives\/author\/turkish"}]}},"_links":{"self":[{"href":"https:\/\/darkamazi.site\/funavuv\/wp\/v2\/posts\/1026439","targetHints":{"allow":["GET"]}}],"collection":[{"href":"https:\/\/darkamazi.site\/funavuv\/wp\/v2\/posts"}],"about":[{"href":"https:\/\/darkamazi.site\/funavuv\/wp\/v2\/types\/post"}],"author":[{"embeddable":true,"href":"https:\/\/darkamazi.site\/funavuv\/wp\/v2\/users\/2"}],"replies":[{"embeddable":true,"href":"https:\/\/darkamazi.site\/funavuv\/wp\/v2\/comments?post=1026439"}],"version-history":[{"count":0,"href":"https:\/\/darkamazi.site\/funavuv\/wp\/v2\/posts\/1026439\/revisions"}],"wp:featuredmedia":[{"embeddable":true,"href":"https:\/\/darkamazi.site\/funavuv\/wp\/v2\/media\/1026440"}],"wp:attachment":[{"href":"https:\/\/darkamazi.site\/funavuv\/wp\/v2\/media?parent=1026439"}],"wp:term":[{"taxonomy":"category","embeddable":true,"href":"https:\/\/darkamazi.site\/funavuv\/wp\/v2\/categories?post=1026439"},{"taxonomy":"post_tag","embeddable":true,"href":"https:\/\/darkamazi.site\/funavuv\/wp\/v2\/tags?post=1026439"}],"curies":[{"name":"wp","href":"https:\/\/api.w.org\/{rel}","templated":true}]}}