{"id":1026515,"date":"2023-09-08T08:52:59","date_gmt":"2023-09-08T05:52:59","guid":{"rendered":"https:\/\/darkamazi.site\/?p=1026515"},"modified":"2023-09-08T08:52:59","modified_gmt":"2023-09-08T05:52:59","slug":"kdp-sozcusu-muhammed-gundemdeki-konulari-degerlendirdi","status":"publish","type":"post","link":"https:\/\/darkamazi.site\/archives\/1026515","title":{"rendered":"KDP s\u00f6zc\u00fcs\u00fc Muhammed g\u00fcndemdeki konular\u0131 de\u011ferlendirdi"},"content":{"rendered":"<p style=\"text-align: justify\">\u00a0K\u00fcrdistan Demokrat Partisi (KDP) S\u00f6zc\u00fcs\u00fc Mahmud Muhammed, Irak&#8217;\u0131n ne K\u00fcrt, ne \u015eii ve ne de S\u00fcnnilerin memnun olmad\u0131\u011f\u0131 bir \u015fekilde y\u00f6netildi\u011fini s\u00f6yledi. Muhammed, &#8220;Irak&#8217;ta kendilerini hukukun ve anla\u015fmalar\u0131n \u00fcst\u00fcnde g\u00f6ren ki\u015filer t\u00fcremi\u015f\u201d dedi.<\/p>\n<p style=\"text-align: justify\">Ba\u015fkent Erbil\u2019de bas\u0131n mensuplar\u0131n\u0131n sorular\u0131n\u0131 yan\u0131tlayan S\u00f6zc\u00fc Mahmud Muhammed, Erbil ile Ba\u011fdat aras\u0131ndaki meseleleri, Kerk\u00fck olaylar\u0131n\u0131 ve KDP ile KYB ili\u015fkilerini de\u011ferlendirdi.<\/p>\n<p style=\"text-align: justify\">R\u00fbdaw muhabiri Rence Cemal\u2019in sorusunu yan\u0131tlayan Muhammed, Irak, ne K\u00fcrtlerin, ne \u015eiilerin ve ne de S\u00fcnnilerin memnun olmad\u0131\u011f\u0131 bir \u015fekilde y\u00f6netiliyor. Kendini hukukun, devletin, anla\u015fmalar\u0131n \u00fcst\u00fcnde g\u00f6renler bir tak\u0131m ki\u015filer t\u00fcremi\u015f. Bunlar karar verici haline gelmi\u015f ve h\u00fck\u00fcmetin \u00e7al\u0131\u015fmalar\u0131na ve anla\u015fmalara engel oluyorlar. Bu da Irak&#8217;ta sorunlar\u0131n devam etmesine, \u00fclkenin ilerlemek yerine geri kalmas\u0131na ve i\u015fsizli\u011fin artmas\u0131na neden oluyor. K\u00fcrdistan B\u00f6lgesi&#8217;ne kar\u015f\u0131 yapt\u0131klar\u0131 da bu. Sorunlara sorun ekliyorlar ve mevcut anla\u015fmalar\u0131n uygulanmas\u0131na izin vermiyorlar\u201d dedi.<\/p>\n<p style=\"text-align: justify\">Mahmud, &#8220;Oysa ki sorunlar\u0131n \u00e7\u00f6z\u00fcm\u00fc i\u00e7in ak\u0131l kullan\u0131lmal\u0131. Bu \u00fclke her zaman i\u00e7 sorunlar i\u00e7inde olamaz \u00fcstelik s\u00fcrekli d\u0131\u015f sorunlarla u\u011fra\u015f\u0131l\u0131yor\u201d diye ekledi.<\/p>\n<p style=\"text-align: justify\">Kerk\u00fck\u2019te KDP binas\u0131n\u0131n partiye devredilmesi karar\u0131n\u0131n Devleti Y\u00f6netme \u0130ttifak\u0131\u2019n\u0131 kuran taraflar aras\u0131ndaki anla\u015fman\u0131n bir par\u00e7as\u0131 oldu\u011funu vurgulayan Mahmud Muhammed, \u201cAyr\u0131ca bu KDP ve t\u00fcm siyasi partilerin Irak&#8217;\u0131n t\u00fcm \u015fehirlerinde siyaset ve faaliyet y\u00fcr\u00fctmesine olanak tan\u0131yan yasal ve anayasal hakk\u0131d\u0131r\u201d diye konu\u015ftu.<\/p>\n<p style=\"text-align: justify\">S\u00f6zc\u00fc Muhammed, Irak Ba\u015fbakan\u0131 Muhammed \u015eiya es-Sudani\u2019nin karar\u0131na ra\u011fmen \u201ceski zihniyete sahip bir grubun\u201d Kerk\u00fck&#8217;te karga\u015fa \u00e7\u0131kard\u0131\u011f\u0131n\u0131 ve trajediye neden oldu\u011funu belirterek \u015funlar\u0131 kaydetti:<\/p>\n<p style=\"text-align: justify\">\u201cOrada ka\u00e7 g\u00fcn boyunca \u00e7ad\u0131r kurup yol kapatanlara hi\u00e7 bir \u015fey demediler. Fakat ne zaman ki bir grup gen\u00e7 soka\u011fa d\u00f6k\u00fcld\u00fc ve \u2018yolun kapat\u0131lmas\u0131 Kerk\u00fck\u2019e zarar veriyor\u2019 dedi, \u015fiddetle yan\u0131t verdiler. Bu \u015fekilde gen\u00e7ler \u015fehit d\u00fc\u015ft\u00fc, yaraland\u0131. Bu durum Kerk\u00fck&#8217;teki baz\u0131 kurumlarda h\u00e2l\u00e2 \u015fovenist zihniyetin bulundu\u011funun g\u00f6stergesidir. Bu durum \u00e7\u00f6z\u00fclmeli ve anayasaya uygun hareket edilmelidir. KDP, Irak&#8217;\u0131n t\u00fcm \u015fehirlerinde siyasi faaliyet yapma hakk\u0131na sahiptir.\u201d<\/p>\n<p style=\"text-align: justify\">Mahmud Muhammed, KDP olarak sivillerin can\u0131na kastedenler hakk\u0131nda soru\u015fturma ba\u015flat\u0131lmas\u0131n\u0131 ve su\u00e7lular\u0131n yarg\u0131lanmas\u0131n\u0131 istediklerini kaydetti.<\/p>\n<p style=\"text-align: justify\">Kerk\u00fck\u2019te ya\u015fanan olaylardan \u00f6nce KDP ile KYB, \u00fcst toplant\u0131lar yapm\u0131\u015ft\u0131. \u0130ki parti s\u00f6z konusu toplant\u0131 serisinin devam etmesine karar vermi\u015fti. S\u00f6zc\u00fc Muhammed, bir sonraki toplant\u0131 ile ilgili net bir tarih olmad\u0131\u011f\u0131n\u0131 s\u00f6yledi.<\/p>\n","protected":false},"excerpt":{"rendered":"<p>\u00a0K\u00fcrdistan Demokrat Partisi (KDP) S\u00f6zc\u00fcs\u00fc Mahmud Muhammed, Irak&#8217;\u0131n ne K\u00fcrt, ne \u015eii ve ne de S\u00fcnnilerin memnun olmad\u0131\u011f\u0131 bir \u015fekilde y\u00f6netildi\u011fini s\u00f6yledi. Muhammed, &#8220;Irak&#8217;ta kendilerini hukukun ve anla\u015fmalar\u0131n \u00fcst\u00fcnde g\u00f6ren ki\u015filer t\u00fcremi\u015f\u201d dedi. Ba\u015fkent Erbil\u2019de bas\u0131n mensuplar\u0131n\u0131n sorular\u0131n\u0131 yan\u0131tlayan S\u00f6zc\u00fc Mahmud Muhammed, Erbil ile Ba\u011fdat aras\u0131ndaki meseleleri, Kerk\u00fck olaylar\u0131n\u0131 ve KDP ile KYB ili\u015fkilerini de\u011ferlendirdi. [&hellip;]<\/p>\n","protected":false},"author":2,"featured_media":1026516,"comment_status":"closed","ping_status":"closed","sticky":false,"template":"","format":"standard","meta":{"footnotes":""},"categories":[3],"tags":[31],"class_list":["post-1026515","post","type-post","status-publish","format-standard","has-post-thumbnail","hentry","category-kurdistan","tag-onemli"],"blocksy_meta":[],"seo_head":"<!-- This site is optimized with the Yoast SEO plugin v27.5 - https:\/\/yoast.com\/product\/yoast-seo-wordpress\/ -->\n<title>KDP s\u00f6zc\u00fcs\u00fc Muhammed g\u00fcndemdeki konular\u0131 de\u011ferlendirdi - Darka Mazi<\/title>\n<meta name=\"robots\" content=\"index, follow, max-snippet:-1, max-image-preview:large, max-video-preview:-1\" \/>\n<link rel=\"canonical\" href=\"https:\/\/darkamazi.site\/archives\/1026515\" \/>\n<meta property=\"og:locale\" content=\"en_US\" \/>\n<meta property=\"og:type\" content=\"article\" \/>\n<meta property=\"og:title\" content=\"KDP s\u00f6zc\u00fcs\u00fc Muhammed g\u00fcndemdeki konular\u0131 de\u011ferlendirdi - Darka Mazi\" \/>\n<meta property=\"og:description\" content=\"\u00a0K\u00fcrdistan Demokrat Partisi (KDP) S\u00f6zc\u00fcs\u00fc Mahmud Muhammed, Irak&#8217;\u0131n ne K\u00fcrt, ne \u015eii ve ne de S\u00fcnnilerin memnun olmad\u0131\u011f\u0131 bir \u015fekilde y\u00f6netildi\u011fini s\u00f6yledi. Muhammed, &#8220;Irak&#8217;ta kendilerini hukukun ve anla\u015fmalar\u0131n \u00fcst\u00fcnde g\u00f6ren ki\u015filer t\u00fcremi\u015f\u201d dedi. Ba\u015fkent Erbil\u2019de bas\u0131n mensuplar\u0131n\u0131n sorular\u0131n\u0131 yan\u0131tlayan S\u00f6zc\u00fc Mahmud Muhammed, Erbil ile Ba\u011fdat aras\u0131ndaki meseleleri, Kerk\u00fck olaylar\u0131n\u0131 ve KDP ile KYB ili\u015fkilerini de\u011ferlendirdi. [&hellip;]\" \/>\n<meta property=\"og:url\" content=\"https:\/\/darkamazi.site\/archives\/1026515\" \/>\n<meta property=\"og:site_name\" content=\"Darka Mazi\" \/>\n<meta property=\"article:publisher\" content=\"https:\/\/www.facebook.com\/DarkaMaziturkce\" \/>\n<meta property=\"article:published_time\" content=\"2023-09-08T05:52:59+00:00\" \/>\n<meta property=\"og:image\" content=\"https:\/\/darkamazi.site\/file\/2023\/09\/Mahmut-23.jpg\" \/>\n\t<meta property=\"og:image:width\" content=\"1920\" \/>\n\t<meta property=\"og:image:height\" content=\"1080\" \/>\n\t<meta property=\"og:image:type\" content=\"image\/jpeg\" \/>\n<meta name=\"author\" content=\"darka mazi\" \/>\n<meta name=\"twitter:card\" content=\"summary_large_image\" \/>\n<meta name=\"twitter:creator\" content=\"@DarkaMaziTurkce\" \/>\n<meta name=\"twitter:site\" content=\"@DarkaMaziTurkce\" \/>\n<meta name=\"twitter:label1\" content=\"Written by\" \/>\n\t<meta name=\"twitter:data1\" content=\"darka mazi\" \/>\n\t<meta name=\"twitter:label2\" content=\"Est. reading time\" \/>\n\t<meta name=\"twitter:data2\" content=\"2 minutes\" \/>\n<script type=\"application\/ld+json\" class=\"seo-schema-graph\">{\"@context\":\"https:\\\/\\\/schema.org\",\"@graph\":[{\"@type\":\"NewsArticle\",\"@id\":\"https:\\\/\\\/darkamazi.site\\\/archives\\\/1026515#article\",\"isPartOf\":{\"@id\":\"https:\\\/\\\/darkamazi.site\\\/archives\\\/1026515\"},\"author\":{\"name\":\"darka mazi\",\"@id\":\"https:\\\/\\\/darkamazi.site\\\/#\\\/schema\\\/person\\\/67986a95ac546c16760365877ef4a9d3\"},\"headline\":\"KDP s\u00f6zc\u00fcs\u00fc Muhammed g\u00fcndemdeki konular\u0131 de\u011ferlendirdi\",\"datePublished\":\"2023-09-08T05:52:59+00:00\",\"mainEntityOfPage\":{\"@id\":\"https:\\\/\\\/darkamazi.site\\\/archives\\\/1026515\"},\"wordCount\":483,\"publisher\":{\"@id\":\"https:\\\/\\\/darkamazi.site\\\/#organization\"},\"image\":{\"@id\":\"https:\\\/\\\/darkamazi.site\\\/archives\\\/1026515#primaryimage\"},\"thumbnailUrl\":\"https:\\\/\\\/darkamazi.site\\\/darka-content\\\/uploads\\\/2023\\\/09\\\/Mahmut-23.jpg\",\"keywords\":[\"\u00f6nemli\"],\"articleSection\":[\"Kurdistan\"],\"inLanguage\":\"en-US\"},{\"@type\":\"WebPage\",\"@id\":\"https:\\\/\\\/darkamazi.site\\\/archives\\\/1026515\",\"url\":\"https:\\\/\\\/darkamazi.site\\\/archives\\\/1026515\",\"name\":\"KDP s\u00f6zc\u00fcs\u00fc Muhammed g\u00fcndemdeki konular\u0131 de\u011ferlendirdi - Darka Mazi\",\"isPartOf\":{\"@id\":\"https:\\\/\\\/darkamazi.site\\\/#website\"},\"primaryImageOfPage\":{\"@id\":\"https:\\\/\\\/darkamazi.site\\\/archives\\\/1026515#primaryimage\"},\"image\":{\"@id\":\"https:\\\/\\\/darkamazi.site\\\/archives\\\/1026515#primaryimage\"},\"thumbnailUrl\":\"https:\\\/\\\/darkamazi.site\\\/darka-content\\\/uploads\\\/2023\\\/09\\\/Mahmut-23.jpg\",\"datePublished\":\"2023-09-08T05:52:59+00:00\",\"breadcrumb\":{\"@id\":\"https:\\\/\\\/darkamazi.site\\\/archives\\\/1026515#breadcrumb\"},\"inLanguage\":\"en-US\",\"potentialAction\":[{\"@type\":\"ReadAction\",\"target\":[\"https:\\\/\\\/darkamazi.site\\\/archives\\\/1026515\"]}]},{\"@type\":\"ImageObject\",\"inLanguage\":\"en-US\",\"@id\":\"https:\\\/\\\/darkamazi.site\\\/archives\\\/1026515#primaryimage\",\"url\":\"https:\\\/\\\/darkamazi.site\\\/darka-content\\\/uploads\\\/2023\\\/09\\\/Mahmut-23.jpg\",\"contentUrl\":\"https:\\\/\\\/darkamazi.site\\\/darka-content\\\/uploads\\\/2023\\\/09\\\/Mahmut-23.jpg\",\"width\":1920,\"height\":1080,\"caption\":\"KDP s\u00f6zc\u00fcs\u00fc Muhammed g\u00fcndemdeki konular\u0131 de\u011ferlendirdi\"},{\"@type\":\"BreadcrumbList\",\"@id\":\"https:\\\/\\\/darkamazi.site\\\/archives\\\/1026515#breadcrumb\",\"itemListElement\":[{\"@type\":\"ListItem\",\"position\":1,\"name\":\"Home\",\"item\":\"https:\\\/\\\/darkamazi.site\\\/\"},{\"@type\":\"ListItem\",\"position\":2,\"name\":\"KDP s\u00f6zc\u00fcs\u00fc Muhammed g\u00fcndemdeki konular\u0131 de\u011ferlendirdi\"}]},{\"@type\":\"WebSite\",\"@id\":\"https:\\\/\\\/darkamazi.site\\\/#website\",\"url\":\"https:\\\/\\\/darkamazi.site\\\/\",\"name\":\"Darka Mazi\",\"description\":\"Ana Sayfa\",\"publisher\":{\"@id\":\"https:\\\/\\\/darkamazi.site\\\/#organization\"},\"potentialAction\":[{\"@type\":\"SearchAction\",\"target\":{\"@type\":\"EntryPoint\",\"urlTemplate\":\"https:\\\/\\\/darkamazi.site\\\/?s={search_term_string}\"},\"query-input\":{\"@type\":\"PropertyValueSpecification\",\"valueRequired\":true,\"valueName\":\"search_term_string\"}}],\"inLanguage\":\"en-US\"},{\"@type\":\"Organization\",\"@id\":\"https:\\\/\\\/darkamazi.site\\\/#organization\",\"name\":\"Darka Mazi T\u00fcrk\u00e7e\",\"alternateName\":\"Darka Mazi\",\"url\":\"https:\\\/\\\/darkamazi.site\\\/\",\"logo\":{\"@type\":\"ImageObject\",\"inLanguage\":\"en-US\",\"@id\":\"https:\\\/\\\/darkamazi.site\\\/#\\\/schema\\\/logo\\\/image\\\/\",\"url\":\"https:\\\/\\\/darkamazi.site\\\/darka-content\\\/uploads\\\/2017\\\/12\\\/darka-mazi-logo.png\",\"contentUrl\":\"https:\\\/\\\/darkamazi.site\\\/darka-content\\\/uploads\\\/2017\\\/12\\\/darka-mazi-logo.png\",\"width\":151,\"height\":75,\"caption\":\"Darka Mazi T\u00fcrk\u00e7e\"},\"image\":{\"@id\":\"https:\\\/\\\/darkamazi.site\\\/#\\\/schema\\\/logo\\\/image\\\/\"},\"sameAs\":[\"https:\\\/\\\/www.facebook.com\\\/DarkaMaziturkce\",\"https:\\\/\\\/x.com\\\/DarkaMaziTurkce\"]},{\"@type\":\"Person\",\"@id\":\"https:\\\/\\\/darkamazi.site\\\/#\\\/schema\\\/person\\\/67986a95ac546c16760365877ef4a9d3\",\"name\":\"darka mazi\",\"sameAs\":[\"https:\\\/\\\/darkamazi.site\"],\"url\":\"https:\\\/\\\/darkamazi.site\\\/archives\\\/author\\\/turkish\"}]}<\/script>\n<!-- \/ Yoast SEO plugin. -->","seo_head_json":{"title":"KDP s\u00f6zc\u00fcs\u00fc Muhammed g\u00fcndemdeki konular\u0131 de\u011ferlendirdi - Darka Mazi","robots":{"index":"index","follow":"follow","max-snippet":"max-snippet:-1","max-image-preview":"max-image-preview:large","max-video-preview":"max-video-preview:-1"},"canonical":"https:\/\/darkamazi.site\/archives\/1026515","og_locale":"en_US","og_type":"article","og_title":"KDP s\u00f6zc\u00fcs\u00fc Muhammed g\u00fcndemdeki konular\u0131 de\u011ferlendirdi - Darka Mazi","og_description":"\u00a0K\u00fcrdistan Demokrat Partisi (KDP) S\u00f6zc\u00fcs\u00fc Mahmud Muhammed, Irak&#8217;\u0131n ne K\u00fcrt, ne \u015eii ve ne de S\u00fcnnilerin memnun olmad\u0131\u011f\u0131 bir \u015fekilde y\u00f6netildi\u011fini s\u00f6yledi. Muhammed, &#8220;Irak&#8217;ta kendilerini hukukun ve anla\u015fmalar\u0131n \u00fcst\u00fcnde g\u00f6ren ki\u015filer t\u00fcremi\u015f\u201d dedi. Ba\u015fkent Erbil\u2019de bas\u0131n mensuplar\u0131n\u0131n sorular\u0131n\u0131 yan\u0131tlayan S\u00f6zc\u00fc Mahmud Muhammed, Erbil ile Ba\u011fdat aras\u0131ndaki meseleleri, Kerk\u00fck olaylar\u0131n\u0131 ve KDP ile KYB ili\u015fkilerini de\u011ferlendirdi. [&hellip;]","og_url":"https:\/\/darkamazi.site\/archives\/1026515","og_site_name":"Darka Mazi","article_publisher":"https:\/\/www.facebook.com\/DarkaMaziturkce","article_published_time":"2023-09-08T05:52:59+00:00","og_image":[{"width":1920,"height":1080,"url":"https:\/\/darkamazi.site\/file\/2023\/09\/Mahmut-23.jpg","type":"image\/jpeg"}],"author":"darka mazi","twitter_card":"summary_large_image","twitter_creator":"@DarkaMaziTurkce","twitter_site":"@DarkaMaziTurkce","twitter_misc":{"Written by":"darka mazi","Est. reading time":"2 minutes"},"schema":{"@context":"https:\/\/schema.org","@graph":[{"@type":"NewsArticle","@id":"https:\/\/darkamazi.site\/archives\/1026515#article","isPartOf":{"@id":"https:\/\/darkamazi.site\/archives\/1026515"},"author":{"name":"darka mazi","@id":"https:\/\/darkamazi.site\/#\/schema\/person\/67986a95ac546c16760365877ef4a9d3"},"headline":"KDP s\u00f6zc\u00fcs\u00fc Muhammed g\u00fcndemdeki konular\u0131 de\u011ferlendirdi","datePublished":"2023-09-08T05:52:59+00:00","mainEntityOfPage":{"@id":"https:\/\/darkamazi.site\/archives\/1026515"},"wordCount":483,"publisher":{"@id":"https:\/\/darkamazi.site\/#organization"},"image":{"@id":"https:\/\/darkamazi.site\/archives\/1026515#primaryimage"},"thumbnailUrl":"https:\/\/darkamazi.site\/file\/2023\/09\/Mahmut-23.jpg","keywords":["\u00f6nemli"],"articleSection":["Kurdistan"],"inLanguage":"en-US"},{"@type":"WebPage","@id":"https:\/\/darkamazi.site\/archives\/1026515","url":"https:\/\/darkamazi.site\/archives\/1026515","name":"KDP s\u00f6zc\u00fcs\u00fc Muhammed g\u00fcndemdeki konular\u0131 de\u011ferlendirdi - Darka Mazi","isPartOf":{"@id":"https:\/\/darkamazi.site\/#website"},"primaryImageOfPage":{"@id":"https:\/\/darkamazi.site\/archives\/1026515#primaryimage"},"image":{"@id":"https:\/\/darkamazi.site\/archives\/1026515#primaryimage"},"thumbnailUrl":"https:\/\/darkamazi.site\/file\/2023\/09\/Mahmut-23.jpg","datePublished":"2023-09-08T05:52:59+00:00","breadcrumb":{"@id":"https:\/\/darkamazi.site\/archives\/1026515#breadcrumb"},"inLanguage":"en-US","potentialAction":[{"@type":"ReadAction","target":["https:\/\/darkamazi.site\/archives\/1026515"]}]},{"@type":"ImageObject","inLanguage":"en-US","@id":"https:\/\/darkamazi.site\/archives\/1026515#primaryimage","url":"https:\/\/darkamazi.site\/file\/2023\/09\/Mahmut-23.jpg","contentUrl":"https:\/\/darkamazi.site\/file\/2023\/09\/Mahmut-23.jpg","width":1920,"height":1080,"caption":"KDP s\u00f6zc\u00fcs\u00fc Muhammed g\u00fcndemdeki konular\u0131 de\u011ferlendirdi"},{"@type":"BreadcrumbList","@id":"https:\/\/darkamazi.site\/archives\/1026515#breadcrumb","itemListElement":[{"@type":"ListItem","position":1,"name":"Home","item":"https:\/\/darkamazi.site\/"},{"@type":"ListItem","position":2,"name":"KDP s\u00f6zc\u00fcs\u00fc Muhammed g\u00fcndemdeki konular\u0131 de\u011ferlendirdi"}]},{"@type":"WebSite","@id":"https:\/\/darkamazi.site\/#website","url":"https:\/\/darkamazi.site\/","name":"Darka Mazi","description":"Ana Sayfa","publisher":{"@id":"https:\/\/darkamazi.site\/#organization"},"potentialAction":[{"@type":"SearchAction","target":{"@type":"EntryPoint","urlTemplate":"https:\/\/darkamazi.site\/?s={search_term_string}"},"query-input":{"@type":"PropertyValueSpecification","valueRequired":true,"valueName":"search_term_string"}}],"inLanguage":"en-US"},{"@type":"Organization","@id":"https:\/\/darkamazi.site\/#organization","name":"Darka Mazi T\u00fcrk\u00e7e","alternateName":"Darka Mazi","url":"https:\/\/darkamazi.site\/","logo":{"@type":"ImageObject","inLanguage":"en-US","@id":"https:\/\/darkamazi.site\/#\/schema\/logo\/image\/","url":"https:\/\/darkamazi.site\/file\/2017\/12\/darka-mazi-logo.png","contentUrl":"https:\/\/darkamazi.site\/file\/2017\/12\/darka-mazi-logo.png","width":151,"height":75,"caption":"Darka Mazi T\u00fcrk\u00e7e"},"image":{"@id":"https:\/\/darkamazi.site\/#\/schema\/logo\/image\/"},"sameAs":["https:\/\/www.facebook.com\/DarkaMaziturkce","https:\/\/x.com\/DarkaMaziTurkce"]},{"@type":"Person","@id":"https:\/\/darkamazi.site\/#\/schema\/person\/67986a95ac546c16760365877ef4a9d3","name":"darka mazi","sameAs":["https:\/\/darkamazi.site"],"url":"https:\/\/darkamazi.site\/archives\/author\/turkish"}]}},"_links":{"self":[{"href":"https:\/\/darkamazi.site\/funavuv\/wp\/v2\/posts\/1026515","targetHints":{"allow":["GET"]}}],"collection":[{"href":"https:\/\/darkamazi.site\/funavuv\/wp\/v2\/posts"}],"about":[{"href":"https:\/\/darkamazi.site\/funavuv\/wp\/v2\/types\/post"}],"author":[{"embeddable":true,"href":"https:\/\/darkamazi.site\/funavuv\/wp\/v2\/users\/2"}],"replies":[{"embeddable":true,"href":"https:\/\/darkamazi.site\/funavuv\/wp\/v2\/comments?post=1026515"}],"version-history":[{"count":0,"href":"https:\/\/darkamazi.site\/funavuv\/wp\/v2\/posts\/1026515\/revisions"}],"wp:featuredmedia":[{"embeddable":true,"href":"https:\/\/darkamazi.site\/funavuv\/wp\/v2\/media\/1026516"}],"wp:attachment":[{"href":"https:\/\/darkamazi.site\/funavuv\/wp\/v2\/media?parent=1026515"}],"wp:term":[{"taxonomy":"category","embeddable":true,"href":"https:\/\/darkamazi.site\/funavuv\/wp\/v2\/categories?post=1026515"},{"taxonomy":"post_tag","embeddable":true,"href":"https:\/\/darkamazi.site\/funavuv\/wp\/v2\/tags?post=1026515"}],"curies":[{"name":"wp","href":"https:\/\/api.w.org\/{rel}","templated":true}]}}