{"id":1026569,"date":"2023-09-11T19:07:30","date_gmt":"2023-09-11T16:07:30","guid":{"rendered":"https:\/\/darkamazi.site\/?p=1026569"},"modified":"2023-09-11T19:07:30","modified_gmt":"2023-09-11T16:07:30","slug":"kurdistan-bolgesi-guvenlik-konseyi-erbil-patlamasini-pkknin-tevgere-azadi-orgutune-uye-ziyad-celil-xalef-yapti","status":"publish","type":"post","link":"https:\/\/darkamazi.site\/archives\/1026569","title":{"rendered":"K\u00fcrdistan B\u00f6lgesi G\u00fcvenlik Konseyi: Erbil patlamas\u0131n\u0131 PKK&#8217;nin Tevgere Azadi \u00f6rg\u00fct\u00fcne \u00fcye Ziyad Celil Xalef yapt\u0131"},"content":{"rendered":"<p style=\"text-align: justify\">\u00a0K\u00fcrdistan B\u00f6lgesi G\u00fcvenlik Konseyi, ge\u00e7ti\u011fimiz g\u00fcnlerde Erbil merkezdeki bir \u00fcst ge\u00e7itte meydana gelen patlaman\u0131n \u201cter\u00f6r eylemi\u201d oldu\u011funu ve \u201cPKK taraf\u0131ndan ger\u00e7ekle\u015ftirildi\u011fini\u201d a\u00e7\u0131klad\u0131.<\/p>\n<p style=\"text-align: justify\">1 Eyl\u00fcl Cuma g\u00fcn\u00fc ak\u015fam saat 18.29 s\u0131ralar\u0131nda ba\u015fkent Eribil\u2019deki en i\u015flek yollar\u0131ndan biri olan 60 Metre Caddesi \u00fczerindeki \u00fcst ge\u00e7itte bir patlama meydana geldi. Patlamada can kayb\u0131 ya\u015fanmazken k\u00f6pr\u00fcde k\u0131smi hasar olu\u015ftu.<\/p>\n<p style=\"text-align: justify\">K\u00fcrdistan B\u00f6lgesi G\u00fcvenlik Konseyi, olay\u0131n \u201cter\u00f6r eylemi\u201d oldu\u011funu, patlamaya el yap\u0131m\u0131 1 kilogram PETN patlay\u0131c\u0131n\u0131n neden oldu\u011funu a\u00e7\u0131klad\u0131.<\/p>\n<p style=\"text-align: justify\">A\u00e7\u0131klamada, bombay\u0131 yerle\u015ftiren Ziyad Celil Xelef\u2019in\u00a0 S\u00fcleymaniye\u2019nin \u00c7em\u00e7emal il\u00e7esine ba\u011fl\u0131 Tekye nahiyesi n\u00fcfusuna kay\u0131tl\u0131 oldu\u011fu, PKK\u2019ye ba\u011fl\u0131 Tevgera Azadi \u00fcyesi oldu\u011fu, bu ama\u00e7la Erbil\u2019e geldi\u011fi ve patlaman\u0131n ard\u0131ndan tekrar geri d\u00f6nd\u00fc\u011f\u00fc belirtildi.<\/p>\n<p style=\"text-align: justify\">Mahkeme karar\u0131yla Z. C. X hakk\u0131nda, Ter\u00f6rle M\u00fccadele Kanunu&#8217;nun 2\u2019inci maddesinin 3\u2019\u00fcnc\u00fc f\u0131kras\u0131 kapsam\u0131nda yakalama emri \u00e7\u0131kar\u0131ld\u0131\u011f\u0131 bilgisine yer verilen a\u00e7\u0131klamada, S\u00fcleymaniye\u2019deki ilgili makamlara \u015f\u00fcphelinin tutuklanarak yarg\u0131lanmak \u00fczere Erbil g\u00fcvenlik kurumlar\u0131na teslim edilmesi karar\u0131n\u0131n iletildi\u011fi kaydedildi.<\/p>\n","protected":false},"excerpt":{"rendered":"<p>\u00a0K\u00fcrdistan B\u00f6lgesi G\u00fcvenlik Konseyi, ge\u00e7ti\u011fimiz g\u00fcnlerde Erbil merkezdeki bir \u00fcst ge\u00e7itte meydana gelen patlaman\u0131n \u201cter\u00f6r eylemi\u201d oldu\u011funu ve \u201cPKK taraf\u0131ndan ger\u00e7ekle\u015ftirildi\u011fini\u201d a\u00e7\u0131klad\u0131. 1 Eyl\u00fcl Cuma g\u00fcn\u00fc ak\u015fam saat 18.29 s\u0131ralar\u0131nda ba\u015fkent Eribil\u2019deki en i\u015flek yollar\u0131ndan biri olan 60 Metre Caddesi \u00fczerindeki \u00fcst ge\u00e7itte bir patlama meydana geldi. Patlamada can kayb\u0131 ya\u015fanmazken k\u00f6pr\u00fcde k\u0131smi hasar olu\u015ftu. [&hellip;]<\/p>\n","protected":false},"author":2,"featured_media":1026570,"comment_status":"closed","ping_status":"closed","sticky":false,"template":"","format":"standard","meta":{"footnotes":""},"categories":[3],"tags":[31],"class_list":["post-1026569","post","type-post","status-publish","format-standard","has-post-thumbnail","hentry","category-kurdistan","tag-onemli"],"blocksy_meta":[],"seo_head":"<!-- This site is optimized with the Yoast SEO plugin v27.5 - https:\/\/yoast.com\/product\/yoast-seo-wordpress\/ -->\n<title>K\u00fcrdistan B\u00f6lgesi G\u00fcvenlik Konseyi: Erbil patlamas\u0131n\u0131 PKK&#039;nin Tevgere Azadi \u00f6rg\u00fct\u00fcne \u00fcye Ziyad Celil Xalef yapt\u0131 - Darka Mazi<\/title>\n<meta name=\"robots\" content=\"index, follow, max-snippet:-1, max-image-preview:large, max-video-preview:-1\" \/>\n<link rel=\"canonical\" href=\"https:\/\/darkamazi.site\/archives\/1026569\" \/>\n<meta property=\"og:locale\" content=\"en_US\" \/>\n<meta property=\"og:type\" content=\"article\" \/>\n<meta property=\"og:title\" content=\"K\u00fcrdistan B\u00f6lgesi G\u00fcvenlik Konseyi: Erbil patlamas\u0131n\u0131 PKK&#039;nin Tevgere Azadi \u00f6rg\u00fct\u00fcne \u00fcye Ziyad Celil Xalef yapt\u0131 - Darka Mazi\" \/>\n<meta property=\"og:description\" content=\"\u00a0K\u00fcrdistan B\u00f6lgesi G\u00fcvenlik Konseyi, ge\u00e7ti\u011fimiz g\u00fcnlerde Erbil merkezdeki bir \u00fcst ge\u00e7itte meydana gelen patlaman\u0131n \u201cter\u00f6r eylemi\u201d oldu\u011funu ve \u201cPKK taraf\u0131ndan ger\u00e7ekle\u015ftirildi\u011fini\u201d a\u00e7\u0131klad\u0131. 1 Eyl\u00fcl Cuma g\u00fcn\u00fc ak\u015fam saat 18.29 s\u0131ralar\u0131nda ba\u015fkent Eribil\u2019deki en i\u015flek yollar\u0131ndan biri olan 60 Metre Caddesi \u00fczerindeki \u00fcst ge\u00e7itte bir patlama meydana geldi. Patlamada can kayb\u0131 ya\u015fanmazken k\u00f6pr\u00fcde k\u0131smi hasar olu\u015ftu. [&hellip;]\" \/>\n<meta property=\"og:url\" content=\"https:\/\/darkamazi.site\/archives\/1026569\" \/>\n<meta property=\"og:site_name\" content=\"Darka Mazi\" \/>\n<meta property=\"article:publisher\" content=\"https:\/\/www.facebook.com\/DarkaMaziturkce\" \/>\n<meta property=\"article:published_time\" content=\"2023-09-11T16:07:30+00:00\" \/>\n<meta property=\"og:image\" content=\"https:\/\/darkamazi.site\/file\/2023\/09\/tevgera-azad-pkk.jpg\" \/>\n\t<meta property=\"og:image:width\" content=\"900\" \/>\n\t<meta property=\"og:image:height\" content=\"497\" \/>\n\t<meta property=\"og:image:type\" content=\"image\/jpeg\" \/>\n<meta name=\"author\" content=\"darka mazi\" \/>\n<meta name=\"twitter:card\" content=\"summary_large_image\" \/>\n<meta name=\"twitter:creator\" content=\"@DarkaMaziTurkce\" \/>\n<meta name=\"twitter:site\" content=\"@DarkaMaziTurkce\" \/>\n<meta name=\"twitter:label1\" content=\"Written by\" \/>\n\t<meta name=\"twitter:data1\" content=\"darka mazi\" \/>\n\t<meta name=\"twitter:label2\" content=\"Est. reading time\" \/>\n\t<meta name=\"twitter:data2\" content=\"1 minute\" \/>\n<script type=\"application\/ld+json\" class=\"seo-schema-graph\">{\"@context\":\"https:\\\/\\\/schema.org\",\"@graph\":[{\"@type\":\"NewsArticle\",\"@id\":\"https:\\\/\\\/darkamazi.site\\\/archives\\\/1026569#article\",\"isPartOf\":{\"@id\":\"https:\\\/\\\/darkamazi.site\\\/archives\\\/1026569\"},\"author\":{\"name\":\"darka mazi\",\"@id\":\"https:\\\/\\\/darkamazi.site\\\/#\\\/schema\\\/person\\\/67986a95ac546c16760365877ef4a9d3\"},\"headline\":\"K\u00fcrdistan B\u00f6lgesi G\u00fcvenlik Konseyi: Erbil patlamas\u0131n\u0131 PKK&#8217;nin Tevgere Azadi \u00f6rg\u00fct\u00fcne \u00fcye Ziyad Celil Xalef yapt\u0131\",\"datePublished\":\"2023-09-11T16:07:30+00:00\",\"mainEntityOfPage\":{\"@id\":\"https:\\\/\\\/darkamazi.site\\\/archives\\\/1026569\"},\"wordCount\":238,\"publisher\":{\"@id\":\"https:\\\/\\\/darkamazi.site\\\/#organization\"},\"image\":{\"@id\":\"https:\\\/\\\/darkamazi.site\\\/archives\\\/1026569#primaryimage\"},\"thumbnailUrl\":\"https:\\\/\\\/darkamazi.site\\\/darka-content\\\/uploads\\\/2023\\\/09\\\/tevgera-azad-pkk.jpg\",\"keywords\":[\"\u00f6nemli\"],\"articleSection\":[\"Kurdistan\"],\"inLanguage\":\"en-US\"},{\"@type\":\"WebPage\",\"@id\":\"https:\\\/\\\/darkamazi.site\\\/archives\\\/1026569\",\"url\":\"https:\\\/\\\/darkamazi.site\\\/archives\\\/1026569\",\"name\":\"K\u00fcrdistan B\u00f6lgesi G\u00fcvenlik Konseyi: Erbil patlamas\u0131n\u0131 PKK'nin Tevgere Azadi \u00f6rg\u00fct\u00fcne \u00fcye Ziyad Celil Xalef yapt\u0131 - Darka Mazi\",\"isPartOf\":{\"@id\":\"https:\\\/\\\/darkamazi.site\\\/#website\"},\"primaryImageOfPage\":{\"@id\":\"https:\\\/\\\/darkamazi.site\\\/archives\\\/1026569#primaryimage\"},\"image\":{\"@id\":\"https:\\\/\\\/darkamazi.site\\\/archives\\\/1026569#primaryimage\"},\"thumbnailUrl\":\"https:\\\/\\\/darkamazi.site\\\/darka-content\\\/uploads\\\/2023\\\/09\\\/tevgera-azad-pkk.jpg\",\"datePublished\":\"2023-09-11T16:07:30+00:00\",\"breadcrumb\":{\"@id\":\"https:\\\/\\\/darkamazi.site\\\/archives\\\/1026569#breadcrumb\"},\"inLanguage\":\"en-US\",\"potentialAction\":[{\"@type\":\"ReadAction\",\"target\":[\"https:\\\/\\\/darkamazi.site\\\/archives\\\/1026569\"]}]},{\"@type\":\"ImageObject\",\"inLanguage\":\"en-US\",\"@id\":\"https:\\\/\\\/darkamazi.site\\\/archives\\\/1026569#primaryimage\",\"url\":\"https:\\\/\\\/darkamazi.site\\\/darka-content\\\/uploads\\\/2023\\\/09\\\/tevgera-azad-pkk.jpg\",\"contentUrl\":\"https:\\\/\\\/darkamazi.site\\\/darka-content\\\/uploads\\\/2023\\\/09\\\/tevgera-azad-pkk.jpg\",\"width\":900,\"height\":497,\"caption\":\"K\u00fcrdistan B\u00f6lgesi G\u00fcvenlik Konseyi: Erbil patlamas\u0131n\u0131 PKK'nin Tevgere Azadi \u00f6rg\u00fct\u00fcne \u00fcye Ziyad Celil Xalef yapt\u0131, Hewler, \u015eore\u015f Caddesi\"},{\"@type\":\"BreadcrumbList\",\"@id\":\"https:\\\/\\\/darkamazi.site\\\/archives\\\/1026569#breadcrumb\",\"itemListElement\":[{\"@type\":\"ListItem\",\"position\":1,\"name\":\"Home\",\"item\":\"https:\\\/\\\/darkamazi.site\\\/\"},{\"@type\":\"ListItem\",\"position\":2,\"name\":\"K\u00fcrdistan B\u00f6lgesi G\u00fcvenlik Konseyi: Erbil patlamas\u0131n\u0131 PKK&#8217;nin Tevgere Azadi \u00f6rg\u00fct\u00fcne \u00fcye Ziyad Celil Xalef yapt\u0131\"}]},{\"@type\":\"WebSite\",\"@id\":\"https:\\\/\\\/darkamazi.site\\\/#website\",\"url\":\"https:\\\/\\\/darkamazi.site\\\/\",\"name\":\"Darka Mazi\",\"description\":\"Ana Sayfa\",\"publisher\":{\"@id\":\"https:\\\/\\\/darkamazi.site\\\/#organization\"},\"potentialAction\":[{\"@type\":\"SearchAction\",\"target\":{\"@type\":\"EntryPoint\",\"urlTemplate\":\"https:\\\/\\\/darkamazi.site\\\/?s={search_term_string}\"},\"query-input\":{\"@type\":\"PropertyValueSpecification\",\"valueRequired\":true,\"valueName\":\"search_term_string\"}}],\"inLanguage\":\"en-US\"},{\"@type\":\"Organization\",\"@id\":\"https:\\\/\\\/darkamazi.site\\\/#organization\",\"name\":\"Darka Mazi T\u00fcrk\u00e7e\",\"alternateName\":\"Darka Mazi\",\"url\":\"https:\\\/\\\/darkamazi.site\\\/\",\"logo\":{\"@type\":\"ImageObject\",\"inLanguage\":\"en-US\",\"@id\":\"https:\\\/\\\/darkamazi.site\\\/#\\\/schema\\\/logo\\\/image\\\/\",\"url\":\"https:\\\/\\\/darkamazi.site\\\/darka-content\\\/uploads\\\/2017\\\/12\\\/darka-mazi-logo.png\",\"contentUrl\":\"https:\\\/\\\/darkamazi.site\\\/darka-content\\\/uploads\\\/2017\\\/12\\\/darka-mazi-logo.png\",\"width\":151,\"height\":75,\"caption\":\"Darka Mazi T\u00fcrk\u00e7e\"},\"image\":{\"@id\":\"https:\\\/\\\/darkamazi.site\\\/#\\\/schema\\\/logo\\\/image\\\/\"},\"sameAs\":[\"https:\\\/\\\/www.facebook.com\\\/DarkaMaziturkce\",\"https:\\\/\\\/x.com\\\/DarkaMaziTurkce\"]},{\"@type\":\"Person\",\"@id\":\"https:\\\/\\\/darkamazi.site\\\/#\\\/schema\\\/person\\\/67986a95ac546c16760365877ef4a9d3\",\"name\":\"darka mazi\",\"sameAs\":[\"https:\\\/\\\/darkamazi.site\"],\"url\":\"https:\\\/\\\/darkamazi.site\\\/archives\\\/author\\\/turkish\"}]}<\/script>\n<!-- \/ Yoast SEO plugin. -->","seo_head_json":{"title":"K\u00fcrdistan B\u00f6lgesi G\u00fcvenlik Konseyi: Erbil patlamas\u0131n\u0131 PKK'nin Tevgere Azadi \u00f6rg\u00fct\u00fcne \u00fcye Ziyad Celil Xalef yapt\u0131 - Darka Mazi","robots":{"index":"index","follow":"follow","max-snippet":"max-snippet:-1","max-image-preview":"max-image-preview:large","max-video-preview":"max-video-preview:-1"},"canonical":"https:\/\/darkamazi.site\/archives\/1026569","og_locale":"en_US","og_type":"article","og_title":"K\u00fcrdistan B\u00f6lgesi G\u00fcvenlik Konseyi: Erbil patlamas\u0131n\u0131 PKK'nin Tevgere Azadi \u00f6rg\u00fct\u00fcne \u00fcye Ziyad Celil Xalef yapt\u0131 - Darka Mazi","og_description":"\u00a0K\u00fcrdistan B\u00f6lgesi G\u00fcvenlik Konseyi, ge\u00e7ti\u011fimiz g\u00fcnlerde Erbil merkezdeki bir \u00fcst ge\u00e7itte meydana gelen patlaman\u0131n \u201cter\u00f6r eylemi\u201d oldu\u011funu ve \u201cPKK taraf\u0131ndan ger\u00e7ekle\u015ftirildi\u011fini\u201d a\u00e7\u0131klad\u0131. 1 Eyl\u00fcl Cuma g\u00fcn\u00fc ak\u015fam saat 18.29 s\u0131ralar\u0131nda ba\u015fkent Eribil\u2019deki en i\u015flek yollar\u0131ndan biri olan 60 Metre Caddesi \u00fczerindeki \u00fcst ge\u00e7itte bir patlama meydana geldi. Patlamada can kayb\u0131 ya\u015fanmazken k\u00f6pr\u00fcde k\u0131smi hasar olu\u015ftu. [&hellip;]","og_url":"https:\/\/darkamazi.site\/archives\/1026569","og_site_name":"Darka Mazi","article_publisher":"https:\/\/www.facebook.com\/DarkaMaziturkce","article_published_time":"2023-09-11T16:07:30+00:00","og_image":[{"width":900,"height":497,"url":"https:\/\/darkamazi.site\/file\/2023\/09\/tevgera-azad-pkk.jpg","type":"image\/jpeg"}],"author":"darka mazi","twitter_card":"summary_large_image","twitter_creator":"@DarkaMaziTurkce","twitter_site":"@DarkaMaziTurkce","twitter_misc":{"Written by":"darka mazi","Est. reading time":"1 minute"},"schema":{"@context":"https:\/\/schema.org","@graph":[{"@type":"NewsArticle","@id":"https:\/\/darkamazi.site\/archives\/1026569#article","isPartOf":{"@id":"https:\/\/darkamazi.site\/archives\/1026569"},"author":{"name":"darka mazi","@id":"https:\/\/darkamazi.site\/#\/schema\/person\/67986a95ac546c16760365877ef4a9d3"},"headline":"K\u00fcrdistan B\u00f6lgesi G\u00fcvenlik Konseyi: Erbil patlamas\u0131n\u0131 PKK&#8217;nin Tevgere Azadi \u00f6rg\u00fct\u00fcne \u00fcye Ziyad Celil Xalef yapt\u0131","datePublished":"2023-09-11T16:07:30+00:00","mainEntityOfPage":{"@id":"https:\/\/darkamazi.site\/archives\/1026569"},"wordCount":238,"publisher":{"@id":"https:\/\/darkamazi.site\/#organization"},"image":{"@id":"https:\/\/darkamazi.site\/archives\/1026569#primaryimage"},"thumbnailUrl":"https:\/\/darkamazi.site\/file\/2023\/09\/tevgera-azad-pkk.jpg","keywords":["\u00f6nemli"],"articleSection":["Kurdistan"],"inLanguage":"en-US"},{"@type":"WebPage","@id":"https:\/\/darkamazi.site\/archives\/1026569","url":"https:\/\/darkamazi.site\/archives\/1026569","name":"K\u00fcrdistan B\u00f6lgesi G\u00fcvenlik Konseyi: Erbil patlamas\u0131n\u0131 PKK'nin Tevgere Azadi \u00f6rg\u00fct\u00fcne \u00fcye Ziyad Celil Xalef yapt\u0131 - Darka Mazi","isPartOf":{"@id":"https:\/\/darkamazi.site\/#website"},"primaryImageOfPage":{"@id":"https:\/\/darkamazi.site\/archives\/1026569#primaryimage"},"image":{"@id":"https:\/\/darkamazi.site\/archives\/1026569#primaryimage"},"thumbnailUrl":"https:\/\/darkamazi.site\/file\/2023\/09\/tevgera-azad-pkk.jpg","datePublished":"2023-09-11T16:07:30+00:00","breadcrumb":{"@id":"https:\/\/darkamazi.site\/archives\/1026569#breadcrumb"},"inLanguage":"en-US","potentialAction":[{"@type":"ReadAction","target":["https:\/\/darkamazi.site\/archives\/1026569"]}]},{"@type":"ImageObject","inLanguage":"en-US","@id":"https:\/\/darkamazi.site\/archives\/1026569#primaryimage","url":"https:\/\/darkamazi.site\/file\/2023\/09\/tevgera-azad-pkk.jpg","contentUrl":"https:\/\/darkamazi.site\/file\/2023\/09\/tevgera-azad-pkk.jpg","width":900,"height":497,"caption":"K\u00fcrdistan B\u00f6lgesi G\u00fcvenlik Konseyi: Erbil patlamas\u0131n\u0131 PKK'nin Tevgere Azadi \u00f6rg\u00fct\u00fcne \u00fcye Ziyad Celil Xalef yapt\u0131, Hewler, \u015eore\u015f Caddesi"},{"@type":"BreadcrumbList","@id":"https:\/\/darkamazi.site\/archives\/1026569#breadcrumb","itemListElement":[{"@type":"ListItem","position":1,"name":"Home","item":"https:\/\/darkamazi.site\/"},{"@type":"ListItem","position":2,"name":"K\u00fcrdistan B\u00f6lgesi G\u00fcvenlik Konseyi: Erbil patlamas\u0131n\u0131 PKK&#8217;nin Tevgere Azadi \u00f6rg\u00fct\u00fcne \u00fcye Ziyad Celil Xalef yapt\u0131"}]},{"@type":"WebSite","@id":"https:\/\/darkamazi.site\/#website","url":"https:\/\/darkamazi.site\/","name":"Darka Mazi","description":"Ana Sayfa","publisher":{"@id":"https:\/\/darkamazi.site\/#organization"},"potentialAction":[{"@type":"SearchAction","target":{"@type":"EntryPoint","urlTemplate":"https:\/\/darkamazi.site\/?s={search_term_string}"},"query-input":{"@type":"PropertyValueSpecification","valueRequired":true,"valueName":"search_term_string"}}],"inLanguage":"en-US"},{"@type":"Organization","@id":"https:\/\/darkamazi.site\/#organization","name":"Darka Mazi T\u00fcrk\u00e7e","alternateName":"Darka Mazi","url":"https:\/\/darkamazi.site\/","logo":{"@type":"ImageObject","inLanguage":"en-US","@id":"https:\/\/darkamazi.site\/#\/schema\/logo\/image\/","url":"https:\/\/darkamazi.site\/file\/2017\/12\/darka-mazi-logo.png","contentUrl":"https:\/\/darkamazi.site\/file\/2017\/12\/darka-mazi-logo.png","width":151,"height":75,"caption":"Darka Mazi T\u00fcrk\u00e7e"},"image":{"@id":"https:\/\/darkamazi.site\/#\/schema\/logo\/image\/"},"sameAs":["https:\/\/www.facebook.com\/DarkaMaziturkce","https:\/\/x.com\/DarkaMaziTurkce"]},{"@type":"Person","@id":"https:\/\/darkamazi.site\/#\/schema\/person\/67986a95ac546c16760365877ef4a9d3","name":"darka mazi","sameAs":["https:\/\/darkamazi.site"],"url":"https:\/\/darkamazi.site\/archives\/author\/turkish"}]}},"_links":{"self":[{"href":"https:\/\/darkamazi.site\/funavuv\/wp\/v2\/posts\/1026569","targetHints":{"allow":["GET"]}}],"collection":[{"href":"https:\/\/darkamazi.site\/funavuv\/wp\/v2\/posts"}],"about":[{"href":"https:\/\/darkamazi.site\/funavuv\/wp\/v2\/types\/post"}],"author":[{"embeddable":true,"href":"https:\/\/darkamazi.site\/funavuv\/wp\/v2\/users\/2"}],"replies":[{"embeddable":true,"href":"https:\/\/darkamazi.site\/funavuv\/wp\/v2\/comments?post=1026569"}],"version-history":[{"count":0,"href":"https:\/\/darkamazi.site\/funavuv\/wp\/v2\/posts\/1026569\/revisions"}],"wp:featuredmedia":[{"embeddable":true,"href":"https:\/\/darkamazi.site\/funavuv\/wp\/v2\/media\/1026570"}],"wp:attachment":[{"href":"https:\/\/darkamazi.site\/funavuv\/wp\/v2\/media?parent=1026569"}],"wp:term":[{"taxonomy":"category","embeddable":true,"href":"https:\/\/darkamazi.site\/funavuv\/wp\/v2\/categories?post=1026569"},{"taxonomy":"post_tag","embeddable":true,"href":"https:\/\/darkamazi.site\/funavuv\/wp\/v2\/tags?post=1026569"}],"curies":[{"name":"wp","href":"https:\/\/api.w.org\/{rel}","templated":true}]}}