{"id":1026578,"date":"2023-09-12T12:10:41","date_gmt":"2023-09-12T09:10:41","guid":{"rendered":"https:\/\/darkamazi.site\/?p=1026578"},"modified":"2023-09-12T12:40:53","modified_gmt":"2023-09-12T09:40:53","slug":"kurt-sanatci-beytocan-vefat-etti","status":"publish","type":"post","link":"https:\/\/darkamazi.site\/archives\/1026578","title":{"rendered":"K\u00fcrt sanat\u00e7\u0131 Beytocan vefat etti"},"content":{"rendered":"<p style=\"text-align: justify\">\u00a0Duayen K\u00fcrt ses sanat\u00e7\u0131s\u0131, s\u00f6z yazar\u0131 ve besteci Beytocan hayat\u0131n\u0131 kaybetti.<\/p>\n<p style=\"text-align: justify\">Uzun s\u00fcredir yurtd\u0131\u015f\u0131nda kanser tedavisi g\u00f6ren Beytullah G\u00fcneri sahne ad\u0131yla Beytocan tedavi g\u00f6rd\u00fc\u011f\u00fc hastanede hayat\u0131n\u0131 kaybetti.<\/p>\n<p style=\"text-align: justify\">Sanat\u00e7\u0131 Armanc R\u00fbdaw&#8217;a yapt\u0131\u011f\u0131 a\u00e7\u0131klamada Beytocan&#8217;\u0131n bu sabah \u0130sve\u00e7 saati ile 05.30&#8217;da (Erbil S-06.30&#8217;da) vefat etti\u011fini s\u00f6yledi. K\u00fcrt sanat\u00e7\u0131 Armanc Beytocan&#8217;\u0131n vefat etti\u011fi hastaneye do\u011fru cenaze i\u015flemlerini yapmak \u00fczere hareket ettiklerini s\u00f6zlerine ekledi.<\/p>\n<p style=\"text-align: justify\">Beytocan uzun s\u00fcredir kanser tedavisi g\u00f6r\u00fcyordu.<\/p>\n<p style=\"text-align: justify\"><strong>Beytocan kimdir?<\/strong><\/p>\n<p style=\"text-align: justify\">1 Ekim 1955 tarihinde Diyarbak\u0131r&#8217;\u0131n Silvan(Farqin) il\u00e7esinde d\u00fcnyaya gelen Beytocan, 12 Eyl\u00fcl askeri darbesi s\u0131ras\u0131nda tutuklanm\u0131\u015f ve 15 y\u0131l hapse mahkum edilmi\u015fti. 6,5 y\u0131l cezaevinde kalan sanat\u00e7\u0131 1987 y\u0131l\u0131nda tahliye oldu.<\/p>\n<p style=\"text-align: justify\">Cezaevinden \u00e7\u0131kt\u0131ktan sonra \u0130stanbul&#8217;da m\u00fczik ya\u015fam\u0131na ba\u015flayan Beytocan, 1990 y\u0131l\u0131nda ilk m\u00fczik kasetini \u00e7\u0131kar\u0131rken, bir y\u0131l sonra 1991\u2019de \u0130sve\u00e7\u2019e g\u00f6\u00e7 etmek zorunda kald\u0131.<\/p>\n<p style=\"text-align: justify\">1990&#8217;l\u0131 y\u0131llarda ayr\u0131larak \u0130sve\u00e7&#8217;e yerle\u015fen Beytocan, \u00e7\u00f6z\u00fcm s\u00fcreci ile birlikte 23 y\u0131l aradan sonra Diyarbak\u0131r&#8217;a d\u00f6nd\u00fc.<\/p>\n<p style=\"text-align: justify\">S\u00f6z\u00fc, m\u00fczi\u011fi ve bestesi kendine ait 4 alb\u00fcm\u00fc bulunan sanat\u00e7\u0131n\u0131n &#8216;Yan mirin yan Diyarbekir&#8217; alb\u00fcm\u00fc T\u00fcrkiye\u2019de yasakland\u0131.<\/p>\n<p style=\"text-align: justify\">\u0130sve\u00e7&#8217;te ya\u015fayan Beytocan&#8217;\u0131n \u00fc\u00e7 y\u0131l \u00f6nce di\u015finin alt b\u00f6l\u00fcm\u00fcnde t\u00fcm\u00f6r tespit edildi. Yap\u0131lan tetkiklerde kanser oldu\u011fu anla\u015f\u0131lan Beytocan, o tarihten bu yana bir \u00e7ene operasyonu ge\u00e7irdi.<\/p>\n<p style=\"text-align: justify\">\u00c7enedeki t\u00fcm\u00f6r temizlenip yapay \u00e7ene yap\u0131lan Beytocan konu\u015fma g\u00fc\u00e7l\u00fc\u011f\u00fc \u00e7ekiyordu.<\/p>\n","protected":false},"excerpt":{"rendered":"<p>\u00a0Duayen K\u00fcrt ses sanat\u00e7\u0131s\u0131, s\u00f6z yazar\u0131 ve besteci Beytocan hayat\u0131n\u0131 kaybetti. Uzun s\u00fcredir yurtd\u0131\u015f\u0131nda kanser tedavisi g\u00f6ren Beytullah G\u00fcneri sahne ad\u0131yla Beytocan tedavi g\u00f6rd\u00fc\u011f\u00fc hastanede hayat\u0131n\u0131 kaybetti. Sanat\u00e7\u0131 Armanc R\u00fbdaw&#8217;a yapt\u0131\u011f\u0131 a\u00e7\u0131klamada Beytocan&#8217;\u0131n bu sabah \u0130sve\u00e7 saati ile 05.30&#8217;da (Erbil S-06.30&#8217;da) vefat etti\u011fini s\u00f6yledi. K\u00fcrt sanat\u00e7\u0131 Armanc Beytocan&#8217;\u0131n vefat etti\u011fi hastaneye do\u011fru cenaze i\u015flemlerini yapmak [&hellip;]<\/p>\n","protected":false},"author":2,"featured_media":1026579,"comment_status":"closed","ping_status":"closed","sticky":false,"template":"","format":"standard","meta":{"footnotes":""},"categories":[33],"tags":[31],"class_list":["post-1026578","post","type-post","status-publish","format-standard","has-post-thumbnail","hentry","category-sanat","tag-onemli"],"blocksy_meta":[],"seo_head":"<!-- This site is optimized with the Yoast SEO plugin v27.5 - https:\/\/yoast.com\/product\/yoast-seo-wordpress\/ -->\n<title>K\u00fcrt sanat\u00e7\u0131 Beytocan vefat etti - Darka Mazi<\/title>\n<meta name=\"robots\" content=\"index, follow, max-snippet:-1, max-image-preview:large, max-video-preview:-1\" \/>\n<link rel=\"canonical\" href=\"https:\/\/darkamazi.site\/archives\/1026578\" \/>\n<meta property=\"og:locale\" content=\"en_US\" \/>\n<meta property=\"og:type\" content=\"article\" \/>\n<meta property=\"og:title\" content=\"K\u00fcrt sanat\u00e7\u0131 Beytocan vefat etti - Darka Mazi\" \/>\n<meta property=\"og:description\" content=\"\u00a0Duayen K\u00fcrt ses sanat\u00e7\u0131s\u0131, s\u00f6z yazar\u0131 ve besteci Beytocan hayat\u0131n\u0131 kaybetti. Uzun s\u00fcredir yurtd\u0131\u015f\u0131nda kanser tedavisi g\u00f6ren Beytullah G\u00fcneri sahne ad\u0131yla Beytocan tedavi g\u00f6rd\u00fc\u011f\u00fc hastanede hayat\u0131n\u0131 kaybetti. Sanat\u00e7\u0131 Armanc R\u00fbdaw&#8217;a yapt\u0131\u011f\u0131 a\u00e7\u0131klamada Beytocan&#8217;\u0131n bu sabah \u0130sve\u00e7 saati ile 05.30&#8217;da (Erbil S-06.30&#8217;da) vefat etti\u011fini s\u00f6yledi. K\u00fcrt sanat\u00e7\u0131 Armanc Beytocan&#8217;\u0131n vefat etti\u011fi hastaneye do\u011fru cenaze i\u015flemlerini yapmak [&hellip;]\" \/>\n<meta property=\"og:url\" content=\"https:\/\/darkamazi.site\/archives\/1026578\" \/>\n<meta property=\"og:site_name\" content=\"Darka Mazi\" \/>\n<meta property=\"article:publisher\" content=\"https:\/\/www.facebook.com\/DarkaMaziturkce\" \/>\n<meta property=\"article:published_time\" content=\"2023-09-12T09:10:41+00:00\" \/>\n<meta property=\"article:modified_time\" content=\"2023-09-12T09:40:53+00:00\" \/>\n<meta property=\"og:image\" content=\"https:\/\/darkamazi.site\/file\/2023\/09\/bytcan-x.jpg\" \/>\n\t<meta property=\"og:image:width\" content=\"781\" \/>\n\t<meta property=\"og:image:height\" content=\"439\" \/>\n\t<meta property=\"og:image:type\" content=\"image\/jpeg\" \/>\n<meta name=\"author\" content=\"darka mazi\" \/>\n<meta name=\"twitter:card\" content=\"summary_large_image\" \/>\n<meta name=\"twitter:creator\" content=\"@DarkaMaziTurkce\" \/>\n<meta name=\"twitter:site\" content=\"@DarkaMaziTurkce\" \/>\n<meta name=\"twitter:label1\" content=\"Written by\" \/>\n\t<meta name=\"twitter:data1\" content=\"darka mazi\" \/>\n\t<meta name=\"twitter:label2\" content=\"Est. reading time\" \/>\n\t<meta name=\"twitter:data2\" content=\"1 minute\" \/>\n<script type=\"application\/ld+json\" class=\"seo-schema-graph\">{\"@context\":\"https:\\\/\\\/schema.org\",\"@graph\":[{\"@type\":\"NewsArticle\",\"@id\":\"https:\\\/\\\/darkamazi.site\\\/archives\\\/1026578#article\",\"isPartOf\":{\"@id\":\"https:\\\/\\\/darkamazi.site\\\/archives\\\/1026578\"},\"author\":{\"name\":\"darka mazi\",\"@id\":\"https:\\\/\\\/darkamazi.site\\\/#\\\/schema\\\/person\\\/67986a95ac546c16760365877ef4a9d3\"},\"headline\":\"K\u00fcrt sanat\u00e7\u0131 Beytocan vefat etti\",\"datePublished\":\"2023-09-12T09:10:41+00:00\",\"dateModified\":\"2023-09-12T09:40:53+00:00\",\"mainEntityOfPage\":{\"@id\":\"https:\\\/\\\/darkamazi.site\\\/archives\\\/1026578\"},\"wordCount\":277,\"publisher\":{\"@id\":\"https:\\\/\\\/darkamazi.site\\\/#organization\"},\"image\":{\"@id\":\"https:\\\/\\\/darkamazi.site\\\/archives\\\/1026578#primaryimage\"},\"thumbnailUrl\":\"https:\\\/\\\/darkamazi.site\\\/darka-content\\\/uploads\\\/2023\\\/09\\\/bytcan-x.jpg\",\"keywords\":[\"\u00f6nemli\"],\"articleSection\":[\"Sanat\"],\"inLanguage\":\"en-US\"},{\"@type\":\"WebPage\",\"@id\":\"https:\\\/\\\/darkamazi.site\\\/archives\\\/1026578\",\"url\":\"https:\\\/\\\/darkamazi.site\\\/archives\\\/1026578\",\"name\":\"K\u00fcrt sanat\u00e7\u0131 Beytocan vefat etti - Darka Mazi\",\"isPartOf\":{\"@id\":\"https:\\\/\\\/darkamazi.site\\\/#website\"},\"primaryImageOfPage\":{\"@id\":\"https:\\\/\\\/darkamazi.site\\\/archives\\\/1026578#primaryimage\"},\"image\":{\"@id\":\"https:\\\/\\\/darkamazi.site\\\/archives\\\/1026578#primaryimage\"},\"thumbnailUrl\":\"https:\\\/\\\/darkamazi.site\\\/darka-content\\\/uploads\\\/2023\\\/09\\\/bytcan-x.jpg\",\"datePublished\":\"2023-09-12T09:10:41+00:00\",\"dateModified\":\"2023-09-12T09:40:53+00:00\",\"breadcrumb\":{\"@id\":\"https:\\\/\\\/darkamazi.site\\\/archives\\\/1026578#breadcrumb\"},\"inLanguage\":\"en-US\",\"potentialAction\":[{\"@type\":\"ReadAction\",\"target\":[\"https:\\\/\\\/darkamazi.site\\\/archives\\\/1026578\"]}]},{\"@type\":\"ImageObject\",\"inLanguage\":\"en-US\",\"@id\":\"https:\\\/\\\/darkamazi.site\\\/archives\\\/1026578#primaryimage\",\"url\":\"https:\\\/\\\/darkamazi.site\\\/darka-content\\\/uploads\\\/2023\\\/09\\\/bytcan-x.jpg\",\"contentUrl\":\"https:\\\/\\\/darkamazi.site\\\/darka-content\\\/uploads\\\/2023\\\/09\\\/bytcan-x.jpg\",\"width\":781,\"height\":439,\"caption\":\"K\u00fcrt sanat\u00e7\u0131 Beytocan vefat etti\"},{\"@type\":\"BreadcrumbList\",\"@id\":\"https:\\\/\\\/darkamazi.site\\\/archives\\\/1026578#breadcrumb\",\"itemListElement\":[{\"@type\":\"ListItem\",\"position\":1,\"name\":\"Home\",\"item\":\"https:\\\/\\\/darkamazi.site\\\/\"},{\"@type\":\"ListItem\",\"position\":2,\"name\":\"K\u00fcrt sanat\u00e7\u0131 Beytocan vefat etti\"}]},{\"@type\":\"WebSite\",\"@id\":\"https:\\\/\\\/darkamazi.site\\\/#website\",\"url\":\"https:\\\/\\\/darkamazi.site\\\/\",\"name\":\"Darka Mazi\",\"description\":\"Ana Sayfa\",\"publisher\":{\"@id\":\"https:\\\/\\\/darkamazi.site\\\/#organization\"},\"potentialAction\":[{\"@type\":\"SearchAction\",\"target\":{\"@type\":\"EntryPoint\",\"urlTemplate\":\"https:\\\/\\\/darkamazi.site\\\/?s={search_term_string}\"},\"query-input\":{\"@type\":\"PropertyValueSpecification\",\"valueRequired\":true,\"valueName\":\"search_term_string\"}}],\"inLanguage\":\"en-US\"},{\"@type\":\"Organization\",\"@id\":\"https:\\\/\\\/darkamazi.site\\\/#organization\",\"name\":\"Darka Mazi T\u00fcrk\u00e7e\",\"alternateName\":\"Darka Mazi\",\"url\":\"https:\\\/\\\/darkamazi.site\\\/\",\"logo\":{\"@type\":\"ImageObject\",\"inLanguage\":\"en-US\",\"@id\":\"https:\\\/\\\/darkamazi.site\\\/#\\\/schema\\\/logo\\\/image\\\/\",\"url\":\"https:\\\/\\\/darkamazi.site\\\/darka-content\\\/uploads\\\/2017\\\/12\\\/darka-mazi-logo.png\",\"contentUrl\":\"https:\\\/\\\/darkamazi.site\\\/darka-content\\\/uploads\\\/2017\\\/12\\\/darka-mazi-logo.png\",\"width\":151,\"height\":75,\"caption\":\"Darka Mazi T\u00fcrk\u00e7e\"},\"image\":{\"@id\":\"https:\\\/\\\/darkamazi.site\\\/#\\\/schema\\\/logo\\\/image\\\/\"},\"sameAs\":[\"https:\\\/\\\/www.facebook.com\\\/DarkaMaziturkce\",\"https:\\\/\\\/x.com\\\/DarkaMaziTurkce\"]},{\"@type\":\"Person\",\"@id\":\"https:\\\/\\\/darkamazi.site\\\/#\\\/schema\\\/person\\\/67986a95ac546c16760365877ef4a9d3\",\"name\":\"darka mazi\",\"sameAs\":[\"https:\\\/\\\/darkamazi.site\"],\"url\":\"https:\\\/\\\/darkamazi.site\\\/archives\\\/author\\\/turkish\"}]}<\/script>\n<!-- \/ Yoast SEO plugin. -->","seo_head_json":{"title":"K\u00fcrt sanat\u00e7\u0131 Beytocan vefat etti - Darka Mazi","robots":{"index":"index","follow":"follow","max-snippet":"max-snippet:-1","max-image-preview":"max-image-preview:large","max-video-preview":"max-video-preview:-1"},"canonical":"https:\/\/darkamazi.site\/archives\/1026578","og_locale":"en_US","og_type":"article","og_title":"K\u00fcrt sanat\u00e7\u0131 Beytocan vefat etti - Darka Mazi","og_description":"\u00a0Duayen K\u00fcrt ses sanat\u00e7\u0131s\u0131, s\u00f6z yazar\u0131 ve besteci Beytocan hayat\u0131n\u0131 kaybetti. Uzun s\u00fcredir yurtd\u0131\u015f\u0131nda kanser tedavisi g\u00f6ren Beytullah G\u00fcneri sahne ad\u0131yla Beytocan tedavi g\u00f6rd\u00fc\u011f\u00fc hastanede hayat\u0131n\u0131 kaybetti. Sanat\u00e7\u0131 Armanc R\u00fbdaw&#8217;a yapt\u0131\u011f\u0131 a\u00e7\u0131klamada Beytocan&#8217;\u0131n bu sabah \u0130sve\u00e7 saati ile 05.30&#8217;da (Erbil S-06.30&#8217;da) vefat etti\u011fini s\u00f6yledi. K\u00fcrt sanat\u00e7\u0131 Armanc Beytocan&#8217;\u0131n vefat etti\u011fi hastaneye do\u011fru cenaze i\u015flemlerini yapmak [&hellip;]","og_url":"https:\/\/darkamazi.site\/archives\/1026578","og_site_name":"Darka Mazi","article_publisher":"https:\/\/www.facebook.com\/DarkaMaziturkce","article_published_time":"2023-09-12T09:10:41+00:00","article_modified_time":"2023-09-12T09:40:53+00:00","og_image":[{"width":781,"height":439,"url":"https:\/\/darkamazi.site\/file\/2023\/09\/bytcan-x.jpg","type":"image\/jpeg"}],"author":"darka mazi","twitter_card":"summary_large_image","twitter_creator":"@DarkaMaziTurkce","twitter_site":"@DarkaMaziTurkce","twitter_misc":{"Written by":"darka mazi","Est. reading time":"1 minute"},"schema":{"@context":"https:\/\/schema.org","@graph":[{"@type":"NewsArticle","@id":"https:\/\/darkamazi.site\/archives\/1026578#article","isPartOf":{"@id":"https:\/\/darkamazi.site\/archives\/1026578"},"author":{"name":"darka mazi","@id":"https:\/\/darkamazi.site\/#\/schema\/person\/67986a95ac546c16760365877ef4a9d3"},"headline":"K\u00fcrt sanat\u00e7\u0131 Beytocan vefat etti","datePublished":"2023-09-12T09:10:41+00:00","dateModified":"2023-09-12T09:40:53+00:00","mainEntityOfPage":{"@id":"https:\/\/darkamazi.site\/archives\/1026578"},"wordCount":277,"publisher":{"@id":"https:\/\/darkamazi.site\/#organization"},"image":{"@id":"https:\/\/darkamazi.site\/archives\/1026578#primaryimage"},"thumbnailUrl":"https:\/\/darkamazi.site\/file\/2023\/09\/bytcan-x.jpg","keywords":["\u00f6nemli"],"articleSection":["Sanat"],"inLanguage":"en-US"},{"@type":"WebPage","@id":"https:\/\/darkamazi.site\/archives\/1026578","url":"https:\/\/darkamazi.site\/archives\/1026578","name":"K\u00fcrt sanat\u00e7\u0131 Beytocan vefat etti - Darka Mazi","isPartOf":{"@id":"https:\/\/darkamazi.site\/#website"},"primaryImageOfPage":{"@id":"https:\/\/darkamazi.site\/archives\/1026578#primaryimage"},"image":{"@id":"https:\/\/darkamazi.site\/archives\/1026578#primaryimage"},"thumbnailUrl":"https:\/\/darkamazi.site\/file\/2023\/09\/bytcan-x.jpg","datePublished":"2023-09-12T09:10:41+00:00","dateModified":"2023-09-12T09:40:53+00:00","breadcrumb":{"@id":"https:\/\/darkamazi.site\/archives\/1026578#breadcrumb"},"inLanguage":"en-US","potentialAction":[{"@type":"ReadAction","target":["https:\/\/darkamazi.site\/archives\/1026578"]}]},{"@type":"ImageObject","inLanguage":"en-US","@id":"https:\/\/darkamazi.site\/archives\/1026578#primaryimage","url":"https:\/\/darkamazi.site\/file\/2023\/09\/bytcan-x.jpg","contentUrl":"https:\/\/darkamazi.site\/file\/2023\/09\/bytcan-x.jpg","width":781,"height":439,"caption":"K\u00fcrt sanat\u00e7\u0131 Beytocan vefat etti"},{"@type":"BreadcrumbList","@id":"https:\/\/darkamazi.site\/archives\/1026578#breadcrumb","itemListElement":[{"@type":"ListItem","position":1,"name":"Home","item":"https:\/\/darkamazi.site\/"},{"@type":"ListItem","position":2,"name":"K\u00fcrt sanat\u00e7\u0131 Beytocan vefat etti"}]},{"@type":"WebSite","@id":"https:\/\/darkamazi.site\/#website","url":"https:\/\/darkamazi.site\/","name":"Darka Mazi","description":"Ana Sayfa","publisher":{"@id":"https:\/\/darkamazi.site\/#organization"},"potentialAction":[{"@type":"SearchAction","target":{"@type":"EntryPoint","urlTemplate":"https:\/\/darkamazi.site\/?s={search_term_string}"},"query-input":{"@type":"PropertyValueSpecification","valueRequired":true,"valueName":"search_term_string"}}],"inLanguage":"en-US"},{"@type":"Organization","@id":"https:\/\/darkamazi.site\/#organization","name":"Darka Mazi T\u00fcrk\u00e7e","alternateName":"Darka Mazi","url":"https:\/\/darkamazi.site\/","logo":{"@type":"ImageObject","inLanguage":"en-US","@id":"https:\/\/darkamazi.site\/#\/schema\/logo\/image\/","url":"https:\/\/darkamazi.site\/file\/2017\/12\/darka-mazi-logo.png","contentUrl":"https:\/\/darkamazi.site\/file\/2017\/12\/darka-mazi-logo.png","width":151,"height":75,"caption":"Darka Mazi T\u00fcrk\u00e7e"},"image":{"@id":"https:\/\/darkamazi.site\/#\/schema\/logo\/image\/"},"sameAs":["https:\/\/www.facebook.com\/DarkaMaziturkce","https:\/\/x.com\/DarkaMaziTurkce"]},{"@type":"Person","@id":"https:\/\/darkamazi.site\/#\/schema\/person\/67986a95ac546c16760365877ef4a9d3","name":"darka mazi","sameAs":["https:\/\/darkamazi.site"],"url":"https:\/\/darkamazi.site\/archives\/author\/turkish"}]}},"_links":{"self":[{"href":"https:\/\/darkamazi.site\/funavuv\/wp\/v2\/posts\/1026578","targetHints":{"allow":["GET"]}}],"collection":[{"href":"https:\/\/darkamazi.site\/funavuv\/wp\/v2\/posts"}],"about":[{"href":"https:\/\/darkamazi.site\/funavuv\/wp\/v2\/types\/post"}],"author":[{"embeddable":true,"href":"https:\/\/darkamazi.site\/funavuv\/wp\/v2\/users\/2"}],"replies":[{"embeddable":true,"href":"https:\/\/darkamazi.site\/funavuv\/wp\/v2\/comments?post=1026578"}],"version-history":[{"count":0,"href":"https:\/\/darkamazi.site\/funavuv\/wp\/v2\/posts\/1026578\/revisions"}],"wp:featuredmedia":[{"embeddable":true,"href":"https:\/\/darkamazi.site\/funavuv\/wp\/v2\/media\/1026579"}],"wp:attachment":[{"href":"https:\/\/darkamazi.site\/funavuv\/wp\/v2\/media?parent=1026578"}],"wp:term":[{"taxonomy":"category","embeddable":true,"href":"https:\/\/darkamazi.site\/funavuv\/wp\/v2\/categories?post=1026578"},{"taxonomy":"post_tag","embeddable":true,"href":"https:\/\/darkamazi.site\/funavuv\/wp\/v2\/tags?post=1026578"}],"curies":[{"name":"wp","href":"https:\/\/api.w.org\/{rel}","templated":true}]}}