{"id":1026733,"date":"2023-09-21T17:02:04","date_gmt":"2023-09-21T14:02:04","guid":{"rendered":"https:\/\/darkamazi.site\/?p=1026733"},"modified":"2023-09-21T17:02:04","modified_gmt":"2023-09-21T14:02:04","slug":"amudedeki-siha-saldirisinda-pkknin-34-yillik-kadrosu-aslan-cele-hayatini-kaybetti","status":"publish","type":"post","link":"https:\/\/darkamazi.site\/archives\/1026733","title":{"rendered":"Amude\u2019deki SiHA sald\u0131r\u0131s\u0131nda PKK\u2019nin 34 y\u0131ll\u0131k kadrosu Aslan \u00c7el\u00ea hayat\u0131n\u0131 kaybetti"},"content":{"rendered":"<p style=\"text-align: justify\">T\u00fcrk devletinin Rojava\u2019daki SiHA sald\u0131r\u0131lar\u0131 son hafta i\u00e7inde yo\u011funla\u015ft\u0131. Sald\u0131r\u0131larda resmi a\u00e7\u0131klama yap\u0131lmazsa da \u00fcst d\u00fczey baz\u0131 y\u00f6neticilerin hayat\u0131n\u0131 kaybetti\u011fi y\u00f6n\u00fcnde bilgiler geliyor. \u00a0Son kay\u0131plar ise Amude\u2019de verildi. Amude\u2019de PKK\u2019nin en eski kadrolar\u0131ndan Aslan \u00c7el\u00ea\u2019nin hayat\u0131n\u0131 kaybetti\u011fi \u00f6\u011frenildi.<\/p>\n<p style=\"text-align: justify\">\u00a017 Eyl\u00fcl&#8217;de Amude-Kam\u0131\u015fl\u0131 yolunda yap\u0131lan hava sald\u0131r\u0131s\u0131nda \u00a0iki Asayi\u015f \u00fcyesi hayat\u0131n\u0131 kaybetmi\u015fti. PKK\u2019nin Rojava\u2019da yay\u0131n yapan yay\u0131n organ\u0131 Hawar News bu sald\u0131r\u0131da 8 ki\u015finin yaraland\u0131\u011f\u0131n\u0131 belirtmi\u015f fakat isimleri a\u00e7\u0131klamam\u0131\u015ft\u0131.<\/p>\n<p style=\"text-align: justify\">Rojava\u2019daki yerel kaynaklar Amude sald\u0131r\u0131s\u0131nda PKK\u2019nin Asayi\u015f Genel Sorumlusu Aslan \u00c7el\u00ea ve yard\u0131mc\u0131s\u0131n\u0131n hayat\u0131n\u0131 kaybetti\u011fini belirtiyorlar. \u00a0Ayr\u0131ca yaral\u0131 di\u011fer 8 ki\u015finin de asayi\u015f \u00e7al\u0131\u015fmalar\u0131nda yer alan ki\u015filer oldu\u011fu da belirtiliyor.<\/p>\n<p style=\"text-align: justify\">Aslan \u00c7ele kimdir?<\/p>\n<p style=\"text-align: justify\">Aslen \u00c7el\u00ea\u2019nin ( \u00c7ukurca) He\u015fet (Me\u015feli) \u00a0k\u00f6y\u00fcnden olan Aslan \u00c7el\u00ea ya\u015f\u0131 \u00e7ok k\u00fc\u00e7\u00fckken 1989 y\u0131l\u0131nda PKK taraf\u0131ndan ka\u00e7\u0131r\u0131l\u0131yor. Zorunlu askerlik yasas\u0131 ile g\u00f6t\u00fcr\u00fclen Aslan \u00c7ele uzun y\u0131llar Zap-Zagros hatt\u0131nda de\u011fi\u015fik g\u00f6revler yap\u0131yor.<\/p>\n<p style=\"text-align: justify\">Son y\u0131llarda ise Rojava\u2019da faaliyetlerini y\u00fcr\u00fct\u00fcyor. Qami\u015flo Asayi\u015f sorumlusu olan He\u015fet Me\u015fedi i\u00e7in PKK \u015fu ana de\u011fin bir a\u00e7\u0131klama yapmad\u0131. PKK Rojava\u2019da hayat\u0131n\u0131 kaybeden kadrolar\u0131n\u0131n isimlerini nadiren a\u00e7\u0131kl\u0131yor.<\/p>\n<p style=\"text-align: justify\">YPG15 Eyl\u00fcl\u2019de hayat\u0131n\u0131 kaybeden PKK kadrosu ve \u00f6zel kuvvet y\u00f6netimi \u015eervin Serdar ve beraberindeki iki kad\u0131n\u0131n kimli\u011fini a\u00e7\u0131klam\u0131\u015ft\u0131.<\/p>\n","protected":false},"excerpt":{"rendered":"<p>T\u00fcrk devletinin Rojava\u2019daki SiHA sald\u0131r\u0131lar\u0131 son hafta i\u00e7inde yo\u011funla\u015ft\u0131. Sald\u0131r\u0131larda resmi a\u00e7\u0131klama yap\u0131lmazsa da \u00fcst d\u00fczey baz\u0131 y\u00f6neticilerin hayat\u0131n\u0131 kaybetti\u011fi y\u00f6n\u00fcnde bilgiler geliyor. \u00a0Son kay\u0131plar ise Amude\u2019de verildi. Amude\u2019de PKK\u2019nin en eski kadrolar\u0131ndan Aslan \u00c7el\u00ea\u2019nin hayat\u0131n\u0131 kaybetti\u011fi \u00f6\u011frenildi. \u00a017 Eyl\u00fcl&#8217;de Amude-Kam\u0131\u015fl\u0131 yolunda yap\u0131lan hava sald\u0131r\u0131s\u0131nda \u00a0iki Asayi\u015f \u00fcyesi hayat\u0131n\u0131 kaybetmi\u015fti. PKK\u2019nin Rojava\u2019da yay\u0131n yapan yay\u0131n [&hellip;]<\/p>\n","protected":false},"author":2,"featured_media":1026734,"comment_status":"closed","ping_status":"closed","sticky":false,"template":"","format":"standard","meta":{"footnotes":""},"categories":[3],"tags":[31],"class_list":["post-1026733","post","type-post","status-publish","format-standard","has-post-thumbnail","hentry","category-kurdistan","tag-onemli"],"blocksy_meta":[],"seo_head":"<!-- This site is optimized with the Yoast SEO plugin v27.5 - https:\/\/yoast.com\/product\/yoast-seo-wordpress\/ -->\n<title>Amude\u2019deki SiHA sald\u0131r\u0131s\u0131nda PKK\u2019nin 34 y\u0131ll\u0131k kadrosu Aslan \u00c7el\u00ea hayat\u0131n\u0131 kaybetti - Darka Mazi<\/title>\n<meta name=\"robots\" content=\"index, follow, max-snippet:-1, max-image-preview:large, max-video-preview:-1\" \/>\n<link rel=\"canonical\" href=\"https:\/\/darkamazi.site\/archives\/1026733\" \/>\n<meta property=\"og:locale\" content=\"en_US\" \/>\n<meta property=\"og:type\" content=\"article\" \/>\n<meta property=\"og:title\" content=\"Amude\u2019deki SiHA sald\u0131r\u0131s\u0131nda PKK\u2019nin 34 y\u0131ll\u0131k kadrosu Aslan \u00c7el\u00ea hayat\u0131n\u0131 kaybetti - Darka Mazi\" \/>\n<meta property=\"og:description\" content=\"T\u00fcrk devletinin Rojava\u2019daki SiHA sald\u0131r\u0131lar\u0131 son hafta i\u00e7inde yo\u011funla\u015ft\u0131. Sald\u0131r\u0131larda resmi a\u00e7\u0131klama yap\u0131lmazsa da \u00fcst d\u00fczey baz\u0131 y\u00f6neticilerin hayat\u0131n\u0131 kaybetti\u011fi y\u00f6n\u00fcnde bilgiler geliyor. \u00a0Son kay\u0131plar ise Amude\u2019de verildi. Amude\u2019de PKK\u2019nin en eski kadrolar\u0131ndan Aslan \u00c7el\u00ea\u2019nin hayat\u0131n\u0131 kaybetti\u011fi \u00f6\u011frenildi. \u00a017 Eyl\u00fcl&#8217;de Amude-Kam\u0131\u015fl\u0131 yolunda yap\u0131lan hava sald\u0131r\u0131s\u0131nda \u00a0iki Asayi\u015f \u00fcyesi hayat\u0131n\u0131 kaybetmi\u015fti. PKK\u2019nin Rojava\u2019da yay\u0131n yapan yay\u0131n [&hellip;]\" \/>\n<meta property=\"og:url\" content=\"https:\/\/darkamazi.site\/archives\/1026733\" \/>\n<meta property=\"og:site_name\" content=\"Darka Mazi\" \/>\n<meta property=\"article:publisher\" content=\"https:\/\/www.facebook.com\/DarkaMaziturkce\" \/>\n<meta property=\"article:published_time\" content=\"2023-09-21T14:02:04+00:00\" \/>\n<meta property=\"og:image\" content=\"https:\/\/darkamazi.site\/file\/2023\/09\/rujava.jpg\" \/>\n\t<meta property=\"og:image:width\" content=\"900\" \/>\n\t<meta property=\"og:image:height\" content=\"497\" \/>\n\t<meta property=\"og:image:type\" content=\"image\/jpeg\" \/>\n<meta name=\"author\" content=\"darka mazi\" \/>\n<meta name=\"twitter:card\" content=\"summary_large_image\" \/>\n<meta name=\"twitter:creator\" content=\"@DarkaMaziTurkce\" \/>\n<meta name=\"twitter:site\" content=\"@DarkaMaziTurkce\" \/>\n<meta name=\"twitter:label1\" content=\"Written by\" \/>\n\t<meta name=\"twitter:data1\" content=\"darka mazi\" \/>\n\t<meta name=\"twitter:label2\" content=\"Est. reading time\" \/>\n\t<meta name=\"twitter:data2\" content=\"1 minute\" \/>\n<script type=\"application\/ld+json\" class=\"seo-schema-graph\">{\"@context\":\"https:\\\/\\\/schema.org\",\"@graph\":[{\"@type\":\"NewsArticle\",\"@id\":\"https:\\\/\\\/darkamazi.site\\\/archives\\\/1026733#article\",\"isPartOf\":{\"@id\":\"https:\\\/\\\/darkamazi.site\\\/archives\\\/1026733\"},\"author\":{\"name\":\"darka mazi\",\"@id\":\"https:\\\/\\\/darkamazi.site\\\/#\\\/schema\\\/person\\\/67986a95ac546c16760365877ef4a9d3\"},\"headline\":\"Amude\u2019deki SiHA sald\u0131r\u0131s\u0131nda PKK\u2019nin 34 y\u0131ll\u0131k kadrosu Aslan \u00c7el\u00ea hayat\u0131n\u0131 kaybetti\",\"datePublished\":\"2023-09-21T14:02:04+00:00\",\"mainEntityOfPage\":{\"@id\":\"https:\\\/\\\/darkamazi.site\\\/archives\\\/1026733\"},\"wordCount\":300,\"publisher\":{\"@id\":\"https:\\\/\\\/darkamazi.site\\\/#organization\"},\"image\":{\"@id\":\"https:\\\/\\\/darkamazi.site\\\/archives\\\/1026733#primaryimage\"},\"thumbnailUrl\":\"https:\\\/\\\/darkamazi.site\\\/darka-content\\\/uploads\\\/2023\\\/09\\\/rujava.jpg\",\"keywords\":[\"\u00f6nemli\"],\"articleSection\":[\"Kurdistan\"],\"inLanguage\":\"en-US\"},{\"@type\":\"WebPage\",\"@id\":\"https:\\\/\\\/darkamazi.site\\\/archives\\\/1026733\",\"url\":\"https:\\\/\\\/darkamazi.site\\\/archives\\\/1026733\",\"name\":\"Amude\u2019deki SiHA sald\u0131r\u0131s\u0131nda PKK\u2019nin 34 y\u0131ll\u0131k kadrosu Aslan \u00c7el\u00ea hayat\u0131n\u0131 kaybetti - Darka Mazi\",\"isPartOf\":{\"@id\":\"https:\\\/\\\/darkamazi.site\\\/#website\"},\"primaryImageOfPage\":{\"@id\":\"https:\\\/\\\/darkamazi.site\\\/archives\\\/1026733#primaryimage\"},\"image\":{\"@id\":\"https:\\\/\\\/darkamazi.site\\\/archives\\\/1026733#primaryimage\"},\"thumbnailUrl\":\"https:\\\/\\\/darkamazi.site\\\/darka-content\\\/uploads\\\/2023\\\/09\\\/rujava.jpg\",\"datePublished\":\"2023-09-21T14:02:04+00:00\",\"breadcrumb\":{\"@id\":\"https:\\\/\\\/darkamazi.site\\\/archives\\\/1026733#breadcrumb\"},\"inLanguage\":\"en-US\",\"potentialAction\":[{\"@type\":\"ReadAction\",\"target\":[\"https:\\\/\\\/darkamazi.site\\\/archives\\\/1026733\"]}]},{\"@type\":\"ImageObject\",\"inLanguage\":\"en-US\",\"@id\":\"https:\\\/\\\/darkamazi.site\\\/archives\\\/1026733#primaryimage\",\"url\":\"https:\\\/\\\/darkamazi.site\\\/darka-content\\\/uploads\\\/2023\\\/09\\\/rujava.jpg\",\"contentUrl\":\"https:\\\/\\\/darkamazi.site\\\/darka-content\\\/uploads\\\/2023\\\/09\\\/rujava.jpg\",\"width\":900,\"height\":497,\"caption\":\"Amude\u2019deki SiHA sald\u0131r\u0131s\u0131nda PKK\u2019nin 34 y\u0131ll\u0131k kadrosu Aslan \u00c7el\u00ea hayat\u0131n\u0131 kaybetti\"},{\"@type\":\"BreadcrumbList\",\"@id\":\"https:\\\/\\\/darkamazi.site\\\/archives\\\/1026733#breadcrumb\",\"itemListElement\":[{\"@type\":\"ListItem\",\"position\":1,\"name\":\"Home\",\"item\":\"https:\\\/\\\/darkamazi.site\\\/\"},{\"@type\":\"ListItem\",\"position\":2,\"name\":\"Amude\u2019deki SiHA sald\u0131r\u0131s\u0131nda PKK\u2019nin 34 y\u0131ll\u0131k kadrosu Aslan \u00c7el\u00ea hayat\u0131n\u0131 kaybetti\"}]},{\"@type\":\"WebSite\",\"@id\":\"https:\\\/\\\/darkamazi.site\\\/#website\",\"url\":\"https:\\\/\\\/darkamazi.site\\\/\",\"name\":\"Darka Mazi\",\"description\":\"Ana Sayfa\",\"publisher\":{\"@id\":\"https:\\\/\\\/darkamazi.site\\\/#organization\"},\"potentialAction\":[{\"@type\":\"SearchAction\",\"target\":{\"@type\":\"EntryPoint\",\"urlTemplate\":\"https:\\\/\\\/darkamazi.site\\\/?s={search_term_string}\"},\"query-input\":{\"@type\":\"PropertyValueSpecification\",\"valueRequired\":true,\"valueName\":\"search_term_string\"}}],\"inLanguage\":\"en-US\"},{\"@type\":\"Organization\",\"@id\":\"https:\\\/\\\/darkamazi.site\\\/#organization\",\"name\":\"Darka Mazi T\u00fcrk\u00e7e\",\"alternateName\":\"Darka Mazi\",\"url\":\"https:\\\/\\\/darkamazi.site\\\/\",\"logo\":{\"@type\":\"ImageObject\",\"inLanguage\":\"en-US\",\"@id\":\"https:\\\/\\\/darkamazi.site\\\/#\\\/schema\\\/logo\\\/image\\\/\",\"url\":\"https:\\\/\\\/darkamazi.site\\\/darka-content\\\/uploads\\\/2017\\\/12\\\/darka-mazi-logo.png\",\"contentUrl\":\"https:\\\/\\\/darkamazi.site\\\/darka-content\\\/uploads\\\/2017\\\/12\\\/darka-mazi-logo.png\",\"width\":151,\"height\":75,\"caption\":\"Darka Mazi T\u00fcrk\u00e7e\"},\"image\":{\"@id\":\"https:\\\/\\\/darkamazi.site\\\/#\\\/schema\\\/logo\\\/image\\\/\"},\"sameAs\":[\"https:\\\/\\\/www.facebook.com\\\/DarkaMaziturkce\",\"https:\\\/\\\/x.com\\\/DarkaMaziTurkce\"]},{\"@type\":\"Person\",\"@id\":\"https:\\\/\\\/darkamazi.site\\\/#\\\/schema\\\/person\\\/67986a95ac546c16760365877ef4a9d3\",\"name\":\"darka mazi\",\"sameAs\":[\"https:\\\/\\\/darkamazi.site\"],\"url\":\"https:\\\/\\\/darkamazi.site\\\/archives\\\/author\\\/turkish\"}]}<\/script>\n<!-- \/ Yoast SEO plugin. -->","seo_head_json":{"title":"Amude\u2019deki SiHA sald\u0131r\u0131s\u0131nda PKK\u2019nin 34 y\u0131ll\u0131k kadrosu Aslan \u00c7el\u00ea hayat\u0131n\u0131 kaybetti - Darka Mazi","robots":{"index":"index","follow":"follow","max-snippet":"max-snippet:-1","max-image-preview":"max-image-preview:large","max-video-preview":"max-video-preview:-1"},"canonical":"https:\/\/darkamazi.site\/archives\/1026733","og_locale":"en_US","og_type":"article","og_title":"Amude\u2019deki SiHA sald\u0131r\u0131s\u0131nda PKK\u2019nin 34 y\u0131ll\u0131k kadrosu Aslan \u00c7el\u00ea hayat\u0131n\u0131 kaybetti - Darka Mazi","og_description":"T\u00fcrk devletinin Rojava\u2019daki SiHA sald\u0131r\u0131lar\u0131 son hafta i\u00e7inde yo\u011funla\u015ft\u0131. Sald\u0131r\u0131larda resmi a\u00e7\u0131klama yap\u0131lmazsa da \u00fcst d\u00fczey baz\u0131 y\u00f6neticilerin hayat\u0131n\u0131 kaybetti\u011fi y\u00f6n\u00fcnde bilgiler geliyor. \u00a0Son kay\u0131plar ise Amude\u2019de verildi. Amude\u2019de PKK\u2019nin en eski kadrolar\u0131ndan Aslan \u00c7el\u00ea\u2019nin hayat\u0131n\u0131 kaybetti\u011fi \u00f6\u011frenildi. \u00a017 Eyl\u00fcl&#8217;de Amude-Kam\u0131\u015fl\u0131 yolunda yap\u0131lan hava sald\u0131r\u0131s\u0131nda \u00a0iki Asayi\u015f \u00fcyesi hayat\u0131n\u0131 kaybetmi\u015fti. PKK\u2019nin Rojava\u2019da yay\u0131n yapan yay\u0131n [&hellip;]","og_url":"https:\/\/darkamazi.site\/archives\/1026733","og_site_name":"Darka Mazi","article_publisher":"https:\/\/www.facebook.com\/DarkaMaziturkce","article_published_time":"2023-09-21T14:02:04+00:00","og_image":[{"width":900,"height":497,"url":"https:\/\/darkamazi.site\/file\/2023\/09\/rujava.jpg","type":"image\/jpeg"}],"author":"darka mazi","twitter_card":"summary_large_image","twitter_creator":"@DarkaMaziTurkce","twitter_site":"@DarkaMaziTurkce","twitter_misc":{"Written by":"darka mazi","Est. reading time":"1 minute"},"schema":{"@context":"https:\/\/schema.org","@graph":[{"@type":"NewsArticle","@id":"https:\/\/darkamazi.site\/archives\/1026733#article","isPartOf":{"@id":"https:\/\/darkamazi.site\/archives\/1026733"},"author":{"name":"darka mazi","@id":"https:\/\/darkamazi.site\/#\/schema\/person\/67986a95ac546c16760365877ef4a9d3"},"headline":"Amude\u2019deki SiHA sald\u0131r\u0131s\u0131nda PKK\u2019nin 34 y\u0131ll\u0131k kadrosu Aslan \u00c7el\u00ea hayat\u0131n\u0131 kaybetti","datePublished":"2023-09-21T14:02:04+00:00","mainEntityOfPage":{"@id":"https:\/\/darkamazi.site\/archives\/1026733"},"wordCount":300,"publisher":{"@id":"https:\/\/darkamazi.site\/#organization"},"image":{"@id":"https:\/\/darkamazi.site\/archives\/1026733#primaryimage"},"thumbnailUrl":"https:\/\/darkamazi.site\/file\/2023\/09\/rujava.jpg","keywords":["\u00f6nemli"],"articleSection":["Kurdistan"],"inLanguage":"en-US"},{"@type":"WebPage","@id":"https:\/\/darkamazi.site\/archives\/1026733","url":"https:\/\/darkamazi.site\/archives\/1026733","name":"Amude\u2019deki SiHA sald\u0131r\u0131s\u0131nda PKK\u2019nin 34 y\u0131ll\u0131k kadrosu Aslan \u00c7el\u00ea hayat\u0131n\u0131 kaybetti - Darka Mazi","isPartOf":{"@id":"https:\/\/darkamazi.site\/#website"},"primaryImageOfPage":{"@id":"https:\/\/darkamazi.site\/archives\/1026733#primaryimage"},"image":{"@id":"https:\/\/darkamazi.site\/archives\/1026733#primaryimage"},"thumbnailUrl":"https:\/\/darkamazi.site\/file\/2023\/09\/rujava.jpg","datePublished":"2023-09-21T14:02:04+00:00","breadcrumb":{"@id":"https:\/\/darkamazi.site\/archives\/1026733#breadcrumb"},"inLanguage":"en-US","potentialAction":[{"@type":"ReadAction","target":["https:\/\/darkamazi.site\/archives\/1026733"]}]},{"@type":"ImageObject","inLanguage":"en-US","@id":"https:\/\/darkamazi.site\/archives\/1026733#primaryimage","url":"https:\/\/darkamazi.site\/file\/2023\/09\/rujava.jpg","contentUrl":"https:\/\/darkamazi.site\/file\/2023\/09\/rujava.jpg","width":900,"height":497,"caption":"Amude\u2019deki SiHA sald\u0131r\u0131s\u0131nda PKK\u2019nin 34 y\u0131ll\u0131k kadrosu Aslan \u00c7el\u00ea hayat\u0131n\u0131 kaybetti"},{"@type":"BreadcrumbList","@id":"https:\/\/darkamazi.site\/archives\/1026733#breadcrumb","itemListElement":[{"@type":"ListItem","position":1,"name":"Home","item":"https:\/\/darkamazi.site\/"},{"@type":"ListItem","position":2,"name":"Amude\u2019deki SiHA sald\u0131r\u0131s\u0131nda PKK\u2019nin 34 y\u0131ll\u0131k kadrosu Aslan \u00c7el\u00ea hayat\u0131n\u0131 kaybetti"}]},{"@type":"WebSite","@id":"https:\/\/darkamazi.site\/#website","url":"https:\/\/darkamazi.site\/","name":"Darka Mazi","description":"Ana Sayfa","publisher":{"@id":"https:\/\/darkamazi.site\/#organization"},"potentialAction":[{"@type":"SearchAction","target":{"@type":"EntryPoint","urlTemplate":"https:\/\/darkamazi.site\/?s={search_term_string}"},"query-input":{"@type":"PropertyValueSpecification","valueRequired":true,"valueName":"search_term_string"}}],"inLanguage":"en-US"},{"@type":"Organization","@id":"https:\/\/darkamazi.site\/#organization","name":"Darka Mazi T\u00fcrk\u00e7e","alternateName":"Darka Mazi","url":"https:\/\/darkamazi.site\/","logo":{"@type":"ImageObject","inLanguage":"en-US","@id":"https:\/\/darkamazi.site\/#\/schema\/logo\/image\/","url":"https:\/\/darkamazi.site\/file\/2017\/12\/darka-mazi-logo.png","contentUrl":"https:\/\/darkamazi.site\/file\/2017\/12\/darka-mazi-logo.png","width":151,"height":75,"caption":"Darka Mazi T\u00fcrk\u00e7e"},"image":{"@id":"https:\/\/darkamazi.site\/#\/schema\/logo\/image\/"},"sameAs":["https:\/\/www.facebook.com\/DarkaMaziturkce","https:\/\/x.com\/DarkaMaziTurkce"]},{"@type":"Person","@id":"https:\/\/darkamazi.site\/#\/schema\/person\/67986a95ac546c16760365877ef4a9d3","name":"darka mazi","sameAs":["https:\/\/darkamazi.site"],"url":"https:\/\/darkamazi.site\/archives\/author\/turkish"}]}},"_links":{"self":[{"href":"https:\/\/darkamazi.site\/funavuv\/wp\/v2\/posts\/1026733","targetHints":{"allow":["GET"]}}],"collection":[{"href":"https:\/\/darkamazi.site\/funavuv\/wp\/v2\/posts"}],"about":[{"href":"https:\/\/darkamazi.site\/funavuv\/wp\/v2\/types\/post"}],"author":[{"embeddable":true,"href":"https:\/\/darkamazi.site\/funavuv\/wp\/v2\/users\/2"}],"replies":[{"embeddable":true,"href":"https:\/\/darkamazi.site\/funavuv\/wp\/v2\/comments?post=1026733"}],"version-history":[{"count":0,"href":"https:\/\/darkamazi.site\/funavuv\/wp\/v2\/posts\/1026733\/revisions"}],"wp:featuredmedia":[{"embeddable":true,"href":"https:\/\/darkamazi.site\/funavuv\/wp\/v2\/media\/1026734"}],"wp:attachment":[{"href":"https:\/\/darkamazi.site\/funavuv\/wp\/v2\/media?parent=1026733"}],"wp:term":[{"taxonomy":"category","embeddable":true,"href":"https:\/\/darkamazi.site\/funavuv\/wp\/v2\/categories?post=1026733"},{"taxonomy":"post_tag","embeddable":true,"href":"https:\/\/darkamazi.site\/funavuv\/wp\/v2\/tags?post=1026733"}],"curies":[{"name":"wp","href":"https:\/\/api.w.org\/{rel}","templated":true}]}}