{"id":1026786,"date":"2023-09-25T14:51:01","date_gmt":"2023-09-25T11:51:01","guid":{"rendered":"https:\/\/darkamazi.site\/?p=1026786"},"modified":"2026-03-31T16:19:48","modified_gmt":"2026-03-31T13:19:48","slug":"yesil-sol-partinin-yeni-ismi-belli-oldu","status":"publish","type":"post","link":"https:\/\/darkamazi.site\/archives\/1026786","title":{"rendered":"Ye\u015fil Sol Parti\u2019nin yeni ismi belli oldu"},"content":{"rendered":"<p>Ye\u015fil Sol Parti, Merkez Y\u00fcr\u00fctme Kurulu (MYK) toplant\u0131s\u0131nda isim de\u011fi\u015fikli\u011fi karar\u0131 ald\u0131. Partinin yeni isminin &#8220;Demokratik Halklar Partisi&#8221; oldu\u011fu bildirildi.<\/p>\n<p>Ye\u015fil Sol Parti MYK toplant\u0131s\u0131 bug\u00fcn ger\u00e7ekle\u015ftiriliyor.<\/p>\n<p>Art\u0131TV&#8217;nin haberine g\u00f6re, Ye\u015fil Sol Parti\u2019nin yeni ismi belli oldu. Habere g\u00f6re, Ye\u015fil Sol Parti&#8217;nin yeni ismi &#8220;Demokratik Halklar Partisi&#8221; oldu.<\/p>\n<p>Ye\u015fil Sol Parti&#8217;nin 11 Eyl\u00fcl&#8217;de ger\u00e7ekle\u015fen konferans\u0131nda parti i\u00e7in yeni isim \u00f6nerisi olarak yakla\u015f\u0131k 20 isim g\u00fcndeme gelmi\u015fti.<\/p>\n<p>\u00d6nerilen isimlerden baz\u0131lar\u0131 \u015f\u00f6yleydi: Demokratik Halklar Partisi (DHP), Halklar\u0131n E\u015fitlik ve Demokrasi Partisi (HEDEP), Halklar\u0131n E\u015fitlik Partisi (HEP), \u00d6zg\u00fcr Toplum Partisi (\u00d6TP), \u00d6zg\u00fcr Ya\u015fam Partisi (\u00d6YP), Yeni Ya\u015fam Partisi (YYP).<\/p>\n<p>\u00d6te yandan Ye\u015fil Sol Parti&#8217;den hen\u00fcz konuya dair resmi bir a\u00e7\u0131klama yap\u0131lmad\u0131.<\/p>\n","protected":false},"excerpt":{"rendered":"<p>Ye\u015fil Sol Parti, Merkez Y\u00fcr\u00fctme Kurulu (MYK) toplant\u0131s\u0131nda isim de\u011fi\u015fikli\u011fi karar\u0131 ald\u0131. Partinin yeni isminin &#8220;Demokratik Halklar Partisi&#8221; oldu\u011fu bildirildi. Ye\u015fil Sol Parti MYK toplant\u0131s\u0131 bug\u00fcn ger\u00e7ekle\u015ftiriliyor. Art\u0131TV&#8217;nin haberine g\u00f6re, Ye\u015fil Sol Parti\u2019nin yeni ismi belli oldu. Habere g\u00f6re, Ye\u015fil Sol Parti&#8217;nin yeni ismi &#8220;Demokratik Halklar Partisi&#8221; oldu. Ye\u015fil Sol Parti&#8217;nin 11 Eyl\u00fcl&#8217;de ger\u00e7ekle\u015fen konferans\u0131nda [&hellip;]<\/p>\n","protected":false},"author":2,"featured_media":1026788,"comment_status":"closed","ping_status":"closed","sticky":false,"template":"","format":"standard","meta":{"footnotes":""},"categories":[29],"tags":[],"class_list":["post-1026786","post","type-post","status-publish","format-standard","has-post-thumbnail","hentry","category-ortadogu"],"blocksy_meta":[],"seo_head":"<!-- This site is optimized with the Yoast SEO plugin v27.5 - https:\/\/yoast.com\/product\/yoast-seo-wordpress\/ -->\n<title>Ye\u015fil Sol Parti\u2019nin yeni ismi belli oldu - Darka Mazi<\/title>\n<meta name=\"robots\" content=\"index, follow, max-snippet:-1, max-image-preview:large, max-video-preview:-1\" \/>\n<link rel=\"canonical\" href=\"https:\/\/darkamazi.site\/archives\/1026786\" \/>\n<meta property=\"og:locale\" content=\"en_US\" \/>\n<meta property=\"og:type\" content=\"article\" \/>\n<meta property=\"og:title\" content=\"Ye\u015fil Sol Parti\u2019nin yeni ismi belli oldu - Darka Mazi\" \/>\n<meta property=\"og:description\" content=\"Ye\u015fil Sol Parti, Merkez Y\u00fcr\u00fctme Kurulu (MYK) toplant\u0131s\u0131nda isim de\u011fi\u015fikli\u011fi karar\u0131 ald\u0131. Partinin yeni isminin &#8220;Demokratik Halklar Partisi&#8221; oldu\u011fu bildirildi. Ye\u015fil Sol Parti MYK toplant\u0131s\u0131 bug\u00fcn ger\u00e7ekle\u015ftiriliyor. Art\u0131TV&#8217;nin haberine g\u00f6re, Ye\u015fil Sol Parti\u2019nin yeni ismi belli oldu. Habere g\u00f6re, Ye\u015fil Sol Parti&#8217;nin yeni ismi &#8220;Demokratik Halklar Partisi&#8221; oldu. Ye\u015fil Sol Parti&#8217;nin 11 Eyl\u00fcl&#8217;de ger\u00e7ekle\u015fen konferans\u0131nda [&hellip;]\" \/>\n<meta property=\"og:url\" content=\"https:\/\/darkamazi.site\/archives\/1026786\" \/>\n<meta property=\"og:site_name\" content=\"Darka Mazi\" \/>\n<meta property=\"article:publisher\" content=\"https:\/\/www.facebook.com\/DarkaMaziturkce\" \/>\n<meta property=\"article:published_time\" content=\"2023-09-25T11:51:01+00:00\" \/>\n<meta property=\"article:modified_time\" content=\"2026-03-31T13:19:48+00:00\" \/>\n<meta property=\"og:image\" content=\"https:\/\/darkamazi.site\/file\/2023\/09\/yesil-sol-partinin-ismi-degisti-vziwl2gi.jpg\" \/>\n\t<meta property=\"og:image:width\" content=\"1000\" \/>\n\t<meta property=\"og:image:height\" content=\"562\" \/>\n\t<meta property=\"og:image:type\" content=\"image\/jpeg\" \/>\n<meta name=\"author\" content=\"darka mazi\" \/>\n<meta name=\"twitter:card\" content=\"summary_large_image\" \/>\n<meta name=\"twitter:creator\" content=\"@DarkaMaziTurkce\" \/>\n<meta name=\"twitter:site\" content=\"@DarkaMaziTurkce\" \/>\n<meta name=\"twitter:label1\" content=\"Written by\" \/>\n\t<meta name=\"twitter:data1\" content=\"darka mazi\" \/>\n\t<meta name=\"twitter:label2\" content=\"Est. reading time\" \/>\n\t<meta name=\"twitter:data2\" content=\"1 minute\" \/>\n<script type=\"application\/ld+json\" class=\"seo-schema-graph\">{\"@context\":\"https:\\\/\\\/schema.org\",\"@graph\":[{\"@type\":\"NewsArticle\",\"@id\":\"https:\\\/\\\/darkamazi.site\\\/archives\\\/1026786#article\",\"isPartOf\":{\"@id\":\"https:\\\/\\\/darkamazi.site\\\/archives\\\/1026786\"},\"author\":{\"name\":\"darka mazi\",\"@id\":\"https:\\\/\\\/darkamazi.site\\\/#\\\/schema\\\/person\\\/67986a95ac546c16760365877ef4a9d3\"},\"headline\":\"Ye\u015fil Sol Parti\u2019nin yeni ismi belli oldu\",\"datePublished\":\"2023-09-25T11:51:01+00:00\",\"dateModified\":\"2026-03-31T13:19:48+00:00\",\"mainEntityOfPage\":{\"@id\":\"https:\\\/\\\/darkamazi.site\\\/archives\\\/1026786\"},\"wordCount\":162,\"publisher\":{\"@id\":\"https:\\\/\\\/darkamazi.site\\\/#organization\"},\"image\":{\"@id\":\"https:\\\/\\\/darkamazi.site\\\/archives\\\/1026786#primaryimage\"},\"thumbnailUrl\":\"https:\\\/\\\/darkamazi.site\\\/darka-content\\\/uploads\\\/2023\\\/09\\\/yesil-sol-partinin-ismi-degisti-vziwl2gi.jpg\",\"articleSection\":[\"Ortado\u011fu\"],\"inLanguage\":\"en-US\"},{\"@type\":\"WebPage\",\"@id\":\"https:\\\/\\\/darkamazi.site\\\/archives\\\/1026786\",\"url\":\"https:\\\/\\\/darkamazi.site\\\/archives\\\/1026786\",\"name\":\"Ye\u015fil Sol Parti\u2019nin yeni ismi belli oldu - Darka Mazi\",\"isPartOf\":{\"@id\":\"https:\\\/\\\/darkamazi.site\\\/#website\"},\"primaryImageOfPage\":{\"@id\":\"https:\\\/\\\/darkamazi.site\\\/archives\\\/1026786#primaryimage\"},\"image\":{\"@id\":\"https:\\\/\\\/darkamazi.site\\\/archives\\\/1026786#primaryimage\"},\"thumbnailUrl\":\"https:\\\/\\\/darkamazi.site\\\/darka-content\\\/uploads\\\/2023\\\/09\\\/yesil-sol-partinin-ismi-degisti-vziwl2gi.jpg\",\"datePublished\":\"2023-09-25T11:51:01+00:00\",\"dateModified\":\"2026-03-31T13:19:48+00:00\",\"breadcrumb\":{\"@id\":\"https:\\\/\\\/darkamazi.site\\\/archives\\\/1026786#breadcrumb\"},\"inLanguage\":\"en-US\",\"potentialAction\":[{\"@type\":\"ReadAction\",\"target\":[\"https:\\\/\\\/darkamazi.site\\\/archives\\\/1026786\"]}]},{\"@type\":\"ImageObject\",\"inLanguage\":\"en-US\",\"@id\":\"https:\\\/\\\/darkamazi.site\\\/archives\\\/1026786#primaryimage\",\"url\":\"https:\\\/\\\/darkamazi.site\\\/darka-content\\\/uploads\\\/2023\\\/09\\\/yesil-sol-partinin-ismi-degisti-vziwl2gi.jpg\",\"contentUrl\":\"https:\\\/\\\/darkamazi.site\\\/darka-content\\\/uploads\\\/2023\\\/09\\\/yesil-sol-partinin-ismi-degisti-vziwl2gi.jpg\",\"width\":1000,\"height\":562,\"caption\":\"Ye\u015fil Sol Parti\u2019nin yeni ismi belli oldu\"},{\"@type\":\"BreadcrumbList\",\"@id\":\"https:\\\/\\\/darkamazi.site\\\/archives\\\/1026786#breadcrumb\",\"itemListElement\":[{\"@type\":\"ListItem\",\"position\":1,\"name\":\"Home\",\"item\":\"https:\\\/\\\/darkamazi.site\\\/\"},{\"@type\":\"ListItem\",\"position\":2,\"name\":\"Ye\u015fil Sol Parti\u2019nin yeni ismi belli oldu\"}]},{\"@type\":\"WebSite\",\"@id\":\"https:\\\/\\\/darkamazi.site\\\/#website\",\"url\":\"https:\\\/\\\/darkamazi.site\\\/\",\"name\":\"Darka Mazi\",\"description\":\"Ana Sayfa\",\"publisher\":{\"@id\":\"https:\\\/\\\/darkamazi.site\\\/#organization\"},\"potentialAction\":[{\"@type\":\"SearchAction\",\"target\":{\"@type\":\"EntryPoint\",\"urlTemplate\":\"https:\\\/\\\/darkamazi.site\\\/?s={search_term_string}\"},\"query-input\":{\"@type\":\"PropertyValueSpecification\",\"valueRequired\":true,\"valueName\":\"search_term_string\"}}],\"inLanguage\":\"en-US\"},{\"@type\":\"Organization\",\"@id\":\"https:\\\/\\\/darkamazi.site\\\/#organization\",\"name\":\"Darka Mazi T\u00fcrk\u00e7e\",\"alternateName\":\"Darka Mazi\",\"url\":\"https:\\\/\\\/darkamazi.site\\\/\",\"logo\":{\"@type\":\"ImageObject\",\"inLanguage\":\"en-US\",\"@id\":\"https:\\\/\\\/darkamazi.site\\\/#\\\/schema\\\/logo\\\/image\\\/\",\"url\":\"https:\\\/\\\/darkamazi.site\\\/darka-content\\\/uploads\\\/2017\\\/12\\\/darka-mazi-logo.png\",\"contentUrl\":\"https:\\\/\\\/darkamazi.site\\\/darka-content\\\/uploads\\\/2017\\\/12\\\/darka-mazi-logo.png\",\"width\":151,\"height\":75,\"caption\":\"Darka Mazi T\u00fcrk\u00e7e\"},\"image\":{\"@id\":\"https:\\\/\\\/darkamazi.site\\\/#\\\/schema\\\/logo\\\/image\\\/\"},\"sameAs\":[\"https:\\\/\\\/www.facebook.com\\\/DarkaMaziturkce\",\"https:\\\/\\\/x.com\\\/DarkaMaziTurkce\"]},{\"@type\":\"Person\",\"@id\":\"https:\\\/\\\/darkamazi.site\\\/#\\\/schema\\\/person\\\/67986a95ac546c16760365877ef4a9d3\",\"name\":\"darka mazi\",\"sameAs\":[\"https:\\\/\\\/darkamazi.site\"],\"url\":\"https:\\\/\\\/darkamazi.site\\\/archives\\\/author\\\/turkish\"}]}<\/script>\n<!-- \/ Yoast SEO plugin. -->","seo_head_json":{"title":"Ye\u015fil Sol Parti\u2019nin yeni ismi belli oldu - Darka Mazi","robots":{"index":"index","follow":"follow","max-snippet":"max-snippet:-1","max-image-preview":"max-image-preview:large","max-video-preview":"max-video-preview:-1"},"canonical":"https:\/\/darkamazi.site\/archives\/1026786","og_locale":"en_US","og_type":"article","og_title":"Ye\u015fil Sol Parti\u2019nin yeni ismi belli oldu - Darka Mazi","og_description":"Ye\u015fil Sol Parti, Merkez Y\u00fcr\u00fctme Kurulu (MYK) toplant\u0131s\u0131nda isim de\u011fi\u015fikli\u011fi karar\u0131 ald\u0131. Partinin yeni isminin &#8220;Demokratik Halklar Partisi&#8221; oldu\u011fu bildirildi. Ye\u015fil Sol Parti MYK toplant\u0131s\u0131 bug\u00fcn ger\u00e7ekle\u015ftiriliyor. Art\u0131TV&#8217;nin haberine g\u00f6re, Ye\u015fil Sol Parti\u2019nin yeni ismi belli oldu. Habere g\u00f6re, Ye\u015fil Sol Parti&#8217;nin yeni ismi &#8220;Demokratik Halklar Partisi&#8221; oldu. Ye\u015fil Sol Parti&#8217;nin 11 Eyl\u00fcl&#8217;de ger\u00e7ekle\u015fen konferans\u0131nda [&hellip;]","og_url":"https:\/\/darkamazi.site\/archives\/1026786","og_site_name":"Darka Mazi","article_publisher":"https:\/\/www.facebook.com\/DarkaMaziturkce","article_published_time":"2023-09-25T11:51:01+00:00","article_modified_time":"2026-03-31T13:19:48+00:00","og_image":[{"width":1000,"height":562,"url":"https:\/\/darkamazi.site\/file\/2023\/09\/yesil-sol-partinin-ismi-degisti-vziwl2gi.jpg","type":"image\/jpeg"}],"author":"darka mazi","twitter_card":"summary_large_image","twitter_creator":"@DarkaMaziTurkce","twitter_site":"@DarkaMaziTurkce","twitter_misc":{"Written by":"darka mazi","Est. reading time":"1 minute"},"schema":{"@context":"https:\/\/schema.org","@graph":[{"@type":"NewsArticle","@id":"https:\/\/darkamazi.site\/archives\/1026786#article","isPartOf":{"@id":"https:\/\/darkamazi.site\/archives\/1026786"},"author":{"name":"darka mazi","@id":"https:\/\/darkamazi.site\/#\/schema\/person\/67986a95ac546c16760365877ef4a9d3"},"headline":"Ye\u015fil Sol Parti\u2019nin yeni ismi belli oldu","datePublished":"2023-09-25T11:51:01+00:00","dateModified":"2026-03-31T13:19:48+00:00","mainEntityOfPage":{"@id":"https:\/\/darkamazi.site\/archives\/1026786"},"wordCount":162,"publisher":{"@id":"https:\/\/darkamazi.site\/#organization"},"image":{"@id":"https:\/\/darkamazi.site\/archives\/1026786#primaryimage"},"thumbnailUrl":"https:\/\/darkamazi.site\/file\/2023\/09\/yesil-sol-partinin-ismi-degisti-vziwl2gi.jpg","articleSection":["Ortado\u011fu"],"inLanguage":"en-US"},{"@type":"WebPage","@id":"https:\/\/darkamazi.site\/archives\/1026786","url":"https:\/\/darkamazi.site\/archives\/1026786","name":"Ye\u015fil Sol Parti\u2019nin yeni ismi belli oldu - Darka Mazi","isPartOf":{"@id":"https:\/\/darkamazi.site\/#website"},"primaryImageOfPage":{"@id":"https:\/\/darkamazi.site\/archives\/1026786#primaryimage"},"image":{"@id":"https:\/\/darkamazi.site\/archives\/1026786#primaryimage"},"thumbnailUrl":"https:\/\/darkamazi.site\/file\/2023\/09\/yesil-sol-partinin-ismi-degisti-vziwl2gi.jpg","datePublished":"2023-09-25T11:51:01+00:00","dateModified":"2026-03-31T13:19:48+00:00","breadcrumb":{"@id":"https:\/\/darkamazi.site\/archives\/1026786#breadcrumb"},"inLanguage":"en-US","potentialAction":[{"@type":"ReadAction","target":["https:\/\/darkamazi.site\/archives\/1026786"]}]},{"@type":"ImageObject","inLanguage":"en-US","@id":"https:\/\/darkamazi.site\/archives\/1026786#primaryimage","url":"https:\/\/darkamazi.site\/file\/2023\/09\/yesil-sol-partinin-ismi-degisti-vziwl2gi.jpg","contentUrl":"https:\/\/darkamazi.site\/file\/2023\/09\/yesil-sol-partinin-ismi-degisti-vziwl2gi.jpg","width":1000,"height":562,"caption":"Ye\u015fil Sol Parti\u2019nin yeni ismi belli oldu"},{"@type":"BreadcrumbList","@id":"https:\/\/darkamazi.site\/archives\/1026786#breadcrumb","itemListElement":[{"@type":"ListItem","position":1,"name":"Home","item":"https:\/\/darkamazi.site\/"},{"@type":"ListItem","position":2,"name":"Ye\u015fil Sol Parti\u2019nin yeni ismi belli oldu"}]},{"@type":"WebSite","@id":"https:\/\/darkamazi.site\/#website","url":"https:\/\/darkamazi.site\/","name":"Darka Mazi","description":"Ana Sayfa","publisher":{"@id":"https:\/\/darkamazi.site\/#organization"},"potentialAction":[{"@type":"SearchAction","target":{"@type":"EntryPoint","urlTemplate":"https:\/\/darkamazi.site\/?s={search_term_string}"},"query-input":{"@type":"PropertyValueSpecification","valueRequired":true,"valueName":"search_term_string"}}],"inLanguage":"en-US"},{"@type":"Organization","@id":"https:\/\/darkamazi.site\/#organization","name":"Darka Mazi T\u00fcrk\u00e7e","alternateName":"Darka Mazi","url":"https:\/\/darkamazi.site\/","logo":{"@type":"ImageObject","inLanguage":"en-US","@id":"https:\/\/darkamazi.site\/#\/schema\/logo\/image\/","url":"https:\/\/darkamazi.site\/file\/2017\/12\/darka-mazi-logo.png","contentUrl":"https:\/\/darkamazi.site\/file\/2017\/12\/darka-mazi-logo.png","width":151,"height":75,"caption":"Darka Mazi T\u00fcrk\u00e7e"},"image":{"@id":"https:\/\/darkamazi.site\/#\/schema\/logo\/image\/"},"sameAs":["https:\/\/www.facebook.com\/DarkaMaziturkce","https:\/\/x.com\/DarkaMaziTurkce"]},{"@type":"Person","@id":"https:\/\/darkamazi.site\/#\/schema\/person\/67986a95ac546c16760365877ef4a9d3","name":"darka mazi","sameAs":["https:\/\/darkamazi.site"],"url":"https:\/\/darkamazi.site\/archives\/author\/turkish"}]}},"_links":{"self":[{"href":"https:\/\/darkamazi.site\/funavuv\/wp\/v2\/posts\/1026786","targetHints":{"allow":["GET"]}}],"collection":[{"href":"https:\/\/darkamazi.site\/funavuv\/wp\/v2\/posts"}],"about":[{"href":"https:\/\/darkamazi.site\/funavuv\/wp\/v2\/types\/post"}],"author":[{"embeddable":true,"href":"https:\/\/darkamazi.site\/funavuv\/wp\/v2\/users\/2"}],"replies":[{"embeddable":true,"href":"https:\/\/darkamazi.site\/funavuv\/wp\/v2\/comments?post=1026786"}],"version-history":[{"count":0,"href":"https:\/\/darkamazi.site\/funavuv\/wp\/v2\/posts\/1026786\/revisions"}],"wp:featuredmedia":[{"embeddable":true,"href":"https:\/\/darkamazi.site\/funavuv\/wp\/v2\/media\/1026788"}],"wp:attachment":[{"href":"https:\/\/darkamazi.site\/funavuv\/wp\/v2\/media?parent=1026786"}],"wp:term":[{"taxonomy":"category","embeddable":true,"href":"https:\/\/darkamazi.site\/funavuv\/wp\/v2\/categories?post=1026786"},{"taxonomy":"post_tag","embeddable":true,"href":"https:\/\/darkamazi.site\/funavuv\/wp\/v2\/tags?post=1026786"}],"curies":[{"name":"wp","href":"https:\/\/api.w.org\/{rel}","templated":true}]}}