{"id":1026822,"date":"2023-09-28T19:16:24","date_gmt":"2023-09-28T16:16:24","guid":{"rendered":"https:\/\/darkamazi.site\/?p=1026822"},"modified":"2026-03-31T16:19:48","modified_gmt":"2026-03-31T13:19:48","slug":"mevlut-yakut-kurdistan-bolgesi-ile-ekonomik-is-birliginin-guclenmesine-bagliyiz","status":"publish","type":"post","link":"https:\/\/darkamazi.site\/archives\/1026822","title":{"rendered":"Mevl\u00fct Yakut: K\u00fcrdistan B\u00f6lgesi ile ekonomik i\u015f birli\u011finin g\u00fc\u00e7lenmesine ba\u011fl\u0131y\u0131z"},"content":{"rendered":"<p>T\u00fcrkiye\u2019nin Erbil Ba\u015fkonsolusu Mevl\u00fct Yakut, T\u00fcrkiye\u2019nin K\u00fcrdistan B\u00f6lgesi ile ekonomik i\u015f birli\u011finin g\u00fc\u00e7lendirilmesine ba\u011fl\u0131 oldu\u011funu s\u00f6yledi.<\/p>\n<p>M\u00fcstakil Sanayici ve \u0130\u015fadamlar\u0131 Derne\u011fi (M\u00dcS\u0130AD), Irak-K\u00fcrdistan B\u00f6lgesi ve T\u00fcrkiye aras\u0131ndaki ticari ili\u015fkileri geli\u015ftirmek amac\u0131yla Erbil\u2019de, T\u00fcrkiye ve K\u00fcrdistan B\u00f6lgesi\u2019nden \u015firketlerin kar\u015f\u0131l\u0131kl\u0131 g\u00f6r\u00fc\u015fmeler ger\u00e7ekle\u015ftirdi\u011fi bir forum d\u00fczenledi.<\/p>\n<p>Toplant\u0131da konu\u015fma yapan Ba\u015fkonsolos Yakut, \u201cBug\u00fcn burada bulunmam\u0131z T\u00fcrkiye\u2019nin b\u00f6lgedeki ortaklar\u0131yla ekonomik i\u015f birli\u011fini ve ortakl\u0131\u011f\u0131n\u0131 g\u00fc\u00e7lendirmeye olan ba\u011fl\u0131l\u0131\u011f\u0131n\u0131n bir yans\u0131mas\u0131d\u0131r.\u201d dedi.<\/p>\n<p>\u201cOrtak bir s\u0131n\u0131ra, k\u00f6kl\u00fc k\u00fclt\u00fcrel tarihi ili\u015fkilere sahip oldu\u011fumuz IKBY, T\u00fcrkiye i\u00e7in ticaret, yat\u0131r\u0131m ve k\u00fclt\u00fcrel de\u011fi\u015fimde \u00f6nemli bir partner olmu\u015ftur.\u201d diyen Ba\u015fkonsolos Yakut, forum kapsam\u0131nda kurulacak i\u015f ili\u015fkilerinin i\u015f birliklerini geli\u015ftirmek i\u00e7in \u00f6nemli bir f\u0131rsat oldu\u011funu belirtti.<\/p>\n<p>T\u00fcrkiye ile K\u00fcrdistan B\u00f6lgesi aras\u0131ndaki ili\u015fkilerden \u201cumutlu\u201d oldu\u011funu dile getiren Mevl\u00fct Yakut, \u201cBirlikte insanlar\u0131m\u0131z i\u00e7in daha parlak daha zengin bir gelecek in\u015fa edebiliriz.\u201d diye konu\u015ftu.<\/p>\n<p>Kal\u0131c\u0131 ortakl\u0131klar kurulmas\u0131 i\u00e7in fikirlerin birle\u015ftirilmesi \u00e7a\u011fr\u0131s\u0131nda da bulunan Yakut, \u201cBirlikte \u00e7al\u0131\u015farak m\u00fc\u015fterek refah\u0131n gelece\u011fini yaratal\u0131m.\u201d ifadesini kulland\u0131.<\/p>\n","protected":false},"excerpt":{"rendered":"<p>T\u00fcrkiye\u2019nin Erbil Ba\u015fkonsolusu Mevl\u00fct Yakut, T\u00fcrkiye\u2019nin K\u00fcrdistan B\u00f6lgesi ile ekonomik i\u015f birli\u011finin g\u00fc\u00e7lendirilmesine ba\u011fl\u0131 oldu\u011funu s\u00f6yledi. M\u00fcstakil Sanayici ve \u0130\u015fadamlar\u0131 Derne\u011fi (M\u00dcS\u0130AD), Irak-K\u00fcrdistan B\u00f6lgesi ve T\u00fcrkiye aras\u0131ndaki ticari ili\u015fkileri geli\u015ftirmek amac\u0131yla Erbil\u2019de, T\u00fcrkiye ve K\u00fcrdistan B\u00f6lgesi\u2019nden \u015firketlerin kar\u015f\u0131l\u0131kl\u0131 g\u00f6r\u00fc\u015fmeler ger\u00e7ekle\u015ftirdi\u011fi bir forum d\u00fczenledi. Toplant\u0131da konu\u015fma yapan Ba\u015fkonsolos Yakut, \u201cBug\u00fcn burada bulunmam\u0131z T\u00fcrkiye\u2019nin b\u00f6lgedeki ortaklar\u0131yla ekonomik [&hellip;]<\/p>\n","protected":false},"author":2,"featured_media":1026823,"comment_status":"closed","ping_status":"closed","sticky":false,"template":"","format":"standard","meta":{"footnotes":""},"categories":[3],"tags":[],"class_list":["post-1026822","post","type-post","status-publish","format-standard","has-post-thumbnail","hentry","category-kurdistan"],"blocksy_meta":[],"seo_head":"<!-- This site is optimized with the Yoast SEO plugin v27.5 - https:\/\/yoast.com\/product\/yoast-seo-wordpress\/ -->\n<title>Mevl\u00fct Yakut: K\u00fcrdistan B\u00f6lgesi ile ekonomik i\u015f birli\u011finin g\u00fc\u00e7lenmesine ba\u011fl\u0131y\u0131z - Darka Mazi<\/title>\n<meta name=\"robots\" content=\"index, follow, max-snippet:-1, max-image-preview:large, max-video-preview:-1\" \/>\n<link rel=\"canonical\" href=\"https:\/\/darkamazi.site\/archives\/1026822\" \/>\n<meta property=\"og:locale\" content=\"en_US\" \/>\n<meta property=\"og:type\" content=\"article\" \/>\n<meta property=\"og:title\" content=\"Mevl\u00fct Yakut: K\u00fcrdistan B\u00f6lgesi ile ekonomik i\u015f birli\u011finin g\u00fc\u00e7lenmesine ba\u011fl\u0131y\u0131z - Darka Mazi\" \/>\n<meta property=\"og:description\" content=\"T\u00fcrkiye\u2019nin Erbil Ba\u015fkonsolusu Mevl\u00fct Yakut, T\u00fcrkiye\u2019nin K\u00fcrdistan B\u00f6lgesi ile ekonomik i\u015f birli\u011finin g\u00fc\u00e7lendirilmesine ba\u011fl\u0131 oldu\u011funu s\u00f6yledi. M\u00fcstakil Sanayici ve \u0130\u015fadamlar\u0131 Derne\u011fi (M\u00dcS\u0130AD), Irak-K\u00fcrdistan B\u00f6lgesi ve T\u00fcrkiye aras\u0131ndaki ticari ili\u015fkileri geli\u015ftirmek amac\u0131yla Erbil\u2019de, T\u00fcrkiye ve K\u00fcrdistan B\u00f6lgesi\u2019nden \u015firketlerin kar\u015f\u0131l\u0131kl\u0131 g\u00f6r\u00fc\u015fmeler ger\u00e7ekle\u015ftirdi\u011fi bir forum d\u00fczenledi. Toplant\u0131da konu\u015fma yapan Ba\u015fkonsolos Yakut, \u201cBug\u00fcn burada bulunmam\u0131z T\u00fcrkiye\u2019nin b\u00f6lgedeki ortaklar\u0131yla ekonomik [&hellip;]\" \/>\n<meta property=\"og:url\" content=\"https:\/\/darkamazi.site\/archives\/1026822\" \/>\n<meta property=\"og:site_name\" content=\"Darka Mazi\" \/>\n<meta property=\"article:publisher\" content=\"https:\/\/www.facebook.com\/DarkaMaziturkce\" \/>\n<meta property=\"article:published_time\" content=\"2023-09-28T16:16:24+00:00\" \/>\n<meta property=\"article:modified_time\" content=\"2026-03-31T13:19:48+00:00\" \/>\n<meta property=\"og:image\" content=\"https:\/\/darkamazi.site\/file\/2023\/09\/musiadgenelmerkezmanset1-scaled.jpeg\" \/>\n\t<meta property=\"og:image:width\" content=\"2560\" \/>\n\t<meta property=\"og:image:height\" content=\"1111\" \/>\n\t<meta property=\"og:image:type\" content=\"image\/jpeg\" \/>\n<meta name=\"author\" content=\"darka mazi\" \/>\n<meta name=\"twitter:card\" content=\"summary_large_image\" \/>\n<meta name=\"twitter:creator\" content=\"@DarkaMaziTurkce\" \/>\n<meta name=\"twitter:site\" content=\"@DarkaMaziTurkce\" \/>\n<meta name=\"twitter:label1\" content=\"Written by\" \/>\n\t<meta name=\"twitter:data1\" content=\"darka mazi\" \/>\n\t<meta name=\"twitter:label2\" content=\"Est. reading time\" \/>\n\t<meta name=\"twitter:data2\" content=\"1 minute\" \/>\n<script type=\"application\/ld+json\" class=\"seo-schema-graph\">{\"@context\":\"https:\\\/\\\/schema.org\",\"@graph\":[{\"@type\":\"NewsArticle\",\"@id\":\"https:\\\/\\\/darkamazi.site\\\/archives\\\/1026822#article\",\"isPartOf\":{\"@id\":\"https:\\\/\\\/darkamazi.site\\\/archives\\\/1026822\"},\"author\":{\"name\":\"darka mazi\",\"@id\":\"https:\\\/\\\/darkamazi.site\\\/#\\\/schema\\\/person\\\/67986a95ac546c16760365877ef4a9d3\"},\"headline\":\"Mevl\u00fct Yakut: K\u00fcrdistan B\u00f6lgesi ile ekonomik i\u015f birli\u011finin g\u00fc\u00e7lenmesine ba\u011fl\u0131y\u0131z\",\"datePublished\":\"2023-09-28T16:16:24+00:00\",\"dateModified\":\"2026-03-31T13:19:48+00:00\",\"mainEntityOfPage\":{\"@id\":\"https:\\\/\\\/darkamazi.site\\\/archives\\\/1026822\"},\"wordCount\":267,\"publisher\":{\"@id\":\"https:\\\/\\\/darkamazi.site\\\/#organization\"},\"image\":{\"@id\":\"https:\\\/\\\/darkamazi.site\\\/archives\\\/1026822#primaryimage\"},\"thumbnailUrl\":\"https:\\\/\\\/darkamazi.site\\\/darka-content\\\/uploads\\\/2023\\\/09\\\/musiadgenelmerkezmanset1-scaled.jpeg\",\"articleSection\":[\"Kurdistan\"],\"inLanguage\":\"en-US\"},{\"@type\":\"WebPage\",\"@id\":\"https:\\\/\\\/darkamazi.site\\\/archives\\\/1026822\",\"url\":\"https:\\\/\\\/darkamazi.site\\\/archives\\\/1026822\",\"name\":\"Mevl\u00fct Yakut: K\u00fcrdistan B\u00f6lgesi ile ekonomik i\u015f birli\u011finin g\u00fc\u00e7lenmesine ba\u011fl\u0131y\u0131z - Darka Mazi\",\"isPartOf\":{\"@id\":\"https:\\\/\\\/darkamazi.site\\\/#website\"},\"primaryImageOfPage\":{\"@id\":\"https:\\\/\\\/darkamazi.site\\\/archives\\\/1026822#primaryimage\"},\"image\":{\"@id\":\"https:\\\/\\\/darkamazi.site\\\/archives\\\/1026822#primaryimage\"},\"thumbnailUrl\":\"https:\\\/\\\/darkamazi.site\\\/darka-content\\\/uploads\\\/2023\\\/09\\\/musiadgenelmerkezmanset1-scaled.jpeg\",\"datePublished\":\"2023-09-28T16:16:24+00:00\",\"dateModified\":\"2026-03-31T13:19:48+00:00\",\"breadcrumb\":{\"@id\":\"https:\\\/\\\/darkamazi.site\\\/archives\\\/1026822#breadcrumb\"},\"inLanguage\":\"en-US\",\"potentialAction\":[{\"@type\":\"ReadAction\",\"target\":[\"https:\\\/\\\/darkamazi.site\\\/archives\\\/1026822\"]}]},{\"@type\":\"ImageObject\",\"inLanguage\":\"en-US\",\"@id\":\"https:\\\/\\\/darkamazi.site\\\/archives\\\/1026822#primaryimage\",\"url\":\"https:\\\/\\\/darkamazi.site\\\/darka-content\\\/uploads\\\/2023\\\/09\\\/musiadgenelmerkezmanset1-scaled.jpeg\",\"contentUrl\":\"https:\\\/\\\/darkamazi.site\\\/darka-content\\\/uploads\\\/2023\\\/09\\\/musiadgenelmerkezmanset1-scaled.jpeg\",\"width\":2560,\"height\":1111,\"caption\":\"Mevl\u00fct Yakut: K\u00fcrdistan B\u00f6lgesi ile ekonomik i\u015f birli\u011finin g\u00fc\u00e7lenmesine ba\u011fl\u0131y\u0131z\"},{\"@type\":\"BreadcrumbList\",\"@id\":\"https:\\\/\\\/darkamazi.site\\\/archives\\\/1026822#breadcrumb\",\"itemListElement\":[{\"@type\":\"ListItem\",\"position\":1,\"name\":\"Home\",\"item\":\"https:\\\/\\\/darkamazi.site\\\/\"},{\"@type\":\"ListItem\",\"position\":2,\"name\":\"Mevl\u00fct Yakut: K\u00fcrdistan B\u00f6lgesi ile ekonomik i\u015f birli\u011finin g\u00fc\u00e7lenmesine ba\u011fl\u0131y\u0131z\"}]},{\"@type\":\"WebSite\",\"@id\":\"https:\\\/\\\/darkamazi.site\\\/#website\",\"url\":\"https:\\\/\\\/darkamazi.site\\\/\",\"name\":\"Darka Mazi\",\"description\":\"Ana Sayfa\",\"publisher\":{\"@id\":\"https:\\\/\\\/darkamazi.site\\\/#organization\"},\"potentialAction\":[{\"@type\":\"SearchAction\",\"target\":{\"@type\":\"EntryPoint\",\"urlTemplate\":\"https:\\\/\\\/darkamazi.site\\\/?s={search_term_string}\"},\"query-input\":{\"@type\":\"PropertyValueSpecification\",\"valueRequired\":true,\"valueName\":\"search_term_string\"}}],\"inLanguage\":\"en-US\"},{\"@type\":\"Organization\",\"@id\":\"https:\\\/\\\/darkamazi.site\\\/#organization\",\"name\":\"Darka Mazi T\u00fcrk\u00e7e\",\"alternateName\":\"Darka Mazi\",\"url\":\"https:\\\/\\\/darkamazi.site\\\/\",\"logo\":{\"@type\":\"ImageObject\",\"inLanguage\":\"en-US\",\"@id\":\"https:\\\/\\\/darkamazi.site\\\/#\\\/schema\\\/logo\\\/image\\\/\",\"url\":\"https:\\\/\\\/darkamazi.site\\\/darka-content\\\/uploads\\\/2017\\\/12\\\/darka-mazi-logo.png\",\"contentUrl\":\"https:\\\/\\\/darkamazi.site\\\/darka-content\\\/uploads\\\/2017\\\/12\\\/darka-mazi-logo.png\",\"width\":151,\"height\":75,\"caption\":\"Darka Mazi T\u00fcrk\u00e7e\"},\"image\":{\"@id\":\"https:\\\/\\\/darkamazi.site\\\/#\\\/schema\\\/logo\\\/image\\\/\"},\"sameAs\":[\"https:\\\/\\\/www.facebook.com\\\/DarkaMaziturkce\",\"https:\\\/\\\/x.com\\\/DarkaMaziTurkce\"]},{\"@type\":\"Person\",\"@id\":\"https:\\\/\\\/darkamazi.site\\\/#\\\/schema\\\/person\\\/67986a95ac546c16760365877ef4a9d3\",\"name\":\"darka mazi\",\"sameAs\":[\"https:\\\/\\\/darkamazi.site\"],\"url\":\"https:\\\/\\\/darkamazi.site\\\/archives\\\/author\\\/turkish\"}]}<\/script>\n<!-- \/ Yoast SEO plugin. -->","seo_head_json":{"title":"Mevl\u00fct Yakut: K\u00fcrdistan B\u00f6lgesi ile ekonomik i\u015f birli\u011finin g\u00fc\u00e7lenmesine ba\u011fl\u0131y\u0131z - Darka Mazi","robots":{"index":"index","follow":"follow","max-snippet":"max-snippet:-1","max-image-preview":"max-image-preview:large","max-video-preview":"max-video-preview:-1"},"canonical":"https:\/\/darkamazi.site\/archives\/1026822","og_locale":"en_US","og_type":"article","og_title":"Mevl\u00fct Yakut: K\u00fcrdistan B\u00f6lgesi ile ekonomik i\u015f birli\u011finin g\u00fc\u00e7lenmesine ba\u011fl\u0131y\u0131z - Darka Mazi","og_description":"T\u00fcrkiye\u2019nin Erbil Ba\u015fkonsolusu Mevl\u00fct Yakut, T\u00fcrkiye\u2019nin K\u00fcrdistan B\u00f6lgesi ile ekonomik i\u015f birli\u011finin g\u00fc\u00e7lendirilmesine ba\u011fl\u0131 oldu\u011funu s\u00f6yledi. M\u00fcstakil Sanayici ve \u0130\u015fadamlar\u0131 Derne\u011fi (M\u00dcS\u0130AD), Irak-K\u00fcrdistan B\u00f6lgesi ve T\u00fcrkiye aras\u0131ndaki ticari ili\u015fkileri geli\u015ftirmek amac\u0131yla Erbil\u2019de, T\u00fcrkiye ve K\u00fcrdistan B\u00f6lgesi\u2019nden \u015firketlerin kar\u015f\u0131l\u0131kl\u0131 g\u00f6r\u00fc\u015fmeler ger\u00e7ekle\u015ftirdi\u011fi bir forum d\u00fczenledi. Toplant\u0131da konu\u015fma yapan Ba\u015fkonsolos Yakut, \u201cBug\u00fcn burada bulunmam\u0131z T\u00fcrkiye\u2019nin b\u00f6lgedeki ortaklar\u0131yla ekonomik [&hellip;]","og_url":"https:\/\/darkamazi.site\/archives\/1026822","og_site_name":"Darka Mazi","article_publisher":"https:\/\/www.facebook.com\/DarkaMaziturkce","article_published_time":"2023-09-28T16:16:24+00:00","article_modified_time":"2026-03-31T13:19:48+00:00","og_image":[{"width":2560,"height":1111,"url":"https:\/\/darkamazi.site\/file\/2023\/09\/musiadgenelmerkezmanset1-scaled.jpeg","type":"image\/jpeg"}],"author":"darka mazi","twitter_card":"summary_large_image","twitter_creator":"@DarkaMaziTurkce","twitter_site":"@DarkaMaziTurkce","twitter_misc":{"Written by":"darka mazi","Est. reading time":"1 minute"},"schema":{"@context":"https:\/\/schema.org","@graph":[{"@type":"NewsArticle","@id":"https:\/\/darkamazi.site\/archives\/1026822#article","isPartOf":{"@id":"https:\/\/darkamazi.site\/archives\/1026822"},"author":{"name":"darka mazi","@id":"https:\/\/darkamazi.site\/#\/schema\/person\/67986a95ac546c16760365877ef4a9d3"},"headline":"Mevl\u00fct Yakut: K\u00fcrdistan B\u00f6lgesi ile ekonomik i\u015f birli\u011finin g\u00fc\u00e7lenmesine ba\u011fl\u0131y\u0131z","datePublished":"2023-09-28T16:16:24+00:00","dateModified":"2026-03-31T13:19:48+00:00","mainEntityOfPage":{"@id":"https:\/\/darkamazi.site\/archives\/1026822"},"wordCount":267,"publisher":{"@id":"https:\/\/darkamazi.site\/#organization"},"image":{"@id":"https:\/\/darkamazi.site\/archives\/1026822#primaryimage"},"thumbnailUrl":"https:\/\/darkamazi.site\/file\/2023\/09\/musiadgenelmerkezmanset1-scaled.jpeg","articleSection":["Kurdistan"],"inLanguage":"en-US"},{"@type":"WebPage","@id":"https:\/\/darkamazi.site\/archives\/1026822","url":"https:\/\/darkamazi.site\/archives\/1026822","name":"Mevl\u00fct Yakut: K\u00fcrdistan B\u00f6lgesi ile ekonomik i\u015f birli\u011finin g\u00fc\u00e7lenmesine ba\u011fl\u0131y\u0131z - Darka Mazi","isPartOf":{"@id":"https:\/\/darkamazi.site\/#website"},"primaryImageOfPage":{"@id":"https:\/\/darkamazi.site\/archives\/1026822#primaryimage"},"image":{"@id":"https:\/\/darkamazi.site\/archives\/1026822#primaryimage"},"thumbnailUrl":"https:\/\/darkamazi.site\/file\/2023\/09\/musiadgenelmerkezmanset1-scaled.jpeg","datePublished":"2023-09-28T16:16:24+00:00","dateModified":"2026-03-31T13:19:48+00:00","breadcrumb":{"@id":"https:\/\/darkamazi.site\/archives\/1026822#breadcrumb"},"inLanguage":"en-US","potentialAction":[{"@type":"ReadAction","target":["https:\/\/darkamazi.site\/archives\/1026822"]}]},{"@type":"ImageObject","inLanguage":"en-US","@id":"https:\/\/darkamazi.site\/archives\/1026822#primaryimage","url":"https:\/\/darkamazi.site\/file\/2023\/09\/musiadgenelmerkezmanset1-scaled.jpeg","contentUrl":"https:\/\/darkamazi.site\/file\/2023\/09\/musiadgenelmerkezmanset1-scaled.jpeg","width":2560,"height":1111,"caption":"Mevl\u00fct Yakut: K\u00fcrdistan B\u00f6lgesi ile ekonomik i\u015f birli\u011finin g\u00fc\u00e7lenmesine ba\u011fl\u0131y\u0131z"},{"@type":"BreadcrumbList","@id":"https:\/\/darkamazi.site\/archives\/1026822#breadcrumb","itemListElement":[{"@type":"ListItem","position":1,"name":"Home","item":"https:\/\/darkamazi.site\/"},{"@type":"ListItem","position":2,"name":"Mevl\u00fct Yakut: K\u00fcrdistan B\u00f6lgesi ile ekonomik i\u015f birli\u011finin g\u00fc\u00e7lenmesine ba\u011fl\u0131y\u0131z"}]},{"@type":"WebSite","@id":"https:\/\/darkamazi.site\/#website","url":"https:\/\/darkamazi.site\/","name":"Darka Mazi","description":"Ana Sayfa","publisher":{"@id":"https:\/\/darkamazi.site\/#organization"},"potentialAction":[{"@type":"SearchAction","target":{"@type":"EntryPoint","urlTemplate":"https:\/\/darkamazi.site\/?s={search_term_string}"},"query-input":{"@type":"PropertyValueSpecification","valueRequired":true,"valueName":"search_term_string"}}],"inLanguage":"en-US"},{"@type":"Organization","@id":"https:\/\/darkamazi.site\/#organization","name":"Darka Mazi T\u00fcrk\u00e7e","alternateName":"Darka Mazi","url":"https:\/\/darkamazi.site\/","logo":{"@type":"ImageObject","inLanguage":"en-US","@id":"https:\/\/darkamazi.site\/#\/schema\/logo\/image\/","url":"https:\/\/darkamazi.site\/file\/2017\/12\/darka-mazi-logo.png","contentUrl":"https:\/\/darkamazi.site\/file\/2017\/12\/darka-mazi-logo.png","width":151,"height":75,"caption":"Darka Mazi T\u00fcrk\u00e7e"},"image":{"@id":"https:\/\/darkamazi.site\/#\/schema\/logo\/image\/"},"sameAs":["https:\/\/www.facebook.com\/DarkaMaziturkce","https:\/\/x.com\/DarkaMaziTurkce"]},{"@type":"Person","@id":"https:\/\/darkamazi.site\/#\/schema\/person\/67986a95ac546c16760365877ef4a9d3","name":"darka mazi","sameAs":["https:\/\/darkamazi.site"],"url":"https:\/\/darkamazi.site\/archives\/author\/turkish"}]}},"_links":{"self":[{"href":"https:\/\/darkamazi.site\/funavuv\/wp\/v2\/posts\/1026822","targetHints":{"allow":["GET"]}}],"collection":[{"href":"https:\/\/darkamazi.site\/funavuv\/wp\/v2\/posts"}],"about":[{"href":"https:\/\/darkamazi.site\/funavuv\/wp\/v2\/types\/post"}],"author":[{"embeddable":true,"href":"https:\/\/darkamazi.site\/funavuv\/wp\/v2\/users\/2"}],"replies":[{"embeddable":true,"href":"https:\/\/darkamazi.site\/funavuv\/wp\/v2\/comments?post=1026822"}],"version-history":[{"count":0,"href":"https:\/\/darkamazi.site\/funavuv\/wp\/v2\/posts\/1026822\/revisions"}],"wp:featuredmedia":[{"embeddable":true,"href":"https:\/\/darkamazi.site\/funavuv\/wp\/v2\/media\/1026823"}],"wp:attachment":[{"href":"https:\/\/darkamazi.site\/funavuv\/wp\/v2\/media?parent=1026822"}],"wp:term":[{"taxonomy":"category","embeddable":true,"href":"https:\/\/darkamazi.site\/funavuv\/wp\/v2\/categories?post=1026822"},{"taxonomy":"post_tag","embeddable":true,"href":"https:\/\/darkamazi.site\/funavuv\/wp\/v2\/tags?post=1026822"}],"curies":[{"name":"wp","href":"https:\/\/api.w.org\/{rel}","templated":true}]}}