{"id":1026842,"date":"2023-09-30T16:50:21","date_gmt":"2023-09-30T13:50:21","guid":{"rendered":"https:\/\/darkamazi.site\/?p=1026842"},"modified":"2026-03-31T16:19:47","modified_gmt":"2026-03-31T13:19:47","slug":"esad-savas-bitmedi-degerlerimizi-korumaya-odaklandik","status":"publish","type":"post","link":"https:\/\/darkamazi.site\/archives\/1026842","title":{"rendered":"Esad: Sava\u015f bitmedi, de\u011ferlerimizi korumaya odakland\u0131k"},"content":{"rendered":"<p>Suriye Devlet Ba\u015fkan\u0131 Be\u015far Esad, \u00fclkesindeki sava\u015f bitti\u011finde Suriye halk\u0131n\u0131n \u00fclkelerini yeniden in\u015fa etme kapasitesine sahip oldu\u011funu vurgulayarak, \u201dB\u00f6lgemiz iki t\u00fcr tehlikeyle kar\u015f\u0131 kar\u015f\u0131yad\u0131r: Amerika k\u00f6kenli modern Bat\u0131 liberalizmi tehlikesi ve a\u015f\u0131r\u0131l\u0131k tehlikesi\u201d ifadelerini kulland\u0131.<\/p>\n<p>\u00c7in Merkezi Televizyonu (CCTV) ile yapt\u0131\u011f\u0131 r\u00f6portajda, Suriye Devlet Ba\u015fkan\u0131 Be\u015far Esad g\u00fcndeme ili\u015fkin sorular\u0131 yan\u0131tlad\u0131.<\/p>\n<p>\u00c7in\u2019in Suriye\u2019yi destekledi\u011fini ifade eden Esad, \u201c\u00c7in, G\u00fcvenlik Konseyi\u2019ndeki ve bir dizi uluslararas\u0131 forumdaki rol\u00fc arac\u0131l\u0131\u011f\u0131yla siyasi olarak Suriye\u2019nin yan\u0131nda yer ald\u0131. D\u00fcnyan\u0131n i\u00e7inde bulundu\u011fu ko\u015fullar ve Bat\u0131\u2019n\u0131n Suriye halk\u0131n\u0131 a\u00e7 b\u0131rakmay\u0131 ama\u00e7layan sert ekonomik ablukas\u0131 g\u00f6z \u00f6n\u00fcne al\u0131nd\u0131\u011f\u0131nda, onunla daha geni\u015f bir diyalo\u011fun olmas\u0131 do\u011fald\u0131r\u201d dedi.<\/p>\n<p>Sava\u015f bitti\u011finde Suriye halk\u0131n\u0131n \u00fclkelerini yeniden in\u015fa etme kapasitesine sahip oldu\u011funu belirten Esad, \u201dB\u00f6lgemiz iki t\u00fcr tehlikeyle kar\u015f\u0131 kar\u015f\u0131yad\u0131r: Amerika k\u00f6kenli modern Bat\u0131 liberalizmi tehlikesi ve a\u015f\u0131r\u0131l\u0131k tehlikesi\u201d diye konu\u015ftu.<\/p>\n<p>\u00c7in&#8217;in d\u00fcnyada \u00e7ok \u00f6nemli bir rol oynayan b\u00fcy\u00fck bir \u00fclke oldu\u011funu ifade eden Esad \u015funlar\u0131 s\u00f6yledi:<\/p>\n<p>\u201cOrtakl\u0131ktan bahsederken yeni bir prensipten bahsediyor. Sadece Suriye\u2019de de\u011fil, d\u00fcnyan\u0131n \u00e7e\u015fitli \u00fclkelerinde \u00fclkeler olarak eksi\u011fimiz olan hegemonyadan bahsetmiyoruz..Ancak \u00f6zellikle k\u00fc\u00e7\u00fck \u00fclkelerin bu ortakl\u0131\u011fa ve bu role ihtiyac\u0131 var.\u00c7in bu rol\u00fc oynuyor \u00e7\u00fcnk\u00fc \u00c7in, G\u00fcvenlik Konseyi\u2019ndeki ve bir dizi uluslararas\u0131 forumdaki rol\u00fc arac\u0131l\u0131\u011f\u0131yla siyasi olarak Suriye\u2019nin yan\u0131nda yer al\u0131yor.<\/p>\n<p>Ho\u015fluktan uzak, net siyasi pozisyonlara ek olarak. Yani temelde siyasi y\u00f6n\u00fc geli\u015fmi\u015f ama d\u00fcnyan\u0131n i\u00e7inden ge\u00e7ti\u011fi bu \u015fartlarda daha geni\u015f bir diyalo\u011fun olmas\u0131 da do\u011fal. \u0130\u015fin ekonomik boyutu var, Suriye\u2019nin kalk\u0131nma boyutu bizi \u00e7ok ilgilendiriyor \u00e7\u00fcnk\u00fc Suriye art\u0131k Bat\u0131\u2019n\u0131n Suriye halk\u0131n\u0131 a\u00e7 b\u0131rakmay\u0131 ama\u00e7layan k\u00f6t\u00fc, zalim ve tehlikeli bir ekonomik ku\u015fatmas\u0131na maruz kal\u0131yor.<\/p>\n<p>Bu bizim i\u00e7in \u00f6nemli bir husustur ve \u00c7inli yetkililerle \u00fczerinde durdu\u011fumuz geni\u015f kapsaml\u0131 konulardan biriydi ve bunun \u00e7e\u015fitli y\u00f6nleri var:Elbette \u00c7in, Suriye\u2019ye insani yard\u0131m sa\u011fl\u0131yor ve ac\u0131lar\u0131n hafifletilmesinde \u00f6nemli bir rol oynuyor.<\/p>\n<p>Ba\u015fl\u0131klar\u0131 belirliyoruz. \u015eam\u2019a d\u00f6nd\u00fc\u011f\u00fcm\u00fczde bu ba\u015fl\u0131klar\u0131 pratik \u00e7al\u0131\u015fma projelerine d\u00f6n\u00fc\u015ft\u00fcrecek mekanizmalar\u0131n geli\u015ftirilmesi i\u00e7in toplant\u0131lar yap\u0131lacak.\u201d<\/p>\n<p>Suriye\u2019de sava\u015f\u0131n bitmedi\u011fine i\u015faret eden Esad, \u201c\u015eu anda h\u00e2l\u00e2 sava\u015f\u0131n ortas\u0131nday\u0131z. Ama \u015funu s\u00f6ylemek istiyorum ki Suriye, tarih kitaplar\u0131n\u0131n yaz\u0131ld\u0131\u011f\u0131 tarihten bu yana kadim tarih boyunca co\u011frafi bir konum olarak i\u015fgallerin koridorudur. Ne zaman bir i\u015fgalci gelse \u015fehirleri yerle bir eder, Suriye\u2019nin tarihi budur ama \u015fehirler hep yeniden in\u015fa edilir. Elbette sava\u015f bitti\u011finde ve ku\u015fatma bitti\u011finde Suriye halk\u0131 \u00fclkelerini yeniden in\u015fa edebilir\u201ddedi.<\/p>\n<p>SANA&#8217;n\u0131n aktard\u0131\u011f\u0131na g\u00f6re, Esad s\u00f6zlerine \u015f\u00f6yle devam etti:<\/p>\n<p>\u201cSorun, ortaya \u00e7\u0131kabilecek sosyal etkilerdir. Maddi bir \u015feyi kaybetti\u011finizde onu yeniden in\u015fa edersiniz ama entelekt\u00fcel ve k\u00fclt\u00fcrel bir \u015feyi kaybetti\u011finizde o kaybolur ve bir daha geri gelmez. Bu sava\u015fla birlikte b\u00f6lgemiz art\u0131k iki t\u00fcr tehlikeyle kar\u015f\u0131 kar\u015f\u0131yad\u0131r: Amerika k\u00f6kenli modern Bat\u0131 liberalizmi tehlikesi ve a\u015f\u0131r\u0131l\u0131k tehlikesi. Yani toplumlar iki farkl\u0131 \u015fey gibi g\u00f6r\u00fcnen ama ger\u00e7ekte bir ve ayn\u0131 olan iki k\u00f6t\u00fc \u015feyle kar\u015f\u0131 kar\u015f\u0131yad\u0131r.<\/p>\n<p>\u015eu anda odakland\u0131\u011f\u0131m\u0131z \u015fey \u00f6ncelikle de\u011ferleri ve aidiyeti koruyabilmek, \u00e7\u00fcnk\u00fc de\u011ferler ve aidiyet toplumumuzu veya ulusumuzu in\u015fa etmemize yard\u0131mc\u0131 olan \u015feylerdir. Bu de\u011ferleri kaybetti\u011fimizde herkes g\u00f6\u00e7 edecek. \u00dclkesini savunmaya, topluma hizmet eden herhangi bir i\u015fi yapmaya haz\u0131r kimse olmayacak, zorluk budur.\u201d<\/p>\n<p>\u201cD\u00fcnyan\u0131n b\u00fcy\u00fck, zengin, g\u00fc\u00e7l\u00fc \u00fclkeleri kar\u015f\u0131n\u0131zdayken sizi en \u00e7ok ayakta tutan \u015fey yaln\u0131zca halkt\u0131r\u201d diye Esad, \u201cE\u011fer bu gibi durumlarda halk yan\u0131n\u0131zda olmazsa, sava\u015f askeri veya sava\u015f halindeyken, sava\u015fta sava\u015fmaya devam etmeniz i\u00e7in size bu ilham\u0131 ba\u015fka hi\u00e7bir parti veremez. G\u00fcn\u00fcm\u00fczde sava\u015f ekonomik ama ki\u015fisel d\u00fczeyde oldu\u011funda, ko\u015fullar ne kadar zor olursa olsun, \u00fclkesine ba\u011fl\u0131 olan, \u00fclkesine s\u0131k\u0131 s\u0131k\u0131ya ba\u011fl\u0131 olan aile ve ko\u015fullar\u0131 a\u015fma kararl\u0131l\u0131\u011f\u0131d\u0131r. Bu en \u00f6nemli sebep veya fakt\u00f6rd\u00fcr\u201d de\u011ferlendirmesinde bulundu.<\/p>\n","protected":false},"excerpt":{"rendered":"<p>Suriye Devlet Ba\u015fkan\u0131 Be\u015far Esad, \u00fclkesindeki sava\u015f bitti\u011finde Suriye halk\u0131n\u0131n \u00fclkelerini yeniden in\u015fa etme kapasitesine sahip oldu\u011funu vurgulayarak, \u201dB\u00f6lgemiz iki t\u00fcr tehlikeyle kar\u015f\u0131 kar\u015f\u0131yad\u0131r: Amerika k\u00f6kenli modern Bat\u0131 liberalizmi tehlikesi ve a\u015f\u0131r\u0131l\u0131k tehlikesi\u201d ifadelerini kulland\u0131. \u00c7in Merkezi Televizyonu (CCTV) ile yapt\u0131\u011f\u0131 r\u00f6portajda, Suriye Devlet Ba\u015fkan\u0131 Be\u015far Esad g\u00fcndeme ili\u015fkin sorular\u0131 yan\u0131tlad\u0131. \u00c7in\u2019in Suriye\u2019yi destekledi\u011fini ifade [&hellip;]<\/p>\n","protected":false},"author":2,"featured_media":1026843,"comment_status":"closed","ping_status":"closed","sticky":false,"template":"","format":"standard","meta":{"footnotes":""},"categories":[29],"tags":[],"class_list":["post-1026842","post","type-post","status-publish","format-standard","has-post-thumbnail","hentry","category-ortadogu"],"blocksy_meta":[],"seo_head":"<!-- This site is optimized with the Yoast SEO plugin v27.5 - https:\/\/yoast.com\/product\/yoast-seo-wordpress\/ -->\n<title>Esad: Sava\u015f bitmedi, de\u011ferlerimizi korumaya odakland\u0131k - Darka Mazi<\/title>\n<meta name=\"robots\" content=\"index, follow, max-snippet:-1, max-image-preview:large, max-video-preview:-1\" \/>\n<link rel=\"canonical\" href=\"https:\/\/darkamazi.site\/archives\/1026842\" \/>\n<meta property=\"og:locale\" content=\"en_US\" \/>\n<meta property=\"og:type\" content=\"article\" \/>\n<meta property=\"og:title\" content=\"Esad: Sava\u015f bitmedi, de\u011ferlerimizi korumaya odakland\u0131k - Darka Mazi\" \/>\n<meta property=\"og:description\" content=\"Suriye Devlet Ba\u015fkan\u0131 Be\u015far Esad, \u00fclkesindeki sava\u015f bitti\u011finde Suriye halk\u0131n\u0131n \u00fclkelerini yeniden in\u015fa etme kapasitesine sahip oldu\u011funu vurgulayarak, \u201dB\u00f6lgemiz iki t\u00fcr tehlikeyle kar\u015f\u0131 kar\u015f\u0131yad\u0131r: Amerika k\u00f6kenli modern Bat\u0131 liberalizmi tehlikesi ve a\u015f\u0131r\u0131l\u0131k tehlikesi\u201d ifadelerini kulland\u0131. \u00c7in Merkezi Televizyonu (CCTV) ile yapt\u0131\u011f\u0131 r\u00f6portajda, Suriye Devlet Ba\u015fkan\u0131 Be\u015far Esad g\u00fcndeme ili\u015fkin sorular\u0131 yan\u0131tlad\u0131. \u00c7in\u2019in Suriye\u2019yi destekledi\u011fini ifade [&hellip;]\" \/>\n<meta property=\"og:url\" content=\"https:\/\/darkamazi.site\/archives\/1026842\" \/>\n<meta property=\"og:site_name\" content=\"Darka Mazi\" \/>\n<meta property=\"article:publisher\" content=\"https:\/\/www.facebook.com\/DarkaMaziturkce\" \/>\n<meta property=\"article:published_time\" content=\"2023-09-30T13:50:21+00:00\" \/>\n<meta property=\"article:modified_time\" content=\"2026-03-31T13:19:47+00:00\" \/>\n<meta property=\"og:image\" content=\"https:\/\/darkamazi.site\/file\/2023\/09\/images-2.jpeg\" \/>\n\t<meta property=\"og:image:width\" content=\"289\" \/>\n\t<meta property=\"og:image:height\" content=\"175\" \/>\n\t<meta property=\"og:image:type\" content=\"image\/jpeg\" \/>\n<meta name=\"author\" content=\"darka mazi\" \/>\n<meta name=\"twitter:card\" content=\"summary_large_image\" \/>\n<meta name=\"twitter:creator\" content=\"@DarkaMaziTurkce\" \/>\n<meta name=\"twitter:site\" content=\"@DarkaMaziTurkce\" \/>\n<meta name=\"twitter:label1\" content=\"Written by\" \/>\n\t<meta name=\"twitter:data1\" content=\"darka mazi\" \/>\n\t<meta name=\"twitter:label2\" content=\"Est. reading time\" \/>\n\t<meta name=\"twitter:data2\" content=\"3 minutes\" \/>\n<script type=\"application\/ld+json\" class=\"seo-schema-graph\">{\"@context\":\"https:\\\/\\\/schema.org\",\"@graph\":[{\"@type\":\"NewsArticle\",\"@id\":\"https:\\\/\\\/darkamazi.site\\\/archives\\\/1026842#article\",\"isPartOf\":{\"@id\":\"https:\\\/\\\/darkamazi.site\\\/archives\\\/1026842\"},\"author\":{\"name\":\"darka mazi\",\"@id\":\"https:\\\/\\\/darkamazi.site\\\/#\\\/schema\\\/person\\\/67986a95ac546c16760365877ef4a9d3\"},\"headline\":\"Esad: Sava\u015f bitmedi, de\u011ferlerimizi korumaya odakland\u0131k\",\"datePublished\":\"2023-09-30T13:50:21+00:00\",\"dateModified\":\"2026-03-31T13:19:47+00:00\",\"mainEntityOfPage\":{\"@id\":\"https:\\\/\\\/darkamazi.site\\\/archives\\\/1026842\"},\"wordCount\":780,\"publisher\":{\"@id\":\"https:\\\/\\\/darkamazi.site\\\/#organization\"},\"image\":{\"@id\":\"https:\\\/\\\/darkamazi.site\\\/archives\\\/1026842#primaryimage\"},\"thumbnailUrl\":\"https:\\\/\\\/darkamazi.site\\\/darka-content\\\/uploads\\\/2023\\\/09\\\/images-2.jpeg\",\"articleSection\":[\"Ortado\u011fu\"],\"inLanguage\":\"en-US\"},{\"@type\":\"WebPage\",\"@id\":\"https:\\\/\\\/darkamazi.site\\\/archives\\\/1026842\",\"url\":\"https:\\\/\\\/darkamazi.site\\\/archives\\\/1026842\",\"name\":\"Esad: Sava\u015f bitmedi, de\u011ferlerimizi korumaya odakland\u0131k - Darka Mazi\",\"isPartOf\":{\"@id\":\"https:\\\/\\\/darkamazi.site\\\/#website\"},\"primaryImageOfPage\":{\"@id\":\"https:\\\/\\\/darkamazi.site\\\/archives\\\/1026842#primaryimage\"},\"image\":{\"@id\":\"https:\\\/\\\/darkamazi.site\\\/archives\\\/1026842#primaryimage\"},\"thumbnailUrl\":\"https:\\\/\\\/darkamazi.site\\\/darka-content\\\/uploads\\\/2023\\\/09\\\/images-2.jpeg\",\"datePublished\":\"2023-09-30T13:50:21+00:00\",\"dateModified\":\"2026-03-31T13:19:47+00:00\",\"breadcrumb\":{\"@id\":\"https:\\\/\\\/darkamazi.site\\\/archives\\\/1026842#breadcrumb\"},\"inLanguage\":\"en-US\",\"potentialAction\":[{\"@type\":\"ReadAction\",\"target\":[\"https:\\\/\\\/darkamazi.site\\\/archives\\\/1026842\"]}]},{\"@type\":\"ImageObject\",\"inLanguage\":\"en-US\",\"@id\":\"https:\\\/\\\/darkamazi.site\\\/archives\\\/1026842#primaryimage\",\"url\":\"https:\\\/\\\/darkamazi.site\\\/darka-content\\\/uploads\\\/2023\\\/09\\\/images-2.jpeg\",\"contentUrl\":\"https:\\\/\\\/darkamazi.site\\\/darka-content\\\/uploads\\\/2023\\\/09\\\/images-2.jpeg\",\"width\":289,\"height\":175,\"caption\":\"Esad: Sava\u015f bitmedi, de\u011ferlerimizi korumaya odakland\u0131k\"},{\"@type\":\"BreadcrumbList\",\"@id\":\"https:\\\/\\\/darkamazi.site\\\/archives\\\/1026842#breadcrumb\",\"itemListElement\":[{\"@type\":\"ListItem\",\"position\":1,\"name\":\"Home\",\"item\":\"https:\\\/\\\/darkamazi.site\\\/\"},{\"@type\":\"ListItem\",\"position\":2,\"name\":\"Esad: Sava\u015f bitmedi, de\u011ferlerimizi korumaya odakland\u0131k\"}]},{\"@type\":\"WebSite\",\"@id\":\"https:\\\/\\\/darkamazi.site\\\/#website\",\"url\":\"https:\\\/\\\/darkamazi.site\\\/\",\"name\":\"Darka Mazi\",\"description\":\"Ana Sayfa\",\"publisher\":{\"@id\":\"https:\\\/\\\/darkamazi.site\\\/#organization\"},\"potentialAction\":[{\"@type\":\"SearchAction\",\"target\":{\"@type\":\"EntryPoint\",\"urlTemplate\":\"https:\\\/\\\/darkamazi.site\\\/?s={search_term_string}\"},\"query-input\":{\"@type\":\"PropertyValueSpecification\",\"valueRequired\":true,\"valueName\":\"search_term_string\"}}],\"inLanguage\":\"en-US\"},{\"@type\":\"Organization\",\"@id\":\"https:\\\/\\\/darkamazi.site\\\/#organization\",\"name\":\"Darka Mazi T\u00fcrk\u00e7e\",\"alternateName\":\"Darka Mazi\",\"url\":\"https:\\\/\\\/darkamazi.site\\\/\",\"logo\":{\"@type\":\"ImageObject\",\"inLanguage\":\"en-US\",\"@id\":\"https:\\\/\\\/darkamazi.site\\\/#\\\/schema\\\/logo\\\/image\\\/\",\"url\":\"https:\\\/\\\/darkamazi.site\\\/darka-content\\\/uploads\\\/2017\\\/12\\\/darka-mazi-logo.png\",\"contentUrl\":\"https:\\\/\\\/darkamazi.site\\\/darka-content\\\/uploads\\\/2017\\\/12\\\/darka-mazi-logo.png\",\"width\":151,\"height\":75,\"caption\":\"Darka Mazi T\u00fcrk\u00e7e\"},\"image\":{\"@id\":\"https:\\\/\\\/darkamazi.site\\\/#\\\/schema\\\/logo\\\/image\\\/\"},\"sameAs\":[\"https:\\\/\\\/www.facebook.com\\\/DarkaMaziturkce\",\"https:\\\/\\\/x.com\\\/DarkaMaziTurkce\"]},{\"@type\":\"Person\",\"@id\":\"https:\\\/\\\/darkamazi.site\\\/#\\\/schema\\\/person\\\/67986a95ac546c16760365877ef4a9d3\",\"name\":\"darka mazi\",\"sameAs\":[\"https:\\\/\\\/darkamazi.site\"],\"url\":\"https:\\\/\\\/darkamazi.site\\\/archives\\\/author\\\/turkish\"}]}<\/script>\n<!-- \/ Yoast SEO plugin. -->","seo_head_json":{"title":"Esad: Sava\u015f bitmedi, de\u011ferlerimizi korumaya odakland\u0131k - Darka Mazi","robots":{"index":"index","follow":"follow","max-snippet":"max-snippet:-1","max-image-preview":"max-image-preview:large","max-video-preview":"max-video-preview:-1"},"canonical":"https:\/\/darkamazi.site\/archives\/1026842","og_locale":"en_US","og_type":"article","og_title":"Esad: Sava\u015f bitmedi, de\u011ferlerimizi korumaya odakland\u0131k - Darka Mazi","og_description":"Suriye Devlet Ba\u015fkan\u0131 Be\u015far Esad, \u00fclkesindeki sava\u015f bitti\u011finde Suriye halk\u0131n\u0131n \u00fclkelerini yeniden in\u015fa etme kapasitesine sahip oldu\u011funu vurgulayarak, \u201dB\u00f6lgemiz iki t\u00fcr tehlikeyle kar\u015f\u0131 kar\u015f\u0131yad\u0131r: Amerika k\u00f6kenli modern Bat\u0131 liberalizmi tehlikesi ve a\u015f\u0131r\u0131l\u0131k tehlikesi\u201d ifadelerini kulland\u0131. \u00c7in Merkezi Televizyonu (CCTV) ile yapt\u0131\u011f\u0131 r\u00f6portajda, Suriye Devlet Ba\u015fkan\u0131 Be\u015far Esad g\u00fcndeme ili\u015fkin sorular\u0131 yan\u0131tlad\u0131. \u00c7in\u2019in Suriye\u2019yi destekledi\u011fini ifade [&hellip;]","og_url":"https:\/\/darkamazi.site\/archives\/1026842","og_site_name":"Darka Mazi","article_publisher":"https:\/\/www.facebook.com\/DarkaMaziturkce","article_published_time":"2023-09-30T13:50:21+00:00","article_modified_time":"2026-03-31T13:19:47+00:00","og_image":[{"width":289,"height":175,"url":"https:\/\/darkamazi.site\/file\/2023\/09\/images-2.jpeg","type":"image\/jpeg"}],"author":"darka mazi","twitter_card":"summary_large_image","twitter_creator":"@DarkaMaziTurkce","twitter_site":"@DarkaMaziTurkce","twitter_misc":{"Written by":"darka mazi","Est. reading time":"3 minutes"},"schema":{"@context":"https:\/\/schema.org","@graph":[{"@type":"NewsArticle","@id":"https:\/\/darkamazi.site\/archives\/1026842#article","isPartOf":{"@id":"https:\/\/darkamazi.site\/archives\/1026842"},"author":{"name":"darka mazi","@id":"https:\/\/darkamazi.site\/#\/schema\/person\/67986a95ac546c16760365877ef4a9d3"},"headline":"Esad: Sava\u015f bitmedi, de\u011ferlerimizi korumaya odakland\u0131k","datePublished":"2023-09-30T13:50:21+00:00","dateModified":"2026-03-31T13:19:47+00:00","mainEntityOfPage":{"@id":"https:\/\/darkamazi.site\/archives\/1026842"},"wordCount":780,"publisher":{"@id":"https:\/\/darkamazi.site\/#organization"},"image":{"@id":"https:\/\/darkamazi.site\/archives\/1026842#primaryimage"},"thumbnailUrl":"https:\/\/darkamazi.site\/file\/2023\/09\/images-2.jpeg","articleSection":["Ortado\u011fu"],"inLanguage":"en-US"},{"@type":"WebPage","@id":"https:\/\/darkamazi.site\/archives\/1026842","url":"https:\/\/darkamazi.site\/archives\/1026842","name":"Esad: Sava\u015f bitmedi, de\u011ferlerimizi korumaya odakland\u0131k - Darka Mazi","isPartOf":{"@id":"https:\/\/darkamazi.site\/#website"},"primaryImageOfPage":{"@id":"https:\/\/darkamazi.site\/archives\/1026842#primaryimage"},"image":{"@id":"https:\/\/darkamazi.site\/archives\/1026842#primaryimage"},"thumbnailUrl":"https:\/\/darkamazi.site\/file\/2023\/09\/images-2.jpeg","datePublished":"2023-09-30T13:50:21+00:00","dateModified":"2026-03-31T13:19:47+00:00","breadcrumb":{"@id":"https:\/\/darkamazi.site\/archives\/1026842#breadcrumb"},"inLanguage":"en-US","potentialAction":[{"@type":"ReadAction","target":["https:\/\/darkamazi.site\/archives\/1026842"]}]},{"@type":"ImageObject","inLanguage":"en-US","@id":"https:\/\/darkamazi.site\/archives\/1026842#primaryimage","url":"https:\/\/darkamazi.site\/file\/2023\/09\/images-2.jpeg","contentUrl":"https:\/\/darkamazi.site\/file\/2023\/09\/images-2.jpeg","width":289,"height":175,"caption":"Esad: Sava\u015f bitmedi, de\u011ferlerimizi korumaya odakland\u0131k"},{"@type":"BreadcrumbList","@id":"https:\/\/darkamazi.site\/archives\/1026842#breadcrumb","itemListElement":[{"@type":"ListItem","position":1,"name":"Home","item":"https:\/\/darkamazi.site\/"},{"@type":"ListItem","position":2,"name":"Esad: Sava\u015f bitmedi, de\u011ferlerimizi korumaya odakland\u0131k"}]},{"@type":"WebSite","@id":"https:\/\/darkamazi.site\/#website","url":"https:\/\/darkamazi.site\/","name":"Darka Mazi","description":"Ana Sayfa","publisher":{"@id":"https:\/\/darkamazi.site\/#organization"},"potentialAction":[{"@type":"SearchAction","target":{"@type":"EntryPoint","urlTemplate":"https:\/\/darkamazi.site\/?s={search_term_string}"},"query-input":{"@type":"PropertyValueSpecification","valueRequired":true,"valueName":"search_term_string"}}],"inLanguage":"en-US"},{"@type":"Organization","@id":"https:\/\/darkamazi.site\/#organization","name":"Darka Mazi T\u00fcrk\u00e7e","alternateName":"Darka Mazi","url":"https:\/\/darkamazi.site\/","logo":{"@type":"ImageObject","inLanguage":"en-US","@id":"https:\/\/darkamazi.site\/#\/schema\/logo\/image\/","url":"https:\/\/darkamazi.site\/file\/2017\/12\/darka-mazi-logo.png","contentUrl":"https:\/\/darkamazi.site\/file\/2017\/12\/darka-mazi-logo.png","width":151,"height":75,"caption":"Darka Mazi T\u00fcrk\u00e7e"},"image":{"@id":"https:\/\/darkamazi.site\/#\/schema\/logo\/image\/"},"sameAs":["https:\/\/www.facebook.com\/DarkaMaziturkce","https:\/\/x.com\/DarkaMaziTurkce"]},{"@type":"Person","@id":"https:\/\/darkamazi.site\/#\/schema\/person\/67986a95ac546c16760365877ef4a9d3","name":"darka mazi","sameAs":["https:\/\/darkamazi.site"],"url":"https:\/\/darkamazi.site\/archives\/author\/turkish"}]}},"_links":{"self":[{"href":"https:\/\/darkamazi.site\/funavuv\/wp\/v2\/posts\/1026842","targetHints":{"allow":["GET"]}}],"collection":[{"href":"https:\/\/darkamazi.site\/funavuv\/wp\/v2\/posts"}],"about":[{"href":"https:\/\/darkamazi.site\/funavuv\/wp\/v2\/types\/post"}],"author":[{"embeddable":true,"href":"https:\/\/darkamazi.site\/funavuv\/wp\/v2\/users\/2"}],"replies":[{"embeddable":true,"href":"https:\/\/darkamazi.site\/funavuv\/wp\/v2\/comments?post=1026842"}],"version-history":[{"count":0,"href":"https:\/\/darkamazi.site\/funavuv\/wp\/v2\/posts\/1026842\/revisions"}],"wp:featuredmedia":[{"embeddable":true,"href":"https:\/\/darkamazi.site\/funavuv\/wp\/v2\/media\/1026843"}],"wp:attachment":[{"href":"https:\/\/darkamazi.site\/funavuv\/wp\/v2\/media?parent=1026842"}],"wp:term":[{"taxonomy":"category","embeddable":true,"href":"https:\/\/darkamazi.site\/funavuv\/wp\/v2\/categories?post=1026842"},{"taxonomy":"post_tag","embeddable":true,"href":"https:\/\/darkamazi.site\/funavuv\/wp\/v2\/tags?post=1026842"}],"curies":[{"name":"wp","href":"https:\/\/api.w.org\/{rel}","templated":true}]}}