{"id":1027049,"date":"2023-10-13T21:19:03","date_gmt":"2023-10-13T18:19:03","guid":{"rendered":"https:\/\/darkamazi.site\/?p=1027049"},"modified":"2026-03-31T16:19:41","modified_gmt":"2026-03-31T13:19:41","slug":"netflix-dizisi-fauda-nin-unlu-kurt-oyuncusu-israil-ordusuna-katildi","status":"publish","type":"post","link":"https:\/\/darkamazi.site\/archives\/1027049","title":{"rendered":"Netflix dizisi &#8220;Fauda&#8221; n\u0131n \u00fcnl\u00fc K\u00fcrt oyuncusu \u0130srail ordusuna kat\u0131ld\u0131"},"content":{"rendered":"<p><span style=\"font-family: 'arial black', sans-serif\">K\u00fcrt \u015fark\u0131c\u0131 ve akt\u00f6r Idan Amedi, g\u00f6n\u00fcll\u00fc olarak \u0130srail ordusuna kat\u0131ld\u0131.<\/span><\/p>\n<p>Idan Amedi, \u0130srail ordusuna kat\u0131lma karar\u0131n\u0131 bir videoyla duyurarak, &#8220;Kazanaca\u011f\u0131z&#8221; dedi.<\/p>\n<p>Hamas 7 Ekim&#8217;de, \u0130srail&#8217;e &#8220;Aksa Tufan\u0131&#8221; ad\u0131n\u0131 verdi\u011fi bir sald\u0131r\u0131 ba\u015flatt\u0131. Hamas&#8217;\u0131n sald\u0131r\u0131s\u0131ndan sonra pek \u00e7ok ki\u015fi g\u00f6n\u00fcll\u00fc olarak \u0130srail ordusuna kat\u0131ld\u0131.<\/p>\n<p>Bunlardan biri de \u00fcnl\u00fc \u015fark\u0131c\u0131 ve m\u00fczisyen Idan Amedi.<\/p>\n<p>Idan Amedi, K\u00fcrdistan B\u00f6lgesi\u2019nin Amedi kentinde Yahudi bir ailenin \u00e7ocu\u011fu olarak do\u011fdu. Ancak Kud\u00fcs\u2019te b\u00fcy\u00fcyen Idan Amedi, \u0130srail&#8217;de \u015fark\u0131c\u0131 ve akt\u00f6r olarak tan\u0131n\u0131yor. Oyuncu, Netflix&#8217;te yay\u0131nlanan &#8220;Fauda&#8221; dizisinin ard\u0131ndan t\u00fcm d\u00fcnyada tan\u0131nd\u0131.<\/p>\n<p>\u0130srail ordusuna kat\u0131lma karar\u0131n\u0131 bir videoyla duyuran Idan Amedi \u015funlar\u0131 s\u00f6yledi:<\/p>\n<p>&#8220;WhatsApp&#8217;\u0131 a\u00e7t\u0131m ve bir s\u00fcr\u00fc mesaj g\u00f6rd\u00fcm. Hepinize iyi oldu\u011fumuzu bildiriyorum. Cumartesi g\u00fcn\u00fcnden beri burada pek uyuyamad\u0131m ama moralimiz y\u00fcksek ve neden burada oldu\u011fumuzu her an anl\u0131yoruz. Ailelerimizi ve \u00e7ocuklar\u0131m\u0131z\u0131 korumak i\u00e7in. On y\u0131ldan fazla bir s\u00fcre \u00f6nce askeri konu\u015fmalar\u0131 geride b\u0131rakt\u0131m. Bu y\u00fczden detayland\u0131rmayaca\u011f\u0131m, sadece bu zor g\u00fcnlerde t\u00fcm \u0130srail&#8217;e basit kelimelerle \u015funu s\u00f6yleyece\u011fim: Kazanaca\u011f\u0131z. \u0130srail halk\u0131na ve IDF&#8217;ye (\u0130srail Savunma Kuvvetleri) selamlar. Bu Fauda dizisinden bir sahne de\u011fil, ger\u00e7ek bu. Ba\u015far\u0131ya ula\u015fana kadar durmayaca\u011f\u0131z.&#8221;<\/p>\n<p>Idan Amedi&#8217;nin payla\u015f\u0131m\u0131 \u0130srail genelinde ve sosyal medyada g\u00fcndem oldu.<\/p>\n","protected":false},"excerpt":{"rendered":"<p>K\u00fcrt \u015fark\u0131c\u0131 ve akt\u00f6r Idan Amedi, g\u00f6n\u00fcll\u00fc olarak \u0130srail ordusuna kat\u0131ld\u0131. Idan Amedi, \u0130srail ordusuna kat\u0131lma karar\u0131n\u0131 bir videoyla duyurarak, &#8220;Kazanaca\u011f\u0131z&#8221; dedi. Hamas 7 Ekim&#8217;de, \u0130srail&#8217;e &#8220;Aksa Tufan\u0131&#8221; ad\u0131n\u0131 verdi\u011fi bir sald\u0131r\u0131 ba\u015flatt\u0131. Hamas&#8217;\u0131n sald\u0131r\u0131s\u0131ndan sonra pek \u00e7ok ki\u015fi g\u00f6n\u00fcll\u00fc olarak \u0130srail ordusuna kat\u0131ld\u0131. Bunlardan biri de \u00fcnl\u00fc \u015fark\u0131c\u0131 ve m\u00fczisyen Idan Amedi. Idan Amedi, [&hellip;]<\/p>\n","protected":false},"author":2,"featured_media":1027047,"comment_status":"closed","ping_status":"closed","sticky":false,"template":"","format":"standard","meta":{"footnotes":""},"categories":[3,29],"tags":[],"class_list":["post-1027049","post","type-post","status-publish","format-standard","has-post-thumbnail","hentry","category-kurdistan","category-ortadogu"],"blocksy_meta":[],"seo_head":"<!-- This site is optimized with the Yoast SEO plugin v27.5 - https:\/\/yoast.com\/product\/yoast-seo-wordpress\/ -->\n<title>Netflix dizisi &quot;Fauda&quot; n\u0131n \u00fcnl\u00fc K\u00fcrt oyuncusu \u0130srail ordusuna kat\u0131ld\u0131 - Darka Mazi<\/title>\n<meta name=\"robots\" content=\"index, follow, max-snippet:-1, max-image-preview:large, max-video-preview:-1\" \/>\n<link rel=\"canonical\" href=\"https:\/\/darkamazi.site\/archives\/1027049\" \/>\n<meta property=\"og:locale\" content=\"en_US\" \/>\n<meta property=\"og:type\" content=\"article\" \/>\n<meta property=\"og:title\" content=\"Netflix dizisi &quot;Fauda&quot; n\u0131n \u00fcnl\u00fc K\u00fcrt oyuncusu \u0130srail ordusuna kat\u0131ld\u0131 - Darka Mazi\" \/>\n<meta property=\"og:description\" content=\"K\u00fcrt \u015fark\u0131c\u0131 ve akt\u00f6r Idan Amedi, g\u00f6n\u00fcll\u00fc olarak \u0130srail ordusuna kat\u0131ld\u0131. Idan Amedi, \u0130srail ordusuna kat\u0131lma karar\u0131n\u0131 bir videoyla duyurarak, &#8220;Kazanaca\u011f\u0131z&#8221; dedi. Hamas 7 Ekim&#8217;de, \u0130srail&#8217;e &#8220;Aksa Tufan\u0131&#8221; ad\u0131n\u0131 verdi\u011fi bir sald\u0131r\u0131 ba\u015flatt\u0131. Hamas&#8217;\u0131n sald\u0131r\u0131s\u0131ndan sonra pek \u00e7ok ki\u015fi g\u00f6n\u00fcll\u00fc olarak \u0130srail ordusuna kat\u0131ld\u0131. Bunlardan biri de \u00fcnl\u00fc \u015fark\u0131c\u0131 ve m\u00fczisyen Idan Amedi. Idan Amedi, [&hellip;]\" \/>\n<meta property=\"og:url\" content=\"https:\/\/darkamazi.site\/archives\/1027049\" \/>\n<meta property=\"og:site_name\" content=\"Darka Mazi\" \/>\n<meta property=\"article:publisher\" content=\"https:\/\/www.facebook.com\/DarkaMaziturkce\" \/>\n<meta property=\"article:published_time\" content=\"2023-10-13T18:19:03+00:00\" \/>\n<meta property=\"article:modified_time\" content=\"2026-03-31T13:19:41+00:00\" \/>\n<meta property=\"og:image\" content=\"https:\/\/darkamazi.site\/file\/2023\/10\/Capture.jpeg\" \/>\n\t<meta property=\"og:image:width\" content=\"522\" \/>\n\t<meta property=\"og:image:height\" content=\"827\" \/>\n\t<meta property=\"og:image:type\" content=\"image\/jpeg\" \/>\n<meta name=\"author\" content=\"darka mazi\" \/>\n<meta name=\"twitter:card\" content=\"summary_large_image\" \/>\n<meta name=\"twitter:creator\" content=\"@DarkaMaziTurkce\" \/>\n<meta name=\"twitter:site\" content=\"@DarkaMaziTurkce\" \/>\n<meta name=\"twitter:label1\" content=\"Written by\" \/>\n\t<meta name=\"twitter:data1\" content=\"darka mazi\" \/>\n\t<meta name=\"twitter:label2\" content=\"Est. reading time\" \/>\n\t<meta name=\"twitter:data2\" content=\"1 minute\" \/>\n<script type=\"application\/ld+json\" class=\"seo-schema-graph\">{\"@context\":\"https:\\\/\\\/schema.org\",\"@graph\":[{\"@type\":\"NewsArticle\",\"@id\":\"https:\\\/\\\/darkamazi.site\\\/archives\\\/1027049#article\",\"isPartOf\":{\"@id\":\"https:\\\/\\\/darkamazi.site\\\/archives\\\/1027049\"},\"author\":{\"name\":\"darka mazi\",\"@id\":\"https:\\\/\\\/darkamazi.site\\\/#\\\/schema\\\/person\\\/67986a95ac546c16760365877ef4a9d3\"},\"headline\":\"Netflix dizisi &#8220;Fauda&#8221; n\u0131n \u00fcnl\u00fc K\u00fcrt oyuncusu \u0130srail ordusuna kat\u0131ld\u0131\",\"datePublished\":\"2023-10-13T18:19:03+00:00\",\"dateModified\":\"2026-03-31T13:19:41+00:00\",\"mainEntityOfPage\":{\"@id\":\"https:\\\/\\\/darkamazi.site\\\/archives\\\/1027049\"},\"wordCount\":282,\"publisher\":{\"@id\":\"https:\\\/\\\/darkamazi.site\\\/#organization\"},\"image\":{\"@id\":\"https:\\\/\\\/darkamazi.site\\\/archives\\\/1027049#primaryimage\"},\"thumbnailUrl\":\"https:\\\/\\\/darkamazi.site\\\/darka-content\\\/uploads\\\/2023\\\/10\\\/Capture.jpeg\",\"articleSection\":[\"Kurdistan\",\"Ortado\u011fu\"],\"inLanguage\":\"en-US\"},{\"@type\":\"WebPage\",\"@id\":\"https:\\\/\\\/darkamazi.site\\\/archives\\\/1027049\",\"url\":\"https:\\\/\\\/darkamazi.site\\\/archives\\\/1027049\",\"name\":\"Netflix dizisi \\\"Fauda\\\" n\u0131n \u00fcnl\u00fc K\u00fcrt oyuncusu \u0130srail ordusuna kat\u0131ld\u0131 - Darka Mazi\",\"isPartOf\":{\"@id\":\"https:\\\/\\\/darkamazi.site\\\/#website\"},\"primaryImageOfPage\":{\"@id\":\"https:\\\/\\\/darkamazi.site\\\/archives\\\/1027049#primaryimage\"},\"image\":{\"@id\":\"https:\\\/\\\/darkamazi.site\\\/archives\\\/1027049#primaryimage\"},\"thumbnailUrl\":\"https:\\\/\\\/darkamazi.site\\\/darka-content\\\/uploads\\\/2023\\\/10\\\/Capture.jpeg\",\"datePublished\":\"2023-10-13T18:19:03+00:00\",\"dateModified\":\"2026-03-31T13:19:41+00:00\",\"breadcrumb\":{\"@id\":\"https:\\\/\\\/darkamazi.site\\\/archives\\\/1027049#breadcrumb\"},\"inLanguage\":\"en-US\",\"potentialAction\":[{\"@type\":\"ReadAction\",\"target\":[\"https:\\\/\\\/darkamazi.site\\\/archives\\\/1027049\"]}]},{\"@type\":\"ImageObject\",\"inLanguage\":\"en-US\",\"@id\":\"https:\\\/\\\/darkamazi.site\\\/archives\\\/1027049#primaryimage\",\"url\":\"https:\\\/\\\/darkamazi.site\\\/darka-content\\\/uploads\\\/2023\\\/10\\\/Capture.jpeg\",\"contentUrl\":\"https:\\\/\\\/darkamazi.site\\\/darka-content\\\/uploads\\\/2023\\\/10\\\/Capture.jpeg\",\"width\":522,\"height\":827,\"caption\":\"Netflix dizisi \\\"Fauda\\\" n\u0131n \u00fcnl\u00fc K\u00fcrt oyuncusu \u0130srail ordusuna kat\u0131ld\u0131\"},{\"@type\":\"BreadcrumbList\",\"@id\":\"https:\\\/\\\/darkamazi.site\\\/archives\\\/1027049#breadcrumb\",\"itemListElement\":[{\"@type\":\"ListItem\",\"position\":1,\"name\":\"Home\",\"item\":\"https:\\\/\\\/darkamazi.site\\\/\"},{\"@type\":\"ListItem\",\"position\":2,\"name\":\"Netflix dizisi &#8220;Fauda&#8221; n\u0131n \u00fcnl\u00fc K\u00fcrt oyuncusu \u0130srail ordusuna kat\u0131ld\u0131\"}]},{\"@type\":\"WebSite\",\"@id\":\"https:\\\/\\\/darkamazi.site\\\/#website\",\"url\":\"https:\\\/\\\/darkamazi.site\\\/\",\"name\":\"Darka Mazi\",\"description\":\"Ana Sayfa\",\"publisher\":{\"@id\":\"https:\\\/\\\/darkamazi.site\\\/#organization\"},\"potentialAction\":[{\"@type\":\"SearchAction\",\"target\":{\"@type\":\"EntryPoint\",\"urlTemplate\":\"https:\\\/\\\/darkamazi.site\\\/?s={search_term_string}\"},\"query-input\":{\"@type\":\"PropertyValueSpecification\",\"valueRequired\":true,\"valueName\":\"search_term_string\"}}],\"inLanguage\":\"en-US\"},{\"@type\":\"Organization\",\"@id\":\"https:\\\/\\\/darkamazi.site\\\/#organization\",\"name\":\"Darka Mazi T\u00fcrk\u00e7e\",\"alternateName\":\"Darka Mazi\",\"url\":\"https:\\\/\\\/darkamazi.site\\\/\",\"logo\":{\"@type\":\"ImageObject\",\"inLanguage\":\"en-US\",\"@id\":\"https:\\\/\\\/darkamazi.site\\\/#\\\/schema\\\/logo\\\/image\\\/\",\"url\":\"https:\\\/\\\/darkamazi.site\\\/darka-content\\\/uploads\\\/2017\\\/12\\\/darka-mazi-logo.png\",\"contentUrl\":\"https:\\\/\\\/darkamazi.site\\\/darka-content\\\/uploads\\\/2017\\\/12\\\/darka-mazi-logo.png\",\"width\":151,\"height\":75,\"caption\":\"Darka Mazi T\u00fcrk\u00e7e\"},\"image\":{\"@id\":\"https:\\\/\\\/darkamazi.site\\\/#\\\/schema\\\/logo\\\/image\\\/\"},\"sameAs\":[\"https:\\\/\\\/www.facebook.com\\\/DarkaMaziturkce\",\"https:\\\/\\\/x.com\\\/DarkaMaziTurkce\"]},{\"@type\":\"Person\",\"@id\":\"https:\\\/\\\/darkamazi.site\\\/#\\\/schema\\\/person\\\/67986a95ac546c16760365877ef4a9d3\",\"name\":\"darka mazi\",\"sameAs\":[\"https:\\\/\\\/darkamazi.site\"],\"url\":\"https:\\\/\\\/darkamazi.site\\\/archives\\\/author\\\/turkish\"}]}<\/script>\n<!-- \/ Yoast SEO plugin. -->","seo_head_json":{"title":"Netflix dizisi \"Fauda\" n\u0131n \u00fcnl\u00fc K\u00fcrt oyuncusu \u0130srail ordusuna kat\u0131ld\u0131 - Darka Mazi","robots":{"index":"index","follow":"follow","max-snippet":"max-snippet:-1","max-image-preview":"max-image-preview:large","max-video-preview":"max-video-preview:-1"},"canonical":"https:\/\/darkamazi.site\/archives\/1027049","og_locale":"en_US","og_type":"article","og_title":"Netflix dizisi \"Fauda\" n\u0131n \u00fcnl\u00fc K\u00fcrt oyuncusu \u0130srail ordusuna kat\u0131ld\u0131 - Darka Mazi","og_description":"K\u00fcrt \u015fark\u0131c\u0131 ve akt\u00f6r Idan Amedi, g\u00f6n\u00fcll\u00fc olarak \u0130srail ordusuna kat\u0131ld\u0131. Idan Amedi, \u0130srail ordusuna kat\u0131lma karar\u0131n\u0131 bir videoyla duyurarak, &#8220;Kazanaca\u011f\u0131z&#8221; dedi. Hamas 7 Ekim&#8217;de, \u0130srail&#8217;e &#8220;Aksa Tufan\u0131&#8221; ad\u0131n\u0131 verdi\u011fi bir sald\u0131r\u0131 ba\u015flatt\u0131. Hamas&#8217;\u0131n sald\u0131r\u0131s\u0131ndan sonra pek \u00e7ok ki\u015fi g\u00f6n\u00fcll\u00fc olarak \u0130srail ordusuna kat\u0131ld\u0131. Bunlardan biri de \u00fcnl\u00fc \u015fark\u0131c\u0131 ve m\u00fczisyen Idan Amedi. Idan Amedi, [&hellip;]","og_url":"https:\/\/darkamazi.site\/archives\/1027049","og_site_name":"Darka Mazi","article_publisher":"https:\/\/www.facebook.com\/DarkaMaziturkce","article_published_time":"2023-10-13T18:19:03+00:00","article_modified_time":"2026-03-31T13:19:41+00:00","og_image":[{"width":522,"height":827,"url":"https:\/\/darkamazi.site\/file\/2023\/10\/Capture.jpeg","type":"image\/jpeg"}],"author":"darka mazi","twitter_card":"summary_large_image","twitter_creator":"@DarkaMaziTurkce","twitter_site":"@DarkaMaziTurkce","twitter_misc":{"Written by":"darka mazi","Est. reading time":"1 minute"},"schema":{"@context":"https:\/\/schema.org","@graph":[{"@type":"NewsArticle","@id":"https:\/\/darkamazi.site\/archives\/1027049#article","isPartOf":{"@id":"https:\/\/darkamazi.site\/archives\/1027049"},"author":{"name":"darka mazi","@id":"https:\/\/darkamazi.site\/#\/schema\/person\/67986a95ac546c16760365877ef4a9d3"},"headline":"Netflix dizisi &#8220;Fauda&#8221; n\u0131n \u00fcnl\u00fc K\u00fcrt oyuncusu \u0130srail ordusuna kat\u0131ld\u0131","datePublished":"2023-10-13T18:19:03+00:00","dateModified":"2026-03-31T13:19:41+00:00","mainEntityOfPage":{"@id":"https:\/\/darkamazi.site\/archives\/1027049"},"wordCount":282,"publisher":{"@id":"https:\/\/darkamazi.site\/#organization"},"image":{"@id":"https:\/\/darkamazi.site\/archives\/1027049#primaryimage"},"thumbnailUrl":"https:\/\/darkamazi.site\/file\/2023\/10\/Capture.jpeg","articleSection":["Kurdistan","Ortado\u011fu"],"inLanguage":"en-US"},{"@type":"WebPage","@id":"https:\/\/darkamazi.site\/archives\/1027049","url":"https:\/\/darkamazi.site\/archives\/1027049","name":"Netflix dizisi \"Fauda\" n\u0131n \u00fcnl\u00fc K\u00fcrt oyuncusu \u0130srail ordusuna kat\u0131ld\u0131 - Darka Mazi","isPartOf":{"@id":"https:\/\/darkamazi.site\/#website"},"primaryImageOfPage":{"@id":"https:\/\/darkamazi.site\/archives\/1027049#primaryimage"},"image":{"@id":"https:\/\/darkamazi.site\/archives\/1027049#primaryimage"},"thumbnailUrl":"https:\/\/darkamazi.site\/file\/2023\/10\/Capture.jpeg","datePublished":"2023-10-13T18:19:03+00:00","dateModified":"2026-03-31T13:19:41+00:00","breadcrumb":{"@id":"https:\/\/darkamazi.site\/archives\/1027049#breadcrumb"},"inLanguage":"en-US","potentialAction":[{"@type":"ReadAction","target":["https:\/\/darkamazi.site\/archives\/1027049"]}]},{"@type":"ImageObject","inLanguage":"en-US","@id":"https:\/\/darkamazi.site\/archives\/1027049#primaryimage","url":"https:\/\/darkamazi.site\/file\/2023\/10\/Capture.jpeg","contentUrl":"https:\/\/darkamazi.site\/file\/2023\/10\/Capture.jpeg","width":522,"height":827,"caption":"Netflix dizisi \"Fauda\" n\u0131n \u00fcnl\u00fc K\u00fcrt oyuncusu \u0130srail ordusuna kat\u0131ld\u0131"},{"@type":"BreadcrumbList","@id":"https:\/\/darkamazi.site\/archives\/1027049#breadcrumb","itemListElement":[{"@type":"ListItem","position":1,"name":"Home","item":"https:\/\/darkamazi.site\/"},{"@type":"ListItem","position":2,"name":"Netflix dizisi &#8220;Fauda&#8221; n\u0131n \u00fcnl\u00fc K\u00fcrt oyuncusu \u0130srail ordusuna kat\u0131ld\u0131"}]},{"@type":"WebSite","@id":"https:\/\/darkamazi.site\/#website","url":"https:\/\/darkamazi.site\/","name":"Darka Mazi","description":"Ana Sayfa","publisher":{"@id":"https:\/\/darkamazi.site\/#organization"},"potentialAction":[{"@type":"SearchAction","target":{"@type":"EntryPoint","urlTemplate":"https:\/\/darkamazi.site\/?s={search_term_string}"},"query-input":{"@type":"PropertyValueSpecification","valueRequired":true,"valueName":"search_term_string"}}],"inLanguage":"en-US"},{"@type":"Organization","@id":"https:\/\/darkamazi.site\/#organization","name":"Darka Mazi T\u00fcrk\u00e7e","alternateName":"Darka Mazi","url":"https:\/\/darkamazi.site\/","logo":{"@type":"ImageObject","inLanguage":"en-US","@id":"https:\/\/darkamazi.site\/#\/schema\/logo\/image\/","url":"https:\/\/darkamazi.site\/file\/2017\/12\/darka-mazi-logo.png","contentUrl":"https:\/\/darkamazi.site\/file\/2017\/12\/darka-mazi-logo.png","width":151,"height":75,"caption":"Darka Mazi T\u00fcrk\u00e7e"},"image":{"@id":"https:\/\/darkamazi.site\/#\/schema\/logo\/image\/"},"sameAs":["https:\/\/www.facebook.com\/DarkaMaziturkce","https:\/\/x.com\/DarkaMaziTurkce"]},{"@type":"Person","@id":"https:\/\/darkamazi.site\/#\/schema\/person\/67986a95ac546c16760365877ef4a9d3","name":"darka mazi","sameAs":["https:\/\/darkamazi.site"],"url":"https:\/\/darkamazi.site\/archives\/author\/turkish"}]}},"_links":{"self":[{"href":"https:\/\/darkamazi.site\/funavuv\/wp\/v2\/posts\/1027049","targetHints":{"allow":["GET"]}}],"collection":[{"href":"https:\/\/darkamazi.site\/funavuv\/wp\/v2\/posts"}],"about":[{"href":"https:\/\/darkamazi.site\/funavuv\/wp\/v2\/types\/post"}],"author":[{"embeddable":true,"href":"https:\/\/darkamazi.site\/funavuv\/wp\/v2\/users\/2"}],"replies":[{"embeddable":true,"href":"https:\/\/darkamazi.site\/funavuv\/wp\/v2\/comments?post=1027049"}],"version-history":[{"count":0,"href":"https:\/\/darkamazi.site\/funavuv\/wp\/v2\/posts\/1027049\/revisions"}],"wp:featuredmedia":[{"embeddable":true,"href":"https:\/\/darkamazi.site\/funavuv\/wp\/v2\/media\/1027047"}],"wp:attachment":[{"href":"https:\/\/darkamazi.site\/funavuv\/wp\/v2\/media?parent=1027049"}],"wp:term":[{"taxonomy":"category","embeddable":true,"href":"https:\/\/darkamazi.site\/funavuv\/wp\/v2\/categories?post=1027049"},{"taxonomy":"post_tag","embeddable":true,"href":"https:\/\/darkamazi.site\/funavuv\/wp\/v2\/tags?post=1027049"}],"curies":[{"name":"wp","href":"https:\/\/api.w.org\/{rel}","templated":true}]}}