{"id":1027193,"date":"2023-10-24T09:09:43","date_gmt":"2023-10-24T06:09:43","guid":{"rendered":"https:\/\/darkamazi.site\/?p=1027193"},"modified":"2023-10-24T09:09:43","modified_gmt":"2023-10-24T06:09:43","slug":"fransa-cumhurbaskani-macron-israile-ulasti","status":"publish","type":"post","link":"https:\/\/darkamazi.site\/archives\/1027193","title":{"rendered":"Fransa Cumhurba\u015fkan\u0131 Macron \u0130srail&#8217;e ula\u015ft\u0131"},"content":{"rendered":"<p style=\"text-align: justify\">Fransa Cumhurba\u015fkan\u0131 Macron \u0130srail\u2019e gitti.<\/p>\n<p style=\"text-align: justify\">Fransa Cumhurba\u015fkan\u0131 Emmanuel Macron\u2019u ta\u015f\u0131yan u\u00e7ak Tel Aviv\u2019e ula\u015ft\u0131.<\/p>\n<p style=\"text-align: justify\">Fransa Cumhurba\u015fkanl\u0131\u011f\u0131 d\u00fcn yapt\u0131\u011f\u0131 a\u00e7\u0131klamada, Fransa Cumhurba\u015fkan\u0131 Emmanuel Macron\u2019un Sal\u0131 g\u00fcn\u00fc \u0130srail&#8217;e yapaca\u011f\u0131 ziyarette yasad\u0131\u015f\u0131 yerle\u015fim birimlerinin kurulmas\u0131n\u0131n durdurulmas\u0131 gere\u011fini g\u00f6r\u00fc\u015fece\u011fi belirtildi.<\/p>\n<p style=\"text-align: justify\">Cumhurba\u015fkanl\u0131\u011f\u0131 a\u00e7\u0131klamas\u0131nda Macron\u2019un siyasi perspektifini yeniden a\u00e7\u0131lmas\u0131 ve \u201cFilistin Devleti&#8217;nin kurulmas\u0131 i\u00e7in neyin gerekli oldu\u011fu\u201d konu\u015fulaca\u011f\u0131 ifade edildi.<\/p>\n<p style=\"text-align: justify\">Her iki devlet i\u00e7in de &#8220;bar\u0131\u015f\u00e7\u0131l ve g\u00fcvenli&#8221; bir arada ya\u015faman\u0131n te\u015fvik edildi\u011fini belirtti.<\/p>\n<p style=\"text-align: justify\">Macron, \u0130srail Cumhurba\u015fkan\u0131 Isaac Herzog ve Ba\u015fbakan Binyamin Netanyahu ile g\u00f6r\u00fc\u015fmelerde bulunacak.<\/p>\n<p style=\"text-align: justify\">Macron&#8217;nin ziyareti ile Fransa&#8217;n\u0131n \u0130srail&#8217;le dayan\u0131\u015fmas\u0131 g\u00f6sterilecek ancak Paris ayn\u0131 zamanda Orta Do\u011fu&#8217;da &#8220;tehlikeli&#8221; bir t\u0131rman\u0131\u015f\u0131 engellemeyi ama\u00e7l\u0131yor ve\u00a0\u00a0insani bir ate\u015fkes \u00e7a\u011fr\u0131s\u0131nda bulunuyor.<\/p>\n<p style=\"text-align: justify\">Kay\u0131p Frans\u0131z vatanda\u015flar\u0131n\u0131n say\u0131s\u0131 belirtilmeden, rehinelerin serbest b\u0131rak\u0131lmas\u0131n\u0131n Fransa cumhurba\u015fkan\u0131 i\u00e7in en \u00f6nemli \u00f6ncelik oldu\u011fu belirtildi.<\/p>\n<p style=\"text-align: justify\">Cumhurba\u015fkanl\u0131\u011f\u0131, insani boyuta ili\u015fkin olarak Fransa&#8217;n\u0131n, \u00f6zellikle Gazze&#8217;ye y\u00f6nelik yard\u0131m\u0131n art\u0131r\u0131lmas\u0131 \u00e7a\u011fr\u0131s\u0131nda bulundu\u011funu ve \u0130srail&#8217;in tepkisinin yasalara sayg\u0131l\u0131 devletlerin standartlar\u0131na uygun olmas\u0131 gerekti\u011finin alt\u0131n\u0131 \u00e7izdi\u011fini s\u00f6yledi.<\/p>\n<p style=\"text-align: justify\">Macron, ayr\u0131ca M\u0131s\u0131rl\u0131 mevkida\u015f\u0131 Abd\u00fclfettah el-Sisi ve Filistin Y\u00f6netimi Ba\u015fkan\u0131 Mahmud Abbas&#8217;la da g\u00f6r\u00fc\u015f al\u0131\u015fveri\u015finde bulunmas\u0131 bekleniyor.<\/p>\n","protected":false},"excerpt":{"rendered":"<p>Fransa Cumhurba\u015fkan\u0131 Macron \u0130srail\u2019e gitti. Fransa Cumhurba\u015fkan\u0131 Emmanuel Macron\u2019u ta\u015f\u0131yan u\u00e7ak Tel Aviv\u2019e ula\u015ft\u0131. Fransa Cumhurba\u015fkanl\u0131\u011f\u0131 d\u00fcn yapt\u0131\u011f\u0131 a\u00e7\u0131klamada, Fransa Cumhurba\u015fkan\u0131 Emmanuel Macron\u2019un Sal\u0131 g\u00fcn\u00fc \u0130srail&#8217;e yapaca\u011f\u0131 ziyarette yasad\u0131\u015f\u0131 yerle\u015fim birimlerinin kurulmas\u0131n\u0131n durdurulmas\u0131 gere\u011fini g\u00f6r\u00fc\u015fece\u011fi belirtildi. Cumhurba\u015fkanl\u0131\u011f\u0131 a\u00e7\u0131klamas\u0131nda Macron\u2019un siyasi perspektifini yeniden a\u00e7\u0131lmas\u0131 ve \u201cFilistin Devleti&#8217;nin kurulmas\u0131 i\u00e7in neyin gerekli oldu\u011fu\u201d konu\u015fulaca\u011f\u0131 ifade edildi. Her [&hellip;]<\/p>\n","protected":false},"author":2,"featured_media":1027194,"comment_status":"closed","ping_status":"closed","sticky":false,"template":"","format":"standard","meta":{"footnotes":""},"categories":[29],"tags":[48],"class_list":["post-1027193","post","type-post","status-publish","format-standard","has-post-thumbnail","hentry","category-ortadogu","tag-onem"],"blocksy_meta":[],"seo_head":"<!-- This site is optimized with the Yoast SEO plugin v27.5 - https:\/\/yoast.com\/product\/yoast-seo-wordpress\/ -->\n<title>Fransa Cumhurba\u015fkan\u0131 Macron \u0130srail&#039;e ula\u015ft\u0131 - Darka Mazi<\/title>\n<meta name=\"robots\" content=\"index, follow, max-snippet:-1, max-image-preview:large, max-video-preview:-1\" \/>\n<link rel=\"canonical\" href=\"https:\/\/darkamazi.site\/archives\/1027193\" \/>\n<meta property=\"og:locale\" content=\"en_US\" \/>\n<meta property=\"og:type\" content=\"article\" \/>\n<meta property=\"og:title\" content=\"Fransa Cumhurba\u015fkan\u0131 Macron \u0130srail&#039;e ula\u015ft\u0131 - Darka Mazi\" \/>\n<meta property=\"og:description\" content=\"Fransa Cumhurba\u015fkan\u0131 Macron \u0130srail\u2019e gitti. Fransa Cumhurba\u015fkan\u0131 Emmanuel Macron\u2019u ta\u015f\u0131yan u\u00e7ak Tel Aviv\u2019e ula\u015ft\u0131. Fransa Cumhurba\u015fkanl\u0131\u011f\u0131 d\u00fcn yapt\u0131\u011f\u0131 a\u00e7\u0131klamada, Fransa Cumhurba\u015fkan\u0131 Emmanuel Macron\u2019un Sal\u0131 g\u00fcn\u00fc \u0130srail&#8217;e yapaca\u011f\u0131 ziyarette yasad\u0131\u015f\u0131 yerle\u015fim birimlerinin kurulmas\u0131n\u0131n durdurulmas\u0131 gere\u011fini g\u00f6r\u00fc\u015fece\u011fi belirtildi. Cumhurba\u015fkanl\u0131\u011f\u0131 a\u00e7\u0131klamas\u0131nda Macron\u2019un siyasi perspektifini yeniden a\u00e7\u0131lmas\u0131 ve \u201cFilistin Devleti&#8217;nin kurulmas\u0131 i\u00e7in neyin gerekli oldu\u011fu\u201d konu\u015fulaca\u011f\u0131 ifade edildi. Her [&hellip;]\" \/>\n<meta property=\"og:url\" content=\"https:\/\/darkamazi.site\/archives\/1027193\" \/>\n<meta property=\"og:site_name\" content=\"Darka Mazi\" \/>\n<meta property=\"article:publisher\" content=\"https:\/\/www.facebook.com\/DarkaMaziturkce\" \/>\n<meta property=\"article:published_time\" content=\"2023-10-24T06:09:43+00:00\" \/>\n<meta property=\"og:image\" content=\"https:\/\/darkamazi.site\/file\/2023\/10\/85748030100590640360no.jpg\" \/>\n\t<meta property=\"og:image:width\" content=\"640\" \/>\n\t<meta property=\"og:image:height\" content=\"360\" \/>\n\t<meta property=\"og:image:type\" content=\"image\/jpeg\" \/>\n<meta name=\"author\" content=\"darka mazi\" \/>\n<meta name=\"twitter:card\" content=\"summary_large_image\" \/>\n<meta name=\"twitter:creator\" content=\"@DarkaMaziTurkce\" \/>\n<meta name=\"twitter:site\" content=\"@DarkaMaziTurkce\" \/>\n<meta name=\"twitter:label1\" content=\"Written by\" \/>\n\t<meta name=\"twitter:data1\" content=\"darka mazi\" \/>\n\t<meta name=\"twitter:label2\" content=\"Est. reading time\" \/>\n\t<meta name=\"twitter:data2\" content=\"1 minute\" \/>\n<script type=\"application\/ld+json\" class=\"seo-schema-graph\">{\"@context\":\"https:\\\/\\\/schema.org\",\"@graph\":[{\"@type\":\"NewsArticle\",\"@id\":\"https:\\\/\\\/darkamazi.site\\\/archives\\\/1027193#article\",\"isPartOf\":{\"@id\":\"https:\\\/\\\/darkamazi.site\\\/archives\\\/1027193\"},\"author\":{\"name\":\"darka mazi\",\"@id\":\"https:\\\/\\\/darkamazi.site\\\/#\\\/schema\\\/person\\\/67986a95ac546c16760365877ef4a9d3\"},\"headline\":\"Fransa Cumhurba\u015fkan\u0131 Macron \u0130srail&#8217;e ula\u015ft\u0131\",\"datePublished\":\"2023-10-24T06:09:43+00:00\",\"mainEntityOfPage\":{\"@id\":\"https:\\\/\\\/darkamazi.site\\\/archives\\\/1027193\"},\"wordCount\":272,\"publisher\":{\"@id\":\"https:\\\/\\\/darkamazi.site\\\/#organization\"},\"image\":{\"@id\":\"https:\\\/\\\/darkamazi.site\\\/archives\\\/1027193#primaryimage\"},\"thumbnailUrl\":\"https:\\\/\\\/darkamazi.site\\\/darka-content\\\/uploads\\\/2023\\\/10\\\/85748030100590640360no.jpg\",\"keywords\":[\"\u00f6nem\"],\"articleSection\":[\"Ortado\u011fu\"],\"inLanguage\":\"en-US\"},{\"@type\":\"WebPage\",\"@id\":\"https:\\\/\\\/darkamazi.site\\\/archives\\\/1027193\",\"url\":\"https:\\\/\\\/darkamazi.site\\\/archives\\\/1027193\",\"name\":\"Fransa Cumhurba\u015fkan\u0131 Macron \u0130srail'e ula\u015ft\u0131 - Darka Mazi\",\"isPartOf\":{\"@id\":\"https:\\\/\\\/darkamazi.site\\\/#website\"},\"primaryImageOfPage\":{\"@id\":\"https:\\\/\\\/darkamazi.site\\\/archives\\\/1027193#primaryimage\"},\"image\":{\"@id\":\"https:\\\/\\\/darkamazi.site\\\/archives\\\/1027193#primaryimage\"},\"thumbnailUrl\":\"https:\\\/\\\/darkamazi.site\\\/darka-content\\\/uploads\\\/2023\\\/10\\\/85748030100590640360no.jpg\",\"datePublished\":\"2023-10-24T06:09:43+00:00\",\"breadcrumb\":{\"@id\":\"https:\\\/\\\/darkamazi.site\\\/archives\\\/1027193#breadcrumb\"},\"inLanguage\":\"en-US\",\"potentialAction\":[{\"@type\":\"ReadAction\",\"target\":[\"https:\\\/\\\/darkamazi.site\\\/archives\\\/1027193\"]}]},{\"@type\":\"ImageObject\",\"inLanguage\":\"en-US\",\"@id\":\"https:\\\/\\\/darkamazi.site\\\/archives\\\/1027193#primaryimage\",\"url\":\"https:\\\/\\\/darkamazi.site\\\/darka-content\\\/uploads\\\/2023\\\/10\\\/85748030100590640360no.jpg\",\"contentUrl\":\"https:\\\/\\\/darkamazi.site\\\/darka-content\\\/uploads\\\/2023\\\/10\\\/85748030100590640360no.jpg\",\"width\":640,\"height\":360,\"caption\":\"Fransa Cumhurba\u015fkan\u0131 Macron \u0130srail'e ula\u015ft\u0131\"},{\"@type\":\"BreadcrumbList\",\"@id\":\"https:\\\/\\\/darkamazi.site\\\/archives\\\/1027193#breadcrumb\",\"itemListElement\":[{\"@type\":\"ListItem\",\"position\":1,\"name\":\"Home\",\"item\":\"https:\\\/\\\/darkamazi.site\\\/\"},{\"@type\":\"ListItem\",\"position\":2,\"name\":\"Fransa Cumhurba\u015fkan\u0131 Macron \u0130srail&#8217;e ula\u015ft\u0131\"}]},{\"@type\":\"WebSite\",\"@id\":\"https:\\\/\\\/darkamazi.site\\\/#website\",\"url\":\"https:\\\/\\\/darkamazi.site\\\/\",\"name\":\"Darka Mazi\",\"description\":\"Ana Sayfa\",\"publisher\":{\"@id\":\"https:\\\/\\\/darkamazi.site\\\/#organization\"},\"potentialAction\":[{\"@type\":\"SearchAction\",\"target\":{\"@type\":\"EntryPoint\",\"urlTemplate\":\"https:\\\/\\\/darkamazi.site\\\/?s={search_term_string}\"},\"query-input\":{\"@type\":\"PropertyValueSpecification\",\"valueRequired\":true,\"valueName\":\"search_term_string\"}}],\"inLanguage\":\"en-US\"},{\"@type\":\"Organization\",\"@id\":\"https:\\\/\\\/darkamazi.site\\\/#organization\",\"name\":\"Darka Mazi T\u00fcrk\u00e7e\",\"alternateName\":\"Darka Mazi\",\"url\":\"https:\\\/\\\/darkamazi.site\\\/\",\"logo\":{\"@type\":\"ImageObject\",\"inLanguage\":\"en-US\",\"@id\":\"https:\\\/\\\/darkamazi.site\\\/#\\\/schema\\\/logo\\\/image\\\/\",\"url\":\"https:\\\/\\\/darkamazi.site\\\/darka-content\\\/uploads\\\/2017\\\/12\\\/darka-mazi-logo.png\",\"contentUrl\":\"https:\\\/\\\/darkamazi.site\\\/darka-content\\\/uploads\\\/2017\\\/12\\\/darka-mazi-logo.png\",\"width\":151,\"height\":75,\"caption\":\"Darka Mazi T\u00fcrk\u00e7e\"},\"image\":{\"@id\":\"https:\\\/\\\/darkamazi.site\\\/#\\\/schema\\\/logo\\\/image\\\/\"},\"sameAs\":[\"https:\\\/\\\/www.facebook.com\\\/DarkaMaziturkce\",\"https:\\\/\\\/x.com\\\/DarkaMaziTurkce\"]},{\"@type\":\"Person\",\"@id\":\"https:\\\/\\\/darkamazi.site\\\/#\\\/schema\\\/person\\\/67986a95ac546c16760365877ef4a9d3\",\"name\":\"darka mazi\",\"sameAs\":[\"https:\\\/\\\/darkamazi.site\"],\"url\":\"https:\\\/\\\/darkamazi.site\\\/archives\\\/author\\\/turkish\"}]}<\/script>\n<!-- \/ Yoast SEO plugin. -->","seo_head_json":{"title":"Fransa Cumhurba\u015fkan\u0131 Macron \u0130srail'e ula\u015ft\u0131 - Darka Mazi","robots":{"index":"index","follow":"follow","max-snippet":"max-snippet:-1","max-image-preview":"max-image-preview:large","max-video-preview":"max-video-preview:-1"},"canonical":"https:\/\/darkamazi.site\/archives\/1027193","og_locale":"en_US","og_type":"article","og_title":"Fransa Cumhurba\u015fkan\u0131 Macron \u0130srail'e ula\u015ft\u0131 - Darka Mazi","og_description":"Fransa Cumhurba\u015fkan\u0131 Macron \u0130srail\u2019e gitti. Fransa Cumhurba\u015fkan\u0131 Emmanuel Macron\u2019u ta\u015f\u0131yan u\u00e7ak Tel Aviv\u2019e ula\u015ft\u0131. Fransa Cumhurba\u015fkanl\u0131\u011f\u0131 d\u00fcn yapt\u0131\u011f\u0131 a\u00e7\u0131klamada, Fransa Cumhurba\u015fkan\u0131 Emmanuel Macron\u2019un Sal\u0131 g\u00fcn\u00fc \u0130srail&#8217;e yapaca\u011f\u0131 ziyarette yasad\u0131\u015f\u0131 yerle\u015fim birimlerinin kurulmas\u0131n\u0131n durdurulmas\u0131 gere\u011fini g\u00f6r\u00fc\u015fece\u011fi belirtildi. Cumhurba\u015fkanl\u0131\u011f\u0131 a\u00e7\u0131klamas\u0131nda Macron\u2019un siyasi perspektifini yeniden a\u00e7\u0131lmas\u0131 ve \u201cFilistin Devleti&#8217;nin kurulmas\u0131 i\u00e7in neyin gerekli oldu\u011fu\u201d konu\u015fulaca\u011f\u0131 ifade edildi. Her [&hellip;]","og_url":"https:\/\/darkamazi.site\/archives\/1027193","og_site_name":"Darka Mazi","article_publisher":"https:\/\/www.facebook.com\/DarkaMaziturkce","article_published_time":"2023-10-24T06:09:43+00:00","og_image":[{"width":640,"height":360,"url":"https:\/\/darkamazi.site\/file\/2023\/10\/85748030100590640360no.jpg","type":"image\/jpeg"}],"author":"darka mazi","twitter_card":"summary_large_image","twitter_creator":"@DarkaMaziTurkce","twitter_site":"@DarkaMaziTurkce","twitter_misc":{"Written by":"darka mazi","Est. reading time":"1 minute"},"schema":{"@context":"https:\/\/schema.org","@graph":[{"@type":"NewsArticle","@id":"https:\/\/darkamazi.site\/archives\/1027193#article","isPartOf":{"@id":"https:\/\/darkamazi.site\/archives\/1027193"},"author":{"name":"darka mazi","@id":"https:\/\/darkamazi.site\/#\/schema\/person\/67986a95ac546c16760365877ef4a9d3"},"headline":"Fransa Cumhurba\u015fkan\u0131 Macron \u0130srail&#8217;e ula\u015ft\u0131","datePublished":"2023-10-24T06:09:43+00:00","mainEntityOfPage":{"@id":"https:\/\/darkamazi.site\/archives\/1027193"},"wordCount":272,"publisher":{"@id":"https:\/\/darkamazi.site\/#organization"},"image":{"@id":"https:\/\/darkamazi.site\/archives\/1027193#primaryimage"},"thumbnailUrl":"https:\/\/darkamazi.site\/file\/2023\/10\/85748030100590640360no.jpg","keywords":["\u00f6nem"],"articleSection":["Ortado\u011fu"],"inLanguage":"en-US"},{"@type":"WebPage","@id":"https:\/\/darkamazi.site\/archives\/1027193","url":"https:\/\/darkamazi.site\/archives\/1027193","name":"Fransa Cumhurba\u015fkan\u0131 Macron \u0130srail'e ula\u015ft\u0131 - Darka Mazi","isPartOf":{"@id":"https:\/\/darkamazi.site\/#website"},"primaryImageOfPage":{"@id":"https:\/\/darkamazi.site\/archives\/1027193#primaryimage"},"image":{"@id":"https:\/\/darkamazi.site\/archives\/1027193#primaryimage"},"thumbnailUrl":"https:\/\/darkamazi.site\/file\/2023\/10\/85748030100590640360no.jpg","datePublished":"2023-10-24T06:09:43+00:00","breadcrumb":{"@id":"https:\/\/darkamazi.site\/archives\/1027193#breadcrumb"},"inLanguage":"en-US","potentialAction":[{"@type":"ReadAction","target":["https:\/\/darkamazi.site\/archives\/1027193"]}]},{"@type":"ImageObject","inLanguage":"en-US","@id":"https:\/\/darkamazi.site\/archives\/1027193#primaryimage","url":"https:\/\/darkamazi.site\/file\/2023\/10\/85748030100590640360no.jpg","contentUrl":"https:\/\/darkamazi.site\/file\/2023\/10\/85748030100590640360no.jpg","width":640,"height":360,"caption":"Fransa Cumhurba\u015fkan\u0131 Macron \u0130srail'e ula\u015ft\u0131"},{"@type":"BreadcrumbList","@id":"https:\/\/darkamazi.site\/archives\/1027193#breadcrumb","itemListElement":[{"@type":"ListItem","position":1,"name":"Home","item":"https:\/\/darkamazi.site\/"},{"@type":"ListItem","position":2,"name":"Fransa Cumhurba\u015fkan\u0131 Macron \u0130srail&#8217;e ula\u015ft\u0131"}]},{"@type":"WebSite","@id":"https:\/\/darkamazi.site\/#website","url":"https:\/\/darkamazi.site\/","name":"Darka Mazi","description":"Ana Sayfa","publisher":{"@id":"https:\/\/darkamazi.site\/#organization"},"potentialAction":[{"@type":"SearchAction","target":{"@type":"EntryPoint","urlTemplate":"https:\/\/darkamazi.site\/?s={search_term_string}"},"query-input":{"@type":"PropertyValueSpecification","valueRequired":true,"valueName":"search_term_string"}}],"inLanguage":"en-US"},{"@type":"Organization","@id":"https:\/\/darkamazi.site\/#organization","name":"Darka Mazi T\u00fcrk\u00e7e","alternateName":"Darka Mazi","url":"https:\/\/darkamazi.site\/","logo":{"@type":"ImageObject","inLanguage":"en-US","@id":"https:\/\/darkamazi.site\/#\/schema\/logo\/image\/","url":"https:\/\/darkamazi.site\/file\/2017\/12\/darka-mazi-logo.png","contentUrl":"https:\/\/darkamazi.site\/file\/2017\/12\/darka-mazi-logo.png","width":151,"height":75,"caption":"Darka Mazi T\u00fcrk\u00e7e"},"image":{"@id":"https:\/\/darkamazi.site\/#\/schema\/logo\/image\/"},"sameAs":["https:\/\/www.facebook.com\/DarkaMaziturkce","https:\/\/x.com\/DarkaMaziTurkce"]},{"@type":"Person","@id":"https:\/\/darkamazi.site\/#\/schema\/person\/67986a95ac546c16760365877ef4a9d3","name":"darka mazi","sameAs":["https:\/\/darkamazi.site"],"url":"https:\/\/darkamazi.site\/archives\/author\/turkish"}]}},"_links":{"self":[{"href":"https:\/\/darkamazi.site\/funavuv\/wp\/v2\/posts\/1027193","targetHints":{"allow":["GET"]}}],"collection":[{"href":"https:\/\/darkamazi.site\/funavuv\/wp\/v2\/posts"}],"about":[{"href":"https:\/\/darkamazi.site\/funavuv\/wp\/v2\/types\/post"}],"author":[{"embeddable":true,"href":"https:\/\/darkamazi.site\/funavuv\/wp\/v2\/users\/2"}],"replies":[{"embeddable":true,"href":"https:\/\/darkamazi.site\/funavuv\/wp\/v2\/comments?post=1027193"}],"version-history":[{"count":0,"href":"https:\/\/darkamazi.site\/funavuv\/wp\/v2\/posts\/1027193\/revisions"}],"wp:featuredmedia":[{"embeddable":true,"href":"https:\/\/darkamazi.site\/funavuv\/wp\/v2\/media\/1027194"}],"wp:attachment":[{"href":"https:\/\/darkamazi.site\/funavuv\/wp\/v2\/media?parent=1027193"}],"wp:term":[{"taxonomy":"category","embeddable":true,"href":"https:\/\/darkamazi.site\/funavuv\/wp\/v2\/categories?post=1027193"},{"taxonomy":"post_tag","embeddable":true,"href":"https:\/\/darkamazi.site\/funavuv\/wp\/v2\/tags?post=1027193"}],"curies":[{"name":"wp","href":"https:\/\/api.w.org\/{rel}","templated":true}]}}