{"id":1027228,"date":"2023-10-26T15:06:59","date_gmt":"2023-10-26T12:06:59","guid":{"rendered":"https:\/\/darkamazi.site\/?p=1027228"},"modified":"2023-10-26T15:06:59","modified_gmt":"2023-10-26T12:06:59","slug":"iran-erkeklerin-dar-tisort-ve-sort-giymesi-yasaklandi","status":"publish","type":"post","link":"https:\/\/darkamazi.site\/archives\/1027228","title":{"rendered":"\u0130ran: Erkeklerin dar ti\u015f\u00f6rt ve \u015fort giymesi yasakland\u0131"},"content":{"rendered":"<p>\u0130ran&#8217;da erkeklerin dar ti\u015f\u00f6rt ve \u015fort giymesini yasaklayan yasa tasar\u0131s\u0131 kabul edildi.<\/p>\n<p>Kad\u0131n ve Toplum Merkezi ba\u015fkan\u0131 Abulfazl \u0130kbali bir televizyon program\u0131na yapt\u0131\u011f\u0131 a\u00e7\u0131klamada, yak\u0131n zamanda kabul edilen ba\u015f\u00f6rt\u00fcs\u00fc ve ifaf yasas\u0131na g\u00f6re &#8220;uygunsuz k\u0131yafet&#8221; giyen erkeklere para cezas\u0131 verilece\u011fini s\u00f6yledi.<\/p>\n<p>Erkekler i\u00e7in \u00e7\u0131plak k\u0131yafet giymenin cezas\u0131 alt\u0131 ila 50 milyon \u0130ran t\u00fcmeni olarak belirlendi. Bu miktar yakla\u015f\u0131m olarak 120- 1000 dolar<\/p>\n<p>\u0130kbali, erkekler i\u00e7in &#8220;uygun olmayan giyim&#8221;in \u015fort ve dar ti\u015f\u00f6rt giymeyi de i\u00e7erdi\u011fini ve erkeklerin kal\u00e7alar\u0131 a\u00e7\u0131kta \u015fort giymeleri halinde para cezas\u0131na \u00e7arpt\u0131r\u0131lacaklar\u0131n\u0131 do\u011frulad\u0131.<\/p>\n","protected":false},"excerpt":{"rendered":"<p>\u0130ran&#8217;da erkeklerin dar ti\u015f\u00f6rt ve \u015fort giymesini yasaklayan yasa tasar\u0131s\u0131 kabul edildi. Kad\u0131n ve Toplum Merkezi ba\u015fkan\u0131 Abulfazl \u0130kbali bir televizyon program\u0131na yapt\u0131\u011f\u0131 a\u00e7\u0131klamada, yak\u0131n zamanda kabul edilen ba\u015f\u00f6rt\u00fcs\u00fc ve ifaf yasas\u0131na g\u00f6re &#8220;uygunsuz k\u0131yafet&#8221; giyen erkeklere para cezas\u0131 verilece\u011fini s\u00f6yledi. Erkekler i\u00e7in \u00e7\u0131plak k\u0131yafet giymenin cezas\u0131 alt\u0131 ila 50 milyon \u0130ran t\u00fcmeni olarak belirlendi. [&hellip;]<\/p>\n","protected":false},"author":2,"featured_media":1027229,"comment_status":"closed","ping_status":"closed","sticky":false,"template":"","format":"standard","meta":{"footnotes":""},"categories":[29],"tags":[],"class_list":["post-1027228","post","type-post","status-publish","format-standard","has-post-thumbnail","hentry","category-ortadogu"],"blocksy_meta":[],"seo_head":"<!-- This site is optimized with the Yoast SEO plugin v27.5 - https:\/\/yoast.com\/product\/yoast-seo-wordpress\/ -->\n<title>\u0130ran: Erkeklerin dar ti\u015f\u00f6rt ve \u015fort giymesi yasakland\u0131 - Darka Mazi<\/title>\n<meta name=\"robots\" content=\"index, follow, max-snippet:-1, max-image-preview:large, max-video-preview:-1\" \/>\n<link rel=\"canonical\" href=\"https:\/\/darkamazi.site\/archives\/1027228\" \/>\n<meta property=\"og:locale\" content=\"en_US\" \/>\n<meta property=\"og:type\" content=\"article\" \/>\n<meta property=\"og:title\" content=\"\u0130ran: Erkeklerin dar ti\u015f\u00f6rt ve \u015fort giymesi yasakland\u0131 - Darka Mazi\" \/>\n<meta property=\"og:description\" content=\"\u0130ran&#8217;da erkeklerin dar ti\u015f\u00f6rt ve \u015fort giymesini yasaklayan yasa tasar\u0131s\u0131 kabul edildi. Kad\u0131n ve Toplum Merkezi ba\u015fkan\u0131 Abulfazl \u0130kbali bir televizyon program\u0131na yapt\u0131\u011f\u0131 a\u00e7\u0131klamada, yak\u0131n zamanda kabul edilen ba\u015f\u00f6rt\u00fcs\u00fc ve ifaf yasas\u0131na g\u00f6re &#8220;uygunsuz k\u0131yafet&#8221; giyen erkeklere para cezas\u0131 verilece\u011fini s\u00f6yledi. Erkekler i\u00e7in \u00e7\u0131plak k\u0131yafet giymenin cezas\u0131 alt\u0131 ila 50 milyon \u0130ran t\u00fcmeni olarak belirlendi. [&hellip;]\" \/>\n<meta property=\"og:url\" content=\"https:\/\/darkamazi.site\/archives\/1027228\" \/>\n<meta property=\"og:site_name\" content=\"Darka Mazi\" \/>\n<meta property=\"article:publisher\" content=\"https:\/\/www.facebook.com\/DarkaMaziturkce\" \/>\n<meta property=\"article:published_time\" content=\"2023-10-26T12:06:59+00:00\" \/>\n<meta property=\"og:image\" content=\"https:\/\/darkamazi.site\/file\/2023\/10\/iran-sort-tisort.jpg\" \/>\n\t<meta property=\"og:image:width\" content=\"1200\" \/>\n\t<meta property=\"og:image:height\" content=\"653\" \/>\n\t<meta property=\"og:image:type\" content=\"image\/jpeg\" \/>\n<meta name=\"author\" content=\"darka mazi\" \/>\n<meta name=\"twitter:card\" content=\"summary_large_image\" \/>\n<meta name=\"twitter:creator\" content=\"@DarkaMaziTurkce\" \/>\n<meta name=\"twitter:site\" content=\"@DarkaMaziTurkce\" \/>\n<meta name=\"twitter:label1\" content=\"Written by\" \/>\n\t<meta name=\"twitter:data1\" content=\"darka mazi\" \/>\n\t<meta name=\"twitter:label2\" content=\"Est. reading time\" \/>\n\t<meta name=\"twitter:data2\" content=\"1 minute\" \/>\n<script type=\"application\/ld+json\" class=\"seo-schema-graph\">{\"@context\":\"https:\\\/\\\/schema.org\",\"@graph\":[{\"@type\":\"NewsArticle\",\"@id\":\"https:\\\/\\\/darkamazi.site\\\/archives\\\/1027228#article\",\"isPartOf\":{\"@id\":\"https:\\\/\\\/darkamazi.site\\\/archives\\\/1027228\"},\"author\":{\"name\":\"darka mazi\",\"@id\":\"https:\\\/\\\/darkamazi.site\\\/#\\\/schema\\\/person\\\/67986a95ac546c16760365877ef4a9d3\"},\"headline\":\"\u0130ran: Erkeklerin dar ti\u015f\u00f6rt ve \u015fort giymesi yasakland\u0131\",\"datePublished\":\"2023-10-26T12:06:59+00:00\",\"mainEntityOfPage\":{\"@id\":\"https:\\\/\\\/darkamazi.site\\\/archives\\\/1027228\"},\"wordCount\":124,\"publisher\":{\"@id\":\"https:\\\/\\\/darkamazi.site\\\/#organization\"},\"image\":{\"@id\":\"https:\\\/\\\/darkamazi.site\\\/archives\\\/1027228#primaryimage\"},\"thumbnailUrl\":\"https:\\\/\\\/darkamazi.site\\\/darka-content\\\/uploads\\\/2023\\\/10\\\/iran-sort-tisort.jpg\",\"articleSection\":[\"Ortado\u011fu\"],\"inLanguage\":\"en-US\"},{\"@type\":\"WebPage\",\"@id\":\"https:\\\/\\\/darkamazi.site\\\/archives\\\/1027228\",\"url\":\"https:\\\/\\\/darkamazi.site\\\/archives\\\/1027228\",\"name\":\"\u0130ran: Erkeklerin dar ti\u015f\u00f6rt ve \u015fort giymesi yasakland\u0131 - Darka Mazi\",\"isPartOf\":{\"@id\":\"https:\\\/\\\/darkamazi.site\\\/#website\"},\"primaryImageOfPage\":{\"@id\":\"https:\\\/\\\/darkamazi.site\\\/archives\\\/1027228#primaryimage\"},\"image\":{\"@id\":\"https:\\\/\\\/darkamazi.site\\\/archives\\\/1027228#primaryimage\"},\"thumbnailUrl\":\"https:\\\/\\\/darkamazi.site\\\/darka-content\\\/uploads\\\/2023\\\/10\\\/iran-sort-tisort.jpg\",\"datePublished\":\"2023-10-26T12:06:59+00:00\",\"breadcrumb\":{\"@id\":\"https:\\\/\\\/darkamazi.site\\\/archives\\\/1027228#breadcrumb\"},\"inLanguage\":\"en-US\",\"potentialAction\":[{\"@type\":\"ReadAction\",\"target\":[\"https:\\\/\\\/darkamazi.site\\\/archives\\\/1027228\"]}]},{\"@type\":\"ImageObject\",\"inLanguage\":\"en-US\",\"@id\":\"https:\\\/\\\/darkamazi.site\\\/archives\\\/1027228#primaryimage\",\"url\":\"https:\\\/\\\/darkamazi.site\\\/darka-content\\\/uploads\\\/2023\\\/10\\\/iran-sort-tisort.jpg\",\"contentUrl\":\"https:\\\/\\\/darkamazi.site\\\/darka-content\\\/uploads\\\/2023\\\/10\\\/iran-sort-tisort.jpg\",\"width\":1200,\"height\":653,\"caption\":\"\u0130ran: Erkeklerin dar ti\u015f\u00f6rt ve \u015fort giymesi yasakland\u0131\"},{\"@type\":\"BreadcrumbList\",\"@id\":\"https:\\\/\\\/darkamazi.site\\\/archives\\\/1027228#breadcrumb\",\"itemListElement\":[{\"@type\":\"ListItem\",\"position\":1,\"name\":\"Home\",\"item\":\"https:\\\/\\\/darkamazi.site\\\/\"},{\"@type\":\"ListItem\",\"position\":2,\"name\":\"\u0130ran: Erkeklerin dar ti\u015f\u00f6rt ve \u015fort giymesi yasakland\u0131\"}]},{\"@type\":\"WebSite\",\"@id\":\"https:\\\/\\\/darkamazi.site\\\/#website\",\"url\":\"https:\\\/\\\/darkamazi.site\\\/\",\"name\":\"Darka Mazi\",\"description\":\"Ana Sayfa\",\"publisher\":{\"@id\":\"https:\\\/\\\/darkamazi.site\\\/#organization\"},\"potentialAction\":[{\"@type\":\"SearchAction\",\"target\":{\"@type\":\"EntryPoint\",\"urlTemplate\":\"https:\\\/\\\/darkamazi.site\\\/?s={search_term_string}\"},\"query-input\":{\"@type\":\"PropertyValueSpecification\",\"valueRequired\":true,\"valueName\":\"search_term_string\"}}],\"inLanguage\":\"en-US\"},{\"@type\":\"Organization\",\"@id\":\"https:\\\/\\\/darkamazi.site\\\/#organization\",\"name\":\"Darka Mazi T\u00fcrk\u00e7e\",\"alternateName\":\"Darka Mazi\",\"url\":\"https:\\\/\\\/darkamazi.site\\\/\",\"logo\":{\"@type\":\"ImageObject\",\"inLanguage\":\"en-US\",\"@id\":\"https:\\\/\\\/darkamazi.site\\\/#\\\/schema\\\/logo\\\/image\\\/\",\"url\":\"https:\\\/\\\/darkamazi.site\\\/darka-content\\\/uploads\\\/2017\\\/12\\\/darka-mazi-logo.png\",\"contentUrl\":\"https:\\\/\\\/darkamazi.site\\\/darka-content\\\/uploads\\\/2017\\\/12\\\/darka-mazi-logo.png\",\"width\":151,\"height\":75,\"caption\":\"Darka Mazi T\u00fcrk\u00e7e\"},\"image\":{\"@id\":\"https:\\\/\\\/darkamazi.site\\\/#\\\/schema\\\/logo\\\/image\\\/\"},\"sameAs\":[\"https:\\\/\\\/www.facebook.com\\\/DarkaMaziturkce\",\"https:\\\/\\\/x.com\\\/DarkaMaziTurkce\"]},{\"@type\":\"Person\",\"@id\":\"https:\\\/\\\/darkamazi.site\\\/#\\\/schema\\\/person\\\/67986a95ac546c16760365877ef4a9d3\",\"name\":\"darka mazi\",\"sameAs\":[\"https:\\\/\\\/darkamazi.site\"],\"url\":\"https:\\\/\\\/darkamazi.site\\\/archives\\\/author\\\/turkish\"}]}<\/script>\n<!-- \/ Yoast SEO plugin. -->","seo_head_json":{"title":"\u0130ran: Erkeklerin dar ti\u015f\u00f6rt ve \u015fort giymesi yasakland\u0131 - Darka Mazi","robots":{"index":"index","follow":"follow","max-snippet":"max-snippet:-1","max-image-preview":"max-image-preview:large","max-video-preview":"max-video-preview:-1"},"canonical":"https:\/\/darkamazi.site\/archives\/1027228","og_locale":"en_US","og_type":"article","og_title":"\u0130ran: Erkeklerin dar ti\u015f\u00f6rt ve \u015fort giymesi yasakland\u0131 - Darka Mazi","og_description":"\u0130ran&#8217;da erkeklerin dar ti\u015f\u00f6rt ve \u015fort giymesini yasaklayan yasa tasar\u0131s\u0131 kabul edildi. Kad\u0131n ve Toplum Merkezi ba\u015fkan\u0131 Abulfazl \u0130kbali bir televizyon program\u0131na yapt\u0131\u011f\u0131 a\u00e7\u0131klamada, yak\u0131n zamanda kabul edilen ba\u015f\u00f6rt\u00fcs\u00fc ve ifaf yasas\u0131na g\u00f6re &#8220;uygunsuz k\u0131yafet&#8221; giyen erkeklere para cezas\u0131 verilece\u011fini s\u00f6yledi. Erkekler i\u00e7in \u00e7\u0131plak k\u0131yafet giymenin cezas\u0131 alt\u0131 ila 50 milyon \u0130ran t\u00fcmeni olarak belirlendi. [&hellip;]","og_url":"https:\/\/darkamazi.site\/archives\/1027228","og_site_name":"Darka Mazi","article_publisher":"https:\/\/www.facebook.com\/DarkaMaziturkce","article_published_time":"2023-10-26T12:06:59+00:00","og_image":[{"width":1200,"height":653,"url":"https:\/\/darkamazi.site\/file\/2023\/10\/iran-sort-tisort.jpg","type":"image\/jpeg"}],"author":"darka mazi","twitter_card":"summary_large_image","twitter_creator":"@DarkaMaziTurkce","twitter_site":"@DarkaMaziTurkce","twitter_misc":{"Written by":"darka mazi","Est. reading time":"1 minute"},"schema":{"@context":"https:\/\/schema.org","@graph":[{"@type":"NewsArticle","@id":"https:\/\/darkamazi.site\/archives\/1027228#article","isPartOf":{"@id":"https:\/\/darkamazi.site\/archives\/1027228"},"author":{"name":"darka mazi","@id":"https:\/\/darkamazi.site\/#\/schema\/person\/67986a95ac546c16760365877ef4a9d3"},"headline":"\u0130ran: Erkeklerin dar ti\u015f\u00f6rt ve \u015fort giymesi yasakland\u0131","datePublished":"2023-10-26T12:06:59+00:00","mainEntityOfPage":{"@id":"https:\/\/darkamazi.site\/archives\/1027228"},"wordCount":124,"publisher":{"@id":"https:\/\/darkamazi.site\/#organization"},"image":{"@id":"https:\/\/darkamazi.site\/archives\/1027228#primaryimage"},"thumbnailUrl":"https:\/\/darkamazi.site\/file\/2023\/10\/iran-sort-tisort.jpg","articleSection":["Ortado\u011fu"],"inLanguage":"en-US"},{"@type":"WebPage","@id":"https:\/\/darkamazi.site\/archives\/1027228","url":"https:\/\/darkamazi.site\/archives\/1027228","name":"\u0130ran: Erkeklerin dar ti\u015f\u00f6rt ve \u015fort giymesi yasakland\u0131 - Darka Mazi","isPartOf":{"@id":"https:\/\/darkamazi.site\/#website"},"primaryImageOfPage":{"@id":"https:\/\/darkamazi.site\/archives\/1027228#primaryimage"},"image":{"@id":"https:\/\/darkamazi.site\/archives\/1027228#primaryimage"},"thumbnailUrl":"https:\/\/darkamazi.site\/file\/2023\/10\/iran-sort-tisort.jpg","datePublished":"2023-10-26T12:06:59+00:00","breadcrumb":{"@id":"https:\/\/darkamazi.site\/archives\/1027228#breadcrumb"},"inLanguage":"en-US","potentialAction":[{"@type":"ReadAction","target":["https:\/\/darkamazi.site\/archives\/1027228"]}]},{"@type":"ImageObject","inLanguage":"en-US","@id":"https:\/\/darkamazi.site\/archives\/1027228#primaryimage","url":"https:\/\/darkamazi.site\/file\/2023\/10\/iran-sort-tisort.jpg","contentUrl":"https:\/\/darkamazi.site\/file\/2023\/10\/iran-sort-tisort.jpg","width":1200,"height":653,"caption":"\u0130ran: Erkeklerin dar ti\u015f\u00f6rt ve \u015fort giymesi yasakland\u0131"},{"@type":"BreadcrumbList","@id":"https:\/\/darkamazi.site\/archives\/1027228#breadcrumb","itemListElement":[{"@type":"ListItem","position":1,"name":"Home","item":"https:\/\/darkamazi.site\/"},{"@type":"ListItem","position":2,"name":"\u0130ran: Erkeklerin dar ti\u015f\u00f6rt ve \u015fort giymesi yasakland\u0131"}]},{"@type":"WebSite","@id":"https:\/\/darkamazi.site\/#website","url":"https:\/\/darkamazi.site\/","name":"Darka Mazi","description":"Ana Sayfa","publisher":{"@id":"https:\/\/darkamazi.site\/#organization"},"potentialAction":[{"@type":"SearchAction","target":{"@type":"EntryPoint","urlTemplate":"https:\/\/darkamazi.site\/?s={search_term_string}"},"query-input":{"@type":"PropertyValueSpecification","valueRequired":true,"valueName":"search_term_string"}}],"inLanguage":"en-US"},{"@type":"Organization","@id":"https:\/\/darkamazi.site\/#organization","name":"Darka Mazi T\u00fcrk\u00e7e","alternateName":"Darka Mazi","url":"https:\/\/darkamazi.site\/","logo":{"@type":"ImageObject","inLanguage":"en-US","@id":"https:\/\/darkamazi.site\/#\/schema\/logo\/image\/","url":"https:\/\/darkamazi.site\/file\/2017\/12\/darka-mazi-logo.png","contentUrl":"https:\/\/darkamazi.site\/file\/2017\/12\/darka-mazi-logo.png","width":151,"height":75,"caption":"Darka Mazi T\u00fcrk\u00e7e"},"image":{"@id":"https:\/\/darkamazi.site\/#\/schema\/logo\/image\/"},"sameAs":["https:\/\/www.facebook.com\/DarkaMaziturkce","https:\/\/x.com\/DarkaMaziTurkce"]},{"@type":"Person","@id":"https:\/\/darkamazi.site\/#\/schema\/person\/67986a95ac546c16760365877ef4a9d3","name":"darka mazi","sameAs":["https:\/\/darkamazi.site"],"url":"https:\/\/darkamazi.site\/archives\/author\/turkish"}]}},"_links":{"self":[{"href":"https:\/\/darkamazi.site\/funavuv\/wp\/v2\/posts\/1027228","targetHints":{"allow":["GET"]}}],"collection":[{"href":"https:\/\/darkamazi.site\/funavuv\/wp\/v2\/posts"}],"about":[{"href":"https:\/\/darkamazi.site\/funavuv\/wp\/v2\/types\/post"}],"author":[{"embeddable":true,"href":"https:\/\/darkamazi.site\/funavuv\/wp\/v2\/users\/2"}],"replies":[{"embeddable":true,"href":"https:\/\/darkamazi.site\/funavuv\/wp\/v2\/comments?post=1027228"}],"version-history":[{"count":0,"href":"https:\/\/darkamazi.site\/funavuv\/wp\/v2\/posts\/1027228\/revisions"}],"wp:featuredmedia":[{"embeddable":true,"href":"https:\/\/darkamazi.site\/funavuv\/wp\/v2\/media\/1027229"}],"wp:attachment":[{"href":"https:\/\/darkamazi.site\/funavuv\/wp\/v2\/media?parent=1027228"}],"wp:term":[{"taxonomy":"category","embeddable":true,"href":"https:\/\/darkamazi.site\/funavuv\/wp\/v2\/categories?post=1027228"},{"taxonomy":"post_tag","embeddable":true,"href":"https:\/\/darkamazi.site\/funavuv\/wp\/v2\/tags?post=1027228"}],"curies":[{"name":"wp","href":"https:\/\/api.w.org\/{rel}","templated":true}]}}