{"id":1027338,"date":"2023-11-03T16:40:23","date_gmt":"2023-11-03T13:40:23","guid":{"rendered":"https:\/\/darkamazi.site\/?p=1027338"},"modified":"2023-11-03T16:40:23","modified_gmt":"2023-11-03T13:40:23","slug":"macrondan-baskan-necirvan-barzaniye-burada-olmandan-kivanc-duyuyorum","status":"publish","type":"post","link":"https:\/\/darkamazi.site\/archives\/1027338","title":{"rendered":"Macron&#8217;dan Ba\u015fkan Ne\u00e7irvan Barzani&#8217;ye: Burada olmandan k\u0131van\u00e7 duyuyorum"},"content":{"rendered":"<p style=\"text-align: justify\">\u00a0K\u00fcrdistan B\u00f6lgesi Ba\u015fkan\u0131 Ne\u00e7irvan Barzani Paris\u2019teki Elysee Saray\u0131&#8217;nda Cumhurba\u015fkan\u0131 Emmanuel Macron ile g\u00f6r\u00fc\u015ft\u00fc.<\/p>\n<p style=\"text-align: justify\">R\u00fbdaw\u2019a konu\u015fan Fransa Cumhurba\u015fkan\u0131 Emmanuel Macron, \u201cNe\u00e7irvan Barzani\u2019yi kar\u015f\u0131lamaktan k\u0131van\u00e7 duyuyorum. Ne\u00e7irvan Barzani ile \u00f6nemli bir g\u00f6r\u00fc\u015fmemiz olacak, yapaca\u011f\u0131m\u0131z toplant\u0131 aram\u0131zdaki derin ili\u015fkilerimizin bir g\u00f6stergesidir\u201d dedi.<\/p>\n<p style=\"text-align: justify\">Ba\u015fkan Ne\u00e7irvan Barzani\u2019yi kar\u015f\u0131lad\u0131\u011f\u0131 s\u0131rada R\u00fbdaw muhabiri Ala \u015eali\u2019nin bir sorusunu yan\u0131tlayan Macron, \u201c\u00c7ok \u00f6nemli bir g\u00f6r\u00fc\u015fme. \u00c7\u00fcnk\u00fc biliyorsunuz Irak\u2019\u0131n istikrar\u0131 ve egemenli\u011fine ne kadar ba\u011fl\u0131 oldu\u011fumuzu biliyorsunuz, bu nedenle \u00e7ok \u00f6nemli\u201d diye ekledi.<\/p>\n<p style=\"text-align: justify\">Cumhurba\u015fkan\u0131 Macron, Ba\u015fkan Ne\u00e7irvan Barzani\u2019ye bakar, \u201cBurada olmandan dolay\u0131 \u00e7ok mutluyum, buyurun\u201d dedi\u011fi duyuldu.<\/p>\n<p style=\"text-align: justify\">G\u00f6r\u00fc\u015fmeye ili\u015fkin sosyal medya hesab\u0131ndan a\u00e7\u0131klama yapan Ba\u015fkan Ne\u00e7irvan Barzani, \u015fu ifadeleri kulland\u0131:<\/p>\n<p style=\"text-align: justify\">\u201cSevgili dostum Cumhurba\u015fkan\u0131 Emmanuel Macron ile Paris&#8217;te g\u00f6r\u00fc\u015fmekten dolay\u0131 \u00e7ok mutluyum. Irak, K\u00fcrdistan B\u00f6lgesi ve Fransa aras\u0131ndaki ili\u015fkilerin daha da g\u00fc\u00e7lendirilmesini, Irak ve b\u00f6lgede devam eden geli\u015fmeleri ele ald\u0131k. K\u00fcrdistan B\u00f6lgesi ile Fransa aras\u0131ndaki tarihi ili\u015fkiler \u00e7ok derin tarihlere uzan\u0131yor; bu da bar\u0131\u015f, istikrar ve refaha olan ortak ba\u011fl\u0131l\u0131\u011f\u0131m\u0131z\u0131n bir kan\u0131t\u0131d\u0131r\u201d<\/p>\n","protected":false},"excerpt":{"rendered":"<p>\u00a0K\u00fcrdistan B\u00f6lgesi Ba\u015fkan\u0131 Ne\u00e7irvan Barzani Paris\u2019teki Elysee Saray\u0131&#8217;nda Cumhurba\u015fkan\u0131 Emmanuel Macron ile g\u00f6r\u00fc\u015ft\u00fc. R\u00fbdaw\u2019a konu\u015fan Fransa Cumhurba\u015fkan\u0131 Emmanuel Macron, \u201cNe\u00e7irvan Barzani\u2019yi kar\u015f\u0131lamaktan k\u0131van\u00e7 duyuyorum. Ne\u00e7irvan Barzani ile \u00f6nemli bir g\u00f6r\u00fc\u015fmemiz olacak, yapaca\u011f\u0131m\u0131z toplant\u0131 aram\u0131zdaki derin ili\u015fkilerimizin bir g\u00f6stergesidir\u201d dedi. Ba\u015fkan Ne\u00e7irvan Barzani\u2019yi kar\u015f\u0131lad\u0131\u011f\u0131 s\u0131rada R\u00fbdaw muhabiri Ala \u015eali\u2019nin bir sorusunu yan\u0131tlayan Macron, \u201c\u00c7ok \u00f6nemli bir [&hellip;]<\/p>\n","protected":false},"author":2,"featured_media":1027339,"comment_status":"closed","ping_status":"closed","sticky":false,"template":"","format":"standard","meta":{"footnotes":""},"categories":[6],"tags":[31],"class_list":["post-1027338","post","type-post","status-publish","format-standard","has-post-thumbnail","hentry","category-dunya","tag-onemli"],"blocksy_meta":[],"seo_head":"<!-- This site is optimized with the Yoast SEO plugin v27.5 - https:\/\/yoast.com\/product\/yoast-seo-wordpress\/ -->\n<title>Macron&#039;dan Ba\u015fkan Ne\u00e7irvan Barzani&#039;ye: Burada olmandan k\u0131van\u00e7 duyuyorum - Darka Mazi<\/title>\n<meta name=\"robots\" content=\"index, follow, max-snippet:-1, max-image-preview:large, max-video-preview:-1\" \/>\n<link rel=\"canonical\" href=\"https:\/\/darkamazi.site\/archives\/1027338\" \/>\n<meta property=\"og:locale\" content=\"en_US\" \/>\n<meta property=\"og:type\" content=\"article\" \/>\n<meta property=\"og:title\" content=\"Macron&#039;dan Ba\u015fkan Ne\u00e7irvan Barzani&#039;ye: Burada olmandan k\u0131van\u00e7 duyuyorum - Darka Mazi\" \/>\n<meta property=\"og:description\" content=\"\u00a0K\u00fcrdistan B\u00f6lgesi Ba\u015fkan\u0131 Ne\u00e7irvan Barzani Paris\u2019teki Elysee Saray\u0131&#8217;nda Cumhurba\u015fkan\u0131 Emmanuel Macron ile g\u00f6r\u00fc\u015ft\u00fc. R\u00fbdaw\u2019a konu\u015fan Fransa Cumhurba\u015fkan\u0131 Emmanuel Macron, \u201cNe\u00e7irvan Barzani\u2019yi kar\u015f\u0131lamaktan k\u0131van\u00e7 duyuyorum. Ne\u00e7irvan Barzani ile \u00f6nemli bir g\u00f6r\u00fc\u015fmemiz olacak, yapaca\u011f\u0131m\u0131z toplant\u0131 aram\u0131zdaki derin ili\u015fkilerimizin bir g\u00f6stergesidir\u201d dedi. Ba\u015fkan Ne\u00e7irvan Barzani\u2019yi kar\u015f\u0131lad\u0131\u011f\u0131 s\u0131rada R\u00fbdaw muhabiri Ala \u015eali\u2019nin bir sorusunu yan\u0131tlayan Macron, \u201c\u00c7ok \u00f6nemli bir [&hellip;]\" \/>\n<meta property=\"og:url\" content=\"https:\/\/darkamazi.site\/archives\/1027338\" \/>\n<meta property=\"og:site_name\" content=\"Darka Mazi\" \/>\n<meta property=\"article:publisher\" content=\"https:\/\/www.facebook.com\/DarkaMaziturkce\" \/>\n<meta property=\"article:published_time\" content=\"2023-11-03T13:40:23+00:00\" \/>\n<meta property=\"og:image\" content=\"https:\/\/darkamazi.site\/file\/2023\/11\/Kak-necir.jpeg\" \/>\n\t<meta property=\"og:image:width\" content=\"2048\" \/>\n\t<meta property=\"og:image:height\" content=\"1306\" \/>\n\t<meta property=\"og:image:type\" content=\"image\/jpeg\" \/>\n<meta name=\"author\" content=\"darka mazi\" \/>\n<meta name=\"twitter:card\" content=\"summary_large_image\" \/>\n<meta name=\"twitter:creator\" content=\"@DarkaMaziTurkce\" \/>\n<meta name=\"twitter:site\" content=\"@DarkaMaziTurkce\" \/>\n<meta name=\"twitter:label1\" content=\"Written by\" \/>\n\t<meta name=\"twitter:data1\" content=\"darka mazi\" \/>\n\t<meta name=\"twitter:label2\" content=\"Est. reading time\" \/>\n\t<meta name=\"twitter:data2\" content=\"1 minute\" \/>\n<script type=\"application\/ld+json\" class=\"seo-schema-graph\">{\"@context\":\"https:\\\/\\\/schema.org\",\"@graph\":[{\"@type\":\"NewsArticle\",\"@id\":\"https:\\\/\\\/darkamazi.site\\\/archives\\\/1027338#article\",\"isPartOf\":{\"@id\":\"https:\\\/\\\/darkamazi.site\\\/archives\\\/1027338\"},\"author\":{\"name\":\"darka mazi\",\"@id\":\"https:\\\/\\\/darkamazi.site\\\/#\\\/schema\\\/person\\\/67986a95ac546c16760365877ef4a9d3\"},\"headline\":\"Macron&#8217;dan Ba\u015fkan Ne\u00e7irvan Barzani&#8217;ye: Burada olmandan k\u0131van\u00e7 duyuyorum\",\"datePublished\":\"2023-11-03T13:40:23+00:00\",\"mainEntityOfPage\":{\"@id\":\"https:\\\/\\\/darkamazi.site\\\/archives\\\/1027338\"},\"wordCount\":240,\"publisher\":{\"@id\":\"https:\\\/\\\/darkamazi.site\\\/#organization\"},\"image\":{\"@id\":\"https:\\\/\\\/darkamazi.site\\\/archives\\\/1027338#primaryimage\"},\"thumbnailUrl\":\"https:\\\/\\\/darkamazi.site\\\/darka-content\\\/uploads\\\/2023\\\/11\\\/Kak-necir.jpeg\",\"keywords\":[\"\u00f6nemli\"],\"articleSection\":[\"D\u00fcnya\"],\"inLanguage\":\"en-US\"},{\"@type\":\"WebPage\",\"@id\":\"https:\\\/\\\/darkamazi.site\\\/archives\\\/1027338\",\"url\":\"https:\\\/\\\/darkamazi.site\\\/archives\\\/1027338\",\"name\":\"Macron'dan Ba\u015fkan Ne\u00e7irvan Barzani'ye: Burada olmandan k\u0131van\u00e7 duyuyorum - Darka Mazi\",\"isPartOf\":{\"@id\":\"https:\\\/\\\/darkamazi.site\\\/#website\"},\"primaryImageOfPage\":{\"@id\":\"https:\\\/\\\/darkamazi.site\\\/archives\\\/1027338#primaryimage\"},\"image\":{\"@id\":\"https:\\\/\\\/darkamazi.site\\\/archives\\\/1027338#primaryimage\"},\"thumbnailUrl\":\"https:\\\/\\\/darkamazi.site\\\/darka-content\\\/uploads\\\/2023\\\/11\\\/Kak-necir.jpeg\",\"datePublished\":\"2023-11-03T13:40:23+00:00\",\"breadcrumb\":{\"@id\":\"https:\\\/\\\/darkamazi.site\\\/archives\\\/1027338#breadcrumb\"},\"inLanguage\":\"en-US\",\"potentialAction\":[{\"@type\":\"ReadAction\",\"target\":[\"https:\\\/\\\/darkamazi.site\\\/archives\\\/1027338\"]}]},{\"@type\":\"ImageObject\",\"inLanguage\":\"en-US\",\"@id\":\"https:\\\/\\\/darkamazi.site\\\/archives\\\/1027338#primaryimage\",\"url\":\"https:\\\/\\\/darkamazi.site\\\/darka-content\\\/uploads\\\/2023\\\/11\\\/Kak-necir.jpeg\",\"contentUrl\":\"https:\\\/\\\/darkamazi.site\\\/darka-content\\\/uploads\\\/2023\\\/11\\\/Kak-necir.jpeg\",\"width\":2048,\"height\":1306,\"caption\":\"Macron'dan Ba\u015fkan Ne\u00e7irvan Barzani'ye: Burada olmandan k\u0131van\u00e7 duyuyorum\"},{\"@type\":\"BreadcrumbList\",\"@id\":\"https:\\\/\\\/darkamazi.site\\\/archives\\\/1027338#breadcrumb\",\"itemListElement\":[{\"@type\":\"ListItem\",\"position\":1,\"name\":\"Home\",\"item\":\"https:\\\/\\\/darkamazi.site\\\/\"},{\"@type\":\"ListItem\",\"position\":2,\"name\":\"Macron&#8217;dan Ba\u015fkan Ne\u00e7irvan Barzani&#8217;ye: Burada olmandan k\u0131van\u00e7 duyuyorum\"}]},{\"@type\":\"WebSite\",\"@id\":\"https:\\\/\\\/darkamazi.site\\\/#website\",\"url\":\"https:\\\/\\\/darkamazi.site\\\/\",\"name\":\"Darka Mazi\",\"description\":\"Ana Sayfa\",\"publisher\":{\"@id\":\"https:\\\/\\\/darkamazi.site\\\/#organization\"},\"potentialAction\":[{\"@type\":\"SearchAction\",\"target\":{\"@type\":\"EntryPoint\",\"urlTemplate\":\"https:\\\/\\\/darkamazi.site\\\/?s={search_term_string}\"},\"query-input\":{\"@type\":\"PropertyValueSpecification\",\"valueRequired\":true,\"valueName\":\"search_term_string\"}}],\"inLanguage\":\"en-US\"},{\"@type\":\"Organization\",\"@id\":\"https:\\\/\\\/darkamazi.site\\\/#organization\",\"name\":\"Darka Mazi T\u00fcrk\u00e7e\",\"alternateName\":\"Darka Mazi\",\"url\":\"https:\\\/\\\/darkamazi.site\\\/\",\"logo\":{\"@type\":\"ImageObject\",\"inLanguage\":\"en-US\",\"@id\":\"https:\\\/\\\/darkamazi.site\\\/#\\\/schema\\\/logo\\\/image\\\/\",\"url\":\"https:\\\/\\\/darkamazi.site\\\/darka-content\\\/uploads\\\/2017\\\/12\\\/darka-mazi-logo.png\",\"contentUrl\":\"https:\\\/\\\/darkamazi.site\\\/darka-content\\\/uploads\\\/2017\\\/12\\\/darka-mazi-logo.png\",\"width\":151,\"height\":75,\"caption\":\"Darka Mazi T\u00fcrk\u00e7e\"},\"image\":{\"@id\":\"https:\\\/\\\/darkamazi.site\\\/#\\\/schema\\\/logo\\\/image\\\/\"},\"sameAs\":[\"https:\\\/\\\/www.facebook.com\\\/DarkaMaziturkce\",\"https:\\\/\\\/x.com\\\/DarkaMaziTurkce\"]},{\"@type\":\"Person\",\"@id\":\"https:\\\/\\\/darkamazi.site\\\/#\\\/schema\\\/person\\\/67986a95ac546c16760365877ef4a9d3\",\"name\":\"darka mazi\",\"sameAs\":[\"https:\\\/\\\/darkamazi.site\"],\"url\":\"https:\\\/\\\/darkamazi.site\\\/archives\\\/author\\\/turkish\"}]}<\/script>\n<!-- \/ Yoast SEO plugin. -->","seo_head_json":{"title":"Macron'dan Ba\u015fkan Ne\u00e7irvan Barzani'ye: Burada olmandan k\u0131van\u00e7 duyuyorum - Darka Mazi","robots":{"index":"index","follow":"follow","max-snippet":"max-snippet:-1","max-image-preview":"max-image-preview:large","max-video-preview":"max-video-preview:-1"},"canonical":"https:\/\/darkamazi.site\/archives\/1027338","og_locale":"en_US","og_type":"article","og_title":"Macron'dan Ba\u015fkan Ne\u00e7irvan Barzani'ye: Burada olmandan k\u0131van\u00e7 duyuyorum - Darka Mazi","og_description":"\u00a0K\u00fcrdistan B\u00f6lgesi Ba\u015fkan\u0131 Ne\u00e7irvan Barzani Paris\u2019teki Elysee Saray\u0131&#8217;nda Cumhurba\u015fkan\u0131 Emmanuel Macron ile g\u00f6r\u00fc\u015ft\u00fc. R\u00fbdaw\u2019a konu\u015fan Fransa Cumhurba\u015fkan\u0131 Emmanuel Macron, \u201cNe\u00e7irvan Barzani\u2019yi kar\u015f\u0131lamaktan k\u0131van\u00e7 duyuyorum. Ne\u00e7irvan Barzani ile \u00f6nemli bir g\u00f6r\u00fc\u015fmemiz olacak, yapaca\u011f\u0131m\u0131z toplant\u0131 aram\u0131zdaki derin ili\u015fkilerimizin bir g\u00f6stergesidir\u201d dedi. Ba\u015fkan Ne\u00e7irvan Barzani\u2019yi kar\u015f\u0131lad\u0131\u011f\u0131 s\u0131rada R\u00fbdaw muhabiri Ala \u015eali\u2019nin bir sorusunu yan\u0131tlayan Macron, \u201c\u00c7ok \u00f6nemli bir [&hellip;]","og_url":"https:\/\/darkamazi.site\/archives\/1027338","og_site_name":"Darka Mazi","article_publisher":"https:\/\/www.facebook.com\/DarkaMaziturkce","article_published_time":"2023-11-03T13:40:23+00:00","og_image":[{"width":2048,"height":1306,"url":"https:\/\/darkamazi.site\/file\/2023\/11\/Kak-necir.jpeg","type":"image\/jpeg"}],"author":"darka mazi","twitter_card":"summary_large_image","twitter_creator":"@DarkaMaziTurkce","twitter_site":"@DarkaMaziTurkce","twitter_misc":{"Written by":"darka mazi","Est. reading time":"1 minute"},"schema":{"@context":"https:\/\/schema.org","@graph":[{"@type":"NewsArticle","@id":"https:\/\/darkamazi.site\/archives\/1027338#article","isPartOf":{"@id":"https:\/\/darkamazi.site\/archives\/1027338"},"author":{"name":"darka mazi","@id":"https:\/\/darkamazi.site\/#\/schema\/person\/67986a95ac546c16760365877ef4a9d3"},"headline":"Macron&#8217;dan Ba\u015fkan Ne\u00e7irvan Barzani&#8217;ye: Burada olmandan k\u0131van\u00e7 duyuyorum","datePublished":"2023-11-03T13:40:23+00:00","mainEntityOfPage":{"@id":"https:\/\/darkamazi.site\/archives\/1027338"},"wordCount":240,"publisher":{"@id":"https:\/\/darkamazi.site\/#organization"},"image":{"@id":"https:\/\/darkamazi.site\/archives\/1027338#primaryimage"},"thumbnailUrl":"https:\/\/darkamazi.site\/file\/2023\/11\/Kak-necir.jpeg","keywords":["\u00f6nemli"],"articleSection":["D\u00fcnya"],"inLanguage":"en-US"},{"@type":"WebPage","@id":"https:\/\/darkamazi.site\/archives\/1027338","url":"https:\/\/darkamazi.site\/archives\/1027338","name":"Macron'dan Ba\u015fkan Ne\u00e7irvan Barzani'ye: Burada olmandan k\u0131van\u00e7 duyuyorum - Darka Mazi","isPartOf":{"@id":"https:\/\/darkamazi.site\/#website"},"primaryImageOfPage":{"@id":"https:\/\/darkamazi.site\/archives\/1027338#primaryimage"},"image":{"@id":"https:\/\/darkamazi.site\/archives\/1027338#primaryimage"},"thumbnailUrl":"https:\/\/darkamazi.site\/file\/2023\/11\/Kak-necir.jpeg","datePublished":"2023-11-03T13:40:23+00:00","breadcrumb":{"@id":"https:\/\/darkamazi.site\/archives\/1027338#breadcrumb"},"inLanguage":"en-US","potentialAction":[{"@type":"ReadAction","target":["https:\/\/darkamazi.site\/archives\/1027338"]}]},{"@type":"ImageObject","inLanguage":"en-US","@id":"https:\/\/darkamazi.site\/archives\/1027338#primaryimage","url":"https:\/\/darkamazi.site\/file\/2023\/11\/Kak-necir.jpeg","contentUrl":"https:\/\/darkamazi.site\/file\/2023\/11\/Kak-necir.jpeg","width":2048,"height":1306,"caption":"Macron'dan Ba\u015fkan Ne\u00e7irvan Barzani'ye: Burada olmandan k\u0131van\u00e7 duyuyorum"},{"@type":"BreadcrumbList","@id":"https:\/\/darkamazi.site\/archives\/1027338#breadcrumb","itemListElement":[{"@type":"ListItem","position":1,"name":"Home","item":"https:\/\/darkamazi.site\/"},{"@type":"ListItem","position":2,"name":"Macron&#8217;dan Ba\u015fkan Ne\u00e7irvan Barzani&#8217;ye: Burada olmandan k\u0131van\u00e7 duyuyorum"}]},{"@type":"WebSite","@id":"https:\/\/darkamazi.site\/#website","url":"https:\/\/darkamazi.site\/","name":"Darka Mazi","description":"Ana Sayfa","publisher":{"@id":"https:\/\/darkamazi.site\/#organization"},"potentialAction":[{"@type":"SearchAction","target":{"@type":"EntryPoint","urlTemplate":"https:\/\/darkamazi.site\/?s={search_term_string}"},"query-input":{"@type":"PropertyValueSpecification","valueRequired":true,"valueName":"search_term_string"}}],"inLanguage":"en-US"},{"@type":"Organization","@id":"https:\/\/darkamazi.site\/#organization","name":"Darka Mazi T\u00fcrk\u00e7e","alternateName":"Darka Mazi","url":"https:\/\/darkamazi.site\/","logo":{"@type":"ImageObject","inLanguage":"en-US","@id":"https:\/\/darkamazi.site\/#\/schema\/logo\/image\/","url":"https:\/\/darkamazi.site\/file\/2017\/12\/darka-mazi-logo.png","contentUrl":"https:\/\/darkamazi.site\/file\/2017\/12\/darka-mazi-logo.png","width":151,"height":75,"caption":"Darka Mazi T\u00fcrk\u00e7e"},"image":{"@id":"https:\/\/darkamazi.site\/#\/schema\/logo\/image\/"},"sameAs":["https:\/\/www.facebook.com\/DarkaMaziturkce","https:\/\/x.com\/DarkaMaziTurkce"]},{"@type":"Person","@id":"https:\/\/darkamazi.site\/#\/schema\/person\/67986a95ac546c16760365877ef4a9d3","name":"darka mazi","sameAs":["https:\/\/darkamazi.site"],"url":"https:\/\/darkamazi.site\/archives\/author\/turkish"}]}},"_links":{"self":[{"href":"https:\/\/darkamazi.site\/funavuv\/wp\/v2\/posts\/1027338","targetHints":{"allow":["GET"]}}],"collection":[{"href":"https:\/\/darkamazi.site\/funavuv\/wp\/v2\/posts"}],"about":[{"href":"https:\/\/darkamazi.site\/funavuv\/wp\/v2\/types\/post"}],"author":[{"embeddable":true,"href":"https:\/\/darkamazi.site\/funavuv\/wp\/v2\/users\/2"}],"replies":[{"embeddable":true,"href":"https:\/\/darkamazi.site\/funavuv\/wp\/v2\/comments?post=1027338"}],"version-history":[{"count":0,"href":"https:\/\/darkamazi.site\/funavuv\/wp\/v2\/posts\/1027338\/revisions"}],"wp:featuredmedia":[{"embeddable":true,"href":"https:\/\/darkamazi.site\/funavuv\/wp\/v2\/media\/1027339"}],"wp:attachment":[{"href":"https:\/\/darkamazi.site\/funavuv\/wp\/v2\/media?parent=1027338"}],"wp:term":[{"taxonomy":"category","embeddable":true,"href":"https:\/\/darkamazi.site\/funavuv\/wp\/v2\/categories?post=1027338"},{"taxonomy":"post_tag","embeddable":true,"href":"https:\/\/darkamazi.site\/funavuv\/wp\/v2\/tags?post=1027338"}],"curies":[{"name":"wp","href":"https:\/\/api.w.org\/{rel}","templated":true}]}}