{"id":1027648,"date":"2023-11-29T00:18:48","date_gmt":"2023-11-28T21:18:48","guid":{"rendered":"https:\/\/darkamazi.site\/?p=1027648"},"modified":"2023-11-29T19:36:25","modified_gmt":"2023-11-29T16:36:25","slug":"isvec-demokrat-parti-lideri-akesson-siddeti-tesvik-eden-camiler-kapatilsin-imamlar-sinir-disi-edilsin","status":"publish","type":"post","link":"https:\/\/darkamazi.site\/archives\/1027648","title":{"rendered":"\u0130sve\u00e7 Demokrat Parti lideri Akesson: \u015eiddeti te\u015fvik eden camiler kapat\u0131ls\u0131n, imamlar s\u0131n\u0131r d\u0131\u015f\u0131 edilsin"},"content":{"rendered":"<p style=\"text-align: justify\">isve\u00e7 Demokrat Parti lideri Jimmie Akesson Sal\u0131 g\u00fcn\u00fc yapt\u0131\u011f\u0131 konu\u015fmada \u015fiddeti k\u00f6r\u00fckleyen camilerin kapat\u0131lmas\u0131 ve nefreti te\u015fvik eden imamlar\u0131n\u00a0 s\u0131n\u0131r d\u0131\u015f\u0131 edilmesi \u00e7a\u011fr\u0131s\u0131nda bulundu.<\/p>\n<p style=\"text-align: justify\">Okesson bug\u00fcn yapt\u0131\u011f\u0131 konu\u015fmada, \u0130sve\u00e7&#8217;te cami in\u015faatlar\u0131n\u0131n durdurulmas\u0131, minare ve hilal sembollerinin art\u0131k \u00fclkesinde kalmamas\u0131 \u00e7a\u011fr\u0131s\u0131nda bulunarak camiler ve \u0130sve\u00e7li M\u00fcsl\u00fcmanlarla ilgili \u00f6nceki mesaj\u0131n\u0131 yumu\u015fatt\u0131. E\u015fcinsel kar\u015f\u0131t\u0131 olan ve Yahudilere kar\u015f\u0131 nefret a\u015f\u0131layan yerlere m\u00fcsade edilmemesi\u00a0 gerekti\u011fini s\u00f6yledi.<\/p>\n<p style=\"text-align: justify\">Ancak bug\u00fcn \u0130sve\u00e7 Demokratlar\u0131n\u0131n lideri, \u0130sve\u00e7 gazetesi Aftonbladet&#8217;e yazd\u0131\u011f\u0131 makalede, nefreti k\u00f6r\u00fckleyen mollalar\u0131n s\u0131n\u0131r d\u0131\u015f\u0131 edilmesinin ve a\u015f\u0131r\u0131l\u0131k\u00e7\u0131l\u0131\u011f\u0131 te\u015fvik eden camilerin kapat\u0131lmas\u0131n\u0131n yeterli oldu\u011funu yazd\u0131.<\/p>\n","protected":false},"excerpt":{"rendered":"<p>isve\u00e7 Demokrat Parti lideri Jimmie Akesson Sal\u0131 g\u00fcn\u00fc yapt\u0131\u011f\u0131 konu\u015fmada \u015fiddeti k\u00f6r\u00fckleyen camilerin kapat\u0131lmas\u0131 ve nefreti te\u015fvik eden imamlar\u0131n\u00a0 s\u0131n\u0131r d\u0131\u015f\u0131 edilmesi \u00e7a\u011fr\u0131s\u0131nda bulundu. Okesson bug\u00fcn yapt\u0131\u011f\u0131 konu\u015fmada, \u0130sve\u00e7&#8217;te cami in\u015faatlar\u0131n\u0131n durdurulmas\u0131, minare ve hilal sembollerinin art\u0131k \u00fclkesinde kalmamas\u0131 \u00e7a\u011fr\u0131s\u0131nda bulunarak camiler ve \u0130sve\u00e7li M\u00fcsl\u00fcmanlarla ilgili \u00f6nceki mesaj\u0131n\u0131 yumu\u015fatt\u0131. E\u015fcinsel kar\u015f\u0131t\u0131 olan ve Yahudilere kar\u015f\u0131 [&hellip;]<\/p>\n","protected":false},"author":2,"featured_media":1027649,"comment_status":"closed","ping_status":"closed","sticky":false,"template":"","format":"standard","meta":{"footnotes":""},"categories":[6],"tags":[],"class_list":["post-1027648","post","type-post","status-publish","format-standard","has-post-thumbnail","hentry","category-dunya"],"blocksy_meta":[],"seo_head":"<!-- This site is optimized with the Yoast SEO plugin v27.5 - https:\/\/yoast.com\/product\/yoast-seo-wordpress\/ -->\n<title>\u0130sve\u00e7 Demokrat Parti lideri Akesson: \u015eiddeti te\u015fvik eden camiler kapat\u0131ls\u0131n, imamlar s\u0131n\u0131r d\u0131\u015f\u0131 edilsin - Darka Mazi<\/title>\n<meta name=\"robots\" content=\"index, follow, max-snippet:-1, max-image-preview:large, max-video-preview:-1\" \/>\n<link rel=\"canonical\" href=\"https:\/\/darkamazi.site\/archives\/1027648\" \/>\n<meta property=\"og:locale\" content=\"en_US\" \/>\n<meta property=\"og:type\" content=\"article\" \/>\n<meta property=\"og:title\" content=\"\u0130sve\u00e7 Demokrat Parti lideri Akesson: \u015eiddeti te\u015fvik eden camiler kapat\u0131ls\u0131n, imamlar s\u0131n\u0131r d\u0131\u015f\u0131 edilsin - Darka Mazi\" \/>\n<meta property=\"og:description\" content=\"isve\u00e7 Demokrat Parti lideri Jimmie Akesson Sal\u0131 g\u00fcn\u00fc yapt\u0131\u011f\u0131 konu\u015fmada \u015fiddeti k\u00f6r\u00fckleyen camilerin kapat\u0131lmas\u0131 ve nefreti te\u015fvik eden imamlar\u0131n\u00a0 s\u0131n\u0131r d\u0131\u015f\u0131 edilmesi \u00e7a\u011fr\u0131s\u0131nda bulundu. Okesson bug\u00fcn yapt\u0131\u011f\u0131 konu\u015fmada, \u0130sve\u00e7&#8217;te cami in\u015faatlar\u0131n\u0131n durdurulmas\u0131, minare ve hilal sembollerinin art\u0131k \u00fclkesinde kalmamas\u0131 \u00e7a\u011fr\u0131s\u0131nda bulunarak camiler ve \u0130sve\u00e7li M\u00fcsl\u00fcmanlarla ilgili \u00f6nceki mesaj\u0131n\u0131 yumu\u015fatt\u0131. E\u015fcinsel kar\u015f\u0131t\u0131 olan ve Yahudilere kar\u015f\u0131 [&hellip;]\" \/>\n<meta property=\"og:url\" content=\"https:\/\/darkamazi.site\/archives\/1027648\" \/>\n<meta property=\"og:site_name\" content=\"Darka Mazi\" \/>\n<meta property=\"article:publisher\" content=\"https:\/\/www.facebook.com\/DarkaMaziturkce\" \/>\n<meta property=\"article:published_time\" content=\"2023-11-28T21:18:48+00:00\" \/>\n<meta property=\"article:modified_time\" content=\"2023-11-29T16:36:25+00:00\" \/>\n<meta property=\"og:image\" content=\"https:\/\/darkamazi.site\/file\/2023\/11\/Yummi.jpg\" \/>\n\t<meta property=\"og:image:width\" content=\"1200\" \/>\n\t<meta property=\"og:image:height\" content=\"669\" \/>\n\t<meta property=\"og:image:type\" content=\"image\/jpeg\" \/>\n<meta name=\"author\" content=\"darka mazi\" \/>\n<meta name=\"twitter:card\" content=\"summary_large_image\" \/>\n<meta name=\"twitter:creator\" content=\"@DarkaMaziTurkce\" \/>\n<meta name=\"twitter:site\" content=\"@DarkaMaziTurkce\" \/>\n<meta name=\"twitter:label1\" content=\"Written by\" \/>\n\t<meta name=\"twitter:data1\" content=\"darka mazi\" \/>\n\t<meta name=\"twitter:label2\" content=\"Est. reading time\" \/>\n\t<meta name=\"twitter:data2\" content=\"1 minute\" \/>\n<script type=\"application\/ld+json\" class=\"seo-schema-graph\">{\"@context\":\"https:\\\/\\\/schema.org\",\"@graph\":[{\"@type\":\"NewsArticle\",\"@id\":\"https:\\\/\\\/darkamazi.site\\\/archives\\\/1027648#article\",\"isPartOf\":{\"@id\":\"https:\\\/\\\/darkamazi.site\\\/archives\\\/1027648\"},\"author\":{\"name\":\"darka mazi\",\"@id\":\"https:\\\/\\\/darkamazi.site\\\/#\\\/schema\\\/person\\\/67986a95ac546c16760365877ef4a9d3\"},\"headline\":\"\u0130sve\u00e7 Demokrat Parti lideri Akesson: \u015eiddeti te\u015fvik eden camiler kapat\u0131ls\u0131n, imamlar s\u0131n\u0131r d\u0131\u015f\u0131 edilsin\",\"datePublished\":\"2023-11-28T21:18:48+00:00\",\"dateModified\":\"2023-11-29T16:36:25+00:00\",\"mainEntityOfPage\":{\"@id\":\"https:\\\/\\\/darkamazi.site\\\/archives\\\/1027648\"},\"wordCount\":157,\"publisher\":{\"@id\":\"https:\\\/\\\/darkamazi.site\\\/#organization\"},\"image\":{\"@id\":\"https:\\\/\\\/darkamazi.site\\\/archives\\\/1027648#primaryimage\"},\"thumbnailUrl\":\"https:\\\/\\\/darkamazi.site\\\/darka-content\\\/uploads\\\/2023\\\/11\\\/Yummi.jpg\",\"articleSection\":[\"D\u00fcnya\"],\"inLanguage\":\"en-US\"},{\"@type\":\"WebPage\",\"@id\":\"https:\\\/\\\/darkamazi.site\\\/archives\\\/1027648\",\"url\":\"https:\\\/\\\/darkamazi.site\\\/archives\\\/1027648\",\"name\":\"\u0130sve\u00e7 Demokrat Parti lideri Akesson: \u015eiddeti te\u015fvik eden camiler kapat\u0131ls\u0131n, imamlar s\u0131n\u0131r d\u0131\u015f\u0131 edilsin - Darka Mazi\",\"isPartOf\":{\"@id\":\"https:\\\/\\\/darkamazi.site\\\/#website\"},\"primaryImageOfPage\":{\"@id\":\"https:\\\/\\\/darkamazi.site\\\/archives\\\/1027648#primaryimage\"},\"image\":{\"@id\":\"https:\\\/\\\/darkamazi.site\\\/archives\\\/1027648#primaryimage\"},\"thumbnailUrl\":\"https:\\\/\\\/darkamazi.site\\\/darka-content\\\/uploads\\\/2023\\\/11\\\/Yummi.jpg\",\"datePublished\":\"2023-11-28T21:18:48+00:00\",\"dateModified\":\"2023-11-29T16:36:25+00:00\",\"breadcrumb\":{\"@id\":\"https:\\\/\\\/darkamazi.site\\\/archives\\\/1027648#breadcrumb\"},\"inLanguage\":\"en-US\",\"potentialAction\":[{\"@type\":\"ReadAction\",\"target\":[\"https:\\\/\\\/darkamazi.site\\\/archives\\\/1027648\"]}]},{\"@type\":\"ImageObject\",\"inLanguage\":\"en-US\",\"@id\":\"https:\\\/\\\/darkamazi.site\\\/archives\\\/1027648#primaryimage\",\"url\":\"https:\\\/\\\/darkamazi.site\\\/darka-content\\\/uploads\\\/2023\\\/11\\\/Yummi.jpg\",\"contentUrl\":\"https:\\\/\\\/darkamazi.site\\\/darka-content\\\/uploads\\\/2023\\\/11\\\/Yummi.jpg\",\"width\":1200,\"height\":669,\"caption\":\"\u0130sve\u00e7 Demokrat Parti lideri Akesson: \u015eiddeti te\u015fvik eden camiler kapat\u0131ls\u0131n, imamlar s\u0131n\u0131r d\u0131\u015f\u0131 edilsin\"},{\"@type\":\"BreadcrumbList\",\"@id\":\"https:\\\/\\\/darkamazi.site\\\/archives\\\/1027648#breadcrumb\",\"itemListElement\":[{\"@type\":\"ListItem\",\"position\":1,\"name\":\"Home\",\"item\":\"https:\\\/\\\/darkamazi.site\\\/\"},{\"@type\":\"ListItem\",\"position\":2,\"name\":\"\u0130sve\u00e7 Demokrat Parti lideri Akesson: \u015eiddeti te\u015fvik eden camiler kapat\u0131ls\u0131n, imamlar s\u0131n\u0131r d\u0131\u015f\u0131 edilsin\"}]},{\"@type\":\"WebSite\",\"@id\":\"https:\\\/\\\/darkamazi.site\\\/#website\",\"url\":\"https:\\\/\\\/darkamazi.site\\\/\",\"name\":\"Darka Mazi\",\"description\":\"Ana Sayfa\",\"publisher\":{\"@id\":\"https:\\\/\\\/darkamazi.site\\\/#organization\"},\"potentialAction\":[{\"@type\":\"SearchAction\",\"target\":{\"@type\":\"EntryPoint\",\"urlTemplate\":\"https:\\\/\\\/darkamazi.site\\\/?s={search_term_string}\"},\"query-input\":{\"@type\":\"PropertyValueSpecification\",\"valueRequired\":true,\"valueName\":\"search_term_string\"}}],\"inLanguage\":\"en-US\"},{\"@type\":\"Organization\",\"@id\":\"https:\\\/\\\/darkamazi.site\\\/#organization\",\"name\":\"Darka Mazi T\u00fcrk\u00e7e\",\"alternateName\":\"Darka Mazi\",\"url\":\"https:\\\/\\\/darkamazi.site\\\/\",\"logo\":{\"@type\":\"ImageObject\",\"inLanguage\":\"en-US\",\"@id\":\"https:\\\/\\\/darkamazi.site\\\/#\\\/schema\\\/logo\\\/image\\\/\",\"url\":\"https:\\\/\\\/darkamazi.site\\\/darka-content\\\/uploads\\\/2017\\\/12\\\/darka-mazi-logo.png\",\"contentUrl\":\"https:\\\/\\\/darkamazi.site\\\/darka-content\\\/uploads\\\/2017\\\/12\\\/darka-mazi-logo.png\",\"width\":151,\"height\":75,\"caption\":\"Darka Mazi T\u00fcrk\u00e7e\"},\"image\":{\"@id\":\"https:\\\/\\\/darkamazi.site\\\/#\\\/schema\\\/logo\\\/image\\\/\"},\"sameAs\":[\"https:\\\/\\\/www.facebook.com\\\/DarkaMaziturkce\",\"https:\\\/\\\/x.com\\\/DarkaMaziTurkce\"]},{\"@type\":\"Person\",\"@id\":\"https:\\\/\\\/darkamazi.site\\\/#\\\/schema\\\/person\\\/67986a95ac546c16760365877ef4a9d3\",\"name\":\"darka mazi\",\"sameAs\":[\"https:\\\/\\\/darkamazi.site\"],\"url\":\"https:\\\/\\\/darkamazi.site\\\/archives\\\/author\\\/turkish\"}]}<\/script>\n<!-- \/ Yoast SEO plugin. -->","seo_head_json":{"title":"\u0130sve\u00e7 Demokrat Parti lideri Akesson: \u015eiddeti te\u015fvik eden camiler kapat\u0131ls\u0131n, imamlar s\u0131n\u0131r d\u0131\u015f\u0131 edilsin - Darka Mazi","robots":{"index":"index","follow":"follow","max-snippet":"max-snippet:-1","max-image-preview":"max-image-preview:large","max-video-preview":"max-video-preview:-1"},"canonical":"https:\/\/darkamazi.site\/archives\/1027648","og_locale":"en_US","og_type":"article","og_title":"\u0130sve\u00e7 Demokrat Parti lideri Akesson: \u015eiddeti te\u015fvik eden camiler kapat\u0131ls\u0131n, imamlar s\u0131n\u0131r d\u0131\u015f\u0131 edilsin - Darka Mazi","og_description":"isve\u00e7 Demokrat Parti lideri Jimmie Akesson Sal\u0131 g\u00fcn\u00fc yapt\u0131\u011f\u0131 konu\u015fmada \u015fiddeti k\u00f6r\u00fckleyen camilerin kapat\u0131lmas\u0131 ve nefreti te\u015fvik eden imamlar\u0131n\u00a0 s\u0131n\u0131r d\u0131\u015f\u0131 edilmesi \u00e7a\u011fr\u0131s\u0131nda bulundu. Okesson bug\u00fcn yapt\u0131\u011f\u0131 konu\u015fmada, \u0130sve\u00e7&#8217;te cami in\u015faatlar\u0131n\u0131n durdurulmas\u0131, minare ve hilal sembollerinin art\u0131k \u00fclkesinde kalmamas\u0131 \u00e7a\u011fr\u0131s\u0131nda bulunarak camiler ve \u0130sve\u00e7li M\u00fcsl\u00fcmanlarla ilgili \u00f6nceki mesaj\u0131n\u0131 yumu\u015fatt\u0131. E\u015fcinsel kar\u015f\u0131t\u0131 olan ve Yahudilere kar\u015f\u0131 [&hellip;]","og_url":"https:\/\/darkamazi.site\/archives\/1027648","og_site_name":"Darka Mazi","article_publisher":"https:\/\/www.facebook.com\/DarkaMaziturkce","article_published_time":"2023-11-28T21:18:48+00:00","article_modified_time":"2023-11-29T16:36:25+00:00","og_image":[{"width":1200,"height":669,"url":"https:\/\/darkamazi.site\/file\/2023\/11\/Yummi.jpg","type":"image\/jpeg"}],"author":"darka mazi","twitter_card":"summary_large_image","twitter_creator":"@DarkaMaziTurkce","twitter_site":"@DarkaMaziTurkce","twitter_misc":{"Written by":"darka mazi","Est. reading time":"1 minute"},"schema":{"@context":"https:\/\/schema.org","@graph":[{"@type":"NewsArticle","@id":"https:\/\/darkamazi.site\/archives\/1027648#article","isPartOf":{"@id":"https:\/\/darkamazi.site\/archives\/1027648"},"author":{"name":"darka mazi","@id":"https:\/\/darkamazi.site\/#\/schema\/person\/67986a95ac546c16760365877ef4a9d3"},"headline":"\u0130sve\u00e7 Demokrat Parti lideri Akesson: \u015eiddeti te\u015fvik eden camiler kapat\u0131ls\u0131n, imamlar s\u0131n\u0131r d\u0131\u015f\u0131 edilsin","datePublished":"2023-11-28T21:18:48+00:00","dateModified":"2023-11-29T16:36:25+00:00","mainEntityOfPage":{"@id":"https:\/\/darkamazi.site\/archives\/1027648"},"wordCount":157,"publisher":{"@id":"https:\/\/darkamazi.site\/#organization"},"image":{"@id":"https:\/\/darkamazi.site\/archives\/1027648#primaryimage"},"thumbnailUrl":"https:\/\/darkamazi.site\/file\/2023\/11\/Yummi.jpg","articleSection":["D\u00fcnya"],"inLanguage":"en-US"},{"@type":"WebPage","@id":"https:\/\/darkamazi.site\/archives\/1027648","url":"https:\/\/darkamazi.site\/archives\/1027648","name":"\u0130sve\u00e7 Demokrat Parti lideri Akesson: \u015eiddeti te\u015fvik eden camiler kapat\u0131ls\u0131n, imamlar s\u0131n\u0131r d\u0131\u015f\u0131 edilsin - Darka Mazi","isPartOf":{"@id":"https:\/\/darkamazi.site\/#website"},"primaryImageOfPage":{"@id":"https:\/\/darkamazi.site\/archives\/1027648#primaryimage"},"image":{"@id":"https:\/\/darkamazi.site\/archives\/1027648#primaryimage"},"thumbnailUrl":"https:\/\/darkamazi.site\/file\/2023\/11\/Yummi.jpg","datePublished":"2023-11-28T21:18:48+00:00","dateModified":"2023-11-29T16:36:25+00:00","breadcrumb":{"@id":"https:\/\/darkamazi.site\/archives\/1027648#breadcrumb"},"inLanguage":"en-US","potentialAction":[{"@type":"ReadAction","target":["https:\/\/darkamazi.site\/archives\/1027648"]}]},{"@type":"ImageObject","inLanguage":"en-US","@id":"https:\/\/darkamazi.site\/archives\/1027648#primaryimage","url":"https:\/\/darkamazi.site\/file\/2023\/11\/Yummi.jpg","contentUrl":"https:\/\/darkamazi.site\/file\/2023\/11\/Yummi.jpg","width":1200,"height":669,"caption":"\u0130sve\u00e7 Demokrat Parti lideri Akesson: \u015eiddeti te\u015fvik eden camiler kapat\u0131ls\u0131n, imamlar s\u0131n\u0131r d\u0131\u015f\u0131 edilsin"},{"@type":"BreadcrumbList","@id":"https:\/\/darkamazi.site\/archives\/1027648#breadcrumb","itemListElement":[{"@type":"ListItem","position":1,"name":"Home","item":"https:\/\/darkamazi.site\/"},{"@type":"ListItem","position":2,"name":"\u0130sve\u00e7 Demokrat Parti lideri Akesson: \u015eiddeti te\u015fvik eden camiler kapat\u0131ls\u0131n, imamlar s\u0131n\u0131r d\u0131\u015f\u0131 edilsin"}]},{"@type":"WebSite","@id":"https:\/\/darkamazi.site\/#website","url":"https:\/\/darkamazi.site\/","name":"Darka Mazi","description":"Ana Sayfa","publisher":{"@id":"https:\/\/darkamazi.site\/#organization"},"potentialAction":[{"@type":"SearchAction","target":{"@type":"EntryPoint","urlTemplate":"https:\/\/darkamazi.site\/?s={search_term_string}"},"query-input":{"@type":"PropertyValueSpecification","valueRequired":true,"valueName":"search_term_string"}}],"inLanguage":"en-US"},{"@type":"Organization","@id":"https:\/\/darkamazi.site\/#organization","name":"Darka Mazi T\u00fcrk\u00e7e","alternateName":"Darka Mazi","url":"https:\/\/darkamazi.site\/","logo":{"@type":"ImageObject","inLanguage":"en-US","@id":"https:\/\/darkamazi.site\/#\/schema\/logo\/image\/","url":"https:\/\/darkamazi.site\/file\/2017\/12\/darka-mazi-logo.png","contentUrl":"https:\/\/darkamazi.site\/file\/2017\/12\/darka-mazi-logo.png","width":151,"height":75,"caption":"Darka Mazi T\u00fcrk\u00e7e"},"image":{"@id":"https:\/\/darkamazi.site\/#\/schema\/logo\/image\/"},"sameAs":["https:\/\/www.facebook.com\/DarkaMaziturkce","https:\/\/x.com\/DarkaMaziTurkce"]},{"@type":"Person","@id":"https:\/\/darkamazi.site\/#\/schema\/person\/67986a95ac546c16760365877ef4a9d3","name":"darka mazi","sameAs":["https:\/\/darkamazi.site"],"url":"https:\/\/darkamazi.site\/archives\/author\/turkish"}]}},"_links":{"self":[{"href":"https:\/\/darkamazi.site\/funavuv\/wp\/v2\/posts\/1027648","targetHints":{"allow":["GET"]}}],"collection":[{"href":"https:\/\/darkamazi.site\/funavuv\/wp\/v2\/posts"}],"about":[{"href":"https:\/\/darkamazi.site\/funavuv\/wp\/v2\/types\/post"}],"author":[{"embeddable":true,"href":"https:\/\/darkamazi.site\/funavuv\/wp\/v2\/users\/2"}],"replies":[{"embeddable":true,"href":"https:\/\/darkamazi.site\/funavuv\/wp\/v2\/comments?post=1027648"}],"version-history":[{"count":0,"href":"https:\/\/darkamazi.site\/funavuv\/wp\/v2\/posts\/1027648\/revisions"}],"wp:featuredmedia":[{"embeddable":true,"href":"https:\/\/darkamazi.site\/funavuv\/wp\/v2\/media\/1027649"}],"wp:attachment":[{"href":"https:\/\/darkamazi.site\/funavuv\/wp\/v2\/media?parent=1027648"}],"wp:term":[{"taxonomy":"category","embeddable":true,"href":"https:\/\/darkamazi.site\/funavuv\/wp\/v2\/categories?post=1027648"},{"taxonomy":"post_tag","embeddable":true,"href":"https:\/\/darkamazi.site\/funavuv\/wp\/v2\/tags?post=1027648"}],"curies":[{"name":"wp","href":"https:\/\/api.w.org\/{rel}","templated":true}]}}