{"id":1027790,"date":"2023-12-08T21:01:32","date_gmt":"2023-12-08T18:01:32","guid":{"rendered":"https:\/\/darkamazi.site\/?p=1027790"},"modified":"2023-12-08T21:01:32","modified_gmt":"2023-12-08T18:01:32","slug":"erbilde-bir-binaya-dron-saldirisi-yapildi","status":"publish","type":"post","link":"https:\/\/darkamazi.site\/archives\/1027790","title":{"rendered":"Erbil&#8217;de bir binaya  dron sald\u0131r\u0131s\u0131 yap\u0131ld\u0131"},"content":{"rendered":"<p style=\"text-align: justify\">\u00a0K\u00fcrdistan B\u00f6lgesi Genel Asayi\u015f M\u00fcd\u00fcrl\u00fc\u011f\u00fc&#8217;nden yap\u0131lan a\u00e7\u0131klamada, ba\u015fkent Erbil\u2019de patlay\u0131c\u0131 y\u00fckl\u00fc bir dronenin sivil bir evi hedef ald\u0131\u011f\u0131 bildirildi.<\/p>\n<p style=\"text-align: justify\">Konuya dair K\u00fcrdistan B\u00f6lgesi Genel Asayi\u015f M\u00fcd\u00fcrl\u00fc\u011f\u00fc\u2019nden resmi a\u00e7\u0131klama yap\u0131ld\u0131.<\/p>\n<p style=\"text-align: justify\">A\u00e7\u0131klamada s\u00f6z konusu sald\u0131r\u0131lar\u0131n durdurulmamas\u0131ndan Irak H\u00fck\u00fcmeti sorumlu tutuldu.<\/p>\n<p style=\"text-align: justify\">A\u00e7\u0131klamada, \u201cK\u00fcrdistan vatanda\u015flar\u0131na kar\u015f\u0131 yap\u0131lan bu sald\u0131r\u0131y\u0131 k\u0131namakla birlikte, Irak Federal H\u00fck\u00fcmetini kanuna ayk\u0131r\u0131 gruplar\u0131n bu \u00e7abalar\u0131n\u0131n durdurulmamas\u0131ndan sorumlu tutuyoruz\u201d denildi.<\/p>\n<p style=\"text-align: justify\">\u00d6te yandan K\u00fcrdistan B\u00f6lgesi Ter\u00f6rle M\u00fccadele Birimi\u2019nden\u00a0<a href=\"https:\/\/www.facebook.com\/KURDISTAN.CT\/posts\/pfbid032HrdT2r3C751QyVGEotZTMsmKoXrDxyxc8XvXNMFCkbEZRYif1WKLTmTJs2J1u6Wl\" target=\"_blank\">yap\u0131lan a\u00e7\u0131klamada<\/a>, sald\u0131r\u0131ya ili\u015fkin \u015fu ifadelere yer verildi:<\/p>\n<p style=\"text-align: justify\">\u201cEdinilen bilgilere g\u00f6re, bug\u00fcn ak\u015fam saat 18:05\u2019te bomba y\u00fckl\u00fc bir drone, Erbil\u2019de sivil bir evi vurdu.<\/p>\n<p style=\"text-align: justify\">Olayda can kayb\u0131 olmam\u0131\u015ft\u0131r.\u201d<\/p>\n<p style=\"text-align: justify\">Sald\u0131r\u0131n\u0131n hangi taraf\u00e7a yap\u0131ld\u0131\u011f\u0131 hen\u00fcz netlik kazanmazken \u0130ran\u2019a yak\u0131n Irak \u0130slami Direni\u015f adl\u0131 grup, \u015fu ana kadar Irak, Rojava, Suriye ve K\u00fcrdistan B\u00f6lgesi\u2019ndeki Amerikan g\u00fc\u00e7lerine y\u00f6nelik birka\u00e7 sald\u0131r\u0131n\u0131n sorumlulu\u011funu \u00fcstlendi.<\/p>\n","protected":false},"excerpt":{"rendered":"<p>\u00a0K\u00fcrdistan B\u00f6lgesi Genel Asayi\u015f M\u00fcd\u00fcrl\u00fc\u011f\u00fc&#8217;nden yap\u0131lan a\u00e7\u0131klamada, ba\u015fkent Erbil\u2019de patlay\u0131c\u0131 y\u00fckl\u00fc bir dronenin sivil bir evi hedef ald\u0131\u011f\u0131 bildirildi. Konuya dair K\u00fcrdistan B\u00f6lgesi Genel Asayi\u015f M\u00fcd\u00fcrl\u00fc\u011f\u00fc\u2019nden resmi a\u00e7\u0131klama yap\u0131ld\u0131. A\u00e7\u0131klamada s\u00f6z konusu sald\u0131r\u0131lar\u0131n durdurulmamas\u0131ndan Irak H\u00fck\u00fcmeti sorumlu tutuldu. A\u00e7\u0131klamada, \u201cK\u00fcrdistan vatanda\u015flar\u0131na kar\u015f\u0131 yap\u0131lan bu sald\u0131r\u0131y\u0131 k\u0131namakla birlikte, Irak Federal H\u00fck\u00fcmetini kanuna ayk\u0131r\u0131 gruplar\u0131n bu \u00e7abalar\u0131n\u0131n [&hellip;]<\/p>\n","protected":false},"author":2,"featured_media":1027791,"comment_status":"closed","ping_status":"closed","sticky":false,"template":"","format":"standard","meta":{"footnotes":""},"categories":[3],"tags":[31],"class_list":["post-1027790","post","type-post","status-publish","format-standard","has-post-thumbnail","hentry","category-kurdistan","tag-onemli"],"blocksy_meta":[],"seo_head":"<!-- This site is optimized with the Yoast SEO plugin v27.5 - https:\/\/yoast.com\/product\/yoast-seo-wordpress\/ -->\n<title>Erbil&#039;de bir binaya dron sald\u0131r\u0131s\u0131 yap\u0131ld\u0131 - Darka Mazi<\/title>\n<meta name=\"robots\" content=\"index, follow, max-snippet:-1, max-image-preview:large, max-video-preview:-1\" \/>\n<link rel=\"canonical\" href=\"https:\/\/darkamazi.site\/archives\/1027790\" \/>\n<meta property=\"og:locale\" content=\"en_US\" \/>\n<meta property=\"og:type\" content=\"article\" \/>\n<meta property=\"og:title\" content=\"Erbil&#039;de bir binaya dron sald\u0131r\u0131s\u0131 yap\u0131ld\u0131 - Darka Mazi\" \/>\n<meta property=\"og:description\" content=\"\u00a0K\u00fcrdistan B\u00f6lgesi Genel Asayi\u015f M\u00fcd\u00fcrl\u00fc\u011f\u00fc&#8217;nden yap\u0131lan a\u00e7\u0131klamada, ba\u015fkent Erbil\u2019de patlay\u0131c\u0131 y\u00fckl\u00fc bir dronenin sivil bir evi hedef ald\u0131\u011f\u0131 bildirildi. Konuya dair K\u00fcrdistan B\u00f6lgesi Genel Asayi\u015f M\u00fcd\u00fcrl\u00fc\u011f\u00fc\u2019nden resmi a\u00e7\u0131klama yap\u0131ld\u0131. A\u00e7\u0131klamada s\u00f6z konusu sald\u0131r\u0131lar\u0131n durdurulmamas\u0131ndan Irak H\u00fck\u00fcmeti sorumlu tutuldu. A\u00e7\u0131klamada, \u201cK\u00fcrdistan vatanda\u015flar\u0131na kar\u015f\u0131 yap\u0131lan bu sald\u0131r\u0131y\u0131 k\u0131namakla birlikte, Irak Federal H\u00fck\u00fcmetini kanuna ayk\u0131r\u0131 gruplar\u0131n bu \u00e7abalar\u0131n\u0131n [&hellip;]\" \/>\n<meta property=\"og:url\" content=\"https:\/\/darkamazi.site\/archives\/1027790\" \/>\n<meta property=\"og:site_name\" content=\"Darka Mazi\" \/>\n<meta property=\"article:publisher\" content=\"https:\/\/www.facebook.com\/DarkaMaziturkce\" \/>\n<meta property=\"article:published_time\" content=\"2023-12-08T18:01:32+00:00\" \/>\n<meta property=\"og:image\" content=\"https:\/\/darkamazi.site\/file\/2023\/12\/dron.jpeg\" \/>\n\t<meta property=\"og:image:width\" content=\"1562\" \/>\n\t<meta property=\"og:image:height\" content=\"878\" \/>\n\t<meta property=\"og:image:type\" content=\"image\/jpeg\" \/>\n<meta name=\"author\" content=\"darka mazi\" \/>\n<meta name=\"twitter:card\" content=\"summary_large_image\" \/>\n<meta name=\"twitter:creator\" content=\"@DarkaMaziTurkce\" \/>\n<meta name=\"twitter:site\" content=\"@DarkaMaziTurkce\" \/>\n<meta name=\"twitter:label1\" content=\"Written by\" \/>\n\t<meta name=\"twitter:data1\" content=\"darka mazi\" \/>\n\t<meta name=\"twitter:label2\" content=\"Est. reading time\" \/>\n\t<meta name=\"twitter:data2\" content=\"1 minute\" \/>\n<script type=\"application\/ld+json\" class=\"seo-schema-graph\">{\"@context\":\"https:\\\/\\\/schema.org\",\"@graph\":[{\"@type\":\"NewsArticle\",\"@id\":\"https:\\\/\\\/darkamazi.site\\\/archives\\\/1027790#article\",\"isPartOf\":{\"@id\":\"https:\\\/\\\/darkamazi.site\\\/archives\\\/1027790\"},\"author\":{\"name\":\"darka mazi\",\"@id\":\"https:\\\/\\\/darkamazi.site\\\/#\\\/schema\\\/person\\\/67986a95ac546c16760365877ef4a9d3\"},\"headline\":\"Erbil&#8217;de bir binaya dron sald\u0131r\u0131s\u0131 yap\u0131ld\u0131\",\"datePublished\":\"2023-12-08T18:01:32+00:00\",\"mainEntityOfPage\":{\"@id\":\"https:\\\/\\\/darkamazi.site\\\/archives\\\/1027790\"},\"wordCount\":209,\"publisher\":{\"@id\":\"https:\\\/\\\/darkamazi.site\\\/#organization\"},\"image\":{\"@id\":\"https:\\\/\\\/darkamazi.site\\\/archives\\\/1027790#primaryimage\"},\"thumbnailUrl\":\"https:\\\/\\\/darkamazi.site\\\/darka-content\\\/uploads\\\/2023\\\/12\\\/dron.jpeg\",\"keywords\":[\"\u00f6nemli\"],\"articleSection\":[\"Kurdistan\"],\"inLanguage\":\"en-US\"},{\"@type\":\"WebPage\",\"@id\":\"https:\\\/\\\/darkamazi.site\\\/archives\\\/1027790\",\"url\":\"https:\\\/\\\/darkamazi.site\\\/archives\\\/1027790\",\"name\":\"Erbil'de bir binaya dron sald\u0131r\u0131s\u0131 yap\u0131ld\u0131 - Darka Mazi\",\"isPartOf\":{\"@id\":\"https:\\\/\\\/darkamazi.site\\\/#website\"},\"primaryImageOfPage\":{\"@id\":\"https:\\\/\\\/darkamazi.site\\\/archives\\\/1027790#primaryimage\"},\"image\":{\"@id\":\"https:\\\/\\\/darkamazi.site\\\/archives\\\/1027790#primaryimage\"},\"thumbnailUrl\":\"https:\\\/\\\/darkamazi.site\\\/darka-content\\\/uploads\\\/2023\\\/12\\\/dron.jpeg\",\"datePublished\":\"2023-12-08T18:01:32+00:00\",\"breadcrumb\":{\"@id\":\"https:\\\/\\\/darkamazi.site\\\/archives\\\/1027790#breadcrumb\"},\"inLanguage\":\"en-US\",\"potentialAction\":[{\"@type\":\"ReadAction\",\"target\":[\"https:\\\/\\\/darkamazi.site\\\/archives\\\/1027790\"]}]},{\"@type\":\"ImageObject\",\"inLanguage\":\"en-US\",\"@id\":\"https:\\\/\\\/darkamazi.site\\\/archives\\\/1027790#primaryimage\",\"url\":\"https:\\\/\\\/darkamazi.site\\\/darka-content\\\/uploads\\\/2023\\\/12\\\/dron.jpeg\",\"contentUrl\":\"https:\\\/\\\/darkamazi.site\\\/darka-content\\\/uploads\\\/2023\\\/12\\\/dron.jpeg\",\"width\":1562,\"height\":878,\"caption\":\"Erbil'de bir binaya dron sald\u0131r\u0131s\u0131 yap\u0131ld\u0131\"},{\"@type\":\"BreadcrumbList\",\"@id\":\"https:\\\/\\\/darkamazi.site\\\/archives\\\/1027790#breadcrumb\",\"itemListElement\":[{\"@type\":\"ListItem\",\"position\":1,\"name\":\"Home\",\"item\":\"https:\\\/\\\/darkamazi.site\\\/\"},{\"@type\":\"ListItem\",\"position\":2,\"name\":\"Erbil&#8217;de bir binaya dron sald\u0131r\u0131s\u0131 yap\u0131ld\u0131\"}]},{\"@type\":\"WebSite\",\"@id\":\"https:\\\/\\\/darkamazi.site\\\/#website\",\"url\":\"https:\\\/\\\/darkamazi.site\\\/\",\"name\":\"Darka Mazi\",\"description\":\"Ana Sayfa\",\"publisher\":{\"@id\":\"https:\\\/\\\/darkamazi.site\\\/#organization\"},\"potentialAction\":[{\"@type\":\"SearchAction\",\"target\":{\"@type\":\"EntryPoint\",\"urlTemplate\":\"https:\\\/\\\/darkamazi.site\\\/?s={search_term_string}\"},\"query-input\":{\"@type\":\"PropertyValueSpecification\",\"valueRequired\":true,\"valueName\":\"search_term_string\"}}],\"inLanguage\":\"en-US\"},{\"@type\":\"Organization\",\"@id\":\"https:\\\/\\\/darkamazi.site\\\/#organization\",\"name\":\"Darka Mazi T\u00fcrk\u00e7e\",\"alternateName\":\"Darka Mazi\",\"url\":\"https:\\\/\\\/darkamazi.site\\\/\",\"logo\":{\"@type\":\"ImageObject\",\"inLanguage\":\"en-US\",\"@id\":\"https:\\\/\\\/darkamazi.site\\\/#\\\/schema\\\/logo\\\/image\\\/\",\"url\":\"https:\\\/\\\/darkamazi.site\\\/darka-content\\\/uploads\\\/2017\\\/12\\\/darka-mazi-logo.png\",\"contentUrl\":\"https:\\\/\\\/darkamazi.site\\\/darka-content\\\/uploads\\\/2017\\\/12\\\/darka-mazi-logo.png\",\"width\":151,\"height\":75,\"caption\":\"Darka Mazi T\u00fcrk\u00e7e\"},\"image\":{\"@id\":\"https:\\\/\\\/darkamazi.site\\\/#\\\/schema\\\/logo\\\/image\\\/\"},\"sameAs\":[\"https:\\\/\\\/www.facebook.com\\\/DarkaMaziturkce\",\"https:\\\/\\\/x.com\\\/DarkaMaziTurkce\"]},{\"@type\":\"Person\",\"@id\":\"https:\\\/\\\/darkamazi.site\\\/#\\\/schema\\\/person\\\/67986a95ac546c16760365877ef4a9d3\",\"name\":\"darka mazi\",\"sameAs\":[\"https:\\\/\\\/darkamazi.site\"],\"url\":\"https:\\\/\\\/darkamazi.site\\\/archives\\\/author\\\/turkish\"}]}<\/script>\n<!-- \/ Yoast SEO plugin. -->","seo_head_json":{"title":"Erbil'de bir binaya dron sald\u0131r\u0131s\u0131 yap\u0131ld\u0131 - Darka Mazi","robots":{"index":"index","follow":"follow","max-snippet":"max-snippet:-1","max-image-preview":"max-image-preview:large","max-video-preview":"max-video-preview:-1"},"canonical":"https:\/\/darkamazi.site\/archives\/1027790","og_locale":"en_US","og_type":"article","og_title":"Erbil'de bir binaya dron sald\u0131r\u0131s\u0131 yap\u0131ld\u0131 - Darka Mazi","og_description":"\u00a0K\u00fcrdistan B\u00f6lgesi Genel Asayi\u015f M\u00fcd\u00fcrl\u00fc\u011f\u00fc&#8217;nden yap\u0131lan a\u00e7\u0131klamada, ba\u015fkent Erbil\u2019de patlay\u0131c\u0131 y\u00fckl\u00fc bir dronenin sivil bir evi hedef ald\u0131\u011f\u0131 bildirildi. Konuya dair K\u00fcrdistan B\u00f6lgesi Genel Asayi\u015f M\u00fcd\u00fcrl\u00fc\u011f\u00fc\u2019nden resmi a\u00e7\u0131klama yap\u0131ld\u0131. A\u00e7\u0131klamada s\u00f6z konusu sald\u0131r\u0131lar\u0131n durdurulmamas\u0131ndan Irak H\u00fck\u00fcmeti sorumlu tutuldu. A\u00e7\u0131klamada, \u201cK\u00fcrdistan vatanda\u015flar\u0131na kar\u015f\u0131 yap\u0131lan bu sald\u0131r\u0131y\u0131 k\u0131namakla birlikte, Irak Federal H\u00fck\u00fcmetini kanuna ayk\u0131r\u0131 gruplar\u0131n bu \u00e7abalar\u0131n\u0131n [&hellip;]","og_url":"https:\/\/darkamazi.site\/archives\/1027790","og_site_name":"Darka Mazi","article_publisher":"https:\/\/www.facebook.com\/DarkaMaziturkce","article_published_time":"2023-12-08T18:01:32+00:00","og_image":[{"width":1562,"height":878,"url":"https:\/\/darkamazi.site\/file\/2023\/12\/dron.jpeg","type":"image\/jpeg"}],"author":"darka mazi","twitter_card":"summary_large_image","twitter_creator":"@DarkaMaziTurkce","twitter_site":"@DarkaMaziTurkce","twitter_misc":{"Written by":"darka mazi","Est. reading time":"1 minute"},"schema":{"@context":"https:\/\/schema.org","@graph":[{"@type":"NewsArticle","@id":"https:\/\/darkamazi.site\/archives\/1027790#article","isPartOf":{"@id":"https:\/\/darkamazi.site\/archives\/1027790"},"author":{"name":"darka mazi","@id":"https:\/\/darkamazi.site\/#\/schema\/person\/67986a95ac546c16760365877ef4a9d3"},"headline":"Erbil&#8217;de bir binaya dron sald\u0131r\u0131s\u0131 yap\u0131ld\u0131","datePublished":"2023-12-08T18:01:32+00:00","mainEntityOfPage":{"@id":"https:\/\/darkamazi.site\/archives\/1027790"},"wordCount":209,"publisher":{"@id":"https:\/\/darkamazi.site\/#organization"},"image":{"@id":"https:\/\/darkamazi.site\/archives\/1027790#primaryimage"},"thumbnailUrl":"https:\/\/darkamazi.site\/file\/2023\/12\/dron.jpeg","keywords":["\u00f6nemli"],"articleSection":["Kurdistan"],"inLanguage":"en-US"},{"@type":"WebPage","@id":"https:\/\/darkamazi.site\/archives\/1027790","url":"https:\/\/darkamazi.site\/archives\/1027790","name":"Erbil'de bir binaya dron sald\u0131r\u0131s\u0131 yap\u0131ld\u0131 - Darka Mazi","isPartOf":{"@id":"https:\/\/darkamazi.site\/#website"},"primaryImageOfPage":{"@id":"https:\/\/darkamazi.site\/archives\/1027790#primaryimage"},"image":{"@id":"https:\/\/darkamazi.site\/archives\/1027790#primaryimage"},"thumbnailUrl":"https:\/\/darkamazi.site\/file\/2023\/12\/dron.jpeg","datePublished":"2023-12-08T18:01:32+00:00","breadcrumb":{"@id":"https:\/\/darkamazi.site\/archives\/1027790#breadcrumb"},"inLanguage":"en-US","potentialAction":[{"@type":"ReadAction","target":["https:\/\/darkamazi.site\/archives\/1027790"]}]},{"@type":"ImageObject","inLanguage":"en-US","@id":"https:\/\/darkamazi.site\/archives\/1027790#primaryimage","url":"https:\/\/darkamazi.site\/file\/2023\/12\/dron.jpeg","contentUrl":"https:\/\/darkamazi.site\/file\/2023\/12\/dron.jpeg","width":1562,"height":878,"caption":"Erbil'de bir binaya dron sald\u0131r\u0131s\u0131 yap\u0131ld\u0131"},{"@type":"BreadcrumbList","@id":"https:\/\/darkamazi.site\/archives\/1027790#breadcrumb","itemListElement":[{"@type":"ListItem","position":1,"name":"Home","item":"https:\/\/darkamazi.site\/"},{"@type":"ListItem","position":2,"name":"Erbil&#8217;de bir binaya dron sald\u0131r\u0131s\u0131 yap\u0131ld\u0131"}]},{"@type":"WebSite","@id":"https:\/\/darkamazi.site\/#website","url":"https:\/\/darkamazi.site\/","name":"Darka Mazi","description":"Ana Sayfa","publisher":{"@id":"https:\/\/darkamazi.site\/#organization"},"potentialAction":[{"@type":"SearchAction","target":{"@type":"EntryPoint","urlTemplate":"https:\/\/darkamazi.site\/?s={search_term_string}"},"query-input":{"@type":"PropertyValueSpecification","valueRequired":true,"valueName":"search_term_string"}}],"inLanguage":"en-US"},{"@type":"Organization","@id":"https:\/\/darkamazi.site\/#organization","name":"Darka Mazi T\u00fcrk\u00e7e","alternateName":"Darka Mazi","url":"https:\/\/darkamazi.site\/","logo":{"@type":"ImageObject","inLanguage":"en-US","@id":"https:\/\/darkamazi.site\/#\/schema\/logo\/image\/","url":"https:\/\/darkamazi.site\/file\/2017\/12\/darka-mazi-logo.png","contentUrl":"https:\/\/darkamazi.site\/file\/2017\/12\/darka-mazi-logo.png","width":151,"height":75,"caption":"Darka Mazi T\u00fcrk\u00e7e"},"image":{"@id":"https:\/\/darkamazi.site\/#\/schema\/logo\/image\/"},"sameAs":["https:\/\/www.facebook.com\/DarkaMaziturkce","https:\/\/x.com\/DarkaMaziTurkce"]},{"@type":"Person","@id":"https:\/\/darkamazi.site\/#\/schema\/person\/67986a95ac546c16760365877ef4a9d3","name":"darka mazi","sameAs":["https:\/\/darkamazi.site"],"url":"https:\/\/darkamazi.site\/archives\/author\/turkish"}]}},"_links":{"self":[{"href":"https:\/\/darkamazi.site\/funavuv\/wp\/v2\/posts\/1027790","targetHints":{"allow":["GET"]}}],"collection":[{"href":"https:\/\/darkamazi.site\/funavuv\/wp\/v2\/posts"}],"about":[{"href":"https:\/\/darkamazi.site\/funavuv\/wp\/v2\/types\/post"}],"author":[{"embeddable":true,"href":"https:\/\/darkamazi.site\/funavuv\/wp\/v2\/users\/2"}],"replies":[{"embeddable":true,"href":"https:\/\/darkamazi.site\/funavuv\/wp\/v2\/comments?post=1027790"}],"version-history":[{"count":0,"href":"https:\/\/darkamazi.site\/funavuv\/wp\/v2\/posts\/1027790\/revisions"}],"wp:featuredmedia":[{"embeddable":true,"href":"https:\/\/darkamazi.site\/funavuv\/wp\/v2\/media\/1027791"}],"wp:attachment":[{"href":"https:\/\/darkamazi.site\/funavuv\/wp\/v2\/media?parent=1027790"}],"wp:term":[{"taxonomy":"category","embeddable":true,"href":"https:\/\/darkamazi.site\/funavuv\/wp\/v2\/categories?post=1027790"},{"taxonomy":"post_tag","embeddable":true,"href":"https:\/\/darkamazi.site\/funavuv\/wp\/v2\/tags?post=1027790"}],"curies":[{"name":"wp","href":"https:\/\/api.w.org\/{rel}","templated":true}]}}