{"id":1027867,"date":"2023-12-15T12:25:53","date_gmt":"2023-12-15T09:25:53","guid":{"rendered":"https:\/\/darkamazi.site\/?p=1027867"},"modified":"2023-12-15T12:25:53","modified_gmt":"2023-12-15T09:25:53","slug":"abdnin-iraktaki-ussune-drone-saldirisi","status":"publish","type":"post","link":"https:\/\/darkamazi.site\/archives\/1027867","title":{"rendered":"ABD&#8217;nin Irak&#8217;taki \u00fcss\u00fcne drone sald\u0131r\u0131s\u0131"},"content":{"rendered":"<p style=\"text-align: justify\">Anbar vilayetindeki Ayn el-Esed askeri \u00fcss\u00fcne bir kez daha drone sald\u0131r\u0131s\u0131n\u0131n d\u00fczenlendi\u011fi bildirildi.<\/p>\n<p style=\"text-align: justify\">Irak\u2019ta \u0130ran yanl\u0131s\u0131 \u015eii milislerin i\u00e7inde yer ald\u0131\u011f\u0131 Irak \u0130slami Direni\u015f, yapt\u0131\u011f\u0131 a\u00e7\u0131klamada 15 Aral\u0131k 2023 Cuma sabah\u0131 d\u00fczenlenen sald\u0131r\u0131y\u0131 \u00fcstlendi.<\/p>\n<p style=\"text-align: justify\">A\u00e7\u0131klamada, \u0130srail\u2019in Gazze \u015eeridi\u2019ne y\u00f6nelik sald\u0131r\u0131lar\u0131na yeniden ba\u015flamas\u0131na tepki olarak, Ayn el-Esed \u00fcss\u00fcne drone sald\u0131r\u0131s\u0131 d\u00fczenledikleri belirtildi.<\/p>\n<p style=\"text-align: justify\">Daha \u00f6nce de Ayn el-Esed askeri \u00fcss\u00fcne bir\u00e7ok kez f\u00fcze ve insans\u0131z hava arac\u0131yla (\u0130HA) sald\u0131r\u0131ld\u0131.<\/p>\n<p style=\"text-align: justify\">Irak Silahl\u0131 Kuvvetleri Komutanl\u0131\u011f\u0131 S\u00f6zc\u00fcs\u00fc Yahya Resul d\u00fcn yapt\u0131\u011f\u0131 a\u00e7\u0131klamada, Irak&#8217;taki askeri \u00fcslere ve diplomatik misyonlara y\u00f6nelik sald\u0131r\u0131lar\u0131n \u00fclkenin g\u00fcvenlik ve istikrar\u0131n\u0131 olumsuz y\u00f6nde etkiledi\u011fini ve bu t\u00fcr sald\u0131r\u0131lara art\u0131k m\u00fcsamaha g\u00f6sterilmeyece\u011fini ifade etmi\u015fti.<\/p>\n<p style=\"text-align: justify\">Irak \u0130slami Direni\u015f, \u015fu ana kadar Suriye ve Irak&#8217;taki ABD askeri \u00fcslerine 73&#8217;ten fazla sald\u0131r\u0131 d\u00fczenledi.<\/p>\n<p style=\"text-align: justify\">ABD Savunma Bakanl\u0131\u011f\u0131 (Pentagon) S\u00f6zc\u00fcs\u00fc General Patrick Ryder, 14 Aral\u0131k 2023 Per\u015fembe g\u00fcn\u00fc Kurdistan 24\u2019e yapt\u0131\u011f\u0131 a\u00e7\u0131klamada, Pentagon&#8217;un Irak&#8217;taki g\u00fc\u00e7lerini korumak i\u00e7in gerekli ad\u0131mlar\u0131 ataca\u011f\u0131n\u0131 belirterek, ABD&#8217;nin g\u00fc\u00e7lerini korumak i\u00e7in Irak h\u00fck\u00fcmetiyle koordinasyonu s\u00fcrd\u00fcrece\u011fini belirmi\u015fti.<\/p>\n<p style=\"text-align: justify\">S\u00f6zc\u00fc Ryder, sald\u0131r\u0131ya u\u011framalar\u0131 durumunda g\u00fc\u00e7lerini savunma haklar\u0131 oldu\u011funa da dikkat \u00e7ekmi\u015fti.<\/p>\n","protected":false},"excerpt":{"rendered":"<p>Anbar vilayetindeki Ayn el-Esed askeri \u00fcss\u00fcne bir kez daha drone sald\u0131r\u0131s\u0131n\u0131n d\u00fczenlendi\u011fi bildirildi. Irak\u2019ta \u0130ran yanl\u0131s\u0131 \u015eii milislerin i\u00e7inde yer ald\u0131\u011f\u0131 Irak \u0130slami Direni\u015f, yapt\u0131\u011f\u0131 a\u00e7\u0131klamada 15 Aral\u0131k 2023 Cuma sabah\u0131 d\u00fczenlenen sald\u0131r\u0131y\u0131 \u00fcstlendi. A\u00e7\u0131klamada, \u0130srail\u2019in Gazze \u015eeridi\u2019ne y\u00f6nelik sald\u0131r\u0131lar\u0131na yeniden ba\u015flamas\u0131na tepki olarak, Ayn el-Esed \u00fcss\u00fcne drone sald\u0131r\u0131s\u0131 d\u00fczenledikleri belirtildi. Daha \u00f6nce de Ayn [&hellip;]<\/p>\n","protected":false},"author":2,"featured_media":1027868,"comment_status":"closed","ping_status":"closed","sticky":false,"template":"","format":"standard","meta":{"footnotes":""},"categories":[29],"tags":[],"class_list":["post-1027867","post","type-post","status-publish","format-standard","has-post-thumbnail","hentry","category-ortadogu"],"blocksy_meta":[],"seo_head":"<!-- This site is optimized with the Yoast SEO plugin v27.5 - https:\/\/yoast.com\/product\/yoast-seo-wordpress\/ -->\n<title>ABD&#039;nin Irak&#039;taki \u00fcss\u00fcne drone sald\u0131r\u0131s\u0131 - Darka Mazi<\/title>\n<meta name=\"robots\" content=\"index, follow, max-snippet:-1, max-image-preview:large, max-video-preview:-1\" \/>\n<link rel=\"canonical\" href=\"https:\/\/darkamazi.site\/archives\/1027867\" \/>\n<meta property=\"og:locale\" content=\"en_US\" \/>\n<meta property=\"og:type\" content=\"article\" \/>\n<meta property=\"og:title\" content=\"ABD&#039;nin Irak&#039;taki \u00fcss\u00fcne drone sald\u0131r\u0131s\u0131 - Darka Mazi\" \/>\n<meta property=\"og:description\" content=\"Anbar vilayetindeki Ayn el-Esed askeri \u00fcss\u00fcne bir kez daha drone sald\u0131r\u0131s\u0131n\u0131n d\u00fczenlendi\u011fi bildirildi. Irak\u2019ta \u0130ran yanl\u0131s\u0131 \u015eii milislerin i\u00e7inde yer ald\u0131\u011f\u0131 Irak \u0130slami Direni\u015f, yapt\u0131\u011f\u0131 a\u00e7\u0131klamada 15 Aral\u0131k 2023 Cuma sabah\u0131 d\u00fczenlenen sald\u0131r\u0131y\u0131 \u00fcstlendi. A\u00e7\u0131klamada, \u0130srail\u2019in Gazze \u015eeridi\u2019ne y\u00f6nelik sald\u0131r\u0131lar\u0131na yeniden ba\u015flamas\u0131na tepki olarak, Ayn el-Esed \u00fcss\u00fcne drone sald\u0131r\u0131s\u0131 d\u00fczenledikleri belirtildi. Daha \u00f6nce de Ayn [&hellip;]\" \/>\n<meta property=\"og:url\" content=\"https:\/\/darkamazi.site\/archives\/1027867\" \/>\n<meta property=\"og:site_name\" content=\"Darka Mazi\" \/>\n<meta property=\"article:publisher\" content=\"https:\/\/www.facebook.com\/DarkaMaziturkce\" \/>\n<meta property=\"article:published_time\" content=\"2023-12-15T09:25:53+00:00\" \/>\n<meta property=\"og:image\" content=\"https:\/\/darkamazi.site\/file\/2023\/12\/EYN-Esad.jpg\" \/>\n\t<meta property=\"og:image:width\" content=\"855\" \/>\n\t<meta property=\"og:image:height\" content=\"495\" \/>\n\t<meta property=\"og:image:type\" content=\"image\/jpeg\" \/>\n<meta name=\"author\" content=\"darka mazi\" \/>\n<meta name=\"twitter:card\" content=\"summary_large_image\" \/>\n<meta name=\"twitter:creator\" content=\"@DarkaMaziTurkce\" \/>\n<meta name=\"twitter:site\" content=\"@DarkaMaziTurkce\" \/>\n<meta name=\"twitter:label1\" content=\"Written by\" \/>\n\t<meta name=\"twitter:data1\" content=\"darka mazi\" \/>\n\t<meta name=\"twitter:label2\" content=\"Est. reading time\" \/>\n\t<meta name=\"twitter:data2\" content=\"1 minute\" \/>\n<script type=\"application\/ld+json\" class=\"seo-schema-graph\">{\"@context\":\"https:\\\/\\\/schema.org\",\"@graph\":[{\"@type\":\"NewsArticle\",\"@id\":\"https:\\\/\\\/darkamazi.site\\\/archives\\\/1027867#article\",\"isPartOf\":{\"@id\":\"https:\\\/\\\/darkamazi.site\\\/archives\\\/1027867\"},\"author\":{\"name\":\"darka mazi\",\"@id\":\"https:\\\/\\\/darkamazi.site\\\/#\\\/schema\\\/person\\\/67986a95ac546c16760365877ef4a9d3\"},\"headline\":\"ABD&#8217;nin Irak&#8217;taki \u00fcss\u00fcne drone sald\u0131r\u0131s\u0131\",\"datePublished\":\"2023-12-15T09:25:53+00:00\",\"mainEntityOfPage\":{\"@id\":\"https:\\\/\\\/darkamazi.site\\\/archives\\\/1027867\"},\"wordCount\":257,\"publisher\":{\"@id\":\"https:\\\/\\\/darkamazi.site\\\/#organization\"},\"image\":{\"@id\":\"https:\\\/\\\/darkamazi.site\\\/archives\\\/1027867#primaryimage\"},\"thumbnailUrl\":\"https:\\\/\\\/darkamazi.site\\\/darka-content\\\/uploads\\\/2023\\\/12\\\/EYN-Esad.jpg\",\"articleSection\":[\"Ortado\u011fu\"],\"inLanguage\":\"en-US\"},{\"@type\":\"WebPage\",\"@id\":\"https:\\\/\\\/darkamazi.site\\\/archives\\\/1027867\",\"url\":\"https:\\\/\\\/darkamazi.site\\\/archives\\\/1027867\",\"name\":\"ABD'nin Irak'taki \u00fcss\u00fcne drone sald\u0131r\u0131s\u0131 - Darka Mazi\",\"isPartOf\":{\"@id\":\"https:\\\/\\\/darkamazi.site\\\/#website\"},\"primaryImageOfPage\":{\"@id\":\"https:\\\/\\\/darkamazi.site\\\/archives\\\/1027867#primaryimage\"},\"image\":{\"@id\":\"https:\\\/\\\/darkamazi.site\\\/archives\\\/1027867#primaryimage\"},\"thumbnailUrl\":\"https:\\\/\\\/darkamazi.site\\\/darka-content\\\/uploads\\\/2023\\\/12\\\/EYN-Esad.jpg\",\"datePublished\":\"2023-12-15T09:25:53+00:00\",\"breadcrumb\":{\"@id\":\"https:\\\/\\\/darkamazi.site\\\/archives\\\/1027867#breadcrumb\"},\"inLanguage\":\"en-US\",\"potentialAction\":[{\"@type\":\"ReadAction\",\"target\":[\"https:\\\/\\\/darkamazi.site\\\/archives\\\/1027867\"]}]},{\"@type\":\"ImageObject\",\"inLanguage\":\"en-US\",\"@id\":\"https:\\\/\\\/darkamazi.site\\\/archives\\\/1027867#primaryimage\",\"url\":\"https:\\\/\\\/darkamazi.site\\\/darka-content\\\/uploads\\\/2023\\\/12\\\/EYN-Esad.jpg\",\"contentUrl\":\"https:\\\/\\\/darkamazi.site\\\/darka-content\\\/uploads\\\/2023\\\/12\\\/EYN-Esad.jpg\",\"width\":855,\"height\":495,\"caption\":\"ABD'nin Irak'taki \u00fcss\u00fcne drone sald\u0131r\u0131s\u0131\"},{\"@type\":\"BreadcrumbList\",\"@id\":\"https:\\\/\\\/darkamazi.site\\\/archives\\\/1027867#breadcrumb\",\"itemListElement\":[{\"@type\":\"ListItem\",\"position\":1,\"name\":\"Home\",\"item\":\"https:\\\/\\\/darkamazi.site\\\/\"},{\"@type\":\"ListItem\",\"position\":2,\"name\":\"ABD&#8217;nin Irak&#8217;taki \u00fcss\u00fcne drone sald\u0131r\u0131s\u0131\"}]},{\"@type\":\"WebSite\",\"@id\":\"https:\\\/\\\/darkamazi.site\\\/#website\",\"url\":\"https:\\\/\\\/darkamazi.site\\\/\",\"name\":\"Darka Mazi\",\"description\":\"Ana Sayfa\",\"publisher\":{\"@id\":\"https:\\\/\\\/darkamazi.site\\\/#organization\"},\"potentialAction\":[{\"@type\":\"SearchAction\",\"target\":{\"@type\":\"EntryPoint\",\"urlTemplate\":\"https:\\\/\\\/darkamazi.site\\\/?s={search_term_string}\"},\"query-input\":{\"@type\":\"PropertyValueSpecification\",\"valueRequired\":true,\"valueName\":\"search_term_string\"}}],\"inLanguage\":\"en-US\"},{\"@type\":\"Organization\",\"@id\":\"https:\\\/\\\/darkamazi.site\\\/#organization\",\"name\":\"Darka Mazi T\u00fcrk\u00e7e\",\"alternateName\":\"Darka Mazi\",\"url\":\"https:\\\/\\\/darkamazi.site\\\/\",\"logo\":{\"@type\":\"ImageObject\",\"inLanguage\":\"en-US\",\"@id\":\"https:\\\/\\\/darkamazi.site\\\/#\\\/schema\\\/logo\\\/image\\\/\",\"url\":\"https:\\\/\\\/darkamazi.site\\\/darka-content\\\/uploads\\\/2017\\\/12\\\/darka-mazi-logo.png\",\"contentUrl\":\"https:\\\/\\\/darkamazi.site\\\/darka-content\\\/uploads\\\/2017\\\/12\\\/darka-mazi-logo.png\",\"width\":151,\"height\":75,\"caption\":\"Darka Mazi T\u00fcrk\u00e7e\"},\"image\":{\"@id\":\"https:\\\/\\\/darkamazi.site\\\/#\\\/schema\\\/logo\\\/image\\\/\"},\"sameAs\":[\"https:\\\/\\\/www.facebook.com\\\/DarkaMaziturkce\",\"https:\\\/\\\/x.com\\\/DarkaMaziTurkce\"]},{\"@type\":\"Person\",\"@id\":\"https:\\\/\\\/darkamazi.site\\\/#\\\/schema\\\/person\\\/67986a95ac546c16760365877ef4a9d3\",\"name\":\"darka mazi\",\"sameAs\":[\"https:\\\/\\\/darkamazi.site\"],\"url\":\"https:\\\/\\\/darkamazi.site\\\/archives\\\/author\\\/turkish\"}]}<\/script>\n<!-- \/ Yoast SEO plugin. -->","seo_head_json":{"title":"ABD'nin Irak'taki \u00fcss\u00fcne drone sald\u0131r\u0131s\u0131 - Darka Mazi","robots":{"index":"index","follow":"follow","max-snippet":"max-snippet:-1","max-image-preview":"max-image-preview:large","max-video-preview":"max-video-preview:-1"},"canonical":"https:\/\/darkamazi.site\/archives\/1027867","og_locale":"en_US","og_type":"article","og_title":"ABD'nin Irak'taki \u00fcss\u00fcne drone sald\u0131r\u0131s\u0131 - Darka Mazi","og_description":"Anbar vilayetindeki Ayn el-Esed askeri \u00fcss\u00fcne bir kez daha drone sald\u0131r\u0131s\u0131n\u0131n d\u00fczenlendi\u011fi bildirildi. Irak\u2019ta \u0130ran yanl\u0131s\u0131 \u015eii milislerin i\u00e7inde yer ald\u0131\u011f\u0131 Irak \u0130slami Direni\u015f, yapt\u0131\u011f\u0131 a\u00e7\u0131klamada 15 Aral\u0131k 2023 Cuma sabah\u0131 d\u00fczenlenen sald\u0131r\u0131y\u0131 \u00fcstlendi. A\u00e7\u0131klamada, \u0130srail\u2019in Gazze \u015eeridi\u2019ne y\u00f6nelik sald\u0131r\u0131lar\u0131na yeniden ba\u015flamas\u0131na tepki olarak, Ayn el-Esed \u00fcss\u00fcne drone sald\u0131r\u0131s\u0131 d\u00fczenledikleri belirtildi. Daha \u00f6nce de Ayn [&hellip;]","og_url":"https:\/\/darkamazi.site\/archives\/1027867","og_site_name":"Darka Mazi","article_publisher":"https:\/\/www.facebook.com\/DarkaMaziturkce","article_published_time":"2023-12-15T09:25:53+00:00","og_image":[{"width":855,"height":495,"url":"https:\/\/darkamazi.site\/file\/2023\/12\/EYN-Esad.jpg","type":"image\/jpeg"}],"author":"darka mazi","twitter_card":"summary_large_image","twitter_creator":"@DarkaMaziTurkce","twitter_site":"@DarkaMaziTurkce","twitter_misc":{"Written by":"darka mazi","Est. reading time":"1 minute"},"schema":{"@context":"https:\/\/schema.org","@graph":[{"@type":"NewsArticle","@id":"https:\/\/darkamazi.site\/archives\/1027867#article","isPartOf":{"@id":"https:\/\/darkamazi.site\/archives\/1027867"},"author":{"name":"darka mazi","@id":"https:\/\/darkamazi.site\/#\/schema\/person\/67986a95ac546c16760365877ef4a9d3"},"headline":"ABD&#8217;nin Irak&#8217;taki \u00fcss\u00fcne drone sald\u0131r\u0131s\u0131","datePublished":"2023-12-15T09:25:53+00:00","mainEntityOfPage":{"@id":"https:\/\/darkamazi.site\/archives\/1027867"},"wordCount":257,"publisher":{"@id":"https:\/\/darkamazi.site\/#organization"},"image":{"@id":"https:\/\/darkamazi.site\/archives\/1027867#primaryimage"},"thumbnailUrl":"https:\/\/darkamazi.site\/file\/2023\/12\/EYN-Esad.jpg","articleSection":["Ortado\u011fu"],"inLanguage":"en-US"},{"@type":"WebPage","@id":"https:\/\/darkamazi.site\/archives\/1027867","url":"https:\/\/darkamazi.site\/archives\/1027867","name":"ABD'nin Irak'taki \u00fcss\u00fcne drone sald\u0131r\u0131s\u0131 - Darka Mazi","isPartOf":{"@id":"https:\/\/darkamazi.site\/#website"},"primaryImageOfPage":{"@id":"https:\/\/darkamazi.site\/archives\/1027867#primaryimage"},"image":{"@id":"https:\/\/darkamazi.site\/archives\/1027867#primaryimage"},"thumbnailUrl":"https:\/\/darkamazi.site\/file\/2023\/12\/EYN-Esad.jpg","datePublished":"2023-12-15T09:25:53+00:00","breadcrumb":{"@id":"https:\/\/darkamazi.site\/archives\/1027867#breadcrumb"},"inLanguage":"en-US","potentialAction":[{"@type":"ReadAction","target":["https:\/\/darkamazi.site\/archives\/1027867"]}]},{"@type":"ImageObject","inLanguage":"en-US","@id":"https:\/\/darkamazi.site\/archives\/1027867#primaryimage","url":"https:\/\/darkamazi.site\/file\/2023\/12\/EYN-Esad.jpg","contentUrl":"https:\/\/darkamazi.site\/file\/2023\/12\/EYN-Esad.jpg","width":855,"height":495,"caption":"ABD'nin Irak'taki \u00fcss\u00fcne drone sald\u0131r\u0131s\u0131"},{"@type":"BreadcrumbList","@id":"https:\/\/darkamazi.site\/archives\/1027867#breadcrumb","itemListElement":[{"@type":"ListItem","position":1,"name":"Home","item":"https:\/\/darkamazi.site\/"},{"@type":"ListItem","position":2,"name":"ABD&#8217;nin Irak&#8217;taki \u00fcss\u00fcne drone sald\u0131r\u0131s\u0131"}]},{"@type":"WebSite","@id":"https:\/\/darkamazi.site\/#website","url":"https:\/\/darkamazi.site\/","name":"Darka Mazi","description":"Ana Sayfa","publisher":{"@id":"https:\/\/darkamazi.site\/#organization"},"potentialAction":[{"@type":"SearchAction","target":{"@type":"EntryPoint","urlTemplate":"https:\/\/darkamazi.site\/?s={search_term_string}"},"query-input":{"@type":"PropertyValueSpecification","valueRequired":true,"valueName":"search_term_string"}}],"inLanguage":"en-US"},{"@type":"Organization","@id":"https:\/\/darkamazi.site\/#organization","name":"Darka Mazi T\u00fcrk\u00e7e","alternateName":"Darka Mazi","url":"https:\/\/darkamazi.site\/","logo":{"@type":"ImageObject","inLanguage":"en-US","@id":"https:\/\/darkamazi.site\/#\/schema\/logo\/image\/","url":"https:\/\/darkamazi.site\/file\/2017\/12\/darka-mazi-logo.png","contentUrl":"https:\/\/darkamazi.site\/file\/2017\/12\/darka-mazi-logo.png","width":151,"height":75,"caption":"Darka Mazi T\u00fcrk\u00e7e"},"image":{"@id":"https:\/\/darkamazi.site\/#\/schema\/logo\/image\/"},"sameAs":["https:\/\/www.facebook.com\/DarkaMaziturkce","https:\/\/x.com\/DarkaMaziTurkce"]},{"@type":"Person","@id":"https:\/\/darkamazi.site\/#\/schema\/person\/67986a95ac546c16760365877ef4a9d3","name":"darka mazi","sameAs":["https:\/\/darkamazi.site"],"url":"https:\/\/darkamazi.site\/archives\/author\/turkish"}]}},"_links":{"self":[{"href":"https:\/\/darkamazi.site\/funavuv\/wp\/v2\/posts\/1027867","targetHints":{"allow":["GET"]}}],"collection":[{"href":"https:\/\/darkamazi.site\/funavuv\/wp\/v2\/posts"}],"about":[{"href":"https:\/\/darkamazi.site\/funavuv\/wp\/v2\/types\/post"}],"author":[{"embeddable":true,"href":"https:\/\/darkamazi.site\/funavuv\/wp\/v2\/users\/2"}],"replies":[{"embeddable":true,"href":"https:\/\/darkamazi.site\/funavuv\/wp\/v2\/comments?post=1027867"}],"version-history":[{"count":0,"href":"https:\/\/darkamazi.site\/funavuv\/wp\/v2\/posts\/1027867\/revisions"}],"wp:featuredmedia":[{"embeddable":true,"href":"https:\/\/darkamazi.site\/funavuv\/wp\/v2\/media\/1027868"}],"wp:attachment":[{"href":"https:\/\/darkamazi.site\/funavuv\/wp\/v2\/media?parent=1027867"}],"wp:term":[{"taxonomy":"category","embeddable":true,"href":"https:\/\/darkamazi.site\/funavuv\/wp\/v2\/categories?post=1027867"},{"taxonomy":"post_tag","embeddable":true,"href":"https:\/\/darkamazi.site\/funavuv\/wp\/v2\/tags?post=1027867"}],"curies":[{"name":"wp","href":"https:\/\/api.w.org\/{rel}","templated":true}]}}