{"id":1027928,"date":"2023-12-21T15:01:40","date_gmt":"2023-12-21T12:01:40","guid":{"rendered":"https:\/\/darkamazi.site\/?p=1027928"},"modified":"2023-12-21T15:01:40","modified_gmt":"2023-12-21T12:01:40","slug":"kurt-tiyatro-gurubu-katildiklari-festivalde-kurt-bayragi-altinda-yarismak-istedi","status":"publish","type":"post","link":"https:\/\/darkamazi.site\/archives\/1027928","title":{"rendered":"K\u00fcrt Tiyatro gurubu kat\u0131ld\u0131klar\u0131 festivalde K\u00fcrt bayra\u011f\u0131 alt\u0131nda yar\u0131\u015fmak istedi"},"content":{"rendered":"<p style=\"text-align: justify\">G\u00fcney K\u00fcrdistanl\u0131 tiyatro toplulu\u011fu &#8216;L\u00ear\u00ea&#8217;, Tunus&#8217;un Kaf kentinde 5. Sicaveniria Uluslararas\u0131 Sokak Tiyatrosu Festivali&#8217;ne kat\u0131larak festivalin alt\u0131n \u00f6d\u00fcl\u00fcn\u00fc kazand\u0131.<\/p>\n<p style=\"text-align: justify\">Lere Tiyatro Toplulu\u011fu, \u2018Bilin\u00e7liyim&#8217; \u201cMin \u015eiyarin\u201d adl\u0131 eseri ile kat\u0131ld\u0131\u011f\u0131 yar\u0131\u015fmadan ana \u00f6d\u00fcl olan Alt\u0131n tiyatro \u00f6d\u00fcl\u00fcn\u00fc ald\u0131.<\/p>\n<p style=\"text-align: justify\">Uyu\u015fturucuyla ilgili tiyatro Rizgar Faqe taraf\u0131ndan y\u00f6netiliyor ve sponsorlu\u011funu K\u00fcrdistan B\u00f6lgesel H\u00fck\u00fcmeti K\u00fclt\u00fcr ve Gen\u00e7lik Bakanl\u0131\u011f\u0131 taraf\u0131ndan yap\u0131l\u0131yor.<\/p>\n<p style=\"text-align: justify\">Toplulu\u011fun y\u00f6neticisi \u00a0Rizgar Faqe yapt\u0131\u011f\u0131 a\u00e7\u0131klamada \u00a0yar\u0131\u015fmaya Irakl\u0131 bir grup olarak kat\u0131lmay\u0131 reddettiklerini ve festivale kendilerini K\u00fcrdistan bayra\u011f\u0131yla K\u00fcrdistan B\u00f6lgesi&#8217;nden bir tiyatro grubu olarak kar\u015f\u0131lamaya zorlad\u0131klar\u0131n\u0131 s\u00f6yledi.<\/p>\n<p style=\"text-align: justify\">R\u0131zgar Faqe, Festival haz\u0131rl\u0131k komitesinin ba\u015flang\u0131\u00e7ta K\u00fcrdistan bayra\u011f\u0131n\u0131 di\u011fer \u00fclkelerin bayraklar\u0131n\u0131n yan\u0131na koymay\u0131 reddetti\u011fini, ancak daha sonra \u00a0K\u00fcrdistan H\u00fck\u00fcmetinin \u00c7ok Tarafl\u0131 \u0130\u015fler ve Hukuk \u0130\u015flerinden Sorumlu D\u0131\u015fi\u015fleri Bakan Yard\u0131mc\u0131s\u0131 Omar Barzanji ve Irak&#8217;\u0131n Tunus B\u00fcy\u00fckel\u00e7ili\u011fi arac\u0131l\u0131\u011f\u0131yla bunu komisyona kabul ettirdiklerini de s\u00f6zlerine ekledi.<\/p>\n<p style=\"text-align: justify\">5. Sicaveniria Uluslararas\u0131 Sokak Tiyatrolar\u0131 Festivali, 18 Aral\u0131k 2023&#8217;te Tunus&#8217;un Kaf kentinde ba\u015flad\u0131. \u00d6d\u00fcl t\u00f6reni d\u00fcn gece yap\u0131ld\u0131 ve etkinlikler Per\u015fembe g\u00fcn\u00fc sona erecek.<\/p>\n<p style=\"text-align: justify\">Festivale \u00fclkenin yerli gruplar\u0131n\u0131n yan\u0131 s\u0131ra sekiz Arap ve Avrupa \u00fclkesi daha kat\u0131l\u0131yor.<\/p>\n","protected":false},"excerpt":{"rendered":"<p>G\u00fcney K\u00fcrdistanl\u0131 tiyatro toplulu\u011fu &#8216;L\u00ear\u00ea&#8217;, Tunus&#8217;un Kaf kentinde 5. Sicaveniria Uluslararas\u0131 Sokak Tiyatrosu Festivali&#8217;ne kat\u0131larak festivalin alt\u0131n \u00f6d\u00fcl\u00fcn\u00fc kazand\u0131. Lere Tiyatro Toplulu\u011fu, \u2018Bilin\u00e7liyim&#8217; \u201cMin \u015eiyarin\u201d adl\u0131 eseri ile kat\u0131ld\u0131\u011f\u0131 yar\u0131\u015fmadan ana \u00f6d\u00fcl olan Alt\u0131n tiyatro \u00f6d\u00fcl\u00fcn\u00fc ald\u0131. Uyu\u015fturucuyla ilgili tiyatro Rizgar Faqe taraf\u0131ndan y\u00f6netiliyor ve sponsorlu\u011funu K\u00fcrdistan B\u00f6lgesel H\u00fck\u00fcmeti K\u00fclt\u00fcr ve Gen\u00e7lik Bakanl\u0131\u011f\u0131 taraf\u0131ndan yap\u0131l\u0131yor. [&hellip;]<\/p>\n","protected":false},"author":2,"featured_media":1027929,"comment_status":"closed","ping_status":"closed","sticky":false,"template":"","format":"standard","meta":{"footnotes":""},"categories":[33],"tags":[31],"class_list":["post-1027928","post","type-post","status-publish","format-standard","has-post-thumbnail","hentry","category-sanat","tag-onemli"],"blocksy_meta":[],"seo_head":"<!-- This site is optimized with the Yoast SEO plugin v27.5 - https:\/\/yoast.com\/product\/yoast-seo-wordpress\/ -->\n<title>K\u00fcrt Tiyatro gurubu kat\u0131ld\u0131klar\u0131 festivalde K\u00fcrt bayra\u011f\u0131 alt\u0131nda yar\u0131\u015fmak istedi - Darka Mazi<\/title>\n<meta name=\"robots\" content=\"index, follow, max-snippet:-1, max-image-preview:large, max-video-preview:-1\" \/>\n<link rel=\"canonical\" href=\"https:\/\/darkamazi.site\/archives\/1027928\" \/>\n<meta property=\"og:locale\" content=\"en_US\" \/>\n<meta property=\"og:type\" content=\"article\" \/>\n<meta property=\"og:title\" content=\"K\u00fcrt Tiyatro gurubu kat\u0131ld\u0131klar\u0131 festivalde K\u00fcrt bayra\u011f\u0131 alt\u0131nda yar\u0131\u015fmak istedi - Darka Mazi\" \/>\n<meta property=\"og:description\" content=\"G\u00fcney K\u00fcrdistanl\u0131 tiyatro toplulu\u011fu &#8216;L\u00ear\u00ea&#8217;, Tunus&#8217;un Kaf kentinde 5. Sicaveniria Uluslararas\u0131 Sokak Tiyatrosu Festivali&#8217;ne kat\u0131larak festivalin alt\u0131n \u00f6d\u00fcl\u00fcn\u00fc kazand\u0131. Lere Tiyatro Toplulu\u011fu, \u2018Bilin\u00e7liyim&#8217; \u201cMin \u015eiyarin\u201d adl\u0131 eseri ile kat\u0131ld\u0131\u011f\u0131 yar\u0131\u015fmadan ana \u00f6d\u00fcl olan Alt\u0131n tiyatro \u00f6d\u00fcl\u00fcn\u00fc ald\u0131. Uyu\u015fturucuyla ilgili tiyatro Rizgar Faqe taraf\u0131ndan y\u00f6netiliyor ve sponsorlu\u011funu K\u00fcrdistan B\u00f6lgesel H\u00fck\u00fcmeti K\u00fclt\u00fcr ve Gen\u00e7lik Bakanl\u0131\u011f\u0131 taraf\u0131ndan yap\u0131l\u0131yor. [&hellip;]\" \/>\n<meta property=\"og:url\" content=\"https:\/\/darkamazi.site\/archives\/1027928\" \/>\n<meta property=\"og:site_name\" content=\"Darka Mazi\" \/>\n<meta property=\"article:publisher\" content=\"https:\/\/www.facebook.com\/DarkaMaziturkce\" \/>\n<meta property=\"article:published_time\" content=\"2023-12-21T12:01:40+00:00\" \/>\n<meta property=\"og:image\" content=\"https:\/\/darkamazi.site\/file\/2023\/12\/photo.jpg\" \/>\n\t<meta property=\"og:image:width\" content=\"752\" \/>\n\t<meta property=\"og:image:height\" content=\"472\" \/>\n\t<meta property=\"og:image:type\" content=\"image\/jpeg\" \/>\n<meta name=\"author\" content=\"darka mazi\" \/>\n<meta name=\"twitter:card\" content=\"summary_large_image\" \/>\n<meta name=\"twitter:creator\" content=\"@DarkaMaziTurkce\" \/>\n<meta name=\"twitter:site\" content=\"@DarkaMaziTurkce\" \/>\n<meta name=\"twitter:label1\" content=\"Written by\" \/>\n\t<meta name=\"twitter:data1\" content=\"darka mazi\" \/>\n\t<meta name=\"twitter:label2\" content=\"Est. reading time\" \/>\n\t<meta name=\"twitter:data2\" content=\"1 minute\" \/>\n<script type=\"application\/ld+json\" class=\"seo-schema-graph\">{\"@context\":\"https:\\\/\\\/schema.org\",\"@graph\":[{\"@type\":\"NewsArticle\",\"@id\":\"https:\\\/\\\/darkamazi.site\\\/archives\\\/1027928#article\",\"isPartOf\":{\"@id\":\"https:\\\/\\\/darkamazi.site\\\/archives\\\/1027928\"},\"author\":{\"name\":\"darka mazi\",\"@id\":\"https:\\\/\\\/darkamazi.site\\\/#\\\/schema\\\/person\\\/67986a95ac546c16760365877ef4a9d3\"},\"headline\":\"K\u00fcrt Tiyatro gurubu kat\u0131ld\u0131klar\u0131 festivalde K\u00fcrt bayra\u011f\u0131 alt\u0131nda yar\u0131\u015fmak istedi\",\"datePublished\":\"2023-12-21T12:01:40+00:00\",\"mainEntityOfPage\":{\"@id\":\"https:\\\/\\\/darkamazi.site\\\/archives\\\/1027928\"},\"wordCount\":262,\"publisher\":{\"@id\":\"https:\\\/\\\/darkamazi.site\\\/#organization\"},\"image\":{\"@id\":\"https:\\\/\\\/darkamazi.site\\\/archives\\\/1027928#primaryimage\"},\"thumbnailUrl\":\"https:\\\/\\\/darkamazi.site\\\/darka-content\\\/uploads\\\/2023\\\/12\\\/photo.jpg\",\"keywords\":[\"\u00f6nemli\"],\"articleSection\":[\"Sanat\"],\"inLanguage\":\"en-US\"},{\"@type\":\"WebPage\",\"@id\":\"https:\\\/\\\/darkamazi.site\\\/archives\\\/1027928\",\"url\":\"https:\\\/\\\/darkamazi.site\\\/archives\\\/1027928\",\"name\":\"K\u00fcrt Tiyatro gurubu kat\u0131ld\u0131klar\u0131 festivalde K\u00fcrt bayra\u011f\u0131 alt\u0131nda yar\u0131\u015fmak istedi - Darka Mazi\",\"isPartOf\":{\"@id\":\"https:\\\/\\\/darkamazi.site\\\/#website\"},\"primaryImageOfPage\":{\"@id\":\"https:\\\/\\\/darkamazi.site\\\/archives\\\/1027928#primaryimage\"},\"image\":{\"@id\":\"https:\\\/\\\/darkamazi.site\\\/archives\\\/1027928#primaryimage\"},\"thumbnailUrl\":\"https:\\\/\\\/darkamazi.site\\\/darka-content\\\/uploads\\\/2023\\\/12\\\/photo.jpg\",\"datePublished\":\"2023-12-21T12:01:40+00:00\",\"breadcrumb\":{\"@id\":\"https:\\\/\\\/darkamazi.site\\\/archives\\\/1027928#breadcrumb\"},\"inLanguage\":\"en-US\",\"potentialAction\":[{\"@type\":\"ReadAction\",\"target\":[\"https:\\\/\\\/darkamazi.site\\\/archives\\\/1027928\"]}]},{\"@type\":\"ImageObject\",\"inLanguage\":\"en-US\",\"@id\":\"https:\\\/\\\/darkamazi.site\\\/archives\\\/1027928#primaryimage\",\"url\":\"https:\\\/\\\/darkamazi.site\\\/darka-content\\\/uploads\\\/2023\\\/12\\\/photo.jpg\",\"contentUrl\":\"https:\\\/\\\/darkamazi.site\\\/darka-content\\\/uploads\\\/2023\\\/12\\\/photo.jpg\",\"width\":752,\"height\":472,\"caption\":\"K\u00fcrt Tiyatro gurubu kat\u0131ld\u0131klar\u0131 festivalde K\u00fcrt bayra\u011f\u0131 alt\u0131nda yar\u0131\u015fmak istedi\"},{\"@type\":\"BreadcrumbList\",\"@id\":\"https:\\\/\\\/darkamazi.site\\\/archives\\\/1027928#breadcrumb\",\"itemListElement\":[{\"@type\":\"ListItem\",\"position\":1,\"name\":\"Home\",\"item\":\"https:\\\/\\\/darkamazi.site\\\/\"},{\"@type\":\"ListItem\",\"position\":2,\"name\":\"K\u00fcrt Tiyatro gurubu kat\u0131ld\u0131klar\u0131 festivalde K\u00fcrt bayra\u011f\u0131 alt\u0131nda yar\u0131\u015fmak istedi\"}]},{\"@type\":\"WebSite\",\"@id\":\"https:\\\/\\\/darkamazi.site\\\/#website\",\"url\":\"https:\\\/\\\/darkamazi.site\\\/\",\"name\":\"Darka Mazi\",\"description\":\"Ana Sayfa\",\"publisher\":{\"@id\":\"https:\\\/\\\/darkamazi.site\\\/#organization\"},\"potentialAction\":[{\"@type\":\"SearchAction\",\"target\":{\"@type\":\"EntryPoint\",\"urlTemplate\":\"https:\\\/\\\/darkamazi.site\\\/?s={search_term_string}\"},\"query-input\":{\"@type\":\"PropertyValueSpecification\",\"valueRequired\":true,\"valueName\":\"search_term_string\"}}],\"inLanguage\":\"en-US\"},{\"@type\":\"Organization\",\"@id\":\"https:\\\/\\\/darkamazi.site\\\/#organization\",\"name\":\"Darka Mazi T\u00fcrk\u00e7e\",\"alternateName\":\"Darka Mazi\",\"url\":\"https:\\\/\\\/darkamazi.site\\\/\",\"logo\":{\"@type\":\"ImageObject\",\"inLanguage\":\"en-US\",\"@id\":\"https:\\\/\\\/darkamazi.site\\\/#\\\/schema\\\/logo\\\/image\\\/\",\"url\":\"https:\\\/\\\/darkamazi.site\\\/darka-content\\\/uploads\\\/2017\\\/12\\\/darka-mazi-logo.png\",\"contentUrl\":\"https:\\\/\\\/darkamazi.site\\\/darka-content\\\/uploads\\\/2017\\\/12\\\/darka-mazi-logo.png\",\"width\":151,\"height\":75,\"caption\":\"Darka Mazi T\u00fcrk\u00e7e\"},\"image\":{\"@id\":\"https:\\\/\\\/darkamazi.site\\\/#\\\/schema\\\/logo\\\/image\\\/\"},\"sameAs\":[\"https:\\\/\\\/www.facebook.com\\\/DarkaMaziturkce\",\"https:\\\/\\\/x.com\\\/DarkaMaziTurkce\"]},{\"@type\":\"Person\",\"@id\":\"https:\\\/\\\/darkamazi.site\\\/#\\\/schema\\\/person\\\/67986a95ac546c16760365877ef4a9d3\",\"name\":\"darka mazi\",\"sameAs\":[\"https:\\\/\\\/darkamazi.site\"],\"url\":\"https:\\\/\\\/darkamazi.site\\\/archives\\\/author\\\/turkish\"}]}<\/script>\n<!-- \/ Yoast SEO plugin. -->","seo_head_json":{"title":"K\u00fcrt Tiyatro gurubu kat\u0131ld\u0131klar\u0131 festivalde K\u00fcrt bayra\u011f\u0131 alt\u0131nda yar\u0131\u015fmak istedi - Darka Mazi","robots":{"index":"index","follow":"follow","max-snippet":"max-snippet:-1","max-image-preview":"max-image-preview:large","max-video-preview":"max-video-preview:-1"},"canonical":"https:\/\/darkamazi.site\/archives\/1027928","og_locale":"en_US","og_type":"article","og_title":"K\u00fcrt Tiyatro gurubu kat\u0131ld\u0131klar\u0131 festivalde K\u00fcrt bayra\u011f\u0131 alt\u0131nda yar\u0131\u015fmak istedi - Darka Mazi","og_description":"G\u00fcney K\u00fcrdistanl\u0131 tiyatro toplulu\u011fu &#8216;L\u00ear\u00ea&#8217;, Tunus&#8217;un Kaf kentinde 5. Sicaveniria Uluslararas\u0131 Sokak Tiyatrosu Festivali&#8217;ne kat\u0131larak festivalin alt\u0131n \u00f6d\u00fcl\u00fcn\u00fc kazand\u0131. Lere Tiyatro Toplulu\u011fu, \u2018Bilin\u00e7liyim&#8217; \u201cMin \u015eiyarin\u201d adl\u0131 eseri ile kat\u0131ld\u0131\u011f\u0131 yar\u0131\u015fmadan ana \u00f6d\u00fcl olan Alt\u0131n tiyatro \u00f6d\u00fcl\u00fcn\u00fc ald\u0131. Uyu\u015fturucuyla ilgili tiyatro Rizgar Faqe taraf\u0131ndan y\u00f6netiliyor ve sponsorlu\u011funu K\u00fcrdistan B\u00f6lgesel H\u00fck\u00fcmeti K\u00fclt\u00fcr ve Gen\u00e7lik Bakanl\u0131\u011f\u0131 taraf\u0131ndan yap\u0131l\u0131yor. [&hellip;]","og_url":"https:\/\/darkamazi.site\/archives\/1027928","og_site_name":"Darka Mazi","article_publisher":"https:\/\/www.facebook.com\/DarkaMaziturkce","article_published_time":"2023-12-21T12:01:40+00:00","og_image":[{"width":752,"height":472,"url":"https:\/\/darkamazi.site\/file\/2023\/12\/photo.jpg","type":"image\/jpeg"}],"author":"darka mazi","twitter_card":"summary_large_image","twitter_creator":"@DarkaMaziTurkce","twitter_site":"@DarkaMaziTurkce","twitter_misc":{"Written by":"darka mazi","Est. reading time":"1 minute"},"schema":{"@context":"https:\/\/schema.org","@graph":[{"@type":"NewsArticle","@id":"https:\/\/darkamazi.site\/archives\/1027928#article","isPartOf":{"@id":"https:\/\/darkamazi.site\/archives\/1027928"},"author":{"name":"darka mazi","@id":"https:\/\/darkamazi.site\/#\/schema\/person\/67986a95ac546c16760365877ef4a9d3"},"headline":"K\u00fcrt Tiyatro gurubu kat\u0131ld\u0131klar\u0131 festivalde K\u00fcrt bayra\u011f\u0131 alt\u0131nda yar\u0131\u015fmak istedi","datePublished":"2023-12-21T12:01:40+00:00","mainEntityOfPage":{"@id":"https:\/\/darkamazi.site\/archives\/1027928"},"wordCount":262,"publisher":{"@id":"https:\/\/darkamazi.site\/#organization"},"image":{"@id":"https:\/\/darkamazi.site\/archives\/1027928#primaryimage"},"thumbnailUrl":"https:\/\/darkamazi.site\/file\/2023\/12\/photo.jpg","keywords":["\u00f6nemli"],"articleSection":["Sanat"],"inLanguage":"en-US"},{"@type":"WebPage","@id":"https:\/\/darkamazi.site\/archives\/1027928","url":"https:\/\/darkamazi.site\/archives\/1027928","name":"K\u00fcrt Tiyatro gurubu kat\u0131ld\u0131klar\u0131 festivalde K\u00fcrt bayra\u011f\u0131 alt\u0131nda yar\u0131\u015fmak istedi - Darka Mazi","isPartOf":{"@id":"https:\/\/darkamazi.site\/#website"},"primaryImageOfPage":{"@id":"https:\/\/darkamazi.site\/archives\/1027928#primaryimage"},"image":{"@id":"https:\/\/darkamazi.site\/archives\/1027928#primaryimage"},"thumbnailUrl":"https:\/\/darkamazi.site\/file\/2023\/12\/photo.jpg","datePublished":"2023-12-21T12:01:40+00:00","breadcrumb":{"@id":"https:\/\/darkamazi.site\/archives\/1027928#breadcrumb"},"inLanguage":"en-US","potentialAction":[{"@type":"ReadAction","target":["https:\/\/darkamazi.site\/archives\/1027928"]}]},{"@type":"ImageObject","inLanguage":"en-US","@id":"https:\/\/darkamazi.site\/archives\/1027928#primaryimage","url":"https:\/\/darkamazi.site\/file\/2023\/12\/photo.jpg","contentUrl":"https:\/\/darkamazi.site\/file\/2023\/12\/photo.jpg","width":752,"height":472,"caption":"K\u00fcrt Tiyatro gurubu kat\u0131ld\u0131klar\u0131 festivalde K\u00fcrt bayra\u011f\u0131 alt\u0131nda yar\u0131\u015fmak istedi"},{"@type":"BreadcrumbList","@id":"https:\/\/darkamazi.site\/archives\/1027928#breadcrumb","itemListElement":[{"@type":"ListItem","position":1,"name":"Home","item":"https:\/\/darkamazi.site\/"},{"@type":"ListItem","position":2,"name":"K\u00fcrt Tiyatro gurubu kat\u0131ld\u0131klar\u0131 festivalde K\u00fcrt bayra\u011f\u0131 alt\u0131nda yar\u0131\u015fmak istedi"}]},{"@type":"WebSite","@id":"https:\/\/darkamazi.site\/#website","url":"https:\/\/darkamazi.site\/","name":"Darka Mazi","description":"Ana Sayfa","publisher":{"@id":"https:\/\/darkamazi.site\/#organization"},"potentialAction":[{"@type":"SearchAction","target":{"@type":"EntryPoint","urlTemplate":"https:\/\/darkamazi.site\/?s={search_term_string}"},"query-input":{"@type":"PropertyValueSpecification","valueRequired":true,"valueName":"search_term_string"}}],"inLanguage":"en-US"},{"@type":"Organization","@id":"https:\/\/darkamazi.site\/#organization","name":"Darka Mazi T\u00fcrk\u00e7e","alternateName":"Darka Mazi","url":"https:\/\/darkamazi.site\/","logo":{"@type":"ImageObject","inLanguage":"en-US","@id":"https:\/\/darkamazi.site\/#\/schema\/logo\/image\/","url":"https:\/\/darkamazi.site\/file\/2017\/12\/darka-mazi-logo.png","contentUrl":"https:\/\/darkamazi.site\/file\/2017\/12\/darka-mazi-logo.png","width":151,"height":75,"caption":"Darka Mazi T\u00fcrk\u00e7e"},"image":{"@id":"https:\/\/darkamazi.site\/#\/schema\/logo\/image\/"},"sameAs":["https:\/\/www.facebook.com\/DarkaMaziturkce","https:\/\/x.com\/DarkaMaziTurkce"]},{"@type":"Person","@id":"https:\/\/darkamazi.site\/#\/schema\/person\/67986a95ac546c16760365877ef4a9d3","name":"darka mazi","sameAs":["https:\/\/darkamazi.site"],"url":"https:\/\/darkamazi.site\/archives\/author\/turkish"}]}},"_links":{"self":[{"href":"https:\/\/darkamazi.site\/funavuv\/wp\/v2\/posts\/1027928","targetHints":{"allow":["GET"]}}],"collection":[{"href":"https:\/\/darkamazi.site\/funavuv\/wp\/v2\/posts"}],"about":[{"href":"https:\/\/darkamazi.site\/funavuv\/wp\/v2\/types\/post"}],"author":[{"embeddable":true,"href":"https:\/\/darkamazi.site\/funavuv\/wp\/v2\/users\/2"}],"replies":[{"embeddable":true,"href":"https:\/\/darkamazi.site\/funavuv\/wp\/v2\/comments?post=1027928"}],"version-history":[{"count":0,"href":"https:\/\/darkamazi.site\/funavuv\/wp\/v2\/posts\/1027928\/revisions"}],"wp:featuredmedia":[{"embeddable":true,"href":"https:\/\/darkamazi.site\/funavuv\/wp\/v2\/media\/1027929"}],"wp:attachment":[{"href":"https:\/\/darkamazi.site\/funavuv\/wp\/v2\/media?parent=1027928"}],"wp:term":[{"taxonomy":"category","embeddable":true,"href":"https:\/\/darkamazi.site\/funavuv\/wp\/v2\/categories?post=1027928"},{"taxonomy":"post_tag","embeddable":true,"href":"https:\/\/darkamazi.site\/funavuv\/wp\/v2\/tags?post=1027928"}],"curies":[{"name":"wp","href":"https:\/\/api.w.org\/{rel}","templated":true}]}}