{"id":1028108,"date":"2024-01-08T13:17:58","date_gmt":"2024-01-08T10:17:58","guid":{"rendered":"https:\/\/darkamazi.site\/?p=1028108"},"modified":"2024-01-08T13:17:58","modified_gmt":"2024-01-08T10:17:58","slug":"efrin-silahli-ceteler-bir-eve-baskin-yapti-uc-kisiye-iskence-etti","status":"publish","type":"post","link":"https:\/\/darkamazi.site\/archives\/1028108","title":{"rendered":"Efrin: Silahl\u0131 \u00e7eteler bir eve bask\u0131n yapt\u0131, \u00fc\u00e7 ki\u015fiye i\u015fkence etti"},"content":{"rendered":"<p style=\"text-align: justify\">Efr\u00een&#8217;in Raco il\u00e7esine ba\u011fl\u0131 Memalay k\u00f6y\u00fcnde T\u00fcrkiye\u2019ye ba\u011fl\u0131 silahl\u0131 grup \u00fcyeleri bir eve sald\u0131rarak 3 vatanda\u015fa a\u011f\u0131r i\u015fkence yapt\u0131 ve evin e\u015fyalar\u0131n\u0131 \u00e7ald\u0131.<\/p>\n<p style=\"text-align: justify\">Efrinli aktivist Mustafa \u015eeyxo\u2019nun bildirdi\u011fine g\u00f6re Cuma gecesi silahl\u0131 ki\u015filerin Memalay k\u00f6y\u00fcndeki K\u00fcrt vatanda\u015f\u0131 Hamid Yusif&#8217;in evine sald\u0131rd\u0131.<\/p>\n<p style=\"text-align: justify\">Silahl\u0131 ki\u015filer, 75 ya\u015f\u0131ndaki Hamid Yusif&#8217;i, 65 ya\u015f\u0131ndaki e\u015fini ve 35 ya\u015f\u0131ndaki k\u0131z\u0131n\u0131 ba\u011flayarak a\u011f\u0131r i\u015fkenceler yapt\u0131.<\/p>\n<p style=\"text-align: justify\">Silahl\u0131 ki\u015filer ayr\u0131ca 900 dolar, bir alt\u0131n bilezik ve bir telefonu alarak ka\u00e7t\u0131.<\/p>\n<p style=\"text-align: justify\">Hamid Yusif, Raco karakoluna \u015fik\u00e2yette bulunmas\u0131na ra\u011fmen \u015fu ana kadar kimse tutuklanmad\u0131.<\/p>\n<p style=\"text-align: justify\">\u015eeyh, silahl\u0131 grubun yapt\u0131\u011f\u0131 h\u0131rs\u0131zl\u0131k ve zul\u00fcmden birka\u00e7 saaat \u00a0sonra Memalay k\u00f6y\u00fcne tekrar geldi, buna ra\u011fmen her herhangi bir engelle kar\u015f\u0131la\u015fmad\u0131lar.<br \/>\nEfrin\u2019in T\u00fcrk ordusu ve \u00e7eteler taraf\u0131ndan i\u015fgal edilmesinden sonra Efrin\u2019da halk b\u00fcy\u00fck bir zulme maruz kald\u0131.<\/p>\n","protected":false},"excerpt":{"rendered":"<p>Efr\u00een&#8217;in Raco il\u00e7esine ba\u011fl\u0131 Memalay k\u00f6y\u00fcnde T\u00fcrkiye\u2019ye ba\u011fl\u0131 silahl\u0131 grup \u00fcyeleri bir eve sald\u0131rarak 3 vatanda\u015fa a\u011f\u0131r i\u015fkence yapt\u0131 ve evin e\u015fyalar\u0131n\u0131 \u00e7ald\u0131. Efrinli aktivist Mustafa \u015eeyxo\u2019nun bildirdi\u011fine g\u00f6re Cuma gecesi silahl\u0131 ki\u015filerin Memalay k\u00f6y\u00fcndeki K\u00fcrt vatanda\u015f\u0131 Hamid Yusif&#8217;in evine sald\u0131rd\u0131. Silahl\u0131 ki\u015filer, 75 ya\u015f\u0131ndaki Hamid Yusif&#8217;i, 65 ya\u015f\u0131ndaki e\u015fini ve 35 ya\u015f\u0131ndaki k\u0131z\u0131n\u0131 ba\u011flayarak [&hellip;]<\/p>\n","protected":false},"author":2,"featured_media":1028109,"comment_status":"closed","ping_status":"closed","sticky":false,"template":"","format":"standard","meta":{"footnotes":""},"categories":[3],"tags":[31],"class_list":["post-1028108","post","type-post","status-publish","format-standard","has-post-thumbnail","hentry","category-kurdistan","tag-onemli"],"blocksy_meta":[],"seo_head":"<!-- This site is optimized with the Yoast SEO plugin v27.5 - https:\/\/yoast.com\/product\/yoast-seo-wordpress\/ -->\n<title>Efrin: Silahl\u0131 \u00e7eteler bir eve bask\u0131n yapt\u0131, \u00fc\u00e7 ki\u015fiye i\u015fkence etti - Darka Mazi<\/title>\n<meta name=\"robots\" content=\"index, follow, max-snippet:-1, max-image-preview:large, max-video-preview:-1\" \/>\n<link rel=\"canonical\" href=\"https:\/\/darkamazi.site\/archives\/1028108\" \/>\n<meta property=\"og:locale\" content=\"en_US\" \/>\n<meta property=\"og:type\" content=\"article\" \/>\n<meta property=\"og:title\" content=\"Efrin: Silahl\u0131 \u00e7eteler bir eve bask\u0131n yapt\u0131, \u00fc\u00e7 ki\u015fiye i\u015fkence etti - Darka Mazi\" \/>\n<meta property=\"og:description\" content=\"Efr\u00een&#8217;in Raco il\u00e7esine ba\u011fl\u0131 Memalay k\u00f6y\u00fcnde T\u00fcrkiye\u2019ye ba\u011fl\u0131 silahl\u0131 grup \u00fcyeleri bir eve sald\u0131rarak 3 vatanda\u015fa a\u011f\u0131r i\u015fkence yapt\u0131 ve evin e\u015fyalar\u0131n\u0131 \u00e7ald\u0131. Efrinli aktivist Mustafa \u015eeyxo\u2019nun bildirdi\u011fine g\u00f6re Cuma gecesi silahl\u0131 ki\u015filerin Memalay k\u00f6y\u00fcndeki K\u00fcrt vatanda\u015f\u0131 Hamid Yusif&#8217;in evine sald\u0131rd\u0131. Silahl\u0131 ki\u015filer, 75 ya\u015f\u0131ndaki Hamid Yusif&#8217;i, 65 ya\u015f\u0131ndaki e\u015fini ve 35 ya\u015f\u0131ndaki k\u0131z\u0131n\u0131 ba\u011flayarak [&hellip;]\" \/>\n<meta property=\"og:url\" content=\"https:\/\/darkamazi.site\/archives\/1028108\" \/>\n<meta property=\"og:site_name\" content=\"Darka Mazi\" \/>\n<meta property=\"article:publisher\" content=\"https:\/\/www.facebook.com\/DarkaMaziturkce\" \/>\n<meta property=\"article:published_time\" content=\"2024-01-08T10:17:58+00:00\" \/>\n<meta property=\"og:image\" content=\"https:\/\/darkamazi.site\/file\/2024\/01\/foto-efrin.jpg\" \/>\n\t<meta property=\"og:image:width\" content=\"900\" \/>\n\t<meta property=\"og:image:height\" content=\"497\" \/>\n\t<meta property=\"og:image:type\" content=\"image\/jpeg\" \/>\n<meta name=\"author\" content=\"darka mazi\" \/>\n<meta name=\"twitter:card\" content=\"summary_large_image\" \/>\n<meta name=\"twitter:creator\" content=\"@DarkaMaziTurkce\" \/>\n<meta name=\"twitter:site\" content=\"@DarkaMaziTurkce\" \/>\n<meta name=\"twitter:label1\" content=\"Written by\" \/>\n\t<meta name=\"twitter:data1\" content=\"darka mazi\" \/>\n\t<meta name=\"twitter:label2\" content=\"Est. reading time\" \/>\n\t<meta name=\"twitter:data2\" content=\"1 minute\" \/>\n<script type=\"application\/ld+json\" class=\"seo-schema-graph\">{\"@context\":\"https:\\\/\\\/schema.org\",\"@graph\":[{\"@type\":\"NewsArticle\",\"@id\":\"https:\\\/\\\/darkamazi.site\\\/archives\\\/1028108#article\",\"isPartOf\":{\"@id\":\"https:\\\/\\\/darkamazi.site\\\/archives\\\/1028108\"},\"author\":{\"name\":\"darka mazi\",\"@id\":\"https:\\\/\\\/darkamazi.site\\\/#\\\/schema\\\/person\\\/67986a95ac546c16760365877ef4a9d3\"},\"headline\":\"Efrin: Silahl\u0131 \u00e7eteler bir eve bask\u0131n yapt\u0131, \u00fc\u00e7 ki\u015fiye i\u015fkence etti\",\"datePublished\":\"2024-01-08T10:17:58+00:00\",\"mainEntityOfPage\":{\"@id\":\"https:\\\/\\\/darkamazi.site\\\/archives\\\/1028108\"},\"wordCount\":187,\"publisher\":{\"@id\":\"https:\\\/\\\/darkamazi.site\\\/#organization\"},\"image\":{\"@id\":\"https:\\\/\\\/darkamazi.site\\\/archives\\\/1028108#primaryimage\"},\"thumbnailUrl\":\"https:\\\/\\\/darkamazi.site\\\/darka-content\\\/uploads\\\/2024\\\/01\\\/foto-efrin.jpg\",\"keywords\":[\"\u00f6nemli\"],\"articleSection\":[\"Kurdistan\"],\"inLanguage\":\"en-US\"},{\"@type\":\"WebPage\",\"@id\":\"https:\\\/\\\/darkamazi.site\\\/archives\\\/1028108\",\"url\":\"https:\\\/\\\/darkamazi.site\\\/archives\\\/1028108\",\"name\":\"Efrin: Silahl\u0131 \u00e7eteler bir eve bask\u0131n yapt\u0131, \u00fc\u00e7 ki\u015fiye i\u015fkence etti - Darka Mazi\",\"isPartOf\":{\"@id\":\"https:\\\/\\\/darkamazi.site\\\/#website\"},\"primaryImageOfPage\":{\"@id\":\"https:\\\/\\\/darkamazi.site\\\/archives\\\/1028108#primaryimage\"},\"image\":{\"@id\":\"https:\\\/\\\/darkamazi.site\\\/archives\\\/1028108#primaryimage\"},\"thumbnailUrl\":\"https:\\\/\\\/darkamazi.site\\\/darka-content\\\/uploads\\\/2024\\\/01\\\/foto-efrin.jpg\",\"datePublished\":\"2024-01-08T10:17:58+00:00\",\"breadcrumb\":{\"@id\":\"https:\\\/\\\/darkamazi.site\\\/archives\\\/1028108#breadcrumb\"},\"inLanguage\":\"en-US\",\"potentialAction\":[{\"@type\":\"ReadAction\",\"target\":[\"https:\\\/\\\/darkamazi.site\\\/archives\\\/1028108\"]}]},{\"@type\":\"ImageObject\",\"inLanguage\":\"en-US\",\"@id\":\"https:\\\/\\\/darkamazi.site\\\/archives\\\/1028108#primaryimage\",\"url\":\"https:\\\/\\\/darkamazi.site\\\/darka-content\\\/uploads\\\/2024\\\/01\\\/foto-efrin.jpg\",\"contentUrl\":\"https:\\\/\\\/darkamazi.site\\\/darka-content\\\/uploads\\\/2024\\\/01\\\/foto-efrin.jpg\",\"width\":900,\"height\":497,\"caption\":\"Efrin: Silahl\u0131 \u00e7eteler bir eve bask\u0131n yapt\u0131, \u00fc\u00e7 ki\u015fiye i\u015fkence etti\"},{\"@type\":\"BreadcrumbList\",\"@id\":\"https:\\\/\\\/darkamazi.site\\\/archives\\\/1028108#breadcrumb\",\"itemListElement\":[{\"@type\":\"ListItem\",\"position\":1,\"name\":\"Home\",\"item\":\"https:\\\/\\\/darkamazi.site\\\/\"},{\"@type\":\"ListItem\",\"position\":2,\"name\":\"Efrin: Silahl\u0131 \u00e7eteler bir eve bask\u0131n yapt\u0131, \u00fc\u00e7 ki\u015fiye i\u015fkence etti\"}]},{\"@type\":\"WebSite\",\"@id\":\"https:\\\/\\\/darkamazi.site\\\/#website\",\"url\":\"https:\\\/\\\/darkamazi.site\\\/\",\"name\":\"Darka Mazi\",\"description\":\"Ana Sayfa\",\"publisher\":{\"@id\":\"https:\\\/\\\/darkamazi.site\\\/#organization\"},\"potentialAction\":[{\"@type\":\"SearchAction\",\"target\":{\"@type\":\"EntryPoint\",\"urlTemplate\":\"https:\\\/\\\/darkamazi.site\\\/?s={search_term_string}\"},\"query-input\":{\"@type\":\"PropertyValueSpecification\",\"valueRequired\":true,\"valueName\":\"search_term_string\"}}],\"inLanguage\":\"en-US\"},{\"@type\":\"Organization\",\"@id\":\"https:\\\/\\\/darkamazi.site\\\/#organization\",\"name\":\"Darka Mazi T\u00fcrk\u00e7e\",\"alternateName\":\"Darka Mazi\",\"url\":\"https:\\\/\\\/darkamazi.site\\\/\",\"logo\":{\"@type\":\"ImageObject\",\"inLanguage\":\"en-US\",\"@id\":\"https:\\\/\\\/darkamazi.site\\\/#\\\/schema\\\/logo\\\/image\\\/\",\"url\":\"https:\\\/\\\/darkamazi.site\\\/darka-content\\\/uploads\\\/2017\\\/12\\\/darka-mazi-logo.png\",\"contentUrl\":\"https:\\\/\\\/darkamazi.site\\\/darka-content\\\/uploads\\\/2017\\\/12\\\/darka-mazi-logo.png\",\"width\":151,\"height\":75,\"caption\":\"Darka Mazi T\u00fcrk\u00e7e\"},\"image\":{\"@id\":\"https:\\\/\\\/darkamazi.site\\\/#\\\/schema\\\/logo\\\/image\\\/\"},\"sameAs\":[\"https:\\\/\\\/www.facebook.com\\\/DarkaMaziturkce\",\"https:\\\/\\\/x.com\\\/DarkaMaziTurkce\"]},{\"@type\":\"Person\",\"@id\":\"https:\\\/\\\/darkamazi.site\\\/#\\\/schema\\\/person\\\/67986a95ac546c16760365877ef4a9d3\",\"name\":\"darka mazi\",\"sameAs\":[\"https:\\\/\\\/darkamazi.site\"],\"url\":\"https:\\\/\\\/darkamazi.site\\\/archives\\\/author\\\/turkish\"}]}<\/script>\n<!-- \/ Yoast SEO plugin. -->","seo_head_json":{"title":"Efrin: Silahl\u0131 \u00e7eteler bir eve bask\u0131n yapt\u0131, \u00fc\u00e7 ki\u015fiye i\u015fkence etti - Darka Mazi","robots":{"index":"index","follow":"follow","max-snippet":"max-snippet:-1","max-image-preview":"max-image-preview:large","max-video-preview":"max-video-preview:-1"},"canonical":"https:\/\/darkamazi.site\/archives\/1028108","og_locale":"en_US","og_type":"article","og_title":"Efrin: Silahl\u0131 \u00e7eteler bir eve bask\u0131n yapt\u0131, \u00fc\u00e7 ki\u015fiye i\u015fkence etti - Darka Mazi","og_description":"Efr\u00een&#8217;in Raco il\u00e7esine ba\u011fl\u0131 Memalay k\u00f6y\u00fcnde T\u00fcrkiye\u2019ye ba\u011fl\u0131 silahl\u0131 grup \u00fcyeleri bir eve sald\u0131rarak 3 vatanda\u015fa a\u011f\u0131r i\u015fkence yapt\u0131 ve evin e\u015fyalar\u0131n\u0131 \u00e7ald\u0131. Efrinli aktivist Mustafa \u015eeyxo\u2019nun bildirdi\u011fine g\u00f6re Cuma gecesi silahl\u0131 ki\u015filerin Memalay k\u00f6y\u00fcndeki K\u00fcrt vatanda\u015f\u0131 Hamid Yusif&#8217;in evine sald\u0131rd\u0131. Silahl\u0131 ki\u015filer, 75 ya\u015f\u0131ndaki Hamid Yusif&#8217;i, 65 ya\u015f\u0131ndaki e\u015fini ve 35 ya\u015f\u0131ndaki k\u0131z\u0131n\u0131 ba\u011flayarak [&hellip;]","og_url":"https:\/\/darkamazi.site\/archives\/1028108","og_site_name":"Darka Mazi","article_publisher":"https:\/\/www.facebook.com\/DarkaMaziturkce","article_published_time":"2024-01-08T10:17:58+00:00","og_image":[{"width":900,"height":497,"url":"https:\/\/darkamazi.site\/file\/2024\/01\/foto-efrin.jpg","type":"image\/jpeg"}],"author":"darka mazi","twitter_card":"summary_large_image","twitter_creator":"@DarkaMaziTurkce","twitter_site":"@DarkaMaziTurkce","twitter_misc":{"Written by":"darka mazi","Est. reading time":"1 minute"},"schema":{"@context":"https:\/\/schema.org","@graph":[{"@type":"NewsArticle","@id":"https:\/\/darkamazi.site\/archives\/1028108#article","isPartOf":{"@id":"https:\/\/darkamazi.site\/archives\/1028108"},"author":{"name":"darka mazi","@id":"https:\/\/darkamazi.site\/#\/schema\/person\/67986a95ac546c16760365877ef4a9d3"},"headline":"Efrin: Silahl\u0131 \u00e7eteler bir eve bask\u0131n yapt\u0131, \u00fc\u00e7 ki\u015fiye i\u015fkence etti","datePublished":"2024-01-08T10:17:58+00:00","mainEntityOfPage":{"@id":"https:\/\/darkamazi.site\/archives\/1028108"},"wordCount":187,"publisher":{"@id":"https:\/\/darkamazi.site\/#organization"},"image":{"@id":"https:\/\/darkamazi.site\/archives\/1028108#primaryimage"},"thumbnailUrl":"https:\/\/darkamazi.site\/file\/2024\/01\/foto-efrin.jpg","keywords":["\u00f6nemli"],"articleSection":["Kurdistan"],"inLanguage":"en-US"},{"@type":"WebPage","@id":"https:\/\/darkamazi.site\/archives\/1028108","url":"https:\/\/darkamazi.site\/archives\/1028108","name":"Efrin: Silahl\u0131 \u00e7eteler bir eve bask\u0131n yapt\u0131, \u00fc\u00e7 ki\u015fiye i\u015fkence etti - Darka Mazi","isPartOf":{"@id":"https:\/\/darkamazi.site\/#website"},"primaryImageOfPage":{"@id":"https:\/\/darkamazi.site\/archives\/1028108#primaryimage"},"image":{"@id":"https:\/\/darkamazi.site\/archives\/1028108#primaryimage"},"thumbnailUrl":"https:\/\/darkamazi.site\/file\/2024\/01\/foto-efrin.jpg","datePublished":"2024-01-08T10:17:58+00:00","breadcrumb":{"@id":"https:\/\/darkamazi.site\/archives\/1028108#breadcrumb"},"inLanguage":"en-US","potentialAction":[{"@type":"ReadAction","target":["https:\/\/darkamazi.site\/archives\/1028108"]}]},{"@type":"ImageObject","inLanguage":"en-US","@id":"https:\/\/darkamazi.site\/archives\/1028108#primaryimage","url":"https:\/\/darkamazi.site\/file\/2024\/01\/foto-efrin.jpg","contentUrl":"https:\/\/darkamazi.site\/file\/2024\/01\/foto-efrin.jpg","width":900,"height":497,"caption":"Efrin: Silahl\u0131 \u00e7eteler bir eve bask\u0131n yapt\u0131, \u00fc\u00e7 ki\u015fiye i\u015fkence etti"},{"@type":"BreadcrumbList","@id":"https:\/\/darkamazi.site\/archives\/1028108#breadcrumb","itemListElement":[{"@type":"ListItem","position":1,"name":"Home","item":"https:\/\/darkamazi.site\/"},{"@type":"ListItem","position":2,"name":"Efrin: Silahl\u0131 \u00e7eteler bir eve bask\u0131n yapt\u0131, \u00fc\u00e7 ki\u015fiye i\u015fkence etti"}]},{"@type":"WebSite","@id":"https:\/\/darkamazi.site\/#website","url":"https:\/\/darkamazi.site\/","name":"Darka Mazi","description":"Ana Sayfa","publisher":{"@id":"https:\/\/darkamazi.site\/#organization"},"potentialAction":[{"@type":"SearchAction","target":{"@type":"EntryPoint","urlTemplate":"https:\/\/darkamazi.site\/?s={search_term_string}"},"query-input":{"@type":"PropertyValueSpecification","valueRequired":true,"valueName":"search_term_string"}}],"inLanguage":"en-US"},{"@type":"Organization","@id":"https:\/\/darkamazi.site\/#organization","name":"Darka Mazi T\u00fcrk\u00e7e","alternateName":"Darka Mazi","url":"https:\/\/darkamazi.site\/","logo":{"@type":"ImageObject","inLanguage":"en-US","@id":"https:\/\/darkamazi.site\/#\/schema\/logo\/image\/","url":"https:\/\/darkamazi.site\/file\/2017\/12\/darka-mazi-logo.png","contentUrl":"https:\/\/darkamazi.site\/file\/2017\/12\/darka-mazi-logo.png","width":151,"height":75,"caption":"Darka Mazi T\u00fcrk\u00e7e"},"image":{"@id":"https:\/\/darkamazi.site\/#\/schema\/logo\/image\/"},"sameAs":["https:\/\/www.facebook.com\/DarkaMaziturkce","https:\/\/x.com\/DarkaMaziTurkce"]},{"@type":"Person","@id":"https:\/\/darkamazi.site\/#\/schema\/person\/67986a95ac546c16760365877ef4a9d3","name":"darka mazi","sameAs":["https:\/\/darkamazi.site"],"url":"https:\/\/darkamazi.site\/archives\/author\/turkish"}]}},"_links":{"self":[{"href":"https:\/\/darkamazi.site\/funavuv\/wp\/v2\/posts\/1028108","targetHints":{"allow":["GET"]}}],"collection":[{"href":"https:\/\/darkamazi.site\/funavuv\/wp\/v2\/posts"}],"about":[{"href":"https:\/\/darkamazi.site\/funavuv\/wp\/v2\/types\/post"}],"author":[{"embeddable":true,"href":"https:\/\/darkamazi.site\/funavuv\/wp\/v2\/users\/2"}],"replies":[{"embeddable":true,"href":"https:\/\/darkamazi.site\/funavuv\/wp\/v2\/comments?post=1028108"}],"version-history":[{"count":0,"href":"https:\/\/darkamazi.site\/funavuv\/wp\/v2\/posts\/1028108\/revisions"}],"wp:featuredmedia":[{"embeddable":true,"href":"https:\/\/darkamazi.site\/funavuv\/wp\/v2\/media\/1028109"}],"wp:attachment":[{"href":"https:\/\/darkamazi.site\/funavuv\/wp\/v2\/media?parent=1028108"}],"wp:term":[{"taxonomy":"category","embeddable":true,"href":"https:\/\/darkamazi.site\/funavuv\/wp\/v2\/categories?post=1028108"},{"taxonomy":"post_tag","embeddable":true,"href":"https:\/\/darkamazi.site\/funavuv\/wp\/v2\/tags?post=1028108"}],"curies":[{"name":"wp","href":"https:\/\/api.w.org\/{rel}","templated":true}]}}